{"id":10949,"date":"2024-02-04T10:56:25","date_gmt":"2024-02-04T09:56:25","guid":{"rendered":"https:\/\/lwid.dk\/?p=10949"},"modified":"2026-09-01T17:47:54","modified_gmt":"2026-09-01T16:47:54","slug":"perspective-asupra-stilului-de-viata-danez-2","status":"publish","type":"post","link":"https:\/\/lwid.dk\/ro\/perspective-asupra-stilului-de-viata-danez-2\/","title":{"rendered":"Perspective asupra stilului de via\u021b\u0103 danez"},"content":{"rendered":"\r\n<p class=\"wp-block-paragraph\">De la \u00eenotul f\u0103r\u0103 costum de baie, la desene animate precum <a href=\"https:\/\/www.dr.dk\/drtv\/serie\/john-dillermand_227277\">John Dillermand<\/a> \u0219i ani de <a href=\"https:\/\/www.danmarkpaafilm.dk\/tema\/kys-kondomer-og-koenssygdomme-seksualoplysning-paa-film\">educa\u021bie sexual\u0103 prin filme<\/a>, Danemarca are o lung\u0103 istorie de rela\u021bionare natural\u0103 cu corpul \u0219i sexualitatea. S\u0103pt\u0103m\u00e2na aceasta nu face excep\u021bie. <a href=\"https:\/\/www.underviserportal.dk\/grundskole\/uge-sex-i-grundskolen\/uge-sex-i-grundskolen\/?gclid=Cj0KCQiAwvKtBhDrARIsAJj-kTh81g3_fSwj71n_egAhrDYV1sSIe6X_GZhQ0SQGWxcGrY3kg_OD3gkaAiFBEALw_wcB\">Uge Sex<\/a> &#8211; un termen ales pentru similitudinea cu \u201es\u0103pt\u0103m\u00e2na 6\u201d (uge seks), este o ini\u021biativ\u0103 de educa\u021bie sexual\u0103 creat\u0103 de Sex og Samfund, o clinic\u0103 privat\u0103 pentru promovarea sexului \u0219i a s\u0103n\u0103t\u0103\u021bii. \u00cencep\u00e2nd cu 2008, \u00een luna februarie, organiza\u021bia ofer\u0103 \u0219colilor oportunitatea de a participa la o campanie educativ\u0103 care abordeaz\u0103 preocup\u0103rile \u0219i \u00eentreb\u0103rile comune ale tinerilor. Temele discutate variaz\u0103 de la familie, sentimente, corp \u0219i limite (clasele 0-3), pubertate, prietenie \u0219i drepturi (clasele 0-4), p\u00e2n\u0103 la consim\u021b\u0103m\u00e2nt, s\u0103n\u0103tate sexual\u0103 \u0219i gen (clasele 7-10).<\/p>\r\n\r\n\r\n\r\n<p class=\"wp-block-paragraph\">\u0218colile au op\u021biunea de a ad\u0103uga Uge Sex la curriculum \u0219i de a beneficia de cursuri \u0219i activit\u0103\u021bi gratuite online \u0219i offline. Anul trecut, au participat 21.600 de profesori. Campania are \u00een fiecare an o tem\u0103, iar \u00een 2024 aceasta este este <a href=\"https:\/\/www.underviserportal.dk\/grundskole\/uge-sex-i-grundskolen\/uge-sex-2024\/\">Screen Body<\/a> (Sk\u00e6rmkrop &#8211; Corpul de pe ecran). Ideea este de a discuta despre consumul de con\u021binut online, impactul acestuia asupra percep\u021biei copiilor despre propriului corp \u0219i impactul asupra stimei de sine.<\/p>\r\n\r\n\r\n\r\n<p class=\"wp-block-paragraph\">Acesta nu este singurul eveniment pentru copii din aceast\u0103 s\u0103pt\u0103m\u00e2n\u0103, av\u00e2nd \u00een vedere apropierea Fastelavn. Carnavalul danez are loc duminica viitoare, pe 11 februarie, cu 7 s\u0103pt\u0103m\u00e2ni \u00eenainte de Pa\u0219te. Ne a\u0219tept\u0103m s\u0103-i vedem pe tineri \u00eembr\u0103ca\u021bi \u00een costume, merg\u00e2nd din u\u0219\u0103 \u00een u\u0219\u0103 (mai ales \u00een zonele reziden\u021biale) pentru bomboane sau bani &#8211; a\u0219a c\u0103 pune\u021bi c\u00e2teva monede deoparte! \u00cenainte de anii 1800, s\u0103rb\u0103toarea includea \u0219i un joc numit <a href=\"https:\/\/www.scandinaviastandard.com\/fastelavn-traditions-in-scandinavia\/\">\u201episica \u00een butoi\u201d<\/a>. De\u0219i Fastelavn exist\u0103 de secole, unii danezi sunt \u00eengrijora\u021bi c\u0103 globalizarea Halloween-ului \u00eencepe s\u0103 \u0219tearg\u0103 tradi\u021bia, \u0219i c\u0103 valul din ce \u00een ce mai mare de m\u0103rfuri \u0219i reclame pentru Halloween ar putea \u201eamericaniza\u201d cultura danez\u0103 \u00een detrimentul Fastelavnului.<\/p>\r\n","protected":false},"excerpt":{"rendered":"<p>De la \u00eenotul f\u0103r\u0103 costum de baie, la desene animate precum John Dillermand \u0219i ani de educa\u021bie sexual\u0103 prin filme, Danemarca are o lung\u0103 istorie de rela\u021bionare natural\u0103 cu corpul \u0219i sexualitatea. S\u0103pt\u0103m\u00e2na aceasta nu face excep\u021bie. Uge Sex &#8211; un termen ales pentru similitudinea cu \u201es\u0103pt\u0103m\u00e2na 6\u201d (uge seks), este o ini\u021biativ\u0103 de educa\u021bie [&hellip;]<\/p>\n","protected":false},"author":27,"featured_media":6462,"comment_status":"open","ping_status":"closed","sticky":false,"template":"","format":"standard","meta":{"_acf_changed":false,"_themeisle_gutenberg_block_has_review":false,"_jetpack_newsletter_access":"","_jetpack_dont_email_post_to_subs":false,"_jetpack_newsletter_tier_id":0,"_jetpack_memberships_contains_paywalled_content":false,"_jetpack_feature_clip_id":0,"_jetpack_memberships_contains_paid_content":false,"footnotes":"","jetpack_post_was_ever_published":false,"_members_access_role":[],"_members_access_error":""},"categories":[878,992],"tags":[1011,1016],"class_list":["post-10949","post","type-post","status-publish","format-standard","has-post-thumbnail","category-navigarea-in-danemarca","category-societate","tag-obiceiuri-si-traditii","tag-sexualitate-si-gen"],"acf":[],"jetpack_sharing_enabled":true,"jetpack-related-posts":[{"id":13916,"url":"https:\/\/lwid.dk\/ro\/perspective-asupra-stilului-de-viata-danez-saptamana-9\/","url_meta":{"origin":10949,"position":0},"title":"Perspective asupra stilului de via\u021b\u0103 danez &#8211; S\u0103pt\u0103m\u00e2na 9","author":"Catalina Anapios","date":"3 martie 2024","format":false,"excerpt":"S\u0103pt\u0103m\u00e2na aceasta este s\u0103pt\u0103m\u00e2na violet \u0219i s\u0103rb\u0103torim Ziua Interna\u021bional\u0103 a Femeii. Conform 2023 Women Peace and Security Index, Danemarca ocup\u0103 primul loc la calitatea vie\u021bii feminine: femeile sunt mai \u00een siguran\u021b\u0103, egale \u00een drepturi \u0219i au acces mai bun la justi\u021bie aici dec\u00e2t oriunde altundeva \u00een lume. Danemarca se afl\u0103\u2026","rel":"","context":"\u00cen \u201eNavigarea \u00een Danemarca\u201d","block_context":{"text":"Navigarea \u00een Danemarca","link":"https:\/\/lwid.dk\/ro\/category\/navigarea-in-danemarca\/"},"img":{"alt_text":"Viata de zi cu zi in Danemarca Last Week in Denmark","src":"https:\/\/i0.wp.com\/lwid.dk\/wp-content\/uploads\/2023\/12\/Viata-de-zi-cu-zi-in-Danemarca.jpg?resize=350%2C200&ssl=1","width":350,"height":200,"srcset":"https:\/\/i0.wp.com\/lwid.dk\/wp-content\/uploads\/2023\/12\/Viata-de-zi-cu-zi-in-Danemarca.jpg?resize=350%2C200&ssl=1 1x, https:\/\/i0.wp.com\/lwid.dk\/wp-content\/uploads\/2023\/12\/Viata-de-zi-cu-zi-in-Danemarca.jpg?resize=525%2C300&ssl=1 1.5x"},"classes":[]},{"id":3201,"url":"https:\/\/lwid.dk\/ro\/zsolt-in-varsta-de-19-ani-din-romania-studiaza-in-danemarca-su-este-necesar-19-arige-zsolt-fra-rumaenien-laeser-i-danmark-su-er-nodvendigt\/","url_meta":{"origin":10949,"position":1},"title":"Zsolt, \u00een v\u00e2rst\u0103 de 19 ani, din Rom\u00e2nia, studiaz\u0103 \u00een Danemarca: SU este necesar \/ 19-\u00e5rige Zsolt fra Rum\u00e6nien l\u00e6ser i Danmark: SU er n\u00f8dvendigt","author":"Sorina Floroiu","date":"29 septembrie 2020","format":false,"excerpt":"Articol publicat \u00een Berlingske la data de 29 septembrie 2020\u00a0 Subiectul articolului: Zsolt Kozma, un t\u00e2n\u0103r rom\u00e2n \u00een v\u00e2rst\u0103 de 19 ani, prime\u0219te ajutor financiar pentru studii (SU) \u00een timp ce studiaz\u0103 la KEA \u00een Copenhaga ca cet\u0103\u021bean al Uniunii Europene. Pentru a beneficia de acest ajutor financiar, el trebuie\u2026","rel":"","context":"\u00cen \u201eNavigarea \u00een Danemarca\u201d","block_context":{"text":"Navigarea \u00een Danemarca","link":"https:\/\/lwid.dk\/ro\/category\/navigarea-in-danemarca\/"},"img":{"alt_text":"","src":"https:\/\/i0.wp.com\/lwid.dk\/wp-content\/uploads\/2023\/10\/27.-Zsoltpng.png?resize=350%2C200&ssl=1","width":350,"height":200,"srcset":"https:\/\/i0.wp.com\/lwid.dk\/wp-content\/uploads\/2023\/10\/27.-Zsoltpng.png?resize=350%2C200&ssl=1 1x, https:\/\/i0.wp.com\/lwid.dk\/wp-content\/uploads\/2023\/10\/27.-Zsoltpng.png?resize=525%2C300&ssl=1 1.5x"},"classes":[]},{"id":745,"url":"https:\/\/lwid.dk\/partea-15-ce-asteptari-are-sistemul-de-educatie-de-la-parinti-partea-2\/","url_meta":{"origin":10949,"position":2},"title":"Partea 15: ce a\u0219tept\u0103ri are sistemul de educa\u0163ie de la p\u0103rin\u021bi? Partea 2","author":"Alina Racila","date":"14 mai 2022","format":false,"excerpt":"Deoarece tema precedent\u0103 a trezit un interes major \u00een r\u00e2ndurile cititorilor no\u0219tri, am decis s\u0103 continuam lista a\u0219tept\u0103rilor sistemului de educa\u021bie \u0219i \u00eenv\u0103\u021b\u0103m\u00e2nt din Danemarca.\u00a0 Mai multe persoane cu studii \u0219i experien\u021be \u00een domeniul pedagogiei, \u0219i nu numai, au decis s\u0103 \u00eempart\u0103 din experien\u021ba personal\u0103, pentru a ajuta p\u0103rin\u021bii cu\u2026","rel":"","context":"Articol similar","block_context":{"text":"Articol similar","link":""},"img":{"alt_text":"","src":"","width":0,"height":0},"classes":[]},{"id":2967,"url":"https:\/\/lwid.dk\/ro\/danemarca-ii-ofera-dianei-mai-multe-oportunitati-danmark-giver-diana-bedre-muligheder\/","url_meta":{"origin":10949,"position":3},"title":"Danemarca \u00eei ofer\u0103 Dianei mai multe oportunit\u0103\u021bi \/ Danmark giver Diana bedre muligheder","author":"Sorina Floroiu","date":"3 ianuarie 2020","format":false,"excerpt":"Articol publicat in Magasinet Hyo la 3 ianuarie 2020 Subiectul articolului:\u00a0 Diana Vl\u0103deanu, \u00een v\u00e2rst\u0103 de 23 de ani din Rom\u00e2nia, a venit \u00een Danemarca pentru a studia \u0219i lucra \u00een industria agricol\u0103. Ea a g\u0103sit oportunit\u0103\u021bi mai bune \u00een Danemarca dec\u00e2t \u00een \u021bara natal\u0103. Prin intermediul AgroJob, a fost\u2026","rel":"","context":"\u00cen \u201eNavigarea \u00een Danemarca\u201d","block_context":{"text":"Navigarea \u00een Danemarca","link":"https:\/\/lwid.dk\/ro\/category\/navigarea-in-danemarca\/"},"img":{"alt_text":"","src":"https:\/\/i0.wp.com\/lwid.dk\/wp-content\/uploads\/2023\/10\/1.-Danmark-giver-Diana-bedre-muligheder-e1697727104268.png?resize=350%2C200&ssl=1","width":350,"height":200,"srcset":"https:\/\/i0.wp.com\/lwid.dk\/wp-content\/uploads\/2023\/10\/1.-Danmark-giver-Diana-bedre-muligheder-e1697727104268.png?resize=350%2C200&ssl=1 1x, https:\/\/i0.wp.com\/lwid.dk\/wp-content\/uploads\/2023\/10\/1.-Danmark-giver-Diana-bedre-muligheder-e1697727104268.png?resize=525%2C300&ssl=1 1.5x, https:\/\/i0.wp.com\/lwid.dk\/wp-content\/uploads\/2023\/10\/1.-Danmark-giver-Diana-bedre-muligheder-e1697727104268.png?resize=700%2C400&ssl=1 2x, https:\/\/i0.wp.com\/lwid.dk\/wp-content\/uploads\/2023\/10\/1.-Danmark-giver-Diana-bedre-muligheder-e1697727104268.png?resize=1050%2C600&ssl=1 3x"},"classes":[]},{"id":743,"url":"https:\/\/lwid.dk\/partea-14-ce-asteptari-are-sistemul-de-educatie-de-la-parinti-partea-1\/","url_meta":{"origin":10949,"position":4},"title":"Partea 14: ce a\u0219tept\u0103ri are sistemul de educa\u0163ie de la p\u0103rin\u021bi? Partea 1","author":"Alina Racila","date":"14 mai 2022","format":false,"excerpt":"\u00cen Danemarca exist\u0103 o regul\u0103 nescris\u0103: dac\u0103 nu \u00eentrebi, \u00eenseamn\u0103 c\u0103 \u015ftii totul.\u00a0 C\u00e2nd vine vorba de copii, a nu \u00eentreba, a nu-\u021bi exprima interesul cu privire la ceea ce se \u00eent\u00e2mpl\u0103 cu copilul t\u0103u \u00een institu\u021bia de educa\u021bie \u0219i \u00eenv\u0103\u021b\u0103m\u00e2nt, \u00eenseamn\u0103 a fi indiferent. Acest comportament av\u00e2nd consecin\u0163e. Deseori,\u2026","rel":"","context":"Articol similar","block_context":{"text":"Articol similar","link":""},"img":{"alt_text":"","src":"","width":0,"height":0},"classes":[]},{"id":15329,"url":"https:\/\/lwid.dk\/ro\/perspective-asupra-stilului-de-viata-danez-saptamana-14\/","url_meta":{"origin":10949,"position":5},"title":"Perspective asupra stilului de via\u021b\u0103 danez &#8211; S\u0103pt\u0103m\u00e2na 14","author":"Catalina Anapios","date":"7 aprilie 2024","format":false,"excerpt":"S\u0103pt\u0103m\u00e2na trecut\u0103, Danemarca s-a bucurat de o vacan\u021b\u0103 prelungit\u0103 de cinci zile, P\u00e5skefrokost (pr\u00e2nzul de Pa\u0219te) \u0219i o cantitate decent\u0103 de soare - cel pu\u021bin \u00een unele p\u0103r\u021bi ale \u021b\u0103rii. Pentru a \u00eencununa sf\u00e2r\u0219itul vacan\u021bei de Pa\u0219te, mar\u021bi, 2 aprilie, a fost aniversarea na\u0219terii unuia dintre cei mai faimo\u0219i danezi,\u2026","rel":"","context":"\u00cen \u201eNavigarea \u00een Danemarca\u201d","block_context":{"text":"Navigarea \u00een Danemarca","link":"https:\/\/lwid.dk\/ro\/category\/navigarea-in-danemarca\/"},"img":{"alt_text":"Viata de zi cu zi in Danemarca Last Week in Denmark","src":"https:\/\/i0.wp.com\/lwid.dk\/wp-content\/uploads\/2023\/12\/Viata-de-zi-cu-zi-in-Danemarca.jpg?resize=350%2C200&ssl=1","width":350,"height":200,"srcset":"https:\/\/i0.wp.com\/lwid.dk\/wp-content\/uploads\/2023\/12\/Viata-de-zi-cu-zi-in-Danemarca.jpg?resize=350%2C200&ssl=1 1x, https:\/\/i0.wp.com\/lwid.dk\/wp-content\/uploads\/2023\/12\/Viata-de-zi-cu-zi-in-Danemarca.jpg?resize=525%2C300&ssl=1 1.5x"},"classes":[]}],"jetpack_featured_media_url":"https:\/\/lwid.dk\/wp-content\/uploads\/2023\/12\/Viata-de-zi-cu-zi-in-Danemarca.jpg","_links":{"self":[{"href":"https:\/\/lwid.dk\/ro\/wp-json\/wp\/v2\/posts\/10949","targetHints":{"allow":["GET"]}}],"collection":[{"href":"https:\/\/lwid.dk\/ro\/wp-json\/wp\/v2\/posts"}],"about":[{"href":"https:\/\/lwid.dk\/ro\/wp-json\/wp\/v2\/types\/post"}],"author":[{"embeddable":true,"href":"https:\/\/lwid.dk\/ro\/wp-json\/wp\/v2\/users\/27"}],"replies":[{"embeddable":true,"href":"https:\/\/lwid.dk\/ro\/wp-json\/wp\/v2\/comments?post=10949"}],"version-history":[{"count":1,"href":"https:\/\/lwid.dk\/ro\/wp-json\/wp\/v2\/posts\/10949\/revisions"}],"predecessor-version":[{"id":10952,"href":"https:\/\/lwid.dk\/ro\/wp-json\/wp\/v2\/posts\/10949\/revisions\/10952"}],"wp:featuredmedia":[{"embeddable":true,"href":"https:\/\/lwid.dk\/ro\/wp-json\/wp\/v2\/media\/6462"}],"wp:attachment":[{"href":"https:\/\/lwid.dk\/ro\/wp-json\/wp\/v2\/media?parent=10949"}],"wp:term":[{"taxonomy":"category","embeddable":true,"href":"https:\/\/lwid.dk\/ro\/wp-json\/wp\/v2\/categories?post=10949"},{"taxonomy":"post_tag","embeddable":true,"href":"https:\/\/lwid.dk\/ro\/wp-json\/wp\/v2\/tags?post=10949"}],"curies":[{"name":"wp","href":"https:\/\/api.w.org\/{rel}","templated":true}]}}