{"id":11649,"date":"2024-02-11T15:59:03","date_gmt":"2024-02-11T14:59:03","guid":{"rendered":"https:\/\/lwid.dk\/?p=11649"},"modified":"2026-09-01T17:46:46","modified_gmt":"2026-09-01T16:46:46","slug":"perspective-asupra-stilului-de-viata-danez-3","status":"publish","type":"post","link":"https:\/\/lwid.dk\/ro\/perspective-asupra-stilului-de-viata-danez-3\/","title":{"rendered":"Perspective asupra stilului de via\u021b\u0103 danez"},"content":{"rendered":"\r\n<p class=\"wp-block-paragraph\"><strong>A sosit vacan\u021ba de iarn\u0103! <\/strong>Dac\u0103 Fastelavn nu este distrac\u021bie destul\u0103 pentru cei mici, c\u00e2teva zile de vacan\u021b\u0103 ar putea fi ce le lipse\u0219te. Majoritatea \u0219colilor vor avea liber aceast\u0103 s\u0103pt\u0103m\u00e2n\u0103, \u00een timp ce c\u00e2teva municipalit\u0103\u021bi se vor bucura de timpul liber \u00een s\u0103pt\u0103m\u00e2na a 8-a.\u00a0\u00a0<\/p>\r\n\r\n\r\n\r\n<p class=\"wp-block-paragraph\">Pentru unele familii, cele care \u00ee\u0219i permit, vacan\u021ba de iarn\u0103 va fi petrecut\u0103 \u00een zone mai c\u0103lduroase \u0219i \u00eensorite. C\u00e2teva destina\u021bii populare sunt Insulele Canare, Maroc \u0219i chiar Thailanda. Majoritatea \u00eens\u0103 vor profita de z\u0103pad\u0103. Wagrain \u0219i Bad Gastein \u00een Austria, sau Val d\u2019Isere \u0219i Val Thorens \u00een Fran\u021ba sunt printre destina\u021biile favorite. Mun\u021bii Scandinavi sunt \u0219i ei o destina\u021bie popular\u0103, Norvegia \u0219i Suedia fiind mai aproape, \u0219i poate chiar mai ieftine. Sporturile de iarn\u0103 sunt o scuz\u0103 perfect\u0103 pentru tineri de a organiza o excursie cu prietenii. Dac\u0103 e\u0219ti \u0219i tu fan al schiului, te po\u021bi a\u0219tepta s\u0103 dai peste o mul\u021bime de grupuri de adolescen\u021bi.\u00a0\u00a0<\/p>\r\n\r\n\r\n\r\n<p class=\"wp-block-paragraph\">Pentru cei care prefer\u0103 s\u0103 c\u0103l\u0103toreasc\u0103 \u00een lunile de var\u0103, acum este momentul potrivit pentru odihn\u0103, un moment hygge tipic danez. Fie \u00een casa de vacan\u021b\u0103 sau la \u021bar\u0103 la bunici, scopul este relaxare \u0219i o scurt\u0103 re\u00eenc\u0103rcare a bateriilor.\u00a0<\/p>\r\n","protected":false},"excerpt":{"rendered":"<p>A sosit vacan\u021ba de iarn\u0103! Dac\u0103 Fastelavn nu este distrac\u021bie destul\u0103 pentru cei mici, c\u00e2teva zile de vacan\u021b\u0103 ar putea fi ce le lipse\u0219te. Majoritatea \u0219colilor vor avea liber aceast\u0103 s\u0103pt\u0103m\u00e2n\u0103, \u00een timp ce c\u00e2teva municipalit\u0103\u021bi se vor bucura de timpul liber \u00een s\u0103pt\u0103m\u00e2na a 8-a.\u00a0\u00a0 Pentru unele familii, cele care \u00ee\u0219i permit, vacan\u021ba de [&hellip;]<\/p>\n","protected":false},"author":27,"featured_media":6462,"comment_status":"open","ping_status":"closed","sticky":false,"template":"","format":"standard","meta":{"_acf_changed":false,"_themeisle_gutenberg_block_has_review":false,"_jetpack_newsletter_access":"","_jetpack_dont_email_post_to_subs":false,"_jetpack_newsletter_tier_id":0,"_jetpack_memberships_contains_paywalled_content":false,"_jetpack_feature_clip_id":0,"_jetpack_memberships_contains_paid_content":false,"footnotes":"","jetpack_post_was_ever_published":false,"_members_access_role":[],"_members_access_error":""},"categories":[878,992],"tags":[999,476],"class_list":["post-11649","post","type-post","status-publish","format-standard","has-post-thumbnail","category-navigarea-in-danemarca","category-societate","tag-calatorii","tag-stil-de-viata"],"acf":[],"jetpack_sharing_enabled":true,"jetpack-related-posts":[{"id":13351,"url":"https:\/\/lwid.dk\/ro\/perspective-asupra-stilului-de-viata-danez-saptamana-7\/","url_meta":{"origin":11649,"position":0},"title":"Perspective asupra stilului de via\u021b\u0103 danez &#8211; S\u0103pt\u0103m\u00e2na 7","author":"Catalina Anapios","date":"18 februarie 2024","format":false,"excerpt":"Au trecut dou\u0103 luni de la sosirea iernii, probabil cea mai provocatoare perioad\u0103 din an: toamna ploioas\u0103 a trecut de mult, \u00eens\u0103 soarele nu este \u00eenc\u0103 gata s\u0103 aduc\u0103 prim\u0103vara. Acum ar fi poate momentul s\u0103 \u00eencerci \u0219i tu una din cele mai populare tradi\u021bii din Scandinavia: baie \u00een mare\u2026","rel":"","context":"\u00cen \u201eNavigarea \u00een Danemarca\u201d","block_context":{"text":"Navigarea \u00een Danemarca","link":"https:\/\/lwid.dk\/ro\/category\/navigarea-in-danemarca\/"},"img":{"alt_text":"Viata de zi cu zi in Danemarca Last Week in Denmark","src":"https:\/\/i0.wp.com\/lwid.dk\/wp-content\/uploads\/2023\/12\/Viata-de-zi-cu-zi-in-Danemarca.jpg?resize=350%2C200&ssl=1","width":350,"height":200,"srcset":"https:\/\/i0.wp.com\/lwid.dk\/wp-content\/uploads\/2023\/12\/Viata-de-zi-cu-zi-in-Danemarca.jpg?resize=350%2C200&ssl=1 1x, https:\/\/i0.wp.com\/lwid.dk\/wp-content\/uploads\/2023\/12\/Viata-de-zi-cu-zi-in-Danemarca.jpg?resize=525%2C300&ssl=1 1.5x"},"classes":[]},{"id":697,"url":"https:\/\/lwid.dk\/cresa-si-conditiile-meteo\/","url_meta":{"origin":11649,"position":1},"title":"Cre\u0219a \u0219i condi\u021biile meteo\u00a0","author":"Alina Racila","date":"14 mai 2022","format":false,"excerpt":"Vremea este rareori un impediment pentru activit\u0103\u021bile normale ale copila\u0219ilor la cre\u0219\u0103, acestea fiind \u00een mare parte organizate afar\u0103. Danezii pun accent mare pe activit\u0103\u021bile \u00een aer liber de la o v\u00e2rst\u0103 fraged\u0103, practic din momentul c\u00e2nd copilul se na\u0219te. De aceea, copiii dorm afar\u0103, \u00een c\u0103ru\u021b, p\u00e2n\u0103 la temperatura\u2026","rel":"","context":"Articol similar","block_context":{"text":"Articol similar","link":""},"img":{"alt_text":"","src":"","width":0,"height":0},"classes":[]},{"id":763,"url":"https:\/\/lwid.dk\/partea-18-activitati-in-timpul-liber\/","url_meta":{"origin":11649,"position":2},"title":"Partea 18: activit\u0103\u021bi \u00een timpul liber","author":"Alina Racila","date":"22 mai 2022","format":false,"excerpt":"Danemarca este una din \u021b\u0103rile \u00een care exist\u0103 diverse forme de activit\u0103\u021bi \u00een timpul liber, pentru toate v\u00e2rstele \u0219i interesele. De la ce v\u00e2rst\u0103? Chiar din primele s\u0103pt\u0103m\u00e2ni dup\u0103 na\u0219tere! Da, ai citit bine: deja din primele s\u0103pt\u0103m\u00e2ni de via\u021b\u0103, p\u0103rin\u021bii cu bebelu\u0219i pot participa la a\u0219a-numita activitate \u201dbaby salmesang\u201d.\u2026","rel":"","context":"Articol similar","block_context":{"text":"Articol similar","link":""},"img":{"alt_text":"","src":"","width":0,"height":0},"classes":[]},{"id":5342,"url":"https:\/\/lwid.dk\/ro\/sibiu-tysk-kulturby-midt-i-rumaenien\/","url_meta":{"origin":11649,"position":3},"title":"Sibiu, tysk kulturby midt i Rum\u00e6nien","author":"Sorina Floroiu","date":"7 mai 2022","format":false,"excerpt":"Articol publicat in Midtjyllands Avis, in data de 7 mai 2022. Rezumat: \u00cen ciuda faptului c\u0103 mul\u021bi danezi aleg s\u0103 c\u0103l\u0103toreasc\u0103 \u00een destina\u021bii tradi\u021bionale precum Paris, Roma sau Barcelona \u00een timpul vacan\u021bei de Pa\u0219te, autorul \u0219i familia sa fac o excursie \u00een Sibiu, Rom\u00e2nia. Observ\u0103 c\u0103 sunt pu\u021bini danezi etnici\u2026","rel":"","context":"\u00cen \u201eNavigarea \u00een Danemarca\u201d","block_context":{"text":"Navigarea \u00een Danemarca","link":"https:\/\/lwid.dk\/ro\/category\/navigarea-in-danemarca\/"},"img":{"alt_text":"","src":"https:\/\/i0.wp.com\/lwid.dk\/wp-content\/uploads\/2023\/11\/12.-SIBIU.png?resize=350%2C200&ssl=1","width":350,"height":200,"srcset":"https:\/\/i0.wp.com\/lwid.dk\/wp-content\/uploads\/2023\/11\/12.-SIBIU.png?resize=350%2C200&ssl=1 1x, https:\/\/i0.wp.com\/lwid.dk\/wp-content\/uploads\/2023\/11\/12.-SIBIU.png?resize=525%2C300&ssl=1 1.5x, https:\/\/i0.wp.com\/lwid.dk\/wp-content\/uploads\/2023\/11\/12.-SIBIU.png?resize=700%2C400&ssl=1 2x, https:\/\/i0.wp.com\/lwid.dk\/wp-content\/uploads\/2023\/11\/12.-SIBIU.png?resize=1050%2C600&ssl=1 3x"},"classes":[]},{"id":8830,"url":"https:\/\/lwid.dk\/ro\/perspective-asupra-stilului-de-viata-danez\/","url_meta":{"origin":11649,"position":4},"title":"Perspective asupra stilului de via\u021b\u0103 danez","author":"Catalina Anapios","date":"28 ianuarie 2024","format":false,"excerpt":"\u00cen aceast\u0103 perioad\u0103 p\u00e2n\u0103 la Fastelavn, Fastelavnsboller este cuv\u00e2ntul zilei. Cu toate acestea, vremea rece \u00eenseamn\u0103 c\u0103 danezii \u00eenc\u0103 se bucur\u0103 de \u00eent\u00e2lniri \u00een interior cu jocuri, arte \u0219i me\u0219te\u0219uguri. Pentru familiile din Danemarca, jocurile de societate sunt un lucru important. Unii ar \u00eendr\u0103zni s\u0103 spun\u0103 c\u0103 aceasta este o\u2026","rel":"","context":"\u00cen \u201eNavigarea \u00een Danemarca\u201d","block_context":{"text":"Navigarea \u00een Danemarca","link":"https:\/\/lwid.dk\/ro\/category\/navigarea-in-danemarca\/"},"img":{"alt_text":"Viata de zi cu zi in Danemarca Last Week in Denmark","src":"https:\/\/i0.wp.com\/lwid.dk\/wp-content\/uploads\/2023\/12\/Viata-de-zi-cu-zi-in-Danemarca.jpg?resize=350%2C200&ssl=1","width":350,"height":200,"srcset":"https:\/\/i0.wp.com\/lwid.dk\/wp-content\/uploads\/2023\/12\/Viata-de-zi-cu-zi-in-Danemarca.jpg?resize=350%2C200&ssl=1 1x, https:\/\/i0.wp.com\/lwid.dk\/wp-content\/uploads\/2023\/12\/Viata-de-zi-cu-zi-in-Danemarca.jpg?resize=525%2C300&ssl=1 1.5x"},"classes":[]},{"id":16104,"url":"https:\/\/lwid.dk\/ro\/perspective-asupra-stilului-de-viata-danez-saptamana-20\/","url_meta":{"origin":11649,"position":5},"title":"Perspective asupra stilului de via\u021b\u0103 danez &#8211; S\u0103pt\u0103m\u00e2na 20","author":"Catalina Anapios","date":"19 mai 2024","format":false,"excerpt":"Luni, \u00een data de 20 mai, vom celebra s\u0103rb\u0103toarea na\u021bional\u0103 numit\u0103 Pinse (Rusaliile sau a doua zi de Rusalii). S\u0103rb\u0103toarea are loc la 50 de zile dup\u0103 Pa\u0219ti, c\u00e2nd cre\u0219tinii \u00ee\u0219i reamintesc c\u0103 Duhul Sf\u00e2nt a venit la ucenicii lui Isus \u0219i le-a dat posibilitatea de a vorbi \u201etoate limbile\u201d.\u2026","rel":"","context":"\u00cen \u201eNavigarea \u00een Danemarca\u201d","block_context":{"text":"Navigarea \u00een Danemarca","link":"https:\/\/lwid.dk\/ro\/category\/navigarea-in-danemarca\/"},"img":{"alt_text":"Viata de zi cu zi in Danemarca Last Week in Denmark","src":"https:\/\/i0.wp.com\/lwid.dk\/wp-content\/uploads\/2023\/12\/Viata-de-zi-cu-zi-in-Danemarca.jpg?resize=350%2C200&ssl=1","width":350,"height":200,"srcset":"https:\/\/i0.wp.com\/lwid.dk\/wp-content\/uploads\/2023\/12\/Viata-de-zi-cu-zi-in-Danemarca.jpg?resize=350%2C200&ssl=1 1x, https:\/\/i0.wp.com\/lwid.dk\/wp-content\/uploads\/2023\/12\/Viata-de-zi-cu-zi-in-Danemarca.jpg?resize=525%2C300&ssl=1 1.5x"},"classes":[]}],"jetpack_featured_media_url":"https:\/\/lwid.dk\/wp-content\/uploads\/2023\/12\/Viata-de-zi-cu-zi-in-Danemarca.jpg","_links":{"self":[{"href":"https:\/\/lwid.dk\/ro\/wp-json\/wp\/v2\/posts\/11649","targetHints":{"allow":["GET"]}}],"collection":[{"href":"https:\/\/lwid.dk\/ro\/wp-json\/wp\/v2\/posts"}],"about":[{"href":"https:\/\/lwid.dk\/ro\/wp-json\/wp\/v2\/types\/post"}],"author":[{"embeddable":true,"href":"https:\/\/lwid.dk\/ro\/wp-json\/wp\/v2\/users\/27"}],"replies":[{"embeddable":true,"href":"https:\/\/lwid.dk\/ro\/wp-json\/wp\/v2\/comments?post=11649"}],"version-history":[{"count":3,"href":"https:\/\/lwid.dk\/ro\/wp-json\/wp\/v2\/posts\/11649\/revisions"}],"predecessor-version":[{"id":28703,"href":"https:\/\/lwid.dk\/ro\/wp-json\/wp\/v2\/posts\/11649\/revisions\/28703"}],"wp:featuredmedia":[{"embeddable":true,"href":"https:\/\/lwid.dk\/ro\/wp-json\/wp\/v2\/media\/6462"}],"wp:attachment":[{"href":"https:\/\/lwid.dk\/ro\/wp-json\/wp\/v2\/media?parent=11649"}],"wp:term":[{"taxonomy":"category","embeddable":true,"href":"https:\/\/lwid.dk\/ro\/wp-json\/wp\/v2\/categories?post=11649"},{"taxonomy":"post_tag","embeddable":true,"href":"https:\/\/lwid.dk\/ro\/wp-json\/wp\/v2\/tags?post=11649"}],"curies":[{"name":"wp","href":"https:\/\/api.w.org\/{rel}","templated":true}]}}