{"id":13437,"date":"2024-02-25T12:00:56","date_gmt":"2024-02-25T11:00:56","guid":{"rendered":"https:\/\/lwid.dk\/?p=13437"},"modified":"2026-09-01T17:44:32","modified_gmt":"2026-09-01T16:44:32","slug":"3-modele-de-taxare-potentiale-pentru-emisiile-de-co2-in-agricultura","status":"publish","type":"post","link":"https:\/\/lwid.dk\/ro\/3-modele-de-taxare-potentiale-pentru-emisiile-de-co2-in-agricultura\/","title":{"rendered":"3 modele de taxare poten\u021biale pentru emisiile de CO2 \u00een agricultur\u0103"},"content":{"rendered":"\r\n<p class=\"wp-block-paragraph\">Comitetul de exper\u021bi \u00eens\u0103rcinat cu g\u0103sirea unei solu\u021bii pentru a reduce nivelul de emisii de CO2 \u00een agricultur\u0103 a propus<a href=\"https:\/\/www.dr.dk\/nyheder\/viden\/klima\/her-er-de-fem-vigtigste-nedslag-i-laengeventet-klimarapport\"> 3 modele poten\u021biale<\/a>. Toate acestea vor ajuta Danemarca s\u0103 ating\u0103 obiectivele climatice din 2030. Cea mai important\u0103 \u00eentrebare \u00een acest moment este cine \u00ee\u0219i va asuma costurile: fermierii sau contribuabilii.\u00a0<\/p>\r\n\r\n\r\n\r\n<ul class=\"wp-block-list\">\r\n<li>Modelul 1 de taxare \u2013 750 DKK per tona de CO2 emis\u0103. Acesta este cel mai scump model pentru fermieri \u0219i va reduce semnificativ activitatea agricol\u0103. Emisiile de CO2 vor fi reduse cu 3,2 milioane de tone p\u00e2n\u0103 \u00een 2030 \u0219i este de a\u0219teptat ca aproximativ 8.000 de locuri de munc\u0103 s\u0103 fie pierdute \u00een sectorul agricol (10,2%).\u00a0<\/li>\r\n\r\n\r\n\r\n<li>Modelul 2 de taxare \u2013 375 DKK per tona de CO2 emis\u0103. Propunerea de mijloc, unde at\u00e2t fermierii c\u00e2t \u0219i statul vor pl\u0103ti pentru tranzi\u021bia verde \u00een agricultur\u0103. Emisiile de CO2 vor fi reduse cu 2,8 milioane de tone p\u00e2n\u0103 \u00een 2030 cu ajutorul unor tehnologii moderne, care ar putea rezulta \u00een pierderea a 4.000 de locuri de munc\u0103 (5,1%).\u00a0<\/li>\r\n\r\n\r\n\r\n<li>Modelul 3 de taxare \u2013 125 DKK per tona de CO2 emis\u0103. Este cel mai scump model pentru stat, fiind nevoit s\u0103 pl\u0103teasc\u0103 pentru majoritatea costurilor tranzi\u021biei verde. Emisiile de CO2 vor fi reduse cu 2,6 milioane de tone p\u00e2n\u0103 \u00een 2030, iar num\u0103rul locurilor de munc\u0103 pierdute ar fi putea fi \u00een jur de 2.000 (2,6%).\u00a0<\/li>\r\n<\/ul>\r\n\r\n\r\n\r\n<p class=\"wp-block-paragraph\">Pentru ca modelele 2 \u0219i 3 s\u0103 func\u021bioneze, comitetul de exper\u021bi recomand\u0103 introducerea unui suport financiar pentru a convinge fermierii s\u0103 adopte procesul de piroliz\u0103 (proces prin care CO2 este stocat \u00een biochar, un c\u0103rbune vegetal ob\u021binut prin arderea materiei biologice la o temperatur\u0103 foarte mare). Pe cealalt\u0103 parte, Klimar\u00e5det (Consiliul danez pentru schimb\u0103rile climatice) sus\u021bine c\u0103 este prea devreme s\u0103 ne putem baza pe aceast\u0103 tehnologie \u00eenc\u0103 controversat\u0103.\u00a0<\/p>\r\n\r\n\r\n\r\n<p class=\"wp-block-paragraph\">Comitetul de exper\u021bi spune c\u0103<a href=\"https:\/\/www.dr.dk\/nyheder\/viden\/klima\/ekspertgruppe-skrotter-klimaafgift-i-koeledisken\"> o tax\u0103 pe produc\u021bia de alimente este de 14 ori mai eficient\u0103 dec\u00e2t taxa pe alimente \u00een sine<\/a>. \u00cens\u0103 tot putem s\u0103 ne a\u0219tept\u0103m la o cre\u0219tere a pre\u021burilor alimentelor. Ca exemplu, \u00een cazul modelului 1 de taxare,<a href=\"https:\/\/nyheder.tv2.dk\/business\/2024-02-21-saa-meget-vil-co-afgifterne-koste-dig\"> 500g de carne de vit\u0103 s-ar scumpi cu 4,5 DKK<\/a>, \u00een timp ce un litru de lapte ar fi cu 60 \u00f8re mai scump.\u00a0\u00a0<\/p>\r\n","protected":false},"excerpt":{"rendered":"<p>Comitetul de exper\u021bi \u00eens\u0103rcinat cu g\u0103sirea unei solu\u021bii pentru a reduce nivelul de emisii de CO2 \u00een agricultur\u0103 a propus 3 modele poten\u021biale. Toate acestea vor ajuta Danemarca s\u0103 ating\u0103 obiectivele climatice din 2030. Cea mai important\u0103 \u00eentrebare \u00een acest moment este cine \u00ee\u0219i va asuma costurile: fermierii sau contribuabilii.\u00a0 Pentru ca modelele 2 \u0219i [&hellip;]<\/p>\n","protected":false},"author":9,"featured_media":6528,"comment_status":"open","ping_status":"closed","sticky":false,"template":"","format":"standard","meta":{"_acf_changed":false,"_themeisle_gutenberg_block_has_review":false,"_jetpack_newsletter_access":"","_jetpack_dont_email_post_to_subs":false,"_jetpack_newsletter_tier_id":0,"_jetpack_memberships_contains_paywalled_content":false,"_jetpack_feature_clip_id":0,"_jetpack_memberships_contains_paid_content":false,"footnotes":"","jetpack_post_was_ever_published":false,"_members_access_role":[],"_members_access_error":""},"categories":[878,994],"tags":[1002,487,249],"class_list":["post-13437","post","type-post","status-publish","format-standard","has-post-thumbnail","category-navigarea-in-danemarca","category-politica","tag-drept","tag-mediu","tag-politica"],"acf":[],"jetpack_sharing_enabled":true,"jetpack-related-posts":[{"id":5888,"url":"https:\/\/lwid.dk\/ro\/in-cazul-in-care-castigi-mai-mult-de-179-500-dkk-pe-luna-atunci-faci-parte-din-cei-aflati-in-top-1-din-danemarca\/","url_meta":{"origin":13437,"position":0},"title":"\u00cen cazul \u00een care c\u00e2\u0219tigi mai mult de 179.500 DKK pe lun\u0103, atunci faci parte din cei afla\u021bi \u00een top 1% din Danemarca.","author":"Anda Macovei","date":"26 noiembrie 2023","format":false,"excerpt":"Produci de opt ori mai multe emisii de CO2 dec\u00e2t o persoan\u0103 cu venit mediu \u0219i de treisprezece ori mai mult dec\u00e2t una dintre persoanele aflate \u00een cei 50% cu venituri mai mici. \u00cen timp ce majoritatea popula\u021biei \u0219i-a redus emisiile de CO2 \u00een ultimul deceniu,\u00a0cei mai boga\u021bi au f\u0103cut\u2026","rel":"","context":"\u00cen \u201eNavigarea \u00een Danemarca\u201d","block_context":{"text":"Navigarea \u00een Danemarca","link":"https:\/\/lwid.dk\/ro\/category\/navigarea-in-danemarca\/"},"img":{"alt_text":"","src":"https:\/\/i0.wp.com\/lwid.dk\/wp-content\/uploads\/2023\/11\/Clima.png?resize=350%2C200&ssl=1","width":350,"height":200,"srcset":"https:\/\/i0.wp.com\/lwid.dk\/wp-content\/uploads\/2023\/11\/Clima.png?resize=350%2C200&ssl=1 1x, https:\/\/i0.wp.com\/lwid.dk\/wp-content\/uploads\/2023\/11\/Clima.png?resize=525%2C300&ssl=1 1.5x, https:\/\/i0.wp.com\/lwid.dk\/wp-content\/uploads\/2023\/11\/Clima.png?resize=700%2C400&ssl=1 2x, https:\/\/i0.wp.com\/lwid.dk\/wp-content\/uploads\/2023\/11\/Clima.png?resize=1050%2C600&ssl=1 3x"},"classes":[]},{"id":5408,"url":"https:\/\/lwid.dk\/ro\/elev-la-agricultura-a-ramas-in-danemarca\/","url_meta":{"origin":13437,"position":1},"title":"Elev la agricultur\u0103 a r\u0103mas \u00een Danemarca","author":"Sorina Floroiu","date":"2 noiembrie 2022","format":false,"excerpt":"Articol publicat \u00een Aars Avis la data de 2 noiembrie 2022 Rezumat: Elena Comandaru, elev\u0103 la agricultur\u0103 \u00een Ia\u0219i, Rom\u00e2nia, s-a mutat \u00een Danemarca \u00een 2008. Cu o experien\u021b\u0103 ini\u021bial\u0103 dificil\u0103 \u0219i \u00eendoieli cu privire la decizia de a r\u0103m\u00e2ne, ea a ales s\u0103 continue la \u0219coala de agricultur\u0103 Borris,\u2026","rel":"","context":"\u00cen \u201eNavigarea \u00een Danemarca\u201d","block_context":{"text":"Navigarea \u00een Danemarca","link":"https:\/\/lwid.dk\/ro\/category\/navigarea-in-danemarca\/"},"img":{"alt_text":"","src":"https:\/\/i0.wp.com\/lwid.dk\/wp-content\/uploads\/2023\/11\/22.-Landsbrug-elev-blev-i-Danmark.png?resize=350%2C200&ssl=1","width":350,"height":200},"classes":[]},{"id":4186,"url":"https:\/\/lwid.dk\/ro\/cum-sa-va-integrati-angajatii-din-strainatate\/","url_meta":{"origin":13437,"position":2},"title":"Cum s\u0103 v\u0103 integra\u021bi angaja\u021bii din str\u0103in\u0103tate","author":"Sorina Floroiu","date":"5 august 2021","format":false,"excerpt":"Articol publicat in Vsp.lf.dk (Videncenter for Svineproduktion), la data de 5 august 2021 O mare parte dintre produc\u0103torii danezi de porci angajeaz\u0103 deja angaja\u021bi interna\u021bionali - \u0219i unii se uit\u0103 la Ucraina \u0219i Rom\u00e2nia, printre altele, atunci c\u00e2nd au nevoie s\u0103 recruteze angaja\u021bi. Dar cum integrezi rapid ace\u0219ti angaja\u021bi la\u2026","rel":"","context":"\u00cen \u201eNavigarea \u00een Danemarca\u201d","block_context":{"text":"Navigarea \u00een Danemarca","link":"https:\/\/lwid.dk\/ro\/category\/navigarea-in-danemarca\/"},"img":{"alt_text":"","src":"https:\/\/i0.wp.com\/lwid.dk\/wp-content\/uploads\/2023\/10\/26.png?resize=350%2C200&ssl=1","width":350,"height":200,"srcset":"https:\/\/i0.wp.com\/lwid.dk\/wp-content\/uploads\/2023\/10\/26.png?resize=350%2C200&ssl=1 1x, https:\/\/i0.wp.com\/lwid.dk\/wp-content\/uploads\/2023\/10\/26.png?resize=525%2C300&ssl=1 1.5x, https:\/\/i0.wp.com\/lwid.dk\/wp-content\/uploads\/2023\/10\/26.png?resize=700%2C400&ssl=1 2x, https:\/\/i0.wp.com\/lwid.dk\/wp-content\/uploads\/2023\/10\/26.png?resize=1050%2C600&ssl=1 3x"},"classes":[]},{"id":5401,"url":"https:\/\/lwid.dk\/ro\/din-aars-in-romania-pentru-a-ajuta-in-agricultura\/","url_meta":{"origin":13437,"position":3},"title":"Din Aars \u00een Rom\u00e2nia pentru a ajuta \u00een agricultur\u0103","author":"Sorina Floroiu","date":"2 noiembrie 2022","format":false,"excerpt":"Articol publicat \u00een Aars Avis la data de 2 noiembrie 2022. Rezumat Colaborarea dintre Aars \u0219i Ia\u0219i are o istorie de 22 de ani. Vittus Bernlow a vizitat pentru prima dat\u0103 \u0219coala agricol\u0103 din Ia\u0219i acum dou\u0103 decenii. Ora\u0219ul, cu peste 300.000 de locuitori, se afl\u0103 la aproximativ 10 kilometri\u2026","rel":"","context":"\u00cen \u201eNavigarea \u00een Danemarca\u201d","block_context":{"text":"Navigarea \u00een Danemarca","link":"https:\/\/lwid.dk\/ro\/category\/navigarea-in-danemarca\/"},"img":{"alt_text":"","src":"https:\/\/i0.wp.com\/lwid.dk\/wp-content\/uploads\/2023\/11\/21.-Aars.png?resize=350%2C200&ssl=1","width":350,"height":200,"srcset":"https:\/\/i0.wp.com\/lwid.dk\/wp-content\/uploads\/2023\/11\/21.-Aars.png?resize=350%2C200&ssl=1 1x, https:\/\/i0.wp.com\/lwid.dk\/wp-content\/uploads\/2023\/11\/21.-Aars.png?resize=525%2C300&ssl=1 1.5x"},"classes":[]},{"id":715,"url":"https:\/\/lwid.dk\/articolul-12-pregatirea-pentru-scoala\/","url_meta":{"origin":13437,"position":4},"title":"Articolul 12: Preg\u0103tirea pentru \u0219coal\u0103","author":"Alina Racila","date":"14 mai 2022","format":false,"excerpt":"Dac\u0103 e\u0219ti nou \u00een Danemarca \u0219i copilul t\u0103u nu a frecventat gr\u0103dini\u021ba \u00een Danemarca, dar urmeaz\u0103 s\u0103 \u00eenceap\u0103 \u0219coala aici, ar fi bine s\u0103 te adresezi la \u201dborgerservice\u201d sau \u201dkommune\u201d ambele fac referire la \u201dprim\u0103ria municipalit\u0103\u021bii \u00een care locuie\u0219ti\u201d. Toate cele 98 de municipalit\u0103\u021bi existente \u00een Danemarca pot avea reguli\u2026","rel":"","context":"Articol similar","block_context":{"text":"Articol similar","link":""},"img":{"alt_text":"","src":"","width":0,"height":0},"classes":[]},{"id":4158,"url":"https:\/\/lwid.dk\/ro\/editor-sef-fara-straini-agricultura-daneza-s-ar-prabusi-peste-noapte\/","url_meta":{"origin":13437,"position":5},"title":"Editor-\u0219ef: F\u0103r\u0103 str\u0103ini, agricultura danez\u0103 s-ar pr\u0103bu\u0219i peste noapte","author":"Sorina Floroiu","date":"25 iulie 2021","format":false,"excerpt":"Articol publicat in LandbrugsAvisen.dk Christian Friis Hansen, la data de 25 iulie 2021 Rezumat Agricultura danez\u0103 depinde \u00een mare m\u0103sur\u0103 de for\u021ba de munc\u0103 str\u0103in\u0103, iar recrutarea din \u021b\u0103ri precum Ucraina \u0219i Rom\u00e2nia devine din ce \u00een ce mai dificil\u0103 din cauza cre\u0219terii nivelului de trai \u00een aceste \u021b\u0103ri. Cu\u2026","rel":"","context":"\u00cen \u201eNavigarea \u00een Danemarca\u201d","block_context":{"text":"Navigarea \u00een Danemarca","link":"https:\/\/lwid.dk\/ro\/category\/navigarea-in-danemarca\/"},"img":{"alt_text":"","src":"https:\/\/i0.wp.com\/lwid.dk\/wp-content\/uploads\/2023\/10\/22.png?resize=350%2C200&ssl=1","width":350,"height":200,"srcset":"https:\/\/i0.wp.com\/lwid.dk\/wp-content\/uploads\/2023\/10\/22.png?resize=350%2C200&ssl=1 1x, https:\/\/i0.wp.com\/lwid.dk\/wp-content\/uploads\/2023\/10\/22.png?resize=525%2C300&ssl=1 1.5x, https:\/\/i0.wp.com\/lwid.dk\/wp-content\/uploads\/2023\/10\/22.png?resize=700%2C400&ssl=1 2x"},"classes":[]}],"jetpack_featured_media_url":"https:\/\/lwid.dk\/wp-content\/uploads\/2023\/12\/Propuneri-si-idei-legislative-1.jpg","_links":{"self":[{"href":"https:\/\/lwid.dk\/ro\/wp-json\/wp\/v2\/posts\/13437","targetHints":{"allow":["GET"]}}],"collection":[{"href":"https:\/\/lwid.dk\/ro\/wp-json\/wp\/v2\/posts"}],"about":[{"href":"https:\/\/lwid.dk\/ro\/wp-json\/wp\/v2\/types\/post"}],"author":[{"embeddable":true,"href":"https:\/\/lwid.dk\/ro\/wp-json\/wp\/v2\/users\/9"}],"replies":[{"embeddable":true,"href":"https:\/\/lwid.dk\/ro\/wp-json\/wp\/v2\/comments?post=13437"}],"version-history":[{"count":2,"href":"https:\/\/lwid.dk\/ro\/wp-json\/wp\/v2\/posts\/13437\/revisions"}],"predecessor-version":[{"id":28693,"href":"https:\/\/lwid.dk\/ro\/wp-json\/wp\/v2\/posts\/13437\/revisions\/28693"}],"wp:featuredmedia":[{"embeddable":true,"href":"https:\/\/lwid.dk\/ro\/wp-json\/wp\/v2\/media\/6528"}],"wp:attachment":[{"href":"https:\/\/lwid.dk\/ro\/wp-json\/wp\/v2\/media?parent=13437"}],"wp:term":[{"taxonomy":"category","embeddable":true,"href":"https:\/\/lwid.dk\/ro\/wp-json\/wp\/v2\/categories?post=13437"},{"taxonomy":"post_tag","embeddable":true,"href":"https:\/\/lwid.dk\/ro\/wp-json\/wp\/v2\/tags?post=13437"}],"curies":[{"name":"wp","href":"https:\/\/api.w.org\/{rel}","templated":true}]}}