{"id":13449,"date":"2024-02-25T12:23:07","date_gmt":"2024-02-25T11:23:07","guid":{"rendered":"https:\/\/lwid.dk\/?p=13449"},"modified":"2026-09-01T17:43:48","modified_gmt":"2026-09-01T16:43:48","slug":"coltul-antreprenorului-saptamana-8","status":"publish","type":"post","link":"https:\/\/lwid.dk\/ro\/coltul-antreprenorului-saptamana-8\/","title":{"rendered":"Col\u021bul antreprenorului &#8211; S\u0103pt\u0103m\u00e2na 8"},"content":{"rendered":"\r\n<p class=\"wp-block-paragraph\"><strong>Pentru interna\u021bionalii care doresc s\u0103 \u00ee\u0219i \u00eenceap\u0103 propria afacere \u00een Danemarca:<\/strong> Particip\u0103 la cursul de 4 ateliere organizat de Institutul pentru Dezvoltare Aalborg \u00een Billund, pentru a \u00eenv\u0103\u021ba pas cu pas cum s\u0103 \u00ee\u021bi cl\u0103de\u0219ti afacerea. Participarea este gratuit\u0103.<a href=\"https:\/\/ivdk.ehsys.dk\/workshops\/vis\/09feaeef-68bc-4225-e855-08dc338a6bb9?tilmeld=1\"> \u00censcrie-te aici<\/a>.<\/p>\r\n\r\n\r\n\r\n<p class=\"wp-block-paragraph\"><strong>Pentru tinerii sub 41 de ani care doresc o carier\u0103 \u00een agricultur\u0103<\/strong>: Po\u021bi ob\u021bine o subven\u021bie de \u00eenfiin\u021bare de 100.000 de euro, dac\u0103 dore\u0219ti s\u0103 \u00ee\u021bi \u00eencepi propria ferm\u0103.<a href=\"https:\/\/lbst.dk\/tilskud-selvbetjening\/tilskudsguide\/etableringsstoette-til-unge-landbrugere-2024#c109109\"> Citi\u021bi mai multe aici<\/a>.<\/p>\r\n\r\n\r\n\r\n<p class=\"wp-block-paragraph\"><strong>Ai o idee despre cum s\u0103 facem industria alimentar\u0103 mai ecologic\u0103 \u00een Danemarca?<\/strong> Po\u021bi ob\u021bine p\u00e2n\u0103 la 15 milioane de DKK pentru cercetare \u0219i dezvoltare.<a href=\"https:\/\/lbst.dk\/tilskud-selvbetjening\/tilskudsguide\/groent-udviklings-og-demonstrationsprogram-gudp#c5711\"> Cite\u0219te mai multe aici<\/a>.<\/p>\r\n","protected":false},"excerpt":{"rendered":"<p>Pentru interna\u021bionalii care doresc s\u0103 \u00ee\u0219i \u00eenceap\u0103 propria afacere \u00een Danemarca: Particip\u0103 la cursul de 4 ateliere organizat de Institutul pentru Dezvoltare Aalborg \u00een Billund, pentru a \u00eenv\u0103\u021ba pas cu pas cum s\u0103 \u00ee\u021bi cl\u0103de\u0219ti afacerea. Participarea este gratuit\u0103. \u00censcrie-te aici. Pentru tinerii sub 41 de ani care doresc o carier\u0103 \u00een agricultur\u0103: Po\u021bi ob\u021bine [&hellip;]<\/p>\n","protected":false},"author":9,"featured_media":8824,"comment_status":"open","ping_status":"closed","sticky":false,"template":"","format":"standard","meta":{"_acf_changed":false,"_themeisle_gutenberg_block_has_review":false,"_jetpack_newsletter_access":"","_jetpack_dont_email_post_to_subs":false,"_jetpack_newsletter_tier_id":0,"_jetpack_memberships_contains_paywalled_content":false,"_jetpack_feature_clip_id":0,"_jetpack_memberships_contains_paid_content":false,"footnotes":"","jetpack_post_was_ever_published":false,"_members_access_role":[],"_members_access_error":""},"categories":[878,992],"tags":[398,536],"class_list":["post-13449","post","type-post","status-publish","format-standard","has-post-thumbnail","category-navigarea-in-danemarca","category-societate","tag-afaceri","tag-agricultura-si-ferma"],"acf":[],"jetpack_sharing_enabled":true,"jetpack-related-posts":[{"id":7679,"url":"https:\/\/lwid.dk\/ro\/cum-sa-inveti-limba-daneza-gratuit-in-danemarca\/","url_meta":{"origin":13449,"position":0},"title":"Cum s\u0103 \u00eenve\u021bi limba danez\u0103 gratuit \u00een Danemarca?","author":"Alina Racila","date":"15 decembrie 2023","format":false,"excerpt":"Dac\u0103 \u00ee\u021bi dore\u0219ti s\u0103 \u00eenve\u021bi limba danez\u0103 \u00een Danemarca, atunci e bine s\u0103 \u0219tii c\u0103 o po\u021bi face gratuit, dac\u0103 \u00eendepline\u0219ti urm\u0103toarele condi\u021bii: E\u0219ti adult (+18 ani) Ai permisul de \u0219edere \u00een Danemarca Ai locuit \u00een Danemarca mai pu\u021bin de 5 ani.\u00a0 Termenul de studiere gratuit\u0103 a limbii daneze poate\u2026","rel":"","context":"\u00cen \u201eGhiduri practice\u201d","block_context":{"text":"Ghiduri practice","link":"https:\/\/lwid.dk\/ro\/category\/navigarea-in-danemarca\/ghiduri-practice\/"},"img":{"alt_text":"","src":"https:\/\/i0.wp.com\/lwid.dk\/wp-content\/uploads\/2023\/12\/Add-a-subtitle.jpg?resize=350%2C200&ssl=1","width":350,"height":200,"srcset":"https:\/\/i0.wp.com\/lwid.dk\/wp-content\/uploads\/2023\/12\/Add-a-subtitle.jpg?resize=350%2C200&ssl=1 1x, https:\/\/i0.wp.com\/lwid.dk\/wp-content\/uploads\/2023\/12\/Add-a-subtitle.jpg?resize=525%2C300&ssl=1 1.5x"},"classes":[]},{"id":2967,"url":"https:\/\/lwid.dk\/ro\/danemarca-ii-ofera-dianei-mai-multe-oportunitati-danmark-giver-diana-bedre-muligheder\/","url_meta":{"origin":13449,"position":1},"title":"Danemarca \u00eei ofer\u0103 Dianei mai multe oportunit\u0103\u021bi \/ Danmark giver Diana bedre muligheder","author":"Sorina Floroiu","date":"3 ianuarie 2020","format":false,"excerpt":"Articol publicat in Magasinet Hyo la 3 ianuarie 2020 Subiectul articolului:\u00a0 Diana Vl\u0103deanu, \u00een v\u00e2rst\u0103 de 23 de ani din Rom\u00e2nia, a venit \u00een Danemarca pentru a studia \u0219i lucra \u00een industria agricol\u0103. Ea a g\u0103sit oportunit\u0103\u021bi mai bune \u00een Danemarca dec\u00e2t \u00een \u021bara natal\u0103. Prin intermediul AgroJob, a fost\u2026","rel":"","context":"\u00cen \u201eNavigarea \u00een Danemarca\u201d","block_context":{"text":"Navigarea \u00een Danemarca","link":"https:\/\/lwid.dk\/ro\/category\/navigarea-in-danemarca\/"},"img":{"alt_text":"","src":"https:\/\/i0.wp.com\/lwid.dk\/wp-content\/uploads\/2023\/10\/1.-Danmark-giver-Diana-bedre-muligheder-e1697727104268.png?resize=350%2C200&ssl=1","width":350,"height":200,"srcset":"https:\/\/i0.wp.com\/lwid.dk\/wp-content\/uploads\/2023\/10\/1.-Danmark-giver-Diana-bedre-muligheder-e1697727104268.png?resize=350%2C200&ssl=1 1x, https:\/\/i0.wp.com\/lwid.dk\/wp-content\/uploads\/2023\/10\/1.-Danmark-giver-Diana-bedre-muligheder-e1697727104268.png?resize=525%2C300&ssl=1 1.5x, https:\/\/i0.wp.com\/lwid.dk\/wp-content\/uploads\/2023\/10\/1.-Danmark-giver-Diana-bedre-muligheder-e1697727104268.png?resize=700%2C400&ssl=1 2x, https:\/\/i0.wp.com\/lwid.dk\/wp-content\/uploads\/2023\/10\/1.-Danmark-giver-Diana-bedre-muligheder-e1697727104268.png?resize=1050%2C600&ssl=1 3x"},"classes":[]},{"id":5408,"url":"https:\/\/lwid.dk\/ro\/elev-la-agricultura-a-ramas-in-danemarca\/","url_meta":{"origin":13449,"position":2},"title":"Elev la agricultur\u0103 a r\u0103mas \u00een Danemarca","author":"Sorina Floroiu","date":"2 noiembrie 2022","format":false,"excerpt":"Articol publicat \u00een Aars Avis la data de 2 noiembrie 2022 Rezumat: Elena Comandaru, elev\u0103 la agricultur\u0103 \u00een Ia\u0219i, Rom\u00e2nia, s-a mutat \u00een Danemarca \u00een 2008. Cu o experien\u021b\u0103 ini\u021bial\u0103 dificil\u0103 \u0219i \u00eendoieli cu privire la decizia de a r\u0103m\u00e2ne, ea a ales s\u0103 continue la \u0219coala de agricultur\u0103 Borris,\u2026","rel":"","context":"\u00cen \u201eNavigarea \u00een Danemarca\u201d","block_context":{"text":"Navigarea \u00een Danemarca","link":"https:\/\/lwid.dk\/ro\/category\/navigarea-in-danemarca\/"},"img":{"alt_text":"","src":"https:\/\/i0.wp.com\/lwid.dk\/wp-content\/uploads\/2023\/11\/22.-Landsbrug-elev-blev-i-Danmark.png?resize=350%2C200&ssl=1","width":350,"height":200},"classes":[]},{"id":4275,"url":"https:\/\/lwid.dk\/ro\/incerc-cu-adevarat-sa-schimb-felul-in-care-suntem-vazuti-ca-straini\/","url_meta":{"origin":13449,"position":3},"title":"\u201e\u00cencerc cu adev\u0103rat s\u0103 schimb felul \u00een care suntem v\u0103zu\u021bi ca str\u0103ini&#8221;","author":"Sorina Floroiu","date":"20 decembrie 2021","format":false,"excerpt":"Articol publicat in Piopio.dk, la data de 20 decembrie 2021 Rezumat Aceast\u0103 poveste relateaz\u0103 experien\u021ba lui Ovidiu Nechitoi, un rom\u00e2n care a venit \u00een Danemarca \u00een 2011 pentru a lucra \u00een agricultur\u0103 \u0219i care ulterior \u0219i-a schimbat domeniul de activitate, ajung\u00e2nd s\u0103 lucreze \u00een finan\u021be. Povestea eviden\u021biaz\u0103 provoc\u0103rile \u0219i obstacolele\u2026","rel":"","context":"\u00cen \u201eNavigarea \u00een Danemarca\u201d","block_context":{"text":"Navigarea \u00een Danemarca","link":"https:\/\/lwid.dk\/ro\/category\/navigarea-in-danemarca\/"},"img":{"alt_text":"","src":"https:\/\/i0.wp.com\/lwid.dk\/wp-content\/uploads\/2023\/10\/43.png?resize=350%2C200&ssl=1","width":350,"height":200,"srcset":"https:\/\/i0.wp.com\/lwid.dk\/wp-content\/uploads\/2023\/10\/43.png?resize=350%2C200&ssl=1 1x, https:\/\/i0.wp.com\/lwid.dk\/wp-content\/uploads\/2023\/10\/43.png?resize=525%2C300&ssl=1 1.5x"},"classes":[]},{"id":707,"url":"https:\/\/lwid.dk\/articol-8-gradinita-inscrierea-la-gradinita\/","url_meta":{"origin":13449,"position":4},"title":"Articol 8: Gr\u0103dini\u021ba. \u00censcrierea la gr\u0103dini\u021b\u0103.","author":"Alina Racila","date":"14 mai 2022","format":false,"excerpt":"Dragi p\u0103rin\u021bi \u0219i copii, urm\u0103toarea serie de articole se va axa pe tema \u201dGr\u0103dini\u021ba \u0219i copiii \u00eentre 3-6 ani\u201d \u00een care, din experien\u021ba proprie, \u00een calitate de traduc\u0103tor la gradini\u021be \u0219i \u0219coli, dar \u0219i p\u0103rinte, voi descrie acele momente care sunt important de cunoscut pentru p\u0103rin\u021bi cu copii \u00eentre 3-6\u2026","rel":"","context":"Articol similar","block_context":{"text":"Articol similar","link":""},"img":{"alt_text":"","src":"","width":0,"height":0},"classes":[]},{"id":3321,"url":"https:\/\/lwid.dk\/ro\/roman-lider-la-ferma-de-porci-m-am-integrat-bine-in-danemarca\/","url_meta":{"origin":13449,"position":5},"title":"Rom\u00e2n \/ lider la ferm\u0103 de porci. M-am integrat bine in Danemarca","author":"Sorina Floroiu","date":"8 iunie 2021","format":false,"excerpt":"Articol publicat in LandbrugsAvisen.dk Morten Thomsen, la data de 8 iunie 2021 Catalin Mihai Panaite a venit \u00een Danemarca din Rom\u00e2nia \u00een 2007. In 2009 a fost angajat la Aage Lauritzen. Ast\u0103zi, el este director de opera\u021biuni pentru \u0219ase angaja\u021bi \u0219i produc\u021bie de purcei mari \u0219i porci de \u00eengr\u0103\u0219at. C\u0103t\u0103lin\u2026","rel":"","context":"\u00cen \u201eNavigarea \u00een Danemarca\u201d","block_context":{"text":"Navigarea \u00een Danemarca","link":"https:\/\/lwid.dk\/ro\/category\/navigarea-in-danemarca\/"},"img":{"alt_text":"","src":"https:\/\/i0.wp.com\/lwid.dk\/wp-content\/uploads\/2023\/10\/10.png?resize=350%2C200&ssl=1","width":350,"height":200,"srcset":"https:\/\/i0.wp.com\/lwid.dk\/wp-content\/uploads\/2023\/10\/10.png?resize=350%2C200&ssl=1 1x, https:\/\/i0.wp.com\/lwid.dk\/wp-content\/uploads\/2023\/10\/10.png?resize=525%2C300&ssl=1 1.5x, https:\/\/i0.wp.com\/lwid.dk\/wp-content\/uploads\/2023\/10\/10.png?resize=700%2C400&ssl=1 2x"},"classes":[]}],"jetpack_featured_media_url":"https:\/\/lwid.dk\/wp-content\/uploads\/2024\/01\/coltul_antreprenorului_last_week_in_denmark.jpg","_links":{"self":[{"href":"https:\/\/lwid.dk\/ro\/wp-json\/wp\/v2\/posts\/13449","targetHints":{"allow":["GET"]}}],"collection":[{"href":"https:\/\/lwid.dk\/ro\/wp-json\/wp\/v2\/posts"}],"about":[{"href":"https:\/\/lwid.dk\/ro\/wp-json\/wp\/v2\/types\/post"}],"author":[{"embeddable":true,"href":"https:\/\/lwid.dk\/ro\/wp-json\/wp\/v2\/users\/9"}],"replies":[{"embeddable":true,"href":"https:\/\/lwid.dk\/ro\/wp-json\/wp\/v2\/comments?post=13449"}],"version-history":[{"count":1,"href":"https:\/\/lwid.dk\/ro\/wp-json\/wp\/v2\/posts\/13449\/revisions"}],"predecessor-version":[{"id":13450,"href":"https:\/\/lwid.dk\/ro\/wp-json\/wp\/v2\/posts\/13449\/revisions\/13450"}],"wp:featuredmedia":[{"embeddable":true,"href":"https:\/\/lwid.dk\/ro\/wp-json\/wp\/v2\/media\/8824"}],"wp:attachment":[{"href":"https:\/\/lwid.dk\/ro\/wp-json\/wp\/v2\/media?parent=13449"}],"wp:term":[{"taxonomy":"category","embeddable":true,"href":"https:\/\/lwid.dk\/ro\/wp-json\/wp\/v2\/categories?post=13449"},{"taxonomy":"post_tag","embeddable":true,"href":"https:\/\/lwid.dk\/ro\/wp-json\/wp\/v2\/tags?post=13449"}],"curies":[{"name":"wp","href":"https:\/\/api.w.org\/{rel}","templated":true}]}}