{"id":13851,"date":"2023-04-02T11:06:16","date_gmt":"2023-04-02T10:06:16","guid":{"rendered":"https:\/\/lwid.dk\/?p=13851"},"modified":"2026-09-01T17:07:20","modified_gmt":"2026-09-01T16:07:20","slug":"intrebari-si-raspunsuri-cu-annette-s-ortiz-miranda-phd","status":"publish","type":"post","link":"https:\/\/lwid.dk\/ro\/intrebari-si-raspunsuri-cu-annette-s-ortiz-miranda-phd\/","title":{"rendered":"\u00centreb\u0103ri \u0219i r\u0103spunsuri cu Annette S. Ortiz Miranda PhD"},"content":{"rendered":"\r\n<p class=\"wp-block-paragraph\">\u00centreb\u0103ri \u0219i r\u0103spunsuri cu Annette S. Ortiz Miranda PhD, singura femeie savant \u00een conservarea artei din Puerto Rico. Citi\u021bi<a href=\"https:\/\/mediaindenmark.medium.com\/q-a-with-annette-an-art-conservator-at-copenhagens-smk-museum-21698a35d133\"> aici<\/a> pentru a afla mai multe despre experien\u021ba ei de lucru la muzeul SMK din Copenhaga. Scris \u00een englez\u0103 de<a href=\"https:\/\/medium.com\/@phariharan29\/subscribe\"> Pratik Hariharan<\/a>.<\/p>\r\n","protected":false},"excerpt":{"rendered":"<p>\u00centreb\u0103ri \u0219i r\u0103spunsuri cu Annette S. Ortiz Miranda PhD, singura femeie savant \u00een conservarea artei din Puerto Rico. Citi\u021bi aici pentru a afla mai multe despre experien\u021ba ei de lucru la muzeul SMK din Copenhaga. Scris \u00een englez\u0103 de Pratik Hariharan.<\/p>\n","protected":false},"author":9,"featured_media":13519,"comment_status":"open","ping_status":"closed","sticky":false,"template":"","format":"standard","meta":{"_acf_changed":false,"_themeisle_gutenberg_block_has_review":false,"_jetpack_newsletter_access":"","_jetpack_dont_email_post_to_subs":false,"_jetpack_newsletter_tier_id":0,"_jetpack_memberships_contains_paywalled_content":false,"_jetpack_feature_clip_id":0,"_jetpack_memberships_contains_paid_content":false,"footnotes":"","jetpack_post_was_ever_published":false,"_members_access_role":[],"_members_access_error":""},"categories":[136,878],"tags":[998,1006],"class_list":["post-13851","post","type-post","status-publish","format-standard","has-post-thumbnail","category-cultura","category-navigarea-in-danemarca","tag-arta-si-teatru","tag-interviuri"],"acf":[],"jetpack_sharing_enabled":true,"jetpack-related-posts":[{"id":4130,"url":"https:\/\/lwid.dk\/ro\/asa-a-pus-mana-danemarca-de-117-milioane-de-vaccinuri-din-romania-a-fost-prima-tara-care-a-cerut\/","url_meta":{"origin":13851,"position":0},"title":"A\u0219a a pus m\u00e2na Danemarca pe 1,17 milioane de vaccinuri din Rom\u00e2nia: \u201eA fost prima \u021bar\u0103 care a cerut\u201d","author":"Sorina Floroiu","date":"30 iunie 2021","format":false,"excerpt":"Articol publicat \u00een DR.dk Jakob Busk Olsen Cecilie Kallestrup, la data de 30 iunie 2021 Rezumat\u00a0 Danemarca a ob\u021binut cu succes un acord pentru achizi\u021bionarea a 1,17 milioane de doze de vaccin Pfizer\/BioNTech din Rom\u00e2nia. \u00cenceputul negocierilor a avut loc \u00een iunie, c\u00e2nd ministrul S\u0103n\u0103t\u0103\u021bii din Rom\u00e2nia, Ioana Mih\u0103il\u0103, a\u2026","rel":"","context":"\u00cen \u201eNavigarea \u00een Danemarca\u201d","block_context":{"text":"Navigarea \u00een Danemarca","link":"https:\/\/lwid.dk\/ro\/category\/navigarea-in-danemarca\/"},"img":{"alt_text":"","src":"https:\/\/i0.wp.com\/lwid.dk\/wp-content\/uploads\/2023\/10\/18.-Ro-saelger-vacciner-til-DK.png?resize=350%2C200&ssl=1","width":350,"height":200,"srcset":"https:\/\/i0.wp.com\/lwid.dk\/wp-content\/uploads\/2023\/10\/18.-Ro-saelger-vacciner-til-DK.png?resize=350%2C200&ssl=1 1x, https:\/\/i0.wp.com\/lwid.dk\/wp-content\/uploads\/2023\/10\/18.-Ro-saelger-vacciner-til-DK.png?resize=525%2C300&ssl=1 1.5x, https:\/\/i0.wp.com\/lwid.dk\/wp-content\/uploads\/2023\/10\/18.-Ro-saelger-vacciner-til-DK.png?resize=700%2C400&ssl=1 2x"},"classes":[]},{"id":9886,"url":"https:\/\/lwid.dk\/qa-with-annette-s-ortiz-miranda-phd\/","url_meta":{"origin":13851,"position":1},"title":"Q&amp;A with Annette S. Ortiz Miranda PhD","author":"Narcis George Matache","date":"2 aprilie 2023","format":false,"excerpt":"Q&A with Annette S. Ortiz Miranda PhD, the only female art conservation scientist from Puerto Rico.\u00a0Read on\u00a0to know more about her experience working at the SMK museum in Copenhagen. Written in English by\u00a0Pratik Hariharan.\u00a0","rel":"","context":"\u00cen \u201eCulture, Religion and Royals\u201d","block_context":{"text":"Culture, Religion and Royals","link":"https:\/\/lwid.dk\/category\/news\/daily-life-in-denmark\/culture-religion-and-royals\/"},"img":{"alt_text":"culture_religion_royals_last_week_in_denmark","src":"https:\/\/i0.wp.com\/lwid.dk\/wp-content\/uploads\/2024\/01\/culture_religion_royals_last_week_in_denmark.jpg?resize=350%2C200&ssl=1","width":350,"height":200,"srcset":"https:\/\/i0.wp.com\/lwid.dk\/wp-content\/uploads\/2024\/01\/culture_religion_royals_last_week_in_denmark.jpg?resize=350%2C200&ssl=1 1x, https:\/\/i0.wp.com\/lwid.dk\/wp-content\/uploads\/2024\/01\/culture_religion_royals_last_week_in_denmark.jpg?resize=525%2C300&ssl=1 1.5x"},"classes":[]},{"id":7044,"url":"https:\/\/lwid.dk\/es\/sesion-de-preguntas-y-respuestas-qa-con-annette-s-ortiz-miranda-phd\/","url_meta":{"origin":13851,"position":2},"title":"Sesi\u00f3n de preguntas y respuestas (Q&amp;A) con Annette S. Ortiz Miranda PhD","author":"Maria Fuentes","date":"2 aprilie 2023","format":false,"excerpt":"la \u00fanica mujer puertorrique\u00f1a especialista en conservaci\u00f3n del arte.\u00a0Contin\u00faa leyendo aqu\u00ed\u00a0para conocer m\u00e1s sobre su experiencia laboral en el museo SMK de Copenhage. Est\u00e1 escrito en ingl\u00e9s, por\u00a0Pratik Hariharan.\u00a0","rel":"","context":"\u00cen \u201eCultura, religi\u00f3n y realeza\u201d","block_context":{"text":"Cultura, religi\u00f3n y realeza","link":"https:\/\/lwid.dk\/es\/category\/noticias\/la-vida-diaria-en-dinamarca\/cultura-religion-y-realeza\/"},"img":{"alt_text":"","src":"https:\/\/i0.wp.com\/lwid.dk\/wp-content\/uploads\/2023\/11\/CULURA.jpg?resize=350%2C200&ssl=1","width":350,"height":200,"srcset":"https:\/\/i0.wp.com\/lwid.dk\/wp-content\/uploads\/2023\/11\/CULURA.jpg?resize=350%2C200&ssl=1 1x, https:\/\/i0.wp.com\/lwid.dk\/wp-content\/uploads\/2023\/11\/CULURA.jpg?resize=525%2C300&ssl=1 1.5x, https:\/\/i0.wp.com\/lwid.dk\/wp-content\/uploads\/2023\/11\/CULURA.jpg?resize=700%2C400&ssl=1 2x, https:\/\/i0.wp.com\/lwid.dk\/wp-content\/uploads\/2023\/11\/CULURA.jpg?resize=1050%2C600&ssl=1 3x"},"classes":[]},{"id":3194,"url":"https:\/\/lwid.dk\/ro\/ultima-data-cand-am-fost-in-danemarca-o-vara-intreaga-a-fost-in-82-sidst-jeg-var-i-danmark-en-hel-sommer-var-i-82\/","url_meta":{"origin":13851,"position":3},"title":"Ultima dat\u0103 c\u00e2nd am fost \u00een Danemarca o var\u0103 \u00eentreag\u0103 a fost in \u00b482 \/ Sidst jeg var i Danmark en hel sommer var i &#8216; 82","author":"Sorina Floroiu","date":"15 iulie 2020","format":false,"excerpt":"Articol publicat in Nordvestnyt Kalundborg la data de 15 iulie 2020 Subiectul articolului: Autorul vorbe\u0219te despre amintirea unei vacan\u021be \u00een Rom\u00e2nia \u00een copil\u0103rie, \u00eenso\u021bit de bunici. Men\u021bioneaz\u0103 zborul prin Alpi \u0219i g\u00e2ndurile despre muncitorii iugoslavi. Discut\u0103 despre ultima var\u0103 petrecut\u0103 \u00een Danemarca \u0219i planurile de vacan\u021b\u0103 actuale \u00een Bornholm.\u00a0 Articol\u2026","rel":"","context":"\u00cen \u201eNavigarea \u00een Danemarca\u201d","block_context":{"text":"Navigarea \u00een Danemarca","link":"https:\/\/lwid.dk\/ro\/category\/navigarea-in-danemarca\/"},"img":{"alt_text":"","src":"https:\/\/i0.wp.com\/lwid.dk\/wp-content\/uploads\/2023\/10\/26.-Sidst-da-jeg-var-i-Danmark.png?resize=350%2C200&ssl=1","width":350,"height":200,"srcset":"https:\/\/i0.wp.com\/lwid.dk\/wp-content\/uploads\/2023\/10\/26.-Sidst-da-jeg-var-i-Danmark.png?resize=350%2C200&ssl=1 1x, https:\/\/i0.wp.com\/lwid.dk\/wp-content\/uploads\/2023\/10\/26.-Sidst-da-jeg-var-i-Danmark.png?resize=525%2C300&ssl=1 1.5x"},"classes":[]},{"id":703,"url":"https:\/\/lwid.dk\/cum-ne-pregatim-pentru-cresa\/","url_meta":{"origin":13851,"position":4},"title":"Cum ne preg\u0103tim pentru cre\u0219\u0103?","author":"Alina Racila","date":"14 mai 2022","format":false,"excerpt":"Articolul 7: \u2022 Cum ne preg\u0103tim pentru cre\u0219\u0103? \u2022 C\u00e2t timp dureaz\u0103 perioada de adaptare? \u2022 Suzeta, scutecul, oli\u0163a \u0219i somnul de dup\u0103-amiaz\u0103. Toate aceste \u00eentreb\u0103ri au desigur r\u0103spunsuri individuale, \u00een func\u0163ie de fiecare copil \u0219i p\u0103rinte \u00een parte, noi fiind unici \u00een felul nostru. Probabil,\u00a0cel mai intens trebuie s\u0103\u2026","rel":"","context":"Articol similar","block_context":{"text":"Articol similar","link":""},"img":{"alt_text":"","src":"","width":0,"height":0},"classes":[]},{"id":5349,"url":"https:\/\/lwid.dk\/ro\/tineri-europeni-au-vizitat-allerod\/","url_meta":{"origin":13851,"position":5},"title":"Tineri europeni au vizitat Aller\u00f8d","author":"Sorina Floroiu","date":"18 mai 2022","format":false,"excerpt":"Articol publicat in Aller\u00f8d Nyt, la data de 18 mai 2022. Articol integral: Ce au \u00een comun Islanda, Austria, Italia, Grecia \u0219i Rom\u00e2nia?\u00a0 Unul dintre posibilele r\u0103spunsuri este c\u0103 s\u0103pt\u0103m\u00e2na trecut\u0103 au vizitat \u0219coala Ravnsholt, ca parte a programului Erasmus al Uniunii Europene. Cu toate acestea, rom\u00e2nii nu sosiser\u0103 \u00eenc\u0103\u2026","rel":"","context":"\u00cen \u201eNavigarea \u00een Danemarca\u201d","block_context":{"text":"Navigarea \u00een Danemarca","link":"https:\/\/lwid.dk\/ro\/category\/navigarea-in-danemarca\/"},"img":{"alt_text":"","src":"https:\/\/i0.wp.com\/lwid.dk\/wp-content\/uploads\/2023\/11\/13.-Vizita-tineri-romani-.png?resize=350%2C200&ssl=1","width":350,"height":200},"classes":[]}],"jetpack_featured_media_url":"https:\/\/lwid.dk\/wp-content\/uploads\/2024\/03\/cultura_religie_casa_regala_daneza_last_week_in_denmark.jpg","_links":{"self":[{"href":"https:\/\/lwid.dk\/ro\/wp-json\/wp\/v2\/posts\/13851","targetHints":{"allow":["GET"]}}],"collection":[{"href":"https:\/\/lwid.dk\/ro\/wp-json\/wp\/v2\/posts"}],"about":[{"href":"https:\/\/lwid.dk\/ro\/wp-json\/wp\/v2\/types\/post"}],"author":[{"embeddable":true,"href":"https:\/\/lwid.dk\/ro\/wp-json\/wp\/v2\/users\/9"}],"replies":[{"embeddable":true,"href":"https:\/\/lwid.dk\/ro\/wp-json\/wp\/v2\/comments?post=13851"}],"version-history":[{"count":2,"href":"https:\/\/lwid.dk\/ro\/wp-json\/wp\/v2\/posts\/13851\/revisions"}],"predecessor-version":[{"id":13942,"href":"https:\/\/lwid.dk\/ro\/wp-json\/wp\/v2\/posts\/13851\/revisions\/13942"}],"wp:featuredmedia":[{"embeddable":true,"href":"https:\/\/lwid.dk\/ro\/wp-json\/wp\/v2\/media\/13519"}],"wp:attachment":[{"href":"https:\/\/lwid.dk\/ro\/wp-json\/wp\/v2\/media?parent=13851"}],"wp:term":[{"taxonomy":"category","embeddable":true,"href":"https:\/\/lwid.dk\/ro\/wp-json\/wp\/v2\/categories?post=13851"},{"taxonomy":"post_tag","embeddable":true,"href":"https:\/\/lwid.dk\/ro\/wp-json\/wp\/v2\/tags?post=13851"}],"curies":[{"name":"wp","href":"https:\/\/api.w.org\/{rel}","templated":true}]}}