{"id":13916,"date":"2024-03-03T13:24:18","date_gmt":"2024-03-03T12:24:18","guid":{"rendered":"https:\/\/lwid.dk\/?p=13916"},"modified":"2026-09-01T17:41:19","modified_gmt":"2026-09-01T16:41:19","slug":"perspective-asupra-stilului-de-viata-danez-saptamana-9","status":"publish","type":"post","link":"https:\/\/lwid.dk\/ro\/perspective-asupra-stilului-de-viata-danez-saptamana-9\/","title":{"rendered":"Perspective asupra stilului de via\u021b\u0103 danez &#8211; S\u0103pt\u0103m\u00e2na 9"},"content":{"rendered":"\r\n<div id=\"entry\">\r\n<div id=\"main\" class=\"main typography use-theme-bg\">\r\n<div>\r\n<div class=\"single-post-container\">\r\n<div class=\"container\">\r\n<div class=\"single-post\">\r\n<article class=\"typography newsletter-post post\">\r\n<div class=\"\">\r\n<div class=\"available-content\">\r\n<div class=\"body markup\" dir=\"auto\">\r\n<p class=\"wp-block-paragraph\">S\u0103pt\u0103m\u00e2na aceasta este s\u0103pt\u0103m\u00e2na violet \u0219i s\u0103rb\u0103torim Ziua Interna\u021bional\u0103 a Femeii. Conform <a href=\"https:\/\/giwps.georgetown.edu\/the-index\/\" rel=\"\">2023 Women Peace and Security Index<\/a>, Danemarca ocup\u0103 primul loc la calitatea vie\u021bii feminine: femeile sunt mai \u00een siguran\u021b\u0103, egale \u00een drepturi \u0219i au acces mai bun la justi\u021bie aici dec\u00e2t oriunde altundeva \u00een lume. Danemarca se afl\u0103 \u00een topul politicii de gen, fiind una dintre cele 13 \u021b\u0103ri \u00een care toate femeile au acces la un cont bancar \u0219i una dintre cele 14 \u00een care exist\u0103 legisla\u021bie de gen pe deplin echitabil\u0103.<\/p>\r\n<p>Drepturile de gen au o istorie \u00eendelungat\u0103 \u00een societatea danez\u0103, av\u00e2nd \u00een vedere c\u0103 \u00een 1814 legea pentru \u00eenv\u0103\u021b\u0103m\u00e2ntul primar universal f\u0103cea obligatorie educa\u021bia fetelor. \u00cen 1915, femeilor li s-a acordat dreptul la vot \u0219i de a candida pentru func\u021bii \u00een Parlament, prima femeie ministru, respectiv ministra Educa\u021biei, Nina Bang, fiind numit\u0103 \u00een 1924. \u00cen anii &#8217;60 \u0219i &#8217;70, convie\u021buirea \u0219i cre\u0219terea copiilor \u00een afara c\u0103s\u0103toriei au devenit acceptate de societate, iar avorturile au fost legalizate, \u00eentr-o perioad\u0103 \u00een care aceste practici erau condamnate \u00een multe p\u0103r\u021bi ale Europei.<\/p>\r\n<p>Trei exemple din cotidian ne amintesc c\u0103 aceast\u0103 tendin\u021b\u0103 pozitiv\u0103 continu\u0103: nivelul sc\u0103zut de h\u0103r\u021buire sexual\u0103 \u00een public, modul neconven\u021bional \u0219i nepatriarhal de desf\u0103\u0219urare a \u00eent\u00e2lnirilor, \u0219i durata \u0219i distribu\u021bia concediului pentru cre\u0219terea copilului. Cu una dintre cele mai ridicate rate de fertilitate din Europa, femeile daneze sunt un exemplu pentru echilibrul dintre via\u021ba profesional\u0103 \u0219i via\u021ba privat\u0103. Concediul de paternitate mai lung, custodia egal\u0103 pentru p\u0103rin\u021bii divor\u021ba\u021bi \u0219i libertatea sexual\u0103 pentru ambele sexe creeaz\u0103 un sentiment de responsabilitate comun\u0103 \u00een cre\u0219terea genera\u021biilor viitoare, f\u0103c\u00e2nd Danemarca un loc \u00een care femeile nu trebuie s\u0103-\u0219i sacrifice cariera sau maternitatea \u00een detrimentul celeilalte. Dac\u0103 e\u0219ti \u00eentr-o dispozi\u021bie juc\u0103u\u0219\u0103 \u00een aceast\u0103 s\u0103pt\u0103m\u00e2n\u0103, num\u0103r\u0103 b\u0103rba\u021bii care \u00eemping un c\u0103rucior pe strad\u0103 \u0219i toasteaz\u0103 pentru egalitatea de gen.<\/p>\r\n<\/div>\r\n<\/div>\r\n<\/div>\r\n<\/article>\r\n<\/div>\r\n<\/div>\r\n<\/div>\r\n<\/div>\r\n<\/div>\r\n<\/div>\r\n","protected":false},"excerpt":{"rendered":"<p>S\u0103pt\u0103m\u00e2na aceasta este s\u0103pt\u0103m\u00e2na violet \u0219i s\u0103rb\u0103torim Ziua Interna\u021bional\u0103 a Femeii. Conform 2023 Women Peace and Security Index, Danemarca ocup\u0103 primul loc la calitatea vie\u021bii feminine: femeile sunt mai \u00een siguran\u021b\u0103, egale \u00een drepturi \u0219i au acces mai bun la justi\u021bie aici dec\u00e2t oriunde altundeva \u00een lume. Danemarca se afl\u0103 \u00een topul politicii de gen, [&hellip;]<\/p>\n","protected":false},"author":27,"featured_media":6462,"comment_status":"open","ping_status":"closed","sticky":false,"template":"","format":"standard","meta":{"_acf_changed":false,"_themeisle_gutenberg_block_has_review":false,"_jetpack_newsletter_access":"","_jetpack_dont_email_post_to_subs":false,"_jetpack_newsletter_tier_id":0,"_jetpack_memberships_contains_paywalled_content":false,"_jetpack_feature_clip_id":0,"_jetpack_memberships_contains_paid_content":false,"footnotes":"","jetpack_post_was_ever_published":false,"_members_access_role":[],"_members_access_error":""},"categories":[878,992],"tags":[1001,1016,476],"class_list":["post-13916","post","type-post","status-publish","format-standard","has-post-thumbnail","category-navigarea-in-danemarca","category-societate","tag-diversitate-si-incluziune","tag-sexualitate-si-gen","tag-stil-de-viata"],"acf":[],"jetpack_sharing_enabled":true,"jetpack-related-posts":[{"id":15979,"url":"https:\/\/lwid.dk\/ro\/perspective-asupra-stilului-de-viata-danez-saptamana-17\/","url_meta":{"origin":13916,"position":0},"title":"Perspective asupra stilului de via\u021b\u0103 danez &#8211; S\u0103pt\u0103m\u00e2na 17","author":"Catalina Anapios","date":"28 aprilie 2024","format":false,"excerpt":"De\u0219i nu este considerat\u0103 o s\u0103rb\u0103toare na\u021bional\u0103 \u00een Danemarca, 1 mai marcheaz\u0103 Arbejdernes Kampdag (Ziua Muncii). \u00cen unele municipalit\u0103\u021bi, precum Copenhaga, data respectiv\u0103 este o zi liber\u0103 obligatorie \u00een \u0219coli. Danemarca se remarc\u0103 ca fiind un loc favorabil pentru munc\u0103 la nivel mondial: \u00een 2023, Copenhaga a ocupat locul 3\u2026","rel":"","context":"\u00cen \u201eNavigarea \u00een Danemarca\u201d","block_context":{"text":"Navigarea \u00een Danemarca","link":"https:\/\/lwid.dk\/ro\/category\/navigarea-in-danemarca\/"},"img":{"alt_text":"Viata de zi cu zi in Danemarca Last Week in Denmark","src":"https:\/\/i0.wp.com\/lwid.dk\/wp-content\/uploads\/2023\/12\/Viata-de-zi-cu-zi-in-Danemarca.jpg?resize=350%2C200&ssl=1","width":350,"height":200,"srcset":"https:\/\/i0.wp.com\/lwid.dk\/wp-content\/uploads\/2023\/12\/Viata-de-zi-cu-zi-in-Danemarca.jpg?resize=350%2C200&ssl=1 1x, https:\/\/i0.wp.com\/lwid.dk\/wp-content\/uploads\/2023\/12\/Viata-de-zi-cu-zi-in-Danemarca.jpg?resize=525%2C300&ssl=1 1.5x"},"classes":[]},{"id":15329,"url":"https:\/\/lwid.dk\/ro\/perspective-asupra-stilului-de-viata-danez-saptamana-14\/","url_meta":{"origin":13916,"position":1},"title":"Perspective asupra stilului de via\u021b\u0103 danez &#8211; S\u0103pt\u0103m\u00e2na 14","author":"Catalina Anapios","date":"7 aprilie 2024","format":false,"excerpt":"S\u0103pt\u0103m\u00e2na trecut\u0103, Danemarca s-a bucurat de o vacan\u021b\u0103 prelungit\u0103 de cinci zile, P\u00e5skefrokost (pr\u00e2nzul de Pa\u0219te) \u0219i o cantitate decent\u0103 de soare - cel pu\u021bin \u00een unele p\u0103r\u021bi ale \u021b\u0103rii. Pentru a \u00eencununa sf\u00e2r\u0219itul vacan\u021bei de Pa\u0219te, mar\u021bi, 2 aprilie, a fost aniversarea na\u0219terii unuia dintre cei mai faimo\u0219i danezi,\u2026","rel":"","context":"\u00cen \u201eNavigarea \u00een Danemarca\u201d","block_context":{"text":"Navigarea \u00een Danemarca","link":"https:\/\/lwid.dk\/ro\/category\/navigarea-in-danemarca\/"},"img":{"alt_text":"Viata de zi cu zi in Danemarca Last Week in Denmark","src":"https:\/\/i0.wp.com\/lwid.dk\/wp-content\/uploads\/2023\/12\/Viata-de-zi-cu-zi-in-Danemarca.jpg?resize=350%2C200&ssl=1","width":350,"height":200,"srcset":"https:\/\/i0.wp.com\/lwid.dk\/wp-content\/uploads\/2023\/12\/Viata-de-zi-cu-zi-in-Danemarca.jpg?resize=350%2C200&ssl=1 1x, https:\/\/i0.wp.com\/lwid.dk\/wp-content\/uploads\/2023\/12\/Viata-de-zi-cu-zi-in-Danemarca.jpg?resize=525%2C300&ssl=1 1.5x"},"classes":[]},{"id":13451,"url":"https:\/\/lwid.dk\/ro\/perspective-asupra-stilului-de-viata-danez-saptamana-8\/","url_meta":{"origin":13916,"position":2},"title":"Perspective asupra stilului de via\u021b\u0103 danez &#8211; S\u0103pt\u0103m\u00e2na 8","author":"Catalina Anapios","date":"25 februarie 2024","format":false,"excerpt":"S\u0103pt\u0103m\u00e2na aceasta are loc Copenhagen Bike Show, cel mai mare t\u00e2rg de biciclete din Scandinavia. \u00cent\u00e2mpl\u0103tor, au \u00eenceput s\u0103 se arate \u0219i primele semne de prim\u0103var\u0103, a\u0219a c\u0103 dac\u0103 \u00een lunile reci ai c\u0103utat ad\u0103post \u00een transportul public, ar fi timpul s\u0103 \u0219tergi praful de pe biciclet\u0103. Istoria mersului pe\u2026","rel":"","context":"\u00cen \u201eNavigarea \u00een Danemarca\u201d","block_context":{"text":"Navigarea \u00een Danemarca","link":"https:\/\/lwid.dk\/ro\/category\/navigarea-in-danemarca\/"},"img":{"alt_text":"Viata de zi cu zi in Danemarca Last Week in Denmark","src":"https:\/\/i0.wp.com\/lwid.dk\/wp-content\/uploads\/2023\/12\/Viata-de-zi-cu-zi-in-Danemarca.jpg?resize=350%2C200&ssl=1","width":350,"height":200,"srcset":"https:\/\/i0.wp.com\/lwid.dk\/wp-content\/uploads\/2023\/12\/Viata-de-zi-cu-zi-in-Danemarca.jpg?resize=350%2C200&ssl=1 1x, https:\/\/i0.wp.com\/lwid.dk\/wp-content\/uploads\/2023\/12\/Viata-de-zi-cu-zi-in-Danemarca.jpg?resize=525%2C300&ssl=1 1.5x"},"classes":[]},{"id":14503,"url":"https:\/\/lwid.dk\/ro\/perspective-asupra-stilului-de-viata-danez-saptamana-11\/","url_meta":{"origin":13916,"position":3},"title":"Perspective asupra stilului de via\u021b\u0103 danez &#8211; S\u0103pt\u0103m\u00e2na 11","author":"Catalina Anapios","date":"17 martie 2024","format":false,"excerpt":"Prim\u0103vara se apropie! Str\u0103zile \u021b\u0103rii au \u00eenceput s\u0103 \u00eenverzeasc\u0103, iar jachetele lungi \u0219i groase \u00ee\u0219i reg\u0103sesc locul \u00een dulap (cel pu\u021bin pentru moment). \u0218ansele de ninsoare nu sunt totu\u0219i excluse, bazat pe experien\u021ba din prim\u0103vara trecut\u0103, dar putem spune cu siguran\u021b\u0103 c\u0103 \u00eenflorirea copacilor a \u00eenceput. Probabil ai \u00eent\u00e2lnit \u00een\u2026","rel":"","context":"\u00cen \u201eNavigarea \u00een Danemarca\u201d","block_context":{"text":"Navigarea \u00een Danemarca","link":"https:\/\/lwid.dk\/ro\/category\/navigarea-in-danemarca\/"},"img":{"alt_text":"Viata de zi cu zi in Danemarca Last Week in Denmark","src":"https:\/\/i0.wp.com\/lwid.dk\/wp-content\/uploads\/2023\/12\/Viata-de-zi-cu-zi-in-Danemarca.jpg?resize=350%2C200&ssl=1","width":350,"height":200,"srcset":"https:\/\/i0.wp.com\/lwid.dk\/wp-content\/uploads\/2023\/12\/Viata-de-zi-cu-zi-in-Danemarca.jpg?resize=350%2C200&ssl=1 1x, https:\/\/i0.wp.com\/lwid.dk\/wp-content\/uploads\/2023\/12\/Viata-de-zi-cu-zi-in-Danemarca.jpg?resize=525%2C300&ssl=1 1.5x"},"classes":[]},{"id":13351,"url":"https:\/\/lwid.dk\/ro\/perspective-asupra-stilului-de-viata-danez-saptamana-7\/","url_meta":{"origin":13916,"position":4},"title":"Perspective asupra stilului de via\u021b\u0103 danez &#8211; S\u0103pt\u0103m\u00e2na 7","author":"Catalina Anapios","date":"18 februarie 2024","format":false,"excerpt":"Au trecut dou\u0103 luni de la sosirea iernii, probabil cea mai provocatoare perioad\u0103 din an: toamna ploioas\u0103 a trecut de mult, \u00eens\u0103 soarele nu este \u00eenc\u0103 gata s\u0103 aduc\u0103 prim\u0103vara. Acum ar fi poate momentul s\u0103 \u00eencerci \u0219i tu una din cele mai populare tradi\u021bii din Scandinavia: baie \u00een mare\u2026","rel":"","context":"\u00cen \u201eNavigarea \u00een Danemarca\u201d","block_context":{"text":"Navigarea \u00een Danemarca","link":"https:\/\/lwid.dk\/ro\/category\/navigarea-in-danemarca\/"},"img":{"alt_text":"Viata de zi cu zi in Danemarca Last Week in Denmark","src":"https:\/\/i0.wp.com\/lwid.dk\/wp-content\/uploads\/2023\/12\/Viata-de-zi-cu-zi-in-Danemarca.jpg?resize=350%2C200&ssl=1","width":350,"height":200,"srcset":"https:\/\/i0.wp.com\/lwid.dk\/wp-content\/uploads\/2023\/12\/Viata-de-zi-cu-zi-in-Danemarca.jpg?resize=350%2C200&ssl=1 1x, https:\/\/i0.wp.com\/lwid.dk\/wp-content\/uploads\/2023\/12\/Viata-de-zi-cu-zi-in-Danemarca.jpg?resize=525%2C300&ssl=1 1.5x"},"classes":[]},{"id":16104,"url":"https:\/\/lwid.dk\/ro\/perspective-asupra-stilului-de-viata-danez-saptamana-20\/","url_meta":{"origin":13916,"position":5},"title":"Perspective asupra stilului de via\u021b\u0103 danez &#8211; S\u0103pt\u0103m\u00e2na 20","author":"Catalina Anapios","date":"19 mai 2024","format":false,"excerpt":"Luni, \u00een data de 20 mai, vom celebra s\u0103rb\u0103toarea na\u021bional\u0103 numit\u0103 Pinse (Rusaliile sau a doua zi de Rusalii). S\u0103rb\u0103toarea are loc la 50 de zile dup\u0103 Pa\u0219ti, c\u00e2nd cre\u0219tinii \u00ee\u0219i reamintesc c\u0103 Duhul Sf\u00e2nt a venit la ucenicii lui Isus \u0219i le-a dat posibilitatea de a vorbi \u201etoate limbile\u201d.\u2026","rel":"","context":"\u00cen \u201eNavigarea \u00een Danemarca\u201d","block_context":{"text":"Navigarea \u00een Danemarca","link":"https:\/\/lwid.dk\/ro\/category\/navigarea-in-danemarca\/"},"img":{"alt_text":"Viata de zi cu zi in Danemarca Last Week in Denmark","src":"https:\/\/i0.wp.com\/lwid.dk\/wp-content\/uploads\/2023\/12\/Viata-de-zi-cu-zi-in-Danemarca.jpg?resize=350%2C200&ssl=1","width":350,"height":200,"srcset":"https:\/\/i0.wp.com\/lwid.dk\/wp-content\/uploads\/2023\/12\/Viata-de-zi-cu-zi-in-Danemarca.jpg?resize=350%2C200&ssl=1 1x, https:\/\/i0.wp.com\/lwid.dk\/wp-content\/uploads\/2023\/12\/Viata-de-zi-cu-zi-in-Danemarca.jpg?resize=525%2C300&ssl=1 1.5x"},"classes":[]}],"jetpack_featured_media_url":"https:\/\/lwid.dk\/wp-content\/uploads\/2023\/12\/Viata-de-zi-cu-zi-in-Danemarca.jpg","_links":{"self":[{"href":"https:\/\/lwid.dk\/ro\/wp-json\/wp\/v2\/posts\/13916","targetHints":{"allow":["GET"]}}],"collection":[{"href":"https:\/\/lwid.dk\/ro\/wp-json\/wp\/v2\/posts"}],"about":[{"href":"https:\/\/lwid.dk\/ro\/wp-json\/wp\/v2\/types\/post"}],"author":[{"embeddable":true,"href":"https:\/\/lwid.dk\/ro\/wp-json\/wp\/v2\/users\/27"}],"replies":[{"embeddable":true,"href":"https:\/\/lwid.dk\/ro\/wp-json\/wp\/v2\/comments?post=13916"}],"version-history":[{"count":2,"href":"https:\/\/lwid.dk\/ro\/wp-json\/wp\/v2\/posts\/13916\/revisions"}],"predecessor-version":[{"id":28700,"href":"https:\/\/lwid.dk\/ro\/wp-json\/wp\/v2\/posts\/13916\/revisions\/28700"}],"wp:featuredmedia":[{"embeddable":true,"href":"https:\/\/lwid.dk\/ro\/wp-json\/wp\/v2\/media\/6462"}],"wp:attachment":[{"href":"https:\/\/lwid.dk\/ro\/wp-json\/wp\/v2\/media?parent=13916"}],"wp:term":[{"taxonomy":"category","embeddable":true,"href":"https:\/\/lwid.dk\/ro\/wp-json\/wp\/v2\/categories?post=13916"},{"taxonomy":"post_tag","embeddable":true,"href":"https:\/\/lwid.dk\/ro\/wp-json\/wp\/v2\/tags?post=13916"}],"curies":[{"name":"wp","href":"https:\/\/api.w.org\/{rel}","templated":true}]}}