{"id":14107,"date":"2023-02-26T15:26:23","date_gmt":"2023-02-26T14:26:23","guid":{"rendered":"https:\/\/lwid.dk\/?p=14107"},"modified":"2026-09-01T17:51:54","modified_gmt":"2026-09-01T16:51:54","slug":"povestea-curajoasa-a-unui-voluntar-danez-pe-frontul-ucrainean","status":"publish","type":"post","link":"https:\/\/lwid.dk\/ro\/povestea-curajoasa-a-unui-voluntar-danez-pe-frontul-ucrainean\/","title":{"rendered":"Povestea curajoas\u0103 a unui voluntar danez pe frontul ucrainean"},"content":{"rendered":"\r\n<p class=\"wp-block-paragraph\">Anul trecut, premierul Mette Frederiksen a afirmat c\u0103 dac\u0103 cet\u0103\u021benii danezi doresc s\u0103 lupte ca \u0219i voluntari \u00een r\u0103zboiul din Ucraina, sunt liberi s\u0103 fac\u0103 acest lucru \u0219i nu ar trebui s\u0103 fie \u00eengrijora\u021bi de consecin\u021bele juridice de acas\u0103. Citi\u021bi\u00a0<a href=\"https:\/\/www.dr.dk\/stories\/1288510966\/danske-chap-er-rejst-til-ukraine-for-at-kaempe\">povestea lui Chap<\/a>, un t\u00e2n\u0103r din Danemarca care a f\u0103cut acest pas.<\/p>\r\n\r\n\r\n\r\n<ul class=\"wp-block-list\">\r\n<li>Nu exist\u0103 un num\u0103r oficial al num\u0103rului de voluntari care au plecat \u00een Ucraina din Danemarca, dar se preconizeaz\u0103 c\u0103 cifrele se \u00eenv\u00e2rt \u00een jurul sutelor.<\/li>\r\n<\/ul>\r\n","protected":false},"excerpt":{"rendered":"<p>Anul trecut, premierul Mette Frederiksen a afirmat c\u0103 dac\u0103 cet\u0103\u021benii danezi doresc s\u0103 lupte ca \u0219i voluntari \u00een r\u0103zboiul din Ucraina, sunt liberi s\u0103 fac\u0103 acest lucru \u0219i nu ar trebui s\u0103 fie \u00eengrijora\u021bi de consecin\u021bele juridice de acas\u0103. Citi\u021bi\u00a0povestea lui Chap, un t\u00e2n\u0103r din Danemarca care a f\u0103cut acest pas.<\/p>\n","protected":false},"author":9,"featured_media":6462,"comment_status":"open","ping_status":"closed","sticky":false,"template":"","format":"standard","meta":{"_acf_changed":false,"_themeisle_gutenberg_block_has_review":false,"_jetpack_newsletter_access":"","_jetpack_dont_email_post_to_subs":false,"_jetpack_newsletter_tier_id":0,"_jetpack_memberships_contains_paywalled_content":false,"_jetpack_feature_clip_id":0,"_jetpack_memberships_contains_paid_content":false,"footnotes":"","jetpack_post_was_ever_published":false,"_members_access_role":[],"_members_access_error":""},"categories":[878,994],"tags":[249,1015],"class_list":["post-14107","post","type-post","status-publish","format-standard","has-post-thumbnail","category-navigarea-in-danemarca","category-politica","tag-politica","tag-securitate-nationala"],"acf":[],"jetpack_sharing_enabled":true,"jetpack-related-posts":[{"id":3049,"url":"https:\/\/lwid.dk\/ro\/crestinii-romani-in-crestere-puternica-in-danemarca-rumaenske-kristne-i-kraftig-vaekst-i-danmark\/","url_meta":{"origin":14107,"position":0},"title":"Cre\u0219tinii rom\u00e2ni \u00een cre\u0219tere puternic\u0103 \u00een Danemarca \/ Rum\u00e6nske kristne i kraftig v\u00e6kst i Danmark","author":"Sorina Floroiu","date":"7 februarie 2020","format":false,"excerpt":"Articol publicat in Kristeligt Dagblad\u00a0 la data de 7 februarie 2020 Subiectul articolului:\u00a0 Num\u0103rul comunit\u0103\u021bilor ortodoxe din Danemarca, \u00een special cele rom\u00e2ne\u0219ti, a crescut semnificativ datorit\u0103 migra\u021biei sporite din \u021b\u0103rile ortodoxe. Aceast\u0103 cre\u0219tere a determinat preocuparea Bisericii Poporului cu privire la influen\u021ba ortodox\u0103 \u00een Danemarca. \u00cen prezent (e.g. 2020), exist\u0103\u2026","rel":"","context":"\u00cen \u201eNavigarea \u00een Danemarca\u201d","block_context":{"text":"Navigarea \u00een Danemarca","link":"https:\/\/lwid.dk\/ro\/category\/navigarea-in-danemarca\/"},"img":{"alt_text":"","src":"https:\/\/i0.wp.com\/lwid.dk\/wp-content\/uploads\/2023\/10\/6.-Rumaenske-kristner.png?resize=350%2C200&ssl=1","width":350,"height":200,"srcset":"https:\/\/i0.wp.com\/lwid.dk\/wp-content\/uploads\/2023\/10\/6.-Rumaenske-kristner.png?resize=350%2C200&ssl=1 1x, https:\/\/i0.wp.com\/lwid.dk\/wp-content\/uploads\/2023\/10\/6.-Rumaenske-kristner.png?resize=525%2C300&ssl=1 1.5x, https:\/\/i0.wp.com\/lwid.dk\/wp-content\/uploads\/2023\/10\/6.-Rumaenske-kristner.png?resize=700%2C400&ssl=1 2x"},"classes":[]},{"id":5301,"url":"https:\/\/lwid.dk\/ro\/gabriel-a-transformat-garajul-sau-intr-un-centru-de-ajutor-de-urgenta-oamenii-vin-cu-lucruri-pe-care-le-au-adunat-din-tot-aarhus-ul\/","url_meta":{"origin":14107,"position":1},"title":"Gabriel a transformat garajul s\u0103u \u00eentr-un centru de ajutor de urgen\u021b\u0103: &#8211; Oamenii vin cu lucruri pe care le-au adunat din tot Aarhus-ul","author":"Sorina Floroiu","date":"28 februarie 2022","format":false,"excerpt":"Articol publicat in Stiften.dk la data de 28 februarie 2022.\u00a0 Rezumat:\u00a0 Gabriel Denisov, originar din Rom\u00e2nia, a lansat o campanie pe Facebook \u0219i a reu\u0219it s\u0103 umple garajul s\u0103u cu haine \u0219i juc\u0103rii pentru refugia\u021bii ucraineni. Se preg\u0103te\u0219te s\u0103 trimit\u0103 prima tran\u0219\u0103 de ajutor la grani\u021ba ucrainean\u0103 \u00een aceast\u0103 vineri.\u2026","rel":"","context":"\u00cen \u201eNavigarea \u00een Danemarca\u201d","block_context":{"text":"Navigarea \u00een Danemarca","link":"https:\/\/lwid.dk\/ro\/category\/navigarea-in-danemarca\/"},"img":{"alt_text":"","src":"https:\/\/i0.wp.com\/lwid.dk\/wp-content\/uploads\/2023\/11\/7.-GABRIEL.png?resize=350%2C200&ssl=1","width":350,"height":200,"srcset":"https:\/\/i0.wp.com\/lwid.dk\/wp-content\/uploads\/2023\/11\/7.-GABRIEL.png?resize=350%2C200&ssl=1 1x, https:\/\/i0.wp.com\/lwid.dk\/wp-content\/uploads\/2023\/11\/7.-GABRIEL.png?resize=525%2C300&ssl=1 1.5x, https:\/\/i0.wp.com\/lwid.dk\/wp-content\/uploads\/2023\/11\/7.-GABRIEL.png?resize=700%2C400&ssl=1 2x"},"classes":[]},{"id":4158,"url":"https:\/\/lwid.dk\/ro\/editor-sef-fara-straini-agricultura-daneza-s-ar-prabusi-peste-noapte\/","url_meta":{"origin":14107,"position":2},"title":"Editor-\u0219ef: F\u0103r\u0103 str\u0103ini, agricultura danez\u0103 s-ar pr\u0103bu\u0219i peste noapte","author":"Sorina Floroiu","date":"25 iulie 2021","format":false,"excerpt":"Articol publicat in LandbrugsAvisen.dk Christian Friis Hansen, la data de 25 iulie 2021 Rezumat Agricultura danez\u0103 depinde \u00een mare m\u0103sur\u0103 de for\u021ba de munc\u0103 str\u0103in\u0103, iar recrutarea din \u021b\u0103ri precum Ucraina \u0219i Rom\u00e2nia devine din ce \u00een ce mai dificil\u0103 din cauza cre\u0219terii nivelului de trai \u00een aceste \u021b\u0103ri. Cu\u2026","rel":"","context":"\u00cen \u201eNavigarea \u00een Danemarca\u201d","block_context":{"text":"Navigarea \u00een Danemarca","link":"https:\/\/lwid.dk\/ro\/category\/navigarea-in-danemarca\/"},"img":{"alt_text":"","src":"https:\/\/i0.wp.com\/lwid.dk\/wp-content\/uploads\/2023\/10\/22.png?resize=350%2C200&ssl=1","width":350,"height":200,"srcset":"https:\/\/i0.wp.com\/lwid.dk\/wp-content\/uploads\/2023\/10\/22.png?resize=350%2C200&ssl=1 1x, https:\/\/i0.wp.com\/lwid.dk\/wp-content\/uploads\/2023\/10\/22.png?resize=525%2C300&ssl=1 1.5x, https:\/\/i0.wp.com\/lwid.dk\/wp-content\/uploads\/2023\/10\/22.png?resize=700%2C400&ssl=1 2x"},"classes":[]},{"id":21903,"url":"https:\/\/lwid.dk\/ro\/fotbal-solidaritate-si-speranta-evenimentul-impreuna-putem-reusi\/","url_meta":{"origin":14107,"position":3},"title":"Fotbal, solidaritate \u0219i speran\u021b\u0103 &#8211; Evenimentul \u201e\u00cempreun\u0103 putem reu\u0219i\u201d","author":"Sebastian Florian","date":"16 august 2025","format":false,"excerpt":"S\u00e2mb\u0103t\u0103, 23 august, pe terenul de fotbal din Tvingstrup, Horsens, comunitatea rom\u00e2neasc\u0103 din Danemarca se adun\u0103 pentru o zi de fotbal, voie bun\u0103 \u0219i solidaritate, \u00een sprijinul unei cauze nobile: str\u00e2ngerea de fonduri pentru opera\u021bia lui \u0218tefan, un b\u0103ie\u021bel de doar 4 ani \u0219i 8 luni care sufer\u0103 de epilepsie\u2026","rel":"","context":"\u00cen \u201eNavigarea \u00een Danemarca\u201d","block_context":{"text":"Navigarea \u00een Danemarca","link":"https:\/\/lwid.dk\/ro\/category\/navigarea-in-danemarca\/"},"img":{"alt_text":"","src":"https:\/\/i0.wp.com\/lwid.dk\/wp-content\/uploads\/2025\/08\/unnamed-12.png?resize=350%2C200&ssl=1","width":350,"height":200},"classes":[]},{"id":3208,"url":"https:\/\/lwid.dk\/ro\/byggefirmaer-misbrugte-david-firmele-de-constructii-au-profitat-de-david\/","url_meta":{"origin":14107,"position":4},"title":"Byggefirmaer misbrugte David \/ Firmele de construc\u021bii au profitat de David","author":"Sorina Floroiu","date":"16 octombrie 2020","format":false,"excerpt":"Articol publicat \u00een Piopio.dk la data de 16 octombrie 2020 Subiectul articolului: Un t\u00e2n\u0103r de 29 de ani din Rom\u00e2nia, victim\u0103 a traficului de persoane, a fost expus la amenin\u021b\u0103ri, condi\u021bii de munc\u0103 proaste \u0219i lips\u0103 de plat\u0103. Articol tradus: Un t\u00e2n\u0103r de 29 de ani, victim\u0103 a traficului de\u2026","rel":"","context":"\u00cen \u201eNavigarea \u00een Danemarca\u201d","block_context":{"text":"Navigarea \u00een Danemarca","link":"https:\/\/lwid.dk\/ro\/category\/navigarea-in-danemarca\/"},"img":{"alt_text":"","src":"https:\/\/i0.wp.com\/lwid.dk\/wp-content\/uploads\/2023\/10\/28.-byggefirma-misbrugte-David.png?resize=350%2C200&ssl=1","width":350,"height":200,"srcset":"https:\/\/i0.wp.com\/lwid.dk\/wp-content\/uploads\/2023\/10\/28.-byggefirma-misbrugte-David.png?resize=350%2C200&ssl=1 1x, https:\/\/i0.wp.com\/lwid.dk\/wp-content\/uploads\/2023\/10\/28.-byggefirma-misbrugte-David.png?resize=525%2C300&ssl=1 1.5x, https:\/\/i0.wp.com\/lwid.dk\/wp-content\/uploads\/2023\/10\/28.-byggefirma-misbrugte-David.png?resize=700%2C400&ssl=1 2x"},"classes":[]},{"id":4130,"url":"https:\/\/lwid.dk\/ro\/asa-a-pus-mana-danemarca-de-117-milioane-de-vaccinuri-din-romania-a-fost-prima-tara-care-a-cerut\/","url_meta":{"origin":14107,"position":5},"title":"A\u0219a a pus m\u00e2na Danemarca pe 1,17 milioane de vaccinuri din Rom\u00e2nia: \u201eA fost prima \u021bar\u0103 care a cerut\u201d","author":"Sorina Floroiu","date":"30 iunie 2021","format":false,"excerpt":"Articol publicat \u00een DR.dk Jakob Busk Olsen Cecilie Kallestrup, la data de 30 iunie 2021 Rezumat\u00a0 Danemarca a ob\u021binut cu succes un acord pentru achizi\u021bionarea a 1,17 milioane de doze de vaccin Pfizer\/BioNTech din Rom\u00e2nia. \u00cenceputul negocierilor a avut loc \u00een iunie, c\u00e2nd ministrul S\u0103n\u0103t\u0103\u021bii din Rom\u00e2nia, Ioana Mih\u0103il\u0103, a\u2026","rel":"","context":"\u00cen \u201eNavigarea \u00een Danemarca\u201d","block_context":{"text":"Navigarea \u00een Danemarca","link":"https:\/\/lwid.dk\/ro\/category\/navigarea-in-danemarca\/"},"img":{"alt_text":"","src":"https:\/\/i0.wp.com\/lwid.dk\/wp-content\/uploads\/2023\/10\/18.-Ro-saelger-vacciner-til-DK.png?resize=350%2C200&ssl=1","width":350,"height":200,"srcset":"https:\/\/i0.wp.com\/lwid.dk\/wp-content\/uploads\/2023\/10\/18.-Ro-saelger-vacciner-til-DK.png?resize=350%2C200&ssl=1 1x, https:\/\/i0.wp.com\/lwid.dk\/wp-content\/uploads\/2023\/10\/18.-Ro-saelger-vacciner-til-DK.png?resize=525%2C300&ssl=1 1.5x, https:\/\/i0.wp.com\/lwid.dk\/wp-content\/uploads\/2023\/10\/18.-Ro-saelger-vacciner-til-DK.png?resize=700%2C400&ssl=1 2x"},"classes":[]}],"jetpack_featured_media_url":"https:\/\/lwid.dk\/wp-content\/uploads\/2023\/12\/Viata-de-zi-cu-zi-in-Danemarca.jpg","_links":{"self":[{"href":"https:\/\/lwid.dk\/ro\/wp-json\/wp\/v2\/posts\/14107","targetHints":{"allow":["GET"]}}],"collection":[{"href":"https:\/\/lwid.dk\/ro\/wp-json\/wp\/v2\/posts"}],"about":[{"href":"https:\/\/lwid.dk\/ro\/wp-json\/wp\/v2\/types\/post"}],"author":[{"embeddable":true,"href":"https:\/\/lwid.dk\/ro\/wp-json\/wp\/v2\/users\/9"}],"replies":[{"embeddable":true,"href":"https:\/\/lwid.dk\/ro\/wp-json\/wp\/v2\/comments?post=14107"}],"version-history":[{"count":2,"href":"https:\/\/lwid.dk\/ro\/wp-json\/wp\/v2\/posts\/14107\/revisions"}],"predecessor-version":[{"id":28670,"href":"https:\/\/lwid.dk\/ro\/wp-json\/wp\/v2\/posts\/14107\/revisions\/28670"}],"wp:featuredmedia":[{"embeddable":true,"href":"https:\/\/lwid.dk\/ro\/wp-json\/wp\/v2\/media\/6462"}],"wp:attachment":[{"href":"https:\/\/lwid.dk\/ro\/wp-json\/wp\/v2\/media?parent=14107"}],"wp:term":[{"taxonomy":"category","embeddable":true,"href":"https:\/\/lwid.dk\/ro\/wp-json\/wp\/v2\/categories?post=14107"},{"taxonomy":"post_tag","embeddable":true,"href":"https:\/\/lwid.dk\/ro\/wp-json\/wp\/v2\/tags?post=14107"}],"curies":[{"name":"wp","href":"https:\/\/api.w.org\/{rel}","templated":true}]}}