{"id":14251,"date":"2024-03-10T20:02:56","date_gmt":"2024-03-10T19:02:56","guid":{"rendered":"https:\/\/lwid.dk\/?p=14251"},"modified":"2026-09-01T17:40:24","modified_gmt":"2026-09-01T16:40:24","slug":"perspective-asupra-stilului-de-viata-danez-saptamana-10","status":"publish","type":"post","link":"https:\/\/lwid.dk\/ro\/perspective-asupra-stilului-de-viata-danez-saptamana-10\/","title":{"rendered":"Perspective asupra stilului de via\u021b\u0103 danez &#8211; S\u0103pt\u0103m\u00e2na 10"},"content":{"rendered":"\r\n<p class=\"wp-block-paragraph\">Miercuri, 13 martie, va fi prima zi a CPH:DOX, festivalul anual de filme documentare din Copenhaga. Cu 12 zile de proiec\u021bii \u0219i activit\u0103\u021bi, evenimentul aduce oameni \u00eempreun\u0103 pentru una dintre categoriile culturale favorite din Danemarca: filmul. C\u00e2t de multe \u0219tii despre asta?<\/p>\r\n\r\n\r\n\r\n<p class=\"wp-block-paragraph\">\u00cen iunie 1896, \u00een R\u00e5dhuspladsen din Copenhaga a fost proiectat primul film danez, la doar jum\u0103tate de an dup\u0103 ce fra\u021bii Lumi\u00e8re au proiectat prima lor produc\u021bie. C\u00e2\u021biva ani mai t\u00e2rziu, Ole Olsen a fost creierul din spatele Nordisk Film, care ast\u0103zi este cel mai vechi studio de produc\u021bie din lume care \u00eenc\u0103 func\u021bioneaz\u0103.<\/p>\r\n\r\n\r\n\r\n<p class=\"wp-block-paragraph\">\u00cen anii \u201960, Danemarca a ocupat prima pagin\u0103 a ziarelor prin legalizarea pornografiei \u0219i desfiin\u021barea cenzurii con\u021binutului pentru adul\u021bi. De\u0219i pe l\u00e2ng\u0103 fani a avut \u0219i contestatari, aceast\u0103 m\u0103sur\u0103 a fost \u00een general considerat\u0103 un simbol al atitudinii daneze \u00een privin\u021ba libert\u0103\u021bii, \u00eencuraj\u00e2nd forme mai brute \u0219i mai riscante de film. Trei decenii mai t\u00e2rziu, patru regizori danezi au creat \u201eManifestul Dogma 95\u201d (1995), un set de reguli de produc\u021bie care aveau ca scop revenirea la valorile tradi\u021bionale ale filmului, valori pe care le considerau estompate de tehnologie. Mi\u0219carea a rezonat cu un num\u0103r mare de oameni \u0219i a devenit popular\u0103 \u00een \u00eentreaga lume.<\/p>\r\n\r\n\r\n\r\n<p class=\"wp-block-paragraph\">De\u0219i acum alte \u021b\u0103ri sunt \u00een topuri, onestitatea \u0219i sinceritatea au f\u0103cut filmele daneze unice \u00eentr-un fel aparte. Interac\u021biunile directe \u0219i la obiect, valori \u00een societatea danez\u0103, se observ\u0103 \u0219i \u00een produc\u021bia de film, unde regizorii deseori acord\u0103 prioritate construirii personajelor \u0219i abordeaz\u0103 subiecte \u201edificile\u201d, mai degrab\u0103 dec\u00e2t s\u0103 se concentreze pe intrigi majore. Cu patru premii ale Academiei pentru cel mai bun film interna\u021bional \u0219i un foarte cunoscut Mads Mikkelsen, Danemarca r\u0103m\u00e2ne relevant\u0103 pe ecranele din \u00eentreaga lume. 3,1% din PIB-ul \u021b\u0103rii este cheltuit pentru \u201eagrement, cultur\u0103 \u0219i religie\u201d, a\u0219a c\u0103 un procent semnificativ din cheltuielile publice are ca scop s\u0103 fac\u0103 arta accesibil\u0103 tuturor. Pentru a d\u0103r\u00e2ma bariera lingvistic\u0103, multe cinematografe au \u00eenceput s\u0103 ofere subtitrare \u00een limba englez\u0103. De asemenea, exist\u0103 mult con\u021binut danez gratuit pe<a href=\"https:\/\/www.dr.dk\/drtv\/\"> site-ul DRTV<\/a>.<\/p>\r\n","protected":false},"excerpt":{"rendered":"<p>Miercuri, 13 martie, va fi prima zi a CPH:DOX, festivalul anual de filme documentare din Copenhaga. Cu 12 zile de proiec\u021bii \u0219i activit\u0103\u021bi, evenimentul aduce oameni \u00eempreun\u0103 pentru una dintre categoriile culturale favorite din Danemarca: filmul. C\u00e2t de multe \u0219tii despre asta? \u00cen iunie 1896, \u00een R\u00e5dhuspladsen din Copenhaga a fost proiectat primul film danez, [&hellip;]<\/p>\n","protected":false},"author":27,"featured_media":6462,"comment_status":"open","ping_status":"closed","sticky":false,"template":"","format":"standard","meta":{"_acf_changed":false,"_themeisle_gutenberg_block_has_review":false,"_jetpack_newsletter_access":"","_jetpack_dont_email_post_to_subs":false,"_jetpack_newsletter_tier_id":0,"_jetpack_memberships_contains_paywalled_content":false,"_jetpack_feature_clip_id":0,"_jetpack_memberships_contains_paid_content":false,"footnotes":"","jetpack_post_was_ever_published":false,"_members_access_role":[],"_members_access_error":""},"categories":[878,992],"tags":[998,476],"class_list":["post-14251","post","type-post","status-publish","format-standard","has-post-thumbnail","category-navigarea-in-danemarca","category-societate","tag-arta-si-teatru","tag-stil-de-viata"],"acf":[],"jetpack_sharing_enabled":true,"jetpack-related-posts":[{"id":15329,"url":"https:\/\/lwid.dk\/ro\/perspective-asupra-stilului-de-viata-danez-saptamana-14\/","url_meta":{"origin":14251,"position":0},"title":"Perspective asupra stilului de via\u021b\u0103 danez &#8211; S\u0103pt\u0103m\u00e2na 14","author":"Catalina Anapios","date":"7 aprilie 2024","format":false,"excerpt":"S\u0103pt\u0103m\u00e2na trecut\u0103, Danemarca s-a bucurat de o vacan\u021b\u0103 prelungit\u0103 de cinci zile, P\u00e5skefrokost (pr\u00e2nzul de Pa\u0219te) \u0219i o cantitate decent\u0103 de soare - cel pu\u021bin \u00een unele p\u0103r\u021bi ale \u021b\u0103rii. Pentru a \u00eencununa sf\u00e2r\u0219itul vacan\u021bei de Pa\u0219te, mar\u021bi, 2 aprilie, a fost aniversarea na\u0219terii unuia dintre cei mai faimo\u0219i danezi,\u2026","rel":"","context":"\u00cen \u201eNavigarea \u00een Danemarca\u201d","block_context":{"text":"Navigarea \u00een Danemarca","link":"https:\/\/lwid.dk\/ro\/category\/navigarea-in-danemarca\/"},"img":{"alt_text":"Viata de zi cu zi in Danemarca Last Week in Denmark","src":"https:\/\/i0.wp.com\/lwid.dk\/wp-content\/uploads\/2023\/12\/Viata-de-zi-cu-zi-in-Danemarca.jpg?resize=350%2C200&ssl=1","width":350,"height":200,"srcset":"https:\/\/i0.wp.com\/lwid.dk\/wp-content\/uploads\/2023\/12\/Viata-de-zi-cu-zi-in-Danemarca.jpg?resize=350%2C200&ssl=1 1x, https:\/\/i0.wp.com\/lwid.dk\/wp-content\/uploads\/2023\/12\/Viata-de-zi-cu-zi-in-Danemarca.jpg?resize=525%2C300&ssl=1 1.5x"},"classes":[]},{"id":16059,"url":"https:\/\/lwid.dk\/ro\/perspective-asupra-stilului-de-viata-danez-saptamana-19\/","url_meta":{"origin":14251,"position":1},"title":"Perspective asupra stilului de via\u021b\u0103 danez &#8211; S\u0103pt\u0103m\u00e2na 19","author":"Catalina Anapios","date":"12 mai 2024","format":false,"excerpt":"Gl\u00e6delig mors dag! Pentru Danemarca, Ziua Mamei este s\u0103rb\u0103torit\u0103 \u00eentotdeauna \u00een a 2-a duminic\u0103 a lunii mai, care anul acesta cade pe 12 mai. Aceast\u0103 dat\u0103 coincide cu prima Zi a Mamei din 1929, c\u00e2nd ofi\u021berul Christian Svenningsen a importat s\u0103rb\u0103toarea din Statele Unite. Ini\u021bial, inten\u021bia a fost de a\u2026","rel":"","context":"\u00cen \u201eNavigarea \u00een Danemarca\u201d","block_context":{"text":"Navigarea \u00een Danemarca","link":"https:\/\/lwid.dk\/ro\/category\/navigarea-in-danemarca\/"},"img":{"alt_text":"Viata de zi cu zi in Danemarca Last Week in Denmark","src":"https:\/\/i0.wp.com\/lwid.dk\/wp-content\/uploads\/2023\/12\/Viata-de-zi-cu-zi-in-Danemarca.jpg?resize=350%2C200&ssl=1","width":350,"height":200,"srcset":"https:\/\/i0.wp.com\/lwid.dk\/wp-content\/uploads\/2023\/12\/Viata-de-zi-cu-zi-in-Danemarca.jpg?resize=350%2C200&ssl=1 1x, https:\/\/i0.wp.com\/lwid.dk\/wp-content\/uploads\/2023\/12\/Viata-de-zi-cu-zi-in-Danemarca.jpg?resize=525%2C300&ssl=1 1.5x"},"classes":[]},{"id":16022,"url":"https:\/\/lwid.dk\/ro\/perspective-asupra-stilului-de-viata-danez-saptamana-18\/","url_meta":{"origin":14251,"position":2},"title":"Perspective asupra stilului de via\u021b\u0103 danez &#8211; S\u0103pt\u0103m\u00e2na 18","author":"Catalina Anapios","date":"5 mai 2024","format":false,"excerpt":"Ridica\u021bi-v\u0103 steagurile: ast\u0103zi s\u0103rb\u0103torim Danmarks Befrielse (Ziua Eliber\u0103rii Danemarcei), dup\u0103 ce \u021bara \u0219i-a rec\u00e2\u0219tigat libertatea \u00een fa\u021ba Germaniei \u00een 1945. Av\u00e2nd \u00een vedere Ziua Mondial\u0103 a Libert\u0103\u021bii Presei de s\u0103pt\u0103m\u00e2na trecut\u0103, s\u0103 arunc\u0103m o privire asupra jurnalismului danez din timpul ocupa\u021biei. De\u0219i mass-media a fost foarte cenzurat\u0103, ziarele necenzurate \u0219i-au\u2026","rel":"","context":"\u00cen \u201eNavigarea \u00een Danemarca\u201d","block_context":{"text":"Navigarea \u00een Danemarca","link":"https:\/\/lwid.dk\/ro\/category\/navigarea-in-danemarca\/"},"img":{"alt_text":"Viata de zi cu zi in Danemarca Last Week in Denmark","src":"https:\/\/i0.wp.com\/lwid.dk\/wp-content\/uploads\/2023\/12\/Viata-de-zi-cu-zi-in-Danemarca.jpg?resize=350%2C200&ssl=1","width":350,"height":200,"srcset":"https:\/\/i0.wp.com\/lwid.dk\/wp-content\/uploads\/2023\/12\/Viata-de-zi-cu-zi-in-Danemarca.jpg?resize=350%2C200&ssl=1 1x, https:\/\/i0.wp.com\/lwid.dk\/wp-content\/uploads\/2023\/12\/Viata-de-zi-cu-zi-in-Danemarca.jpg?resize=525%2C300&ssl=1 1.5x"},"classes":[]},{"id":4130,"url":"https:\/\/lwid.dk\/ro\/asa-a-pus-mana-danemarca-de-117-milioane-de-vaccinuri-din-romania-a-fost-prima-tara-care-a-cerut\/","url_meta":{"origin":14251,"position":3},"title":"A\u0219a a pus m\u00e2na Danemarca pe 1,17 milioane de vaccinuri din Rom\u00e2nia: \u201eA fost prima \u021bar\u0103 care a cerut\u201d","author":"Sorina Floroiu","date":"30 iunie 2021","format":false,"excerpt":"Articol publicat \u00een DR.dk Jakob Busk Olsen Cecilie Kallestrup, la data de 30 iunie 2021 Rezumat\u00a0 Danemarca a ob\u021binut cu succes un acord pentru achizi\u021bionarea a 1,17 milioane de doze de vaccin Pfizer\/BioNTech din Rom\u00e2nia. \u00cenceputul negocierilor a avut loc \u00een iunie, c\u00e2nd ministrul S\u0103n\u0103t\u0103\u021bii din Rom\u00e2nia, Ioana Mih\u0103il\u0103, a\u2026","rel":"","context":"\u00cen \u201eNavigarea \u00een Danemarca\u201d","block_context":{"text":"Navigarea \u00een Danemarca","link":"https:\/\/lwid.dk\/ro\/category\/navigarea-in-danemarca\/"},"img":{"alt_text":"","src":"https:\/\/i0.wp.com\/lwid.dk\/wp-content\/uploads\/2023\/10\/18.-Ro-saelger-vacciner-til-DK.png?resize=350%2C200&ssl=1","width":350,"height":200,"srcset":"https:\/\/i0.wp.com\/lwid.dk\/wp-content\/uploads\/2023\/10\/18.-Ro-saelger-vacciner-til-DK.png?resize=350%2C200&ssl=1 1x, https:\/\/i0.wp.com\/lwid.dk\/wp-content\/uploads\/2023\/10\/18.-Ro-saelger-vacciner-til-DK.png?resize=525%2C300&ssl=1 1.5x, https:\/\/i0.wp.com\/lwid.dk\/wp-content\/uploads\/2023\/10\/18.-Ro-saelger-vacciner-til-DK.png?resize=700%2C400&ssl=1 2x"},"classes":[]},{"id":15894,"url":"https:\/\/lwid.dk\/ro\/perspective-asupra-stilului-de-viata-danez-saptamana-16\/","url_meta":{"origin":14251,"position":4},"title":"Perspective asupra stilului de via\u021b\u0103 danez &#8211; S\u0103pt\u0103m\u00e2na 16","author":"Catalina Anapios","date":"21 aprilie 2024","format":false,"excerpt":"\u00cen 2024 se marcheaz\u0103 primul an din 1686 \u00een care Ziua Marii Rug\u0103ciuni (Store bededag) nu va fi s\u0103rb\u0103torit\u0103 ca s\u0103rb\u0103toare public\u0103 \u00een Danemarca. Data cade de obicei \u00een a patra vineri dup\u0103 Duminica Pa\u0219telui \u0219i este destinat\u0103 ca o zi pentru poc\u0103in\u021b\u0103, rug\u0103ciune \u0219i post. Anul trecut, guvernul condus\u2026","rel":"","context":"\u00cen \u201eNavigarea \u00een Danemarca\u201d","block_context":{"text":"Navigarea \u00een Danemarca","link":"https:\/\/lwid.dk\/ro\/category\/navigarea-in-danemarca\/"},"img":{"alt_text":"Viata de zi cu zi in Danemarca Last Week in Denmark","src":"https:\/\/i0.wp.com\/lwid.dk\/wp-content\/uploads\/2023\/12\/Viata-de-zi-cu-zi-in-Danemarca.jpg?resize=350%2C200&ssl=1","width":350,"height":200,"srcset":"https:\/\/i0.wp.com\/lwid.dk\/wp-content\/uploads\/2023\/12\/Viata-de-zi-cu-zi-in-Danemarca.jpg?resize=350%2C200&ssl=1 1x, https:\/\/i0.wp.com\/lwid.dk\/wp-content\/uploads\/2023\/12\/Viata-de-zi-cu-zi-in-Danemarca.jpg?resize=525%2C300&ssl=1 1.5x"},"classes":[]},{"id":15938,"url":"https:\/\/lwid.dk\/ro\/perspective-asupra-stilului-de-viata-danez-saptamana-15\/","url_meta":{"origin":14251,"position":5},"title":"Perspective asupra stilului de via\u021b\u0103 danez &#8211; S\u0103pt\u0103m\u00e2na 15","author":"Catalina Anapios","date":"14 aprilie 2024","format":false,"excerpt":"Scutura\u021bi-v\u0103 p\u0103turile de picnic - soarele str\u0103luce\u0219te \u0219i este timpul de ie\u0219it la iarb\u0103 verde! \u0218tiai c\u0103 picnicurile sunt at\u00e2t de daneze \u00eenc\u00e2t au jucat \u0219i un rol \u00een originea sm\u00f8rrebr\u00f8d-ului, cel mai faimos fel de m\u00e2ncare din \u021bar\u0103? Aceasta const\u0103 \u00een p\u00e2ine neagr\u0103 cu toppinguri precum ou, cartofi, somon\u2026","rel":"","context":"\u00cen \u201eNavigarea \u00een Danemarca\u201d","block_context":{"text":"Navigarea \u00een Danemarca","link":"https:\/\/lwid.dk\/ro\/category\/navigarea-in-danemarca\/"},"img":{"alt_text":"Viata de zi cu zi in Danemarca Last Week in Denmark","src":"https:\/\/i0.wp.com\/lwid.dk\/wp-content\/uploads\/2023\/12\/Viata-de-zi-cu-zi-in-Danemarca.jpg?resize=350%2C200&ssl=1","width":350,"height":200,"srcset":"https:\/\/i0.wp.com\/lwid.dk\/wp-content\/uploads\/2023\/12\/Viata-de-zi-cu-zi-in-Danemarca.jpg?resize=350%2C200&ssl=1 1x, https:\/\/i0.wp.com\/lwid.dk\/wp-content\/uploads\/2023\/12\/Viata-de-zi-cu-zi-in-Danemarca.jpg?resize=525%2C300&ssl=1 1.5x"},"classes":[]}],"jetpack_featured_media_url":"https:\/\/lwid.dk\/wp-content\/uploads\/2023\/12\/Viata-de-zi-cu-zi-in-Danemarca.jpg","_links":{"self":[{"href":"https:\/\/lwid.dk\/ro\/wp-json\/wp\/v2\/posts\/14251","targetHints":{"allow":["GET"]}}],"collection":[{"href":"https:\/\/lwid.dk\/ro\/wp-json\/wp\/v2\/posts"}],"about":[{"href":"https:\/\/lwid.dk\/ro\/wp-json\/wp\/v2\/types\/post"}],"author":[{"embeddable":true,"href":"https:\/\/lwid.dk\/ro\/wp-json\/wp\/v2\/users\/27"}],"replies":[{"embeddable":true,"href":"https:\/\/lwid.dk\/ro\/wp-json\/wp\/v2\/comments?post=14251"}],"version-history":[{"count":1,"href":"https:\/\/lwid.dk\/ro\/wp-json\/wp\/v2\/posts\/14251\/revisions"}],"predecessor-version":[{"id":14252,"href":"https:\/\/lwid.dk\/ro\/wp-json\/wp\/v2\/posts\/14251\/revisions\/14252"}],"wp:featuredmedia":[{"embeddable":true,"href":"https:\/\/lwid.dk\/ro\/wp-json\/wp\/v2\/media\/6462"}],"wp:attachment":[{"href":"https:\/\/lwid.dk\/ro\/wp-json\/wp\/v2\/media?parent=14251"}],"wp:term":[{"taxonomy":"category","embeddable":true,"href":"https:\/\/lwid.dk\/ro\/wp-json\/wp\/v2\/categories?post=14251"},{"taxonomy":"post_tag","embeddable":true,"href":"https:\/\/lwid.dk\/ro\/wp-json\/wp\/v2\/tags?post=14251"}],"curies":[{"name":"wp","href":"https:\/\/api.w.org\/{rel}","templated":true}]}}