{"id":14592,"date":"2024-03-24T14:40:02","date_gmt":"2024-03-24T13:40:02","guid":{"rendered":"https:\/\/lwid.dk\/?p=14592"},"modified":"2026-09-01T17:37:15","modified_gmt":"2026-09-01T16:37:15","slug":"perspective-asupra-stilului-de-viata-danez-saptamana-12","status":"publish","type":"post","link":"https:\/\/lwid.dk\/ro\/perspective-asupra-stilului-de-viata-danez-saptamana-12\/","title":{"rendered":"Perspective asupra stilului de via\u021b\u0103 danez &#8211; S\u0103pt\u0103m\u00e2na 12"},"content":{"rendered":"\r\n<p class=\"wp-block-paragraph\">Pa\u0219tele se apropie! Cu toate c\u0103 s\u0103rb\u0103toarea va avea loc duminic\u0103, 31 martie, Danemarca se va bucura de un weekend prelungit de joi p\u00e2n\u0103 luni.<\/p>\r\n\r\n\r\n\r\n<p class=\"wp-block-paragraph\">Dac\u0103 e\u0219ti pasionat de arte \u0219i me\u0219te\u0219uguri, este momentul potrivit s\u0103 sco\u021bi foarfecele \u0219i s\u0103 \u00eencerci tradi\u021biile daneze. Po\u021bi s\u0103 realizezi g\u00e6kkebrev &#8211; sau \u201escrisoare cu ghiocei\u201d. \u00cencepi prin a \u00eemp\u0103turi o foaie de h\u00e2rtie \u0219i a t\u0103ia forme elaborate din ea. Apoi, scrie o scurt\u0103 poezie \u00een centru \u0219i semneaz\u0103 anonim cu num\u0103rul de puncte care corespund num\u0103rului de litere din numele t\u0103u. Prietenii \u0219i familia vor trebui s\u0103 ghiceasc\u0103 de la cine este, iar dac\u0103 reu\u0219esc, le datorezi un ou.<\/p>\r\n\r\n\r\n\r\n<p class=\"wp-block-paragraph\">Danezii sunt mari fani ai meselor lungi de s\u0103rb\u0103tori, iar aceasta nu face excep\u021bie. \u00cen duminica Pa\u0219telui, familiile \u0219i prietenii se adun\u0103 \u00een jurul mesei pentru o dup\u0103-amiaz\u0103 de P\u00e5skefrokost &#8211; sau\u00a0 \u201epr\u00e2nz de Pa\u0219te\u201d &#8211; caracterizat de nelipsita p\u00e2ine de secar\u0103 \u0219i topping-urile tipice. Printre favorite se num\u0103r\u0103 ou\u0103le fierte, pe\u0219tele pr\u0103jit, heringul, pateul de ficat, mielul \u0219i o multitudine de tipuri de br\u00e2nz\u0103. Bine\u00een\u021beles, \u0219i P\u00e5skebryg, berea de Pa\u0219te. Vei recunoa\u0219te sticlele la supermarket dup\u0103 decora\u021biunile cu pui de g\u0103in\u0103 \u0219i alte ilustra\u021bii festive.<\/p>\r\n\r\n\r\n\r\n<p class=\"wp-block-paragraph\">S\u0103pt\u0103m\u00e2na trecut\u0103 am men\u021bionat c\u0103 aconitele de prim\u0103var\u0103 au \u00eenflorit. O alt\u0103 floare des \u00eent\u00e2lnit\u0103 luna aceasta este narcisa sau p\u00e5skelilje, a c\u0103rei nume danez se traduce literal \u201ecrin de Pa\u0219te\u201d. Cu toate c\u0103 \u00een zilele noastre o mare parte a popula\u021biei duce o via\u021b\u0103 secular\u0103, Pa\u0219tele r\u0103m\u00e2ne un eveniment important pentru danezi, indiferent de religia lor. S\u0103rb\u0103toarea func\u021bioneaz\u0103 ca un ritual de trecere: sf\u00e2r\u0219itul iernii \u0219i \u00eenceputul prim\u0103verii. De aceea, majoritatea decorurilor sunt legate de sezon, iar magazinele sunt pline de nuan\u021be de galben, verde ment\u0103 \u0219i roz pastel. \u00ce\u021bi ur\u0103m ca zilele ce urmeaz\u0103 s\u0103 fie pline cu bucurie, odihn\u0103 \u0219i sper\u0103m, mult soare. Sk\u00e5l!<\/p>\r\n","protected":false},"excerpt":{"rendered":"<p>Pa\u0219tele se apropie! Cu toate c\u0103 s\u0103rb\u0103toarea va avea loc duminic\u0103, 31 martie, Danemarca se va bucura de un weekend prelungit de joi p\u00e2n\u0103 luni. Dac\u0103 e\u0219ti pasionat de arte \u0219i me\u0219te\u0219uguri, este momentul potrivit s\u0103 sco\u021bi foarfecele \u0219i s\u0103 \u00eencerci tradi\u021biile daneze. Po\u021bi s\u0103 realizezi g\u00e6kkebrev &#8211; sau \u201escrisoare cu ghiocei\u201d. \u00cencepi prin a [&hellip;]<\/p>\n","protected":false},"author":27,"featured_media":6803,"comment_status":"open","ping_status":"closed","sticky":false,"template":"","format":"standard","meta":{"_acf_changed":false,"_themeisle_gutenberg_block_has_review":false,"_jetpack_newsletter_access":"","_jetpack_dont_email_post_to_subs":false,"_jetpack_newsletter_tier_id":0,"_jetpack_memberships_contains_paywalled_content":false,"_jetpack_feature_clip_id":0,"_jetpack_memberships_contains_paid_content":false,"footnotes":"","jetpack_post_was_ever_published":false,"_members_access_role":[],"_members_access_error":""},"categories":[878,992],"tags":[1011,476],"class_list":["post-14592","post","type-post","status-publish","format-standard","has-post-thumbnail","category-navigarea-in-danemarca","category-societate","tag-obiceiuri-si-traditii","tag-stil-de-viata"],"acf":[],"jetpack_sharing_enabled":true,"jetpack-related-posts":[{"id":15938,"url":"https:\/\/lwid.dk\/ro\/perspective-asupra-stilului-de-viata-danez-saptamana-15\/","url_meta":{"origin":14592,"position":0},"title":"Perspective asupra stilului de via\u021b\u0103 danez &#8211; S\u0103pt\u0103m\u00e2na 15","author":"Catalina Anapios","date":"14 aprilie 2024","format":false,"excerpt":"Scutura\u021bi-v\u0103 p\u0103turile de picnic - soarele str\u0103luce\u0219te \u0219i este timpul de ie\u0219it la iarb\u0103 verde! \u0218tiai c\u0103 picnicurile sunt at\u00e2t de daneze \u00eenc\u00e2t au jucat \u0219i un rol \u00een originea sm\u00f8rrebr\u00f8d-ului, cel mai faimos fel de m\u00e2ncare din \u021bar\u0103? Aceasta const\u0103 \u00een p\u00e2ine neagr\u0103 cu toppinguri precum ou, cartofi, somon\u2026","rel":"","context":"\u00cen \u201eNavigarea \u00een Danemarca\u201d","block_context":{"text":"Navigarea \u00een Danemarca","link":"https:\/\/lwid.dk\/ro\/category\/navigarea-in-danemarca\/"},"img":{"alt_text":"Viata de zi cu zi in Danemarca Last Week in Denmark","src":"https:\/\/i0.wp.com\/lwid.dk\/wp-content\/uploads\/2023\/12\/Viata-de-zi-cu-zi-in-Danemarca.jpg?resize=350%2C200&ssl=1","width":350,"height":200,"srcset":"https:\/\/i0.wp.com\/lwid.dk\/wp-content\/uploads\/2023\/12\/Viata-de-zi-cu-zi-in-Danemarca.jpg?resize=350%2C200&ssl=1 1x, https:\/\/i0.wp.com\/lwid.dk\/wp-content\/uploads\/2023\/12\/Viata-de-zi-cu-zi-in-Danemarca.jpg?resize=525%2C300&ssl=1 1.5x"},"classes":[]},{"id":15894,"url":"https:\/\/lwid.dk\/ro\/perspective-asupra-stilului-de-viata-danez-saptamana-16\/","url_meta":{"origin":14592,"position":1},"title":"Perspective asupra stilului de via\u021b\u0103 danez &#8211; S\u0103pt\u0103m\u00e2na 16","author":"Catalina Anapios","date":"21 aprilie 2024","format":false,"excerpt":"\u00cen 2024 se marcheaz\u0103 primul an din 1686 \u00een care Ziua Marii Rug\u0103ciuni (Store bededag) nu va fi s\u0103rb\u0103torit\u0103 ca s\u0103rb\u0103toare public\u0103 \u00een Danemarca. Data cade de obicei \u00een a patra vineri dup\u0103 Duminica Pa\u0219telui \u0219i este destinat\u0103 ca o zi pentru poc\u0103in\u021b\u0103, rug\u0103ciune \u0219i post. Anul trecut, guvernul condus\u2026","rel":"","context":"\u00cen \u201eNavigarea \u00een Danemarca\u201d","block_context":{"text":"Navigarea \u00een Danemarca","link":"https:\/\/lwid.dk\/ro\/category\/navigarea-in-danemarca\/"},"img":{"alt_text":"Viata de zi cu zi in Danemarca Last Week in Denmark","src":"https:\/\/i0.wp.com\/lwid.dk\/wp-content\/uploads\/2023\/12\/Viata-de-zi-cu-zi-in-Danemarca.jpg?resize=350%2C200&ssl=1","width":350,"height":200,"srcset":"https:\/\/i0.wp.com\/lwid.dk\/wp-content\/uploads\/2023\/12\/Viata-de-zi-cu-zi-in-Danemarca.jpg?resize=350%2C200&ssl=1 1x, https:\/\/i0.wp.com\/lwid.dk\/wp-content\/uploads\/2023\/12\/Viata-de-zi-cu-zi-in-Danemarca.jpg?resize=525%2C300&ssl=1 1.5x"},"classes":[]},{"id":16022,"url":"https:\/\/lwid.dk\/ro\/perspective-asupra-stilului-de-viata-danez-saptamana-18\/","url_meta":{"origin":14592,"position":2},"title":"Perspective asupra stilului de via\u021b\u0103 danez &#8211; S\u0103pt\u0103m\u00e2na 18","author":"Catalina Anapios","date":"5 mai 2024","format":false,"excerpt":"Ridica\u021bi-v\u0103 steagurile: ast\u0103zi s\u0103rb\u0103torim Danmarks Befrielse (Ziua Eliber\u0103rii Danemarcei), dup\u0103 ce \u021bara \u0219i-a rec\u00e2\u0219tigat libertatea \u00een fa\u021ba Germaniei \u00een 1945. Av\u00e2nd \u00een vedere Ziua Mondial\u0103 a Libert\u0103\u021bii Presei de s\u0103pt\u0103m\u00e2na trecut\u0103, s\u0103 arunc\u0103m o privire asupra jurnalismului danez din timpul ocupa\u021biei. De\u0219i mass-media a fost foarte cenzurat\u0103, ziarele necenzurate \u0219i-au\u2026","rel":"","context":"\u00cen \u201eNavigarea \u00een Danemarca\u201d","block_context":{"text":"Navigarea \u00een Danemarca","link":"https:\/\/lwid.dk\/ro\/category\/navigarea-in-danemarca\/"},"img":{"alt_text":"Viata de zi cu zi in Danemarca Last Week in Denmark","src":"https:\/\/i0.wp.com\/lwid.dk\/wp-content\/uploads\/2023\/12\/Viata-de-zi-cu-zi-in-Danemarca.jpg?resize=350%2C200&ssl=1","width":350,"height":200,"srcset":"https:\/\/i0.wp.com\/lwid.dk\/wp-content\/uploads\/2023\/12\/Viata-de-zi-cu-zi-in-Danemarca.jpg?resize=350%2C200&ssl=1 1x, https:\/\/i0.wp.com\/lwid.dk\/wp-content\/uploads\/2023\/12\/Viata-de-zi-cu-zi-in-Danemarca.jpg?resize=525%2C300&ssl=1 1.5x"},"classes":[]},{"id":10949,"url":"https:\/\/lwid.dk\/ro\/perspective-asupra-stilului-de-viata-danez-2\/","url_meta":{"origin":14592,"position":3},"title":"Perspective asupra stilului de via\u021b\u0103 danez","author":"Catalina Anapios","date":"4 februarie 2024","format":false,"excerpt":"De la \u00eenotul f\u0103r\u0103 costum de baie, la desene animate precum John Dillermand \u0219i ani de educa\u021bie sexual\u0103 prin filme, Danemarca are o lung\u0103 istorie de rela\u021bionare natural\u0103 cu corpul \u0219i sexualitatea. S\u0103pt\u0103m\u00e2na aceasta nu face excep\u021bie. Uge Sex - un termen ales pentru similitudinea cu \u201es\u0103pt\u0103m\u00e2na 6\u201d (uge seks),\u2026","rel":"","context":"\u00cen \u201eNavigarea \u00een Danemarca\u201d","block_context":{"text":"Navigarea \u00een Danemarca","link":"https:\/\/lwid.dk\/ro\/category\/navigarea-in-danemarca\/"},"img":{"alt_text":"Viata de zi cu zi in Danemarca Last Week in Denmark","src":"https:\/\/i0.wp.com\/lwid.dk\/wp-content\/uploads\/2023\/12\/Viata-de-zi-cu-zi-in-Danemarca.jpg?resize=350%2C200&ssl=1","width":350,"height":200,"srcset":"https:\/\/i0.wp.com\/lwid.dk\/wp-content\/uploads\/2023\/12\/Viata-de-zi-cu-zi-in-Danemarca.jpg?resize=350%2C200&ssl=1 1x, https:\/\/i0.wp.com\/lwid.dk\/wp-content\/uploads\/2023\/12\/Viata-de-zi-cu-zi-in-Danemarca.jpg?resize=525%2C300&ssl=1 1.5x"},"classes":[]},{"id":11649,"url":"https:\/\/lwid.dk\/ro\/perspective-asupra-stilului-de-viata-danez-3\/","url_meta":{"origin":14592,"position":4},"title":"Perspective asupra stilului de via\u021b\u0103 danez","author":"Catalina Anapios","date":"11 februarie 2024","format":false,"excerpt":"A sosit vacan\u021ba de iarn\u0103! Dac\u0103 Fastelavn nu este distrac\u021bie destul\u0103 pentru cei mici, c\u00e2teva zile de vacan\u021b\u0103 ar putea fi ce le lipse\u0219te. Majoritatea \u0219colilor vor avea liber aceast\u0103 s\u0103pt\u0103m\u00e2n\u0103, \u00een timp ce c\u00e2teva municipalit\u0103\u021bi se vor bucura de timpul liber \u00een s\u0103pt\u0103m\u00e2na a 8-a.\u00a0\u00a0 Pentru unele familii, cele\u2026","rel":"","context":"\u00cen \u201eNavigarea \u00een Danemarca\u201d","block_context":{"text":"Navigarea \u00een Danemarca","link":"https:\/\/lwid.dk\/ro\/category\/navigarea-in-danemarca\/"},"img":{"alt_text":"Viata de zi cu zi in Danemarca Last Week in Denmark","src":"https:\/\/i0.wp.com\/lwid.dk\/wp-content\/uploads\/2023\/12\/Viata-de-zi-cu-zi-in-Danemarca.jpg?resize=350%2C200&ssl=1","width":350,"height":200,"srcset":"https:\/\/i0.wp.com\/lwid.dk\/wp-content\/uploads\/2023\/12\/Viata-de-zi-cu-zi-in-Danemarca.jpg?resize=350%2C200&ssl=1 1x, https:\/\/i0.wp.com\/lwid.dk\/wp-content\/uploads\/2023\/12\/Viata-de-zi-cu-zi-in-Danemarca.jpg?resize=525%2C300&ssl=1 1.5x"},"classes":[]},{"id":5377,"url":"https:\/\/lwid.dk\/ro\/ionut-si-prietenii-sai-castiga-intre-10-000-si-30-000-adunand-sticle-la-festivalul-roskilde\/","url_meta":{"origin":14592,"position":5},"title":"Ionut \u0219i prietenii s\u0103i c\u00e2\u0219tig\u0103 \u00eentre 10.000 \u0219i 30.000 adun\u00e2nd sticle la Festivalul Roskilde","author":"Sorina Floroiu","date":"29 iunie 2022","format":false,"excerpt":"Articol publicat \u00een BT.dk\u00a0 la data de 29 iunie 2022. Articol integral: Ionut, \u00een v\u00e2rst\u0103 de 24 de ani, din Rom\u00e2nia, este unul dintre numero\u0219ii colectori de sticle care au venit \u00een Danemarca \u00een aceast\u0103 s\u0103pt\u0103m\u00e2n\u0103 cu un singur scop: s\u0103 c\u00e2\u0219tige bani pentru restul verii. Pentru majoritatea participan\u021bilor la\u2026","rel":"","context":"\u00cen \u201eNavigarea \u00een Danemarca\u201d","block_context":{"text":"Navigarea \u00een Danemarca","link":"https:\/\/lwid.dk\/ro\/category\/navigarea-in-danemarca\/"},"img":{"alt_text":"","src":"https:\/\/i0.wp.com\/lwid.dk\/wp-content\/uploads\/2023\/11\/17.-IONUT-OG-HANS-VENNER.png?resize=350%2C200&ssl=1","width":350,"height":200,"srcset":"https:\/\/i0.wp.com\/lwid.dk\/wp-content\/uploads\/2023\/11\/17.-IONUT-OG-HANS-VENNER.png?resize=350%2C200&ssl=1 1x, https:\/\/i0.wp.com\/lwid.dk\/wp-content\/uploads\/2023\/11\/17.-IONUT-OG-HANS-VENNER.png?resize=525%2C300&ssl=1 1.5x, https:\/\/i0.wp.com\/lwid.dk\/wp-content\/uploads\/2023\/11\/17.-IONUT-OG-HANS-VENNER.png?resize=700%2C400&ssl=1 2x"},"classes":[]}],"jetpack_featured_media_url":"https:\/\/lwid.dk\/wp-content\/uploads\/2023\/12\/Viata-de-zi-cu-zi-in-Danemarca.png","_links":{"self":[{"href":"https:\/\/lwid.dk\/ro\/wp-json\/wp\/v2\/posts\/14592","targetHints":{"allow":["GET"]}}],"collection":[{"href":"https:\/\/lwid.dk\/ro\/wp-json\/wp\/v2\/posts"}],"about":[{"href":"https:\/\/lwid.dk\/ro\/wp-json\/wp\/v2\/types\/post"}],"author":[{"embeddable":true,"href":"https:\/\/lwid.dk\/ro\/wp-json\/wp\/v2\/users\/27"}],"replies":[{"embeddable":true,"href":"https:\/\/lwid.dk\/ro\/wp-json\/wp\/v2\/comments?post=14592"}],"version-history":[{"count":2,"href":"https:\/\/lwid.dk\/ro\/wp-json\/wp\/v2\/posts\/14592\/revisions"}],"predecessor-version":[{"id":28699,"href":"https:\/\/lwid.dk\/ro\/wp-json\/wp\/v2\/posts\/14592\/revisions\/28699"}],"wp:featuredmedia":[{"embeddable":true,"href":"https:\/\/lwid.dk\/ro\/wp-json\/wp\/v2\/media\/6803"}],"wp:attachment":[{"href":"https:\/\/lwid.dk\/ro\/wp-json\/wp\/v2\/media?parent=14592"}],"wp:term":[{"taxonomy":"category","embeddable":true,"href":"https:\/\/lwid.dk\/ro\/wp-json\/wp\/v2\/categories?post=14592"},{"taxonomy":"post_tag","embeddable":true,"href":"https:\/\/lwid.dk\/ro\/wp-json\/wp\/v2\/tags?post=14592"}],"curies":[{"name":"wp","href":"https:\/\/api.w.org\/{rel}","templated":true}]}}