{"id":15329,"date":"2024-04-07T18:38:45","date_gmt":"2024-04-07T17:38:45","guid":{"rendered":"https:\/\/lwid.dk\/?p=15329"},"modified":"2026-09-01T17:36:04","modified_gmt":"2026-09-01T16:36:04","slug":"perspective-asupra-stilului-de-viata-danez-saptamana-14","status":"publish","type":"post","link":"https:\/\/lwid.dk\/ro\/perspective-asupra-stilului-de-viata-danez-saptamana-14\/","title":{"rendered":"Perspective asupra stilului de via\u021b\u0103 danez &#8211; S\u0103pt\u0103m\u00e2na 14"},"content":{"rendered":"\r\n<p class=\"wp-block-paragraph\">S\u0103pt\u0103m\u00e2na trecut\u0103, Danemarca s-a bucurat de o vacan\u021b\u0103 prelungit\u0103 de cinci zile, P\u00e5skefrokost (pr\u00e2nzul de Pa\u0219te) \u0219i o cantitate decent\u0103 de soare &#8211; cel pu\u021bin \u00een unele p\u0103r\u021bi ale \u021b\u0103rii. Pentru a \u00eencununa sf\u00e2r\u0219itul vacan\u021bei de Pa\u0219te, mar\u021bi, 2 aprilie, a fost aniversarea na\u0219terii unuia dintre cei mai faimo\u0219i danezi, Hans Christian Andersen, autorul unora dintre cele mai cunoscute pove\u0219ti pentru copii, printre care Prin\u021besa \u0219i bobul de maz\u0103re, R\u0103\u021bu\u0219ca cea ur\u00e2t\u0103 \u0219i Mica siren\u0103. Stilul \u00een care Andersen \u0219i-a scris pove\u0219tile oglinde\u0219te o parte din esen\u021ba vie\u021bii daneze, inclusiv subiecte \u00eentunecate \u0219i sf\u00e2r\u0219ituri tragice. Spre deosebire de adapt\u0103rile lor moderne, pove\u0219tile originale abordeaz\u0103 subiecte dureroase, inspirate de convingerea c\u0103 nu ar trebui s\u0103 protej\u0103m copiii de dificult\u0103\u021bile vie\u021bii, ci s\u0103-i educ\u0103m s\u0103 le \u00eenfrunte cu curaj.<\/p>\r\n\r\n\r\n\r\n<p class=\"wp-block-paragraph\">Tot s\u0103pt\u0103m\u00e2na trecut\u0103 a fost \u0219i aniversarea S-tog. Trenul regional din Copenhaga a intrat \u00een func\u021biune pe 3 aprilie 1934, pe prima cale ferat\u0103 electric\u0103 din \u021bar\u0103, care mergea de la Klampenborg la Hellerup \u0219i de la Vanl\u00f8se la Frederiksberg. Ast\u0103zi, acesta are \u0219apte linii, 86 de sta\u021bii \u0219i un flux de peste 350.000 de pasageri pe zi. Pentru a s\u0103rb\u0103tori cei 90 de ani, toate trenurile au fost gratuite pe 3 aprilie.<\/p>\r\n\r\n\r\n\r\n<p class=\"wp-block-paragraph\">S\u0103pt\u0103m\u00e2na aceasta se \u00eemplinesc 84 de ani de la invazia german\u0103 \u00een Danemarca, din 1940. De\u0219i ocupa\u021bia a reprezentat o \u00eenc\u0103lcare a pactului de neagresiune dintre cele dou\u0103 na\u021biuni, Regele a ales s\u0103 colaboreze, nu s\u0103 fug\u0103, reu\u0219ind astfel s\u0103 r\u0103m\u00e2n\u0103 la putere. Germanii au numit Danemarca \u201eFrontul de Sm\u00e2nt\u00e2n\u0103\u201d (Sahnefront) datorit\u0103 u\u0219urin\u021bei ocupa\u021biei \u0219i cantit\u0103\u021bii surprinz\u0103toare de produse lactate din Danemarca. \u00cen timpul r\u0103zboiului, localnicii \u0219i pescarii au colaborat pentru a transporta \u00een secret peste 7.000 de evrei \u00een Suedia neutr\u0103, salv\u00e2nd aproape toat\u0103 popula\u021bia evreiasc\u0103 a Danemarcei, cu excep\u021bia a 500 de oameni. Pentru a marca doliul, drapelele vor fi cobor\u00e2te \u00een bern\u0103, iar apoi vor fi ridicate pentru a s\u0103rb\u0103tori eliberarea \u021b\u0103rii.<\/p>\r\n","protected":false},"excerpt":{"rendered":"<p>S\u0103pt\u0103m\u00e2na trecut\u0103, Danemarca s-a bucurat de o vacan\u021b\u0103 prelungit\u0103 de cinci zile, P\u00e5skefrokost (pr\u00e2nzul de Pa\u0219te) \u0219i o cantitate decent\u0103 de soare &#8211; cel pu\u021bin \u00een unele p\u0103r\u021bi ale \u021b\u0103rii. Pentru a \u00eencununa sf\u00e2r\u0219itul vacan\u021bei de Pa\u0219te, mar\u021bi, 2 aprilie, a fost aniversarea na\u0219terii unuia dintre cei mai faimo\u0219i danezi, Hans Christian Andersen, autorul unora [&hellip;]<\/p>\n","protected":false},"author":27,"featured_media":6462,"comment_status":"open","ping_status":"closed","sticky":false,"template":"","format":"standard","meta":{"_acf_changed":false,"_themeisle_gutenberg_block_has_review":false,"_jetpack_newsletter_access":"","_jetpack_dont_email_post_to_subs":false,"_jetpack_newsletter_tier_id":0,"_jetpack_memberships_contains_paywalled_content":false,"_jetpack_feature_clip_id":0,"_jetpack_memberships_contains_paid_content":false,"footnotes":"","jetpack_post_was_ever_published":false,"_members_access_role":[],"_members_access_error":""},"categories":[878,992],"tags":[998,1008,476],"class_list":["post-15329","post","type-post","status-publish","format-standard","has-post-thumbnail","category-navigarea-in-danemarca","category-societate","tag-arta-si-teatru","tag-istorie","tag-stil-de-viata"],"acf":[],"jetpack_sharing_enabled":true,"jetpack-related-posts":[{"id":14251,"url":"https:\/\/lwid.dk\/ro\/perspective-asupra-stilului-de-viata-danez-saptamana-10\/","url_meta":{"origin":15329,"position":0},"title":"Perspective asupra stilului de via\u021b\u0103 danez &#8211; S\u0103pt\u0103m\u00e2na 10","author":"Catalina Anapios","date":"10 martie 2024","format":false,"excerpt":"Miercuri, 13 martie, va fi prima zi a CPH:DOX, festivalul anual de filme documentare din Copenhaga. Cu 12 zile de proiec\u021bii \u0219i activit\u0103\u021bi, evenimentul aduce oameni \u00eempreun\u0103 pentru una dintre categoriile culturale favorite din Danemarca: filmul. C\u00e2t de multe \u0219tii despre asta? \u00cen iunie 1896, \u00een R\u00e5dhuspladsen din Copenhaga a\u2026","rel":"","context":"\u00cen \u201eNavigarea \u00een Danemarca\u201d","block_context":{"text":"Navigarea \u00een Danemarca","link":"https:\/\/lwid.dk\/ro\/category\/navigarea-in-danemarca\/"},"img":{"alt_text":"Viata de zi cu zi in Danemarca Last Week in Denmark","src":"https:\/\/i0.wp.com\/lwid.dk\/wp-content\/uploads\/2023\/12\/Viata-de-zi-cu-zi-in-Danemarca.jpg?resize=350%2C200&ssl=1","width":350,"height":200,"srcset":"https:\/\/i0.wp.com\/lwid.dk\/wp-content\/uploads\/2023\/12\/Viata-de-zi-cu-zi-in-Danemarca.jpg?resize=350%2C200&ssl=1 1x, https:\/\/i0.wp.com\/lwid.dk\/wp-content\/uploads\/2023\/12\/Viata-de-zi-cu-zi-in-Danemarca.jpg?resize=525%2C300&ssl=1 1.5x"},"classes":[]},{"id":13916,"url":"https:\/\/lwid.dk\/ro\/perspective-asupra-stilului-de-viata-danez-saptamana-9\/","url_meta":{"origin":15329,"position":1},"title":"Perspective asupra stilului de via\u021b\u0103 danez &#8211; S\u0103pt\u0103m\u00e2na 9","author":"Catalina Anapios","date":"3 martie 2024","format":false,"excerpt":"S\u0103pt\u0103m\u00e2na aceasta este s\u0103pt\u0103m\u00e2na violet \u0219i s\u0103rb\u0103torim Ziua Interna\u021bional\u0103 a Femeii. Conform 2023 Women Peace and Security Index, Danemarca ocup\u0103 primul loc la calitatea vie\u021bii feminine: femeile sunt mai \u00een siguran\u021b\u0103, egale \u00een drepturi \u0219i au acces mai bun la justi\u021bie aici dec\u00e2t oriunde altundeva \u00een lume. Danemarca se afl\u0103\u2026","rel":"","context":"\u00cen \u201eNavigarea \u00een Danemarca\u201d","block_context":{"text":"Navigarea \u00een Danemarca","link":"https:\/\/lwid.dk\/ro\/category\/navigarea-in-danemarca\/"},"img":{"alt_text":"Viata de zi cu zi in Danemarca Last Week in Denmark","src":"https:\/\/i0.wp.com\/lwid.dk\/wp-content\/uploads\/2023\/12\/Viata-de-zi-cu-zi-in-Danemarca.jpg?resize=350%2C200&ssl=1","width":350,"height":200,"srcset":"https:\/\/i0.wp.com\/lwid.dk\/wp-content\/uploads\/2023\/12\/Viata-de-zi-cu-zi-in-Danemarca.jpg?resize=350%2C200&ssl=1 1x, https:\/\/i0.wp.com\/lwid.dk\/wp-content\/uploads\/2023\/12\/Viata-de-zi-cu-zi-in-Danemarca.jpg?resize=525%2C300&ssl=1 1.5x"},"classes":[]},{"id":15979,"url":"https:\/\/lwid.dk\/ro\/perspective-asupra-stilului-de-viata-danez-saptamana-17\/","url_meta":{"origin":15329,"position":2},"title":"Perspective asupra stilului de via\u021b\u0103 danez &#8211; S\u0103pt\u0103m\u00e2na 17","author":"Catalina Anapios","date":"28 aprilie 2024","format":false,"excerpt":"De\u0219i nu este considerat\u0103 o s\u0103rb\u0103toare na\u021bional\u0103 \u00een Danemarca, 1 mai marcheaz\u0103 Arbejdernes Kampdag (Ziua Muncii). \u00cen unele municipalit\u0103\u021bi, precum Copenhaga, data respectiv\u0103 este o zi liber\u0103 obligatorie \u00een \u0219coli. Danemarca se remarc\u0103 ca fiind un loc favorabil pentru munc\u0103 la nivel mondial: \u00een 2023, Copenhaga a ocupat locul 3\u2026","rel":"","context":"\u00cen \u201eNavigarea \u00een Danemarca\u201d","block_context":{"text":"Navigarea \u00een Danemarca","link":"https:\/\/lwid.dk\/ro\/category\/navigarea-in-danemarca\/"},"img":{"alt_text":"Viata de zi cu zi in Danemarca Last Week in Denmark","src":"https:\/\/i0.wp.com\/lwid.dk\/wp-content\/uploads\/2023\/12\/Viata-de-zi-cu-zi-in-Danemarca.jpg?resize=350%2C200&ssl=1","width":350,"height":200,"srcset":"https:\/\/i0.wp.com\/lwid.dk\/wp-content\/uploads\/2023\/12\/Viata-de-zi-cu-zi-in-Danemarca.jpg?resize=350%2C200&ssl=1 1x, https:\/\/i0.wp.com\/lwid.dk\/wp-content\/uploads\/2023\/12\/Viata-de-zi-cu-zi-in-Danemarca.jpg?resize=525%2C300&ssl=1 1.5x"},"classes":[]},{"id":16059,"url":"https:\/\/lwid.dk\/ro\/perspective-asupra-stilului-de-viata-danez-saptamana-19\/","url_meta":{"origin":15329,"position":3},"title":"Perspective asupra stilului de via\u021b\u0103 danez &#8211; S\u0103pt\u0103m\u00e2na 19","author":"Catalina Anapios","date":"12 mai 2024","format":false,"excerpt":"Gl\u00e6delig mors dag! Pentru Danemarca, Ziua Mamei este s\u0103rb\u0103torit\u0103 \u00eentotdeauna \u00een a 2-a duminic\u0103 a lunii mai, care anul acesta cade pe 12 mai. Aceast\u0103 dat\u0103 coincide cu prima Zi a Mamei din 1929, c\u00e2nd ofi\u021berul Christian Svenningsen a importat s\u0103rb\u0103toarea din Statele Unite. Ini\u021bial, inten\u021bia a fost de a\u2026","rel":"","context":"\u00cen \u201eNavigarea \u00een Danemarca\u201d","block_context":{"text":"Navigarea \u00een Danemarca","link":"https:\/\/lwid.dk\/ro\/category\/navigarea-in-danemarca\/"},"img":{"alt_text":"Viata de zi cu zi in Danemarca Last Week in Denmark","src":"https:\/\/i0.wp.com\/lwid.dk\/wp-content\/uploads\/2023\/12\/Viata-de-zi-cu-zi-in-Danemarca.jpg?resize=350%2C200&ssl=1","width":350,"height":200,"srcset":"https:\/\/i0.wp.com\/lwid.dk\/wp-content\/uploads\/2023\/12\/Viata-de-zi-cu-zi-in-Danemarca.jpg?resize=350%2C200&ssl=1 1x, https:\/\/i0.wp.com\/lwid.dk\/wp-content\/uploads\/2023\/12\/Viata-de-zi-cu-zi-in-Danemarca.jpg?resize=525%2C300&ssl=1 1.5x"},"classes":[]},{"id":13451,"url":"https:\/\/lwid.dk\/ro\/perspective-asupra-stilului-de-viata-danez-saptamana-8\/","url_meta":{"origin":15329,"position":4},"title":"Perspective asupra stilului de via\u021b\u0103 danez &#8211; S\u0103pt\u0103m\u00e2na 8","author":"Catalina Anapios","date":"25 februarie 2024","format":false,"excerpt":"S\u0103pt\u0103m\u00e2na aceasta are loc Copenhagen Bike Show, cel mai mare t\u00e2rg de biciclete din Scandinavia. \u00cent\u00e2mpl\u0103tor, au \u00eenceput s\u0103 se arate \u0219i primele semne de prim\u0103var\u0103, a\u0219a c\u0103 dac\u0103 \u00een lunile reci ai c\u0103utat ad\u0103post \u00een transportul public, ar fi timpul s\u0103 \u0219tergi praful de pe biciclet\u0103. Istoria mersului pe\u2026","rel":"","context":"\u00cen \u201eNavigarea \u00een Danemarca\u201d","block_context":{"text":"Navigarea \u00een Danemarca","link":"https:\/\/lwid.dk\/ro\/category\/navigarea-in-danemarca\/"},"img":{"alt_text":"Viata de zi cu zi in Danemarca Last Week in Denmark","src":"https:\/\/i0.wp.com\/lwid.dk\/wp-content\/uploads\/2023\/12\/Viata-de-zi-cu-zi-in-Danemarca.jpg?resize=350%2C200&ssl=1","width":350,"height":200,"srcset":"https:\/\/i0.wp.com\/lwid.dk\/wp-content\/uploads\/2023\/12\/Viata-de-zi-cu-zi-in-Danemarca.jpg?resize=350%2C200&ssl=1 1x, https:\/\/i0.wp.com\/lwid.dk\/wp-content\/uploads\/2023\/12\/Viata-de-zi-cu-zi-in-Danemarca.jpg?resize=525%2C300&ssl=1 1.5x"},"classes":[]},{"id":14503,"url":"https:\/\/lwid.dk\/ro\/perspective-asupra-stilului-de-viata-danez-saptamana-11\/","url_meta":{"origin":15329,"position":5},"title":"Perspective asupra stilului de via\u021b\u0103 danez &#8211; S\u0103pt\u0103m\u00e2na 11","author":"Catalina Anapios","date":"17 martie 2024","format":false,"excerpt":"Prim\u0103vara se apropie! Str\u0103zile \u021b\u0103rii au \u00eenceput s\u0103 \u00eenverzeasc\u0103, iar jachetele lungi \u0219i groase \u00ee\u0219i reg\u0103sesc locul \u00een dulap (cel pu\u021bin pentru moment). \u0218ansele de ninsoare nu sunt totu\u0219i excluse, bazat pe experien\u021ba din prim\u0103vara trecut\u0103, dar putem spune cu siguran\u021b\u0103 c\u0103 \u00eenflorirea copacilor a \u00eenceput. Probabil ai \u00eent\u00e2lnit \u00een\u2026","rel":"","context":"\u00cen \u201eNavigarea \u00een Danemarca\u201d","block_context":{"text":"Navigarea \u00een Danemarca","link":"https:\/\/lwid.dk\/ro\/category\/navigarea-in-danemarca\/"},"img":{"alt_text":"Viata de zi cu zi in Danemarca Last Week in Denmark","src":"https:\/\/i0.wp.com\/lwid.dk\/wp-content\/uploads\/2023\/12\/Viata-de-zi-cu-zi-in-Danemarca.jpg?resize=350%2C200&ssl=1","width":350,"height":200,"srcset":"https:\/\/i0.wp.com\/lwid.dk\/wp-content\/uploads\/2023\/12\/Viata-de-zi-cu-zi-in-Danemarca.jpg?resize=350%2C200&ssl=1 1x, https:\/\/i0.wp.com\/lwid.dk\/wp-content\/uploads\/2023\/12\/Viata-de-zi-cu-zi-in-Danemarca.jpg?resize=525%2C300&ssl=1 1.5x"},"classes":[]}],"jetpack_featured_media_url":"https:\/\/lwid.dk\/wp-content\/uploads\/2023\/12\/Viata-de-zi-cu-zi-in-Danemarca.jpg","_links":{"self":[{"href":"https:\/\/lwid.dk\/ro\/wp-json\/wp\/v2\/posts\/15329","targetHints":{"allow":["GET"]}}],"collection":[{"href":"https:\/\/lwid.dk\/ro\/wp-json\/wp\/v2\/posts"}],"about":[{"href":"https:\/\/lwid.dk\/ro\/wp-json\/wp\/v2\/types\/post"}],"author":[{"embeddable":true,"href":"https:\/\/lwid.dk\/ro\/wp-json\/wp\/v2\/users\/27"}],"replies":[{"embeddable":true,"href":"https:\/\/lwid.dk\/ro\/wp-json\/wp\/v2\/comments?post=15329"}],"version-history":[{"count":1,"href":"https:\/\/lwid.dk\/ro\/wp-json\/wp\/v2\/posts\/15329\/revisions"}],"predecessor-version":[{"id":15330,"href":"https:\/\/lwid.dk\/ro\/wp-json\/wp\/v2\/posts\/15329\/revisions\/15330"}],"wp:featuredmedia":[{"embeddable":true,"href":"https:\/\/lwid.dk\/ro\/wp-json\/wp\/v2\/media\/6462"}],"wp:attachment":[{"href":"https:\/\/lwid.dk\/ro\/wp-json\/wp\/v2\/media?parent=15329"}],"wp:term":[{"taxonomy":"category","embeddable":true,"href":"https:\/\/lwid.dk\/ro\/wp-json\/wp\/v2\/categories?post=15329"},{"taxonomy":"post_tag","embeddable":true,"href":"https:\/\/lwid.dk\/ro\/wp-json\/wp\/v2\/tags?post=15329"}],"curies":[{"name":"wp","href":"https:\/\/api.w.org\/{rel}","templated":true}]}}