{"id":15345,"date":"2024-04-07T18:56:10","date_gmt":"2024-04-07T17:56:10","guid":{"rendered":"https:\/\/lwid.dk\/?p=15345"},"modified":"2026-09-01T17:35:18","modified_gmt":"2026-09-01T16:35:18","slug":"asculta-noul-nostru-podcast-realizat-in-colaborare-cu-amis","status":"publish","type":"post","link":"https:\/\/lwid.dk\/ro\/asculta-noul-nostru-podcast-realizat-in-colaborare-cu-amis\/","title":{"rendered":"Ascult\u0103 noul nostru podcast realizat \u00een colaborare cu AMIS"},"content":{"rendered":"\r\n<p class=\"wp-block-paragraph\">Tocmai am lansat un podcast \u00een care po\u021bi asculta principalii candida\u021bi danezi pentru Parlamentul European care ni se adreseaz\u0103 nou\u0103, interna\u021bionalilor care locuiesc \u00een Danemarca. <a href=\"https:\/\/open.spotify.com\/show\/3El6T0rZFAr0QV6P0ocyL6\">Ascult\u0103 primul episod aici<\/a>. Podcastul se nume\u0219te #VOTEHOME \u0219i este g\u0103zduit de mine (Narcis) \u0219i <a href=\"https:\/\/www.linkedin.com\/in\/zoeelkaer\/\">Zo\u00e9 Elk\u00e6r Nicot.<\/a><\/p>\r\n","protected":false},"excerpt":{"rendered":"<p>Tocmai am lansat un podcast \u00een care po\u021bi asculta principalii candida\u021bi danezi pentru Parlamentul European care ni se adreseaz\u0103 nou\u0103, interna\u021bionalilor care locuiesc \u00een Danemarca. Ascult\u0103 primul episod aici. Podcastul se nume\u0219te #VOTEHOME \u0219i este g\u0103zduit de mine (Narcis) \u0219i Zo\u00e9 Elk\u00e6r Nicot.<\/p>\n","protected":false},"author":9,"featured_media":8727,"comment_status":"open","ping_status":"closed","sticky":false,"template":"","format":"standard","meta":{"_acf_changed":false,"_themeisle_gutenberg_block_has_review":false,"_jetpack_newsletter_access":"","_jetpack_dont_email_post_to_subs":false,"_jetpack_newsletter_tier_id":0,"_jetpack_memberships_contains_paywalled_content":false,"_jetpack_feature_clip_id":0,"_jetpack_memberships_contains_paid_content":false,"footnotes":"","jetpack_post_was_ever_published":false,"_members_access_role":[],"_members_access_error":""},"categories":[878,994],"tags":[995,1001,249],"class_list":["post-15345","post","type-post","status-publish","format-standard","has-post-thumbnail","category-navigarea-in-danemarca","category-politica","tag-alegeri","tag-diversitate-si-incluziune","tag-politica"],"acf":[],"jetpack_sharing_enabled":true,"jetpack-related-posts":[{"id":741,"url":"https:\/\/lwid.dk\/partea-13-acasa-cu-bebelusul\/","url_meta":{"origin":15345,"position":0},"title":"Partea 13: acas\u0103, cu bebelu\u0219ul","author":"Alina Racila","date":"14 mai 2022","format":false,"excerpt":"Felicit\u0103ri! Acum ai venit acas\u0103 cu bebelu\u0219ul t\u0103u micu\u021b! Ce urmeaz\u0103? 1. Dac\u0103 partenerul t\u0103u \u00eenc\u0103 nu a f\u0103cut-o, acum e timpul s\u0103 discuta\u021bi despre concediul de \u00eengrijire al bebelu\u0219ului pentru tat\u0103 (\"f\u00e6dreorlov\"). P\u00e2n\u0103 la data de 2 august 2022, vei putea folosi modelul prezent de concediu post natal, adic\u0103,\u2026","rel":"","context":"Articol similar","block_context":{"text":"Articol similar","link":""},"img":{"alt_text":"","src":"","width":0,"height":0},"classes":[]},{"id":703,"url":"https:\/\/lwid.dk\/cum-ne-pregatim-pentru-cresa\/","url_meta":{"origin":15345,"position":1},"title":"Cum ne preg\u0103tim pentru cre\u0219\u0103?","author":"Alina Racila","date":"14 mai 2022","format":false,"excerpt":"Articolul 7: \u2022 Cum ne preg\u0103tim pentru cre\u0219\u0103? \u2022 C\u00e2t timp dureaz\u0103 perioada de adaptare? \u2022 Suzeta, scutecul, oli\u0163a \u0219i somnul de dup\u0103-amiaz\u0103. Toate aceste \u00eentreb\u0103ri au desigur r\u0103spunsuri individuale, \u00een func\u0163ie de fiecare copil \u0219i p\u0103rinte \u00een parte, noi fiind unici \u00een felul nostru. Probabil,\u00a0cel mai intens trebuie s\u0103\u2026","rel":"","context":"Articol similar","block_context":{"text":"Articol similar","link":""},"img":{"alt_text":"","src":"","width":0,"height":0},"classes":[]},{"id":3131,"url":"https:\/\/lwid.dk\/ro\/asa-dam-inainte-sadan-far-vi-fremgang\/","url_meta":{"origin":15345,"position":2},"title":"Asa d\u0103m inainte \/ S\u00c5DAN F\u00c5R VI FREMGANG","author":"Sorina Floroiu","date":"16 martie 2020","format":false,"excerpt":"Articol publicat in Fagbladet 3F la data de 16 martie 2020 Subiectul articolului:\u00a0 \u00cen cadrul sindicatului 3F, pierderea de membri este evident\u0103, cu peste 50.000 de membri pierdu\u021bi din 2013. Pentru a inversa acest trend, eforturile pentru a recruta noi membri au dat rezultate pozitive. Lucian Turculeanu, un rom\u00e2n din\u2026","rel":"","context":"\u00cen \u201eNavigarea \u00een Danemarca\u201d","block_context":{"text":"Navigarea \u00een Danemarca","link":"https:\/\/lwid.dk\/ro\/category\/navigarea-in-danemarca\/"},"img":{"alt_text":"","src":"https:\/\/i0.wp.com\/lwid.dk\/wp-content\/uploads\/2023\/10\/17.-Asa-dam-inainte-.png?resize=350%2C200&ssl=1","width":350,"height":200,"srcset":"https:\/\/i0.wp.com\/lwid.dk\/wp-content\/uploads\/2023\/10\/17.-Asa-dam-inainte-.png?resize=350%2C200&ssl=1 1x, https:\/\/i0.wp.com\/lwid.dk\/wp-content\/uploads\/2023\/10\/17.-Asa-dam-inainte-.png?resize=525%2C300&ssl=1 1.5x, https:\/\/i0.wp.com\/lwid.dk\/wp-content\/uploads\/2023\/10\/17.-Asa-dam-inainte-.png?resize=700%2C400&ssl=1 2x, https:\/\/i0.wp.com\/lwid.dk\/wp-content\/uploads\/2023\/10\/17.-Asa-dam-inainte-.png?resize=1050%2C600&ssl=1 3x"},"classes":[]},{"id":3084,"url":"https:\/\/lwid.dk\/ro\/inregistrarile-secrete-dezvaluie-florin-a-fost-concediat-pentru-ca-nu-a-dorit-sa-se-retraga-din-3f-lydoptagelser-afslorerflorin-blev-fyret-da-han-ikke-ville-melde-sig-ud-af-3f\/","url_meta":{"origin":15345,"position":3},"title":"\u00cenregistr\u0103rile secrete dezv\u0103luie: Florin a fost concediat pentru c\u0103 nu a dorit s\u0103 se retrag\u0103 din 3F \/ LYDOPTAGELSER AFSL\u00d8RER:FLORIN BLEV FYRET DA HAN IKKE VILLE MELDE SIG UD AF 3F","author":"Sorina Floroiu","date":"10 februarie 2020","format":false,"excerpt":"Articol publicat in Fagbladet 3f la data de 10 februarie 2020.\u00a0 Subiectul articolului:\u00a0 \u00cen Danemarca, dreptul de a \u00eenfiin\u021ba \u0219i de a face parte din asocia\u021bii este garantat de constitu\u021bie, iar legea protejeaz\u0103 libertatea angaja\u021bilor de a se asocia \u0219i interzice angajatorilor s\u0103 ia \u00een considerare apartenen\u021ba angaja\u021bilor la o\u2026","rel":"","context":"\u00cen \u201eNavigarea \u00een Danemarca\u201d","block_context":{"text":"Navigarea \u00een Danemarca","link":"https:\/\/lwid.dk\/ro\/category\/navigarea-in-danemarca\/"},"img":{"alt_text":"","src":"https:\/\/i0.wp.com\/lwid.dk\/wp-content\/uploads\/2023\/10\/11.-Florin.png?resize=350%2C200&ssl=1","width":350,"height":200,"srcset":"https:\/\/i0.wp.com\/lwid.dk\/wp-content\/uploads\/2023\/10\/11.-Florin.png?resize=350%2C200&ssl=1 1x, https:\/\/i0.wp.com\/lwid.dk\/wp-content\/uploads\/2023\/10\/11.-Florin.png?resize=525%2C300&ssl=1 1.5x, https:\/\/i0.wp.com\/lwid.dk\/wp-content\/uploads\/2023\/10\/11.-Florin.png?resize=700%2C400&ssl=1 2x, https:\/\/i0.wp.com\/lwid.dk\/wp-content\/uploads\/2023\/10\/11.-Florin.png?resize=1050%2C600&ssl=1 3x"},"classes":[]},{"id":22630,"url":"https:\/\/lwid.dk\/ro\/toamna-se-numara-nu-doar-bobocii\/","url_meta":{"origin":15345,"position":4},"title":"Toamna se num\u0103r\u0103 nu doar bobocii&#8230;","author":"Diana Aakmann Businscaia","date":"21 septembrie 2025","format":false,"excerpt":"Toamna este anotimpul \u00een care se culeg roadele muncii de peste var\u0103. \u00cen aceast\u0103 toamn\u0103, \u00een Moldova, nu vor fi num\u0103ra\u021bi doar bobocii, ci \u0219i voturile aleg\u0103torilor \u2013 de acas\u0103 \u0219i din diaspora \u2013 iar miza este, de aceast\u0103 dat\u0103, mai ridicat\u0103 ca niciodat\u0103. La scrutinele anterioare, diaspora a ar\u0103tat\u2026","rel":"","context":"\u00cen \u201eNavigarea \u00een Danemarca\u201d","block_context":{"text":"Navigarea \u00een Danemarca","link":"https:\/\/lwid.dk\/ro\/category\/navigarea-in-danemarca\/"},"img":{"alt_text":"","src":"","width":0,"height":0},"classes":[]},{"id":11686,"url":"https:\/\/lwid.dk\/ro\/sanatatea-romanilor-din-danemarca\/","url_meta":{"origin":15345,"position":5},"title":"S\u0103n\u0103tatea rom\u00e2nilor din Danemarca","author":"Alina Racila","date":"12 februarie 2024","format":false,"excerpt":"Ideea de a scrie despre unul dintre cele mai mari grupuri minoritare din Danemarca a venit ca o dorin\u021b\u0103 de a face lumin\u0103 asupra cine este acest grup de cet\u0103\u021beni, ce activit\u0103\u021bi principale, caracteristicile sociale, etnice \u0219i tradi\u021bionale apar\u021bin cet\u0103\u021benilor \u0219i ce ar putea fi important de \u0219tiut despre s\u0103n\u0103tatea\u2026","rel":"","context":"\u00cen \u201eGhiduri practice\u201d","block_context":{"text":"Ghiduri practice","link":"https:\/\/lwid.dk\/ro\/category\/navigarea-in-danemarca\/ghiduri-practice\/"},"img":{"alt_text":"","src":"https:\/\/i0.wp.com\/lwid.dk\/wp-content\/uploads\/2023\/12\/Add-a-subtitle.jpg?resize=350%2C200&ssl=1","width":350,"height":200,"srcset":"https:\/\/i0.wp.com\/lwid.dk\/wp-content\/uploads\/2023\/12\/Add-a-subtitle.jpg?resize=350%2C200&ssl=1 1x, https:\/\/i0.wp.com\/lwid.dk\/wp-content\/uploads\/2023\/12\/Add-a-subtitle.jpg?resize=525%2C300&ssl=1 1.5x"},"classes":[]}],"jetpack_featured_media_url":"https:\/\/lwid.dk\/wp-content\/uploads\/2023\/06\/Internationali_media_daneza_last_week_in_denmark.jpg","_links":{"self":[{"href":"https:\/\/lwid.dk\/ro\/wp-json\/wp\/v2\/posts\/15345","targetHints":{"allow":["GET"]}}],"collection":[{"href":"https:\/\/lwid.dk\/ro\/wp-json\/wp\/v2\/posts"}],"about":[{"href":"https:\/\/lwid.dk\/ro\/wp-json\/wp\/v2\/types\/post"}],"author":[{"embeddable":true,"href":"https:\/\/lwid.dk\/ro\/wp-json\/wp\/v2\/users\/9"}],"replies":[{"embeddable":true,"href":"https:\/\/lwid.dk\/ro\/wp-json\/wp\/v2\/comments?post=15345"}],"version-history":[{"count":2,"href":"https:\/\/lwid.dk\/ro\/wp-json\/wp\/v2\/posts\/15345\/revisions"}],"predecessor-version":[{"id":28698,"href":"https:\/\/lwid.dk\/ro\/wp-json\/wp\/v2\/posts\/15345\/revisions\/28698"}],"wp:featuredmedia":[{"embeddable":true,"href":"https:\/\/lwid.dk\/ro\/wp-json\/wp\/v2\/media\/8727"}],"wp:attachment":[{"href":"https:\/\/lwid.dk\/ro\/wp-json\/wp\/v2\/media?parent=15345"}],"wp:term":[{"taxonomy":"category","embeddable":true,"href":"https:\/\/lwid.dk\/ro\/wp-json\/wp\/v2\/categories?post=15345"},{"taxonomy":"post_tag","embeddable":true,"href":"https:\/\/lwid.dk\/ro\/wp-json\/wp\/v2\/tags?post=15345"}],"curies":[{"name":"wp","href":"https:\/\/api.w.org\/{rel}","templated":true}]}}