{"id":15894,"date":"2024-04-21T16:33:00","date_gmt":"2024-04-21T15:33:00","guid":{"rendered":"https:\/\/lwid.dk\/?p=15894"},"modified":"2026-09-01T17:31:56","modified_gmt":"2026-09-01T16:31:56","slug":"perspective-asupra-stilului-de-viata-danez-saptamana-16","status":"publish","type":"post","link":"https:\/\/lwid.dk\/ro\/perspective-asupra-stilului-de-viata-danez-saptamana-16\/","title":{"rendered":"Perspective asupra stilului de via\u021b\u0103 danez &#8211; S\u0103pt\u0103m\u00e2na 16"},"content":{"rendered":"\r\n<p class=\"wp-block-paragraph\">\u00cen 2024 se marcheaz\u0103 primul an din 1686 \u00een care Ziua Marii Rug\u0103ciuni (Store bededag) nu va fi s\u0103rb\u0103torit\u0103 ca s\u0103rb\u0103toare public\u0103 \u00een Danemarca. Data cade de obicei \u00een a patra vineri dup\u0103 Duminica Pa\u0219telui \u0219i este destinat\u0103 ca o zi pentru poc\u0103in\u021b\u0103, rug\u0103ciune \u0219i post. Anul trecut, guvernul condus de Mette Frederiksen a anulat s\u0103rb\u0103toarea public\u0103 pentru a sus\u021bine o ofert\u0103 mai mare de munc\u0103, cu 95 de voturi \u00een favoare \u0219i 68 \u00eempotriv\u0103 \u00een Parlament. Mare parte a popula\u021biei, mi\u0219carea sindical\u0103 \u0219i biserica au \u00eencercat s\u0103 \u00eempiedice acest lucru, colect\u00e2nd 475.000 de semn\u0103turi.<\/p>\r\n\r\n\r\n\r\n<p class=\"wp-block-paragraph\">Rela\u021bia danezilor cu cre\u0219tinismul \u00ee\u0219i are originile acum mai bine de un mileniu, sub domnia regelui viking Harald Bluetooth (da, numele tehnologiei wireless a fost inspirat\u0103 de el). \u00cen 1536, biserica danez\u0103 a devenit luteran\u0103 \u0219i a fost integrat\u0103 \u00een stat. Conform statisticilor oficiale din 2019, trei din patru danezi sunt membri ai Bisericii Evanghelice Luterane (Den danske folkekirke). Cu toate acestea, Danemarca s-a ab\u021binut de la dogmele religioase tradi\u021bionale &#8211; de exemplu, jum\u0103tate din preo\u021bii bisericii de stat sunt femei, iar c\u0103s\u0103toria \u00eentre persoane de acela\u0219i sex este permis\u0103 \u00een biserici daneze din 2012.<\/p>\r\n\r\n\r\n\r\n<p class=\"wp-block-paragraph\">\u00centr-un sondaj realizat \u00een 2010, 28% dintre cet\u0103\u021beni au declarat c\u0103 cred \u00eentr-un Dumnezeu, 47% \u00eentr-o form\u0103 de spirit sau for\u021b\u0103 vital\u0103 \u0219i 24% \u00een nimic de acest fel, cu pu\u021bin sub 20% identific\u00e2ndu-se ca atei. Islamul este cea mai mare religie non-cre\u0219tin\u0103 din Danemarca, cu 4,4% (256.000) din popula\u021bie fiind musulmani.<\/p>\r\n\r\n\r\n\r\n<p class=\"wp-block-paragraph\">\u00cen alt\u0103 ordine de idei, fosta regin\u0103 Margrethe a II-a \u0219i-a s\u0103rb\u0103torit cea de-a 84-a aniversare mar\u021bea trecut\u0103, pe 16 aprilie, prima sa aniversare de la abdicare. \u00cen timpul domniei sale, ar fi ie\u0219it \u00een mod obi\u0219nuit din Castelul Amalienborg al\u0103turi de familia regal\u0103 pentru a saluta mul\u021bimile. \u00cen timpul pandemiei, ea a cerut danezilor s\u0103-i s\u0103rb\u0103toreasc\u0103 ziua de na\u0219tere trimi\u021b\u00e2nd buchete de flori persoanelor \u00een v\u00e2rst\u0103, cu inten\u021bia de a ajuta cet\u0103\u021benii v\u00e2rstnici \u00een timpul izol\u0103rii.<\/p>\r\n","protected":false},"excerpt":{"rendered":"<p>\u00cen 2024 se marcheaz\u0103 primul an din 1686 \u00een care Ziua Marii Rug\u0103ciuni (Store bededag) nu va fi s\u0103rb\u0103torit\u0103 ca s\u0103rb\u0103toare public\u0103 \u00een Danemarca. Data cade de obicei \u00een a patra vineri dup\u0103 Duminica Pa\u0219telui \u0219i este destinat\u0103 ca o zi pentru poc\u0103in\u021b\u0103, rug\u0103ciune \u0219i post. Anul trecut, guvernul condus de Mette Frederiksen a anulat [&hellip;]<\/p>\n","protected":false},"author":27,"featured_media":6462,"comment_status":"open","ping_status":"closed","sticky":false,"template":"","format":"standard","meta":{"_acf_changed":false,"_themeisle_gutenberg_block_has_review":false,"_jetpack_newsletter_access":"","_jetpack_dont_email_post_to_subs":false,"_jetpack_newsletter_tier_id":0,"_jetpack_memberships_contains_paywalled_content":false,"_jetpack_feature_clip_id":0,"_jetpack_memberships_contains_paid_content":false,"footnotes":"","jetpack_post_was_ever_published":false,"_members_access_role":[],"_members_access_error":""},"categories":[878,992],"tags":[1011,476],"class_list":["post-15894","post","type-post","status-publish","format-standard","has-post-thumbnail","category-navigarea-in-danemarca","category-societate","tag-obiceiuri-si-traditii","tag-stil-de-viata"],"acf":[],"jetpack_sharing_enabled":true,"jetpack-related-posts":[{"id":3049,"url":"https:\/\/lwid.dk\/ro\/crestinii-romani-in-crestere-puternica-in-danemarca-rumaenske-kristne-i-kraftig-vaekst-i-danmark\/","url_meta":{"origin":15894,"position":0},"title":"Cre\u0219tinii rom\u00e2ni \u00een cre\u0219tere puternic\u0103 \u00een Danemarca \/ Rum\u00e6nske kristne i kraftig v\u00e6kst i Danmark","author":"Sorina Floroiu","date":"7 februarie 2020","format":false,"excerpt":"Articol publicat in Kristeligt Dagblad\u00a0 la data de 7 februarie 2020 Subiectul articolului:\u00a0 Num\u0103rul comunit\u0103\u021bilor ortodoxe din Danemarca, \u00een special cele rom\u00e2ne\u0219ti, a crescut semnificativ datorit\u0103 migra\u021biei sporite din \u021b\u0103rile ortodoxe. Aceast\u0103 cre\u0219tere a determinat preocuparea Bisericii Poporului cu privire la influen\u021ba ortodox\u0103 \u00een Danemarca. \u00cen prezent (e.g. 2020), exist\u0103\u2026","rel":"","context":"\u00cen \u201eNavigarea \u00een Danemarca\u201d","block_context":{"text":"Navigarea \u00een Danemarca","link":"https:\/\/lwid.dk\/ro\/category\/navigarea-in-danemarca\/"},"img":{"alt_text":"","src":"https:\/\/i0.wp.com\/lwid.dk\/wp-content\/uploads\/2023\/10\/6.-Rumaenske-kristner.png?resize=350%2C200&ssl=1","width":350,"height":200,"srcset":"https:\/\/i0.wp.com\/lwid.dk\/wp-content\/uploads\/2023\/10\/6.-Rumaenske-kristner.png?resize=350%2C200&ssl=1 1x, https:\/\/i0.wp.com\/lwid.dk\/wp-content\/uploads\/2023\/10\/6.-Rumaenske-kristner.png?resize=525%2C300&ssl=1 1.5x, https:\/\/i0.wp.com\/lwid.dk\/wp-content\/uploads\/2023\/10\/6.-Rumaenske-kristner.png?resize=700%2C400&ssl=1 2x"},"classes":[]},{"id":3026,"url":"https:\/\/lwid.dk\/ro\/biserica-ortodoxa-a-cumparat-casa-de-misiune-ortodoks-kirke-kobte-missionshus\/","url_meta":{"origin":15894,"position":1},"title":"Biseric\u0103 ortodox\u0103 a cump\u0103rat cas\u0103 de misiune \/ Ortodoks kirke k\u00f8bte missionshus","author":"Sorina Floroiu","date":"7 februarie 2020","format":false,"excerpt":"Articol publicat in Kristeligt Dagblad\u00a0 la data de 7 februarie 2020 Subiectul articolului: \u00cen Isenvad, l\u00e2ng\u0103 Ikast, o comunitate rom\u00e2neasc\u0103-ortodox\u0103 s-a stabilit \u00een 2010, \u00eent\u00e2mpin\u00e2nd provoc\u0103ri \u0219i obstacole, dar reu\u0219ind s\u0103 se integreze treptat \u00een comunitatea local\u0103. Dup\u0103 achizi\u021bionarea unei case de misiune \u00een 2013, au avut loc \u00eembun\u0103t\u0103\u021biri \u0219i\u2026","rel":"","context":"\u00cen \u201eNavigarea \u00een Danemarca\u201d","block_context":{"text":"Navigarea \u00een Danemarca","link":"https:\/\/lwid.dk\/ro\/category\/navigarea-in-danemarca\/"},"img":{"alt_text":"","src":"https:\/\/i0.wp.com\/lwid.dk\/wp-content\/uploads\/2023\/10\/5.-Ortodoks-kirke-1-2.jpg?resize=350%2C200&ssl=1","width":350,"height":200,"srcset":"https:\/\/i0.wp.com\/lwid.dk\/wp-content\/uploads\/2023\/10\/5.-Ortodoks-kirke-1-2.jpg?resize=350%2C200&ssl=1 1x, https:\/\/i0.wp.com\/lwid.dk\/wp-content\/uploads\/2023\/10\/5.-Ortodoks-kirke-1-2.jpg?resize=525%2C300&ssl=1 1.5x, https:\/\/i0.wp.com\/lwid.dk\/wp-content\/uploads\/2023\/10\/5.-Ortodoks-kirke-1-2.jpg?resize=700%2C400&ssl=1 2x, https:\/\/i0.wp.com\/lwid.dk\/wp-content\/uploads\/2023\/10\/5.-Ortodoks-kirke-1-2.jpg?resize=1050%2C600&ssl=1 3x, https:\/\/i0.wp.com\/lwid.dk\/wp-content\/uploads\/2023\/10\/5.-Ortodoks-kirke-1-2.jpg?resize=1400%2C800&ssl=1 4x"},"classes":[]},{"id":4144,"url":"https:\/\/lwid.dk\/ro\/ambasadorul-a-fost-vigilent-la-poarta-gradinii-din-bucuresti\/","url_meta":{"origin":15894,"position":2},"title":"Ambasadorul a fost \u201evigilent la poarta gr\u0103dinii\u201d din Bucure\u0219ti","author":"Sorina Floroiu","date":"8 iulie 2021","format":false,"excerpt":"Articol publicat in Kristeligt Dagblad Sektion 1 Side 5, la data de 8 iulie 2021 Rezumat Danemarca a cump\u0103rat cu succes 1,17 milioane de doze de vaccin Pfizer-BioNTech din Rom\u00e2nia, ini\u021biativa \u00eencep\u00e2nd cu o \u00eent\u00e2lnire neplanificat\u0103 \u00een iunie. Ambasadorul Danemarcei \u00een Rom\u00e2nia, S\u00f8ren Jensen, a remarcat o sc\u0103dere a num\u0103rului\u2026","rel":"","context":"\u00cen \u201eNavigarea \u00een Danemarca\u201d","block_context":{"text":"Navigarea \u00een Danemarca","link":"https:\/\/lwid.dk\/ro\/category\/navigarea-in-danemarca\/"},"img":{"alt_text":"","src":"https:\/\/i0.wp.com\/lwid.dk\/wp-content\/uploads\/2023\/10\/20-1.png?resize=350%2C200&ssl=1","width":350,"height":200},"classes":[]},{"id":3229,"url":"https:\/\/lwid.dk\/ro\/modet-med-rumaeniens-umenneskelighed-aendrede-mit-liv-intalnirea-cu-cruzimea-din-romania-mi-a-schimbat-viata\/","url_meta":{"origin":15894,"position":3},"title":"\u00a0M\u00f8det med Rum\u00e6niens umenneskelighed \u00e6ndrede mit liv \/ \u00cent\u00e2lnirea cu cruzimea din Rom\u00e2nia mi-a schimbat via\u021ba","author":"Sorina Floroiu","date":"20 noiembrie 2020","format":false,"excerpt":"Articol publicat i Kristeligt Dagblad la data de 20 noiembrie 2020 Subiectul articolului:\u00a0 Psihiatru pediatric, Bente Rich, a fost una dintre primele daneze care au v\u0103zut condi\u021biile dificile \u00een care tr\u0103iau copiii \u0219i adul\u021bii neglija\u021bi din institu\u021biile din Rom\u00e2nia sub regimul lui Ceau\u0219escu. Experien\u021ba ei a determinat-o s\u0103 se dedice\u2026","rel":"","context":"\u00cen \u201eNavigarea \u00een Danemarca\u201d","block_context":{"text":"Navigarea \u00een Danemarca","link":"https:\/\/lwid.dk\/ro\/category\/navigarea-in-danemarca\/"},"img":{"alt_text":"","src":"https:\/\/i0.wp.com\/lwid.dk\/wp-content\/uploads\/2023\/10\/31.-.png?resize=350%2C200&ssl=1","width":350,"height":200},"classes":[]},{"id":8830,"url":"https:\/\/lwid.dk\/ro\/perspective-asupra-stilului-de-viata-danez\/","url_meta":{"origin":15894,"position":4},"title":"Perspective asupra stilului de via\u021b\u0103 danez","author":"Catalina Anapios","date":"28 ianuarie 2024","format":false,"excerpt":"\u00cen aceast\u0103 perioad\u0103 p\u00e2n\u0103 la Fastelavn, Fastelavnsboller este cuv\u00e2ntul zilei. Cu toate acestea, vremea rece \u00eenseamn\u0103 c\u0103 danezii \u00eenc\u0103 se bucur\u0103 de \u00eent\u00e2lniri \u00een interior cu jocuri, arte \u0219i me\u0219te\u0219uguri. Pentru familiile din Danemarca, jocurile de societate sunt un lucru important. Unii ar \u00eendr\u0103zni s\u0103 spun\u0103 c\u0103 aceasta este o\u2026","rel":"","context":"\u00cen \u201eNavigarea \u00een Danemarca\u201d","block_context":{"text":"Navigarea \u00een Danemarca","link":"https:\/\/lwid.dk\/ro\/category\/navigarea-in-danemarca\/"},"img":{"alt_text":"Viata de zi cu zi in Danemarca Last Week in Denmark","src":"https:\/\/i0.wp.com\/lwid.dk\/wp-content\/uploads\/2023\/12\/Viata-de-zi-cu-zi-in-Danemarca.jpg?resize=350%2C200&ssl=1","width":350,"height":200,"srcset":"https:\/\/i0.wp.com\/lwid.dk\/wp-content\/uploads\/2023\/12\/Viata-de-zi-cu-zi-in-Danemarca.jpg?resize=350%2C200&ssl=1 1x, https:\/\/i0.wp.com\/lwid.dk\/wp-content\/uploads\/2023\/12\/Viata-de-zi-cu-zi-in-Danemarca.jpg?resize=525%2C300&ssl=1 1.5x"},"classes":[]},{"id":14251,"url":"https:\/\/lwid.dk\/ro\/perspective-asupra-stilului-de-viata-danez-saptamana-10\/","url_meta":{"origin":15894,"position":5},"title":"Perspective asupra stilului de via\u021b\u0103 danez &#8211; S\u0103pt\u0103m\u00e2na 10","author":"Catalina Anapios","date":"10 martie 2024","format":false,"excerpt":"Miercuri, 13 martie, va fi prima zi a CPH:DOX, festivalul anual de filme documentare din Copenhaga. Cu 12 zile de proiec\u021bii \u0219i activit\u0103\u021bi, evenimentul aduce oameni \u00eempreun\u0103 pentru una dintre categoriile culturale favorite din Danemarca: filmul. C\u00e2t de multe \u0219tii despre asta? \u00cen iunie 1896, \u00een R\u00e5dhuspladsen din Copenhaga a\u2026","rel":"","context":"\u00cen \u201eNavigarea \u00een Danemarca\u201d","block_context":{"text":"Navigarea \u00een Danemarca","link":"https:\/\/lwid.dk\/ro\/category\/navigarea-in-danemarca\/"},"img":{"alt_text":"Viata de zi cu zi in Danemarca Last Week in Denmark","src":"https:\/\/i0.wp.com\/lwid.dk\/wp-content\/uploads\/2023\/12\/Viata-de-zi-cu-zi-in-Danemarca.jpg?resize=350%2C200&ssl=1","width":350,"height":200,"srcset":"https:\/\/i0.wp.com\/lwid.dk\/wp-content\/uploads\/2023\/12\/Viata-de-zi-cu-zi-in-Danemarca.jpg?resize=350%2C200&ssl=1 1x, https:\/\/i0.wp.com\/lwid.dk\/wp-content\/uploads\/2023\/12\/Viata-de-zi-cu-zi-in-Danemarca.jpg?resize=525%2C300&ssl=1 1.5x"},"classes":[]}],"jetpack_featured_media_url":"https:\/\/lwid.dk\/wp-content\/uploads\/2023\/12\/Viata-de-zi-cu-zi-in-Danemarca.jpg","_links":{"self":[{"href":"https:\/\/lwid.dk\/ro\/wp-json\/wp\/v2\/posts\/15894","targetHints":{"allow":["GET"]}}],"collection":[{"href":"https:\/\/lwid.dk\/ro\/wp-json\/wp\/v2\/posts"}],"about":[{"href":"https:\/\/lwid.dk\/ro\/wp-json\/wp\/v2\/types\/post"}],"author":[{"embeddable":true,"href":"https:\/\/lwid.dk\/ro\/wp-json\/wp\/v2\/users\/27"}],"replies":[{"embeddable":true,"href":"https:\/\/lwid.dk\/ro\/wp-json\/wp\/v2\/comments?post=15894"}],"version-history":[{"count":1,"href":"https:\/\/lwid.dk\/ro\/wp-json\/wp\/v2\/posts\/15894\/revisions"}],"predecessor-version":[{"id":15895,"href":"https:\/\/lwid.dk\/ro\/wp-json\/wp\/v2\/posts\/15894\/revisions\/15895"}],"wp:featuredmedia":[{"embeddable":true,"href":"https:\/\/lwid.dk\/ro\/wp-json\/wp\/v2\/media\/6462"}],"wp:attachment":[{"href":"https:\/\/lwid.dk\/ro\/wp-json\/wp\/v2\/media?parent=15894"}],"wp:term":[{"taxonomy":"category","embeddable":true,"href":"https:\/\/lwid.dk\/ro\/wp-json\/wp\/v2\/categories?post=15894"},{"taxonomy":"post_tag","embeddable":true,"href":"https:\/\/lwid.dk\/ro\/wp-json\/wp\/v2\/tags?post=15894"}],"curies":[{"name":"wp","href":"https:\/\/api.w.org\/{rel}","templated":true}]}}