{"id":15938,"date":"2024-04-14T17:31:44","date_gmt":"2024-04-14T16:31:44","guid":{"rendered":"https:\/\/lwid.dk\/?p=15938"},"modified":"2026-09-01T17:34:36","modified_gmt":"2026-09-01T16:34:36","slug":"perspective-asupra-stilului-de-viata-danez-saptamana-15","status":"publish","type":"post","link":"https:\/\/lwid.dk\/ro\/perspective-asupra-stilului-de-viata-danez-saptamana-15\/","title":{"rendered":"Perspective asupra stilului de via\u021b\u0103 danez &#8211; S\u0103pt\u0103m\u00e2na 15"},"content":{"rendered":"\r\n<p class=\"wp-block-paragraph\">Scutura\u021bi-v\u0103 p\u0103turile de picnic &#8211; soarele str\u0103luce\u0219te \u0219i este timpul de ie\u0219it la iarb\u0103 verde! \u0218tiai c\u0103 picnicurile sunt at\u00e2t de daneze \u00eenc\u00e2t au jucat \u0219i un rol \u00een originea sm\u00f8rrebr\u00f8d-ului, cel mai faimos fel de m\u00e2ncare din \u021bar\u0103? Aceasta const\u0103 \u00een p\u00e2ine neagr\u0103 cu toppinguri precum ou, cartofi, somon \u0219i alte tipuri de pe\u0219te, legume \u0219i sosuri. Sm\u00f8rrebr\u00f8d-ul a devenit popular pe vremuri, c\u00e2nd so\u021biile fermierilor str\u00e2ngeau resturile din ziua anterioar\u0103 pe o farfurie cu p\u00e2ine \u0219i le duceau la c\u00e2mp.<\/p>\r\n\r\n\r\n\r\n<p class=\"wp-block-paragraph\">Cealalt\u0103 atrac\u021bie interesant\u0103 care revine odat\u0103 cu sezonul o reprezint\u0103 t\u00e2rgurile de vechituri, activitate care are loc de obicei s\u00e2mb\u0103ta sau duminica diminea\u021ba. De la haine \u0219i pantofi p\u00e2n\u0103 la mobilier \u0219i decor, po\u021bi negocia achizi\u021bia celor mai bune articole din ora\u0219 la pre\u021buri ieftine, pl\u0103tind fie cash, fie cu MobilePay. \u00cen jurul ora\u0219ului Copenhaga, unele dintre zonele populare sunt Gentofte, Frederiksberg sau Veras Market. \u00cen alte ora\u0219e, t\u00e2rgurile sunt organizate \u00een pie\u021be sau parcuri mari, precum Habengut Marked \u00een Aarhus sau Edisonsvej \u00een Odense.<\/p>\r\n\r\n\r\n\r\n<p class=\"wp-block-paragraph\">Pentru a da tonul acestor planuri de prim\u0103var\u0103, cire\u0219ii sunt \u00een plin\u0103 floare. Florile roz pot fi v\u0103zute \u00een toat\u0103 \u021bara, cele mai bune zone fiind parcul Langelinie \u0219i Cimitirul Bispebjerg din Copenhaga, Parcul Memorial din Aarhus, JL Heibergs Vej din Odense \u0219i Cimitirul N\u00f8rresundby din Aalborg.<\/p>\r\n\r\n\r\n\r\n<p class=\"wp-block-paragraph\">Vineri, pe 12 aprilie, Danemarca a s\u0103rb\u0103torit \u0219i Ziua interna\u021bional\u0103 a lemnului-dulce (lakrids). Pentru danezi, totul are leg\u0103tur\u0103 cu lemnul-dulce (lakrids). Substan\u021ba neagr\u0103 deriv\u0103 din r\u0103d\u0103cina Glycyrrhiza, o plant\u0103 din familia leguminoaselor. \u00cen mod natural foarte dulce, iar atunci c\u00e2nd este amestecat\u0103 cu clorur\u0103 de amoniu (un tip de sare) creeaz\u0103 un gust dulce-s\u0103rat care are propriet\u0103\u021bi medicinale \u0219i poate fi g\u0103sit \u00een dulciurile daneze, ciocolat\u0103, cocktailuri (\u0219i aproape orice altceva). La sf\u00e2r\u0219itul anilor 1800, marca Gajol a popularizat salmiakki, un tip de lemn dulce sub form\u0103 de bomboane mici, negre \u0219i s\u0103rate. Ast\u0103zi, este \u00eenc\u0103 cea mai faimoas\u0103 arom\u0103 a \u021b\u0103rii \u0219i una de care este aproape esen\u021bial s\u0103 te \u00eendr\u0103goste\u0219ti dac\u0103 vrei s\u0103 te bucuri din plin de via\u021ba \u00een Danemarca.<\/p>\r\n","protected":false},"excerpt":{"rendered":"<p>Scutura\u021bi-v\u0103 p\u0103turile de picnic &#8211; soarele str\u0103luce\u0219te \u0219i este timpul de ie\u0219it la iarb\u0103 verde! \u0218tiai c\u0103 picnicurile sunt at\u00e2t de daneze \u00eenc\u00e2t au jucat \u0219i un rol \u00een originea sm\u00f8rrebr\u00f8d-ului, cel mai faimos fel de m\u00e2ncare din \u021bar\u0103? Aceasta const\u0103 \u00een p\u00e2ine neagr\u0103 cu toppinguri precum ou, cartofi, somon \u0219i alte tipuri de pe\u0219te, [&hellip;]<\/p>\n","protected":false},"author":27,"featured_media":6462,"comment_status":"open","ping_status":"closed","sticky":false,"template":"","format":"standard","meta":{"_acf_changed":false,"_themeisle_gutenberg_block_has_review":false,"_jetpack_newsletter_access":"","_jetpack_dont_email_post_to_subs":false,"_jetpack_newsletter_tier_id":0,"_jetpack_memberships_contains_paywalled_content":false,"_jetpack_feature_clip_id":0,"_jetpack_memberships_contains_paid_content":false,"footnotes":"","jetpack_post_was_ever_published":false,"_members_access_role":[],"_members_access_error":""},"categories":[878,992],"tags":[487,1011,476],"class_list":["post-15938","post","type-post","status-publish","format-standard","has-post-thumbnail","category-navigarea-in-danemarca","category-societate","tag-mediu","tag-obiceiuri-si-traditii","tag-stil-de-viata"],"acf":[],"jetpack_sharing_enabled":true,"jetpack-related-posts":[{"id":14251,"url":"https:\/\/lwid.dk\/ro\/perspective-asupra-stilului-de-viata-danez-saptamana-10\/","url_meta":{"origin":15938,"position":0},"title":"Perspective asupra stilului de via\u021b\u0103 danez &#8211; S\u0103pt\u0103m\u00e2na 10","author":"Catalina Anapios","date":"10 martie 2024","format":false,"excerpt":"Miercuri, 13 martie, va fi prima zi a CPH:DOX, festivalul anual de filme documentare din Copenhaga. Cu 12 zile de proiec\u021bii \u0219i activit\u0103\u021bi, evenimentul aduce oameni \u00eempreun\u0103 pentru una dintre categoriile culturale favorite din Danemarca: filmul. C\u00e2t de multe \u0219tii despre asta? \u00cen iunie 1896, \u00een R\u00e5dhuspladsen din Copenhaga a\u2026","rel":"","context":"\u00cen \u201eNavigarea \u00een Danemarca\u201d","block_context":{"text":"Navigarea \u00een Danemarca","link":"https:\/\/lwid.dk\/ro\/category\/navigarea-in-danemarca\/"},"img":{"alt_text":"Viata de zi cu zi in Danemarca Last Week in Denmark","src":"https:\/\/i0.wp.com\/lwid.dk\/wp-content\/uploads\/2023\/12\/Viata-de-zi-cu-zi-in-Danemarca.jpg?resize=350%2C200&ssl=1","width":350,"height":200,"srcset":"https:\/\/i0.wp.com\/lwid.dk\/wp-content\/uploads\/2023\/12\/Viata-de-zi-cu-zi-in-Danemarca.jpg?resize=350%2C200&ssl=1 1x, https:\/\/i0.wp.com\/lwid.dk\/wp-content\/uploads\/2023\/12\/Viata-de-zi-cu-zi-in-Danemarca.jpg?resize=525%2C300&ssl=1 1.5x"},"classes":[]},{"id":13451,"url":"https:\/\/lwid.dk\/ro\/perspective-asupra-stilului-de-viata-danez-saptamana-8\/","url_meta":{"origin":15938,"position":1},"title":"Perspective asupra stilului de via\u021b\u0103 danez &#8211; S\u0103pt\u0103m\u00e2na 8","author":"Catalina Anapios","date":"25 februarie 2024","format":false,"excerpt":"S\u0103pt\u0103m\u00e2na aceasta are loc Copenhagen Bike Show, cel mai mare t\u00e2rg de biciclete din Scandinavia. \u00cent\u00e2mpl\u0103tor, au \u00eenceput s\u0103 se arate \u0219i primele semne de prim\u0103var\u0103, a\u0219a c\u0103 dac\u0103 \u00een lunile reci ai c\u0103utat ad\u0103post \u00een transportul public, ar fi timpul s\u0103 \u0219tergi praful de pe biciclet\u0103. Istoria mersului pe\u2026","rel":"","context":"\u00cen \u201eNavigarea \u00een Danemarca\u201d","block_context":{"text":"Navigarea \u00een Danemarca","link":"https:\/\/lwid.dk\/ro\/category\/navigarea-in-danemarca\/"},"img":{"alt_text":"Viata de zi cu zi in Danemarca Last Week in Denmark","src":"https:\/\/i0.wp.com\/lwid.dk\/wp-content\/uploads\/2023\/12\/Viata-de-zi-cu-zi-in-Danemarca.jpg?resize=350%2C200&ssl=1","width":350,"height":200,"srcset":"https:\/\/i0.wp.com\/lwid.dk\/wp-content\/uploads\/2023\/12\/Viata-de-zi-cu-zi-in-Danemarca.jpg?resize=350%2C200&ssl=1 1x, https:\/\/i0.wp.com\/lwid.dk\/wp-content\/uploads\/2023\/12\/Viata-de-zi-cu-zi-in-Danemarca.jpg?resize=525%2C300&ssl=1 1.5x"},"classes":[]},{"id":16059,"url":"https:\/\/lwid.dk\/ro\/perspective-asupra-stilului-de-viata-danez-saptamana-19\/","url_meta":{"origin":15938,"position":2},"title":"Perspective asupra stilului de via\u021b\u0103 danez &#8211; S\u0103pt\u0103m\u00e2na 19","author":"Catalina Anapios","date":"12 mai 2024","format":false,"excerpt":"Gl\u00e6delig mors dag! Pentru Danemarca, Ziua Mamei este s\u0103rb\u0103torit\u0103 \u00eentotdeauna \u00een a 2-a duminic\u0103 a lunii mai, care anul acesta cade pe 12 mai. Aceast\u0103 dat\u0103 coincide cu prima Zi a Mamei din 1929, c\u00e2nd ofi\u021berul Christian Svenningsen a importat s\u0103rb\u0103toarea din Statele Unite. Ini\u021bial, inten\u021bia a fost de a\u2026","rel":"","context":"\u00cen \u201eNavigarea \u00een Danemarca\u201d","block_context":{"text":"Navigarea \u00een Danemarca","link":"https:\/\/lwid.dk\/ro\/category\/navigarea-in-danemarca\/"},"img":{"alt_text":"Viata de zi cu zi in Danemarca Last Week in Denmark","src":"https:\/\/i0.wp.com\/lwid.dk\/wp-content\/uploads\/2023\/12\/Viata-de-zi-cu-zi-in-Danemarca.jpg?resize=350%2C200&ssl=1","width":350,"height":200,"srcset":"https:\/\/i0.wp.com\/lwid.dk\/wp-content\/uploads\/2023\/12\/Viata-de-zi-cu-zi-in-Danemarca.jpg?resize=350%2C200&ssl=1 1x, https:\/\/i0.wp.com\/lwid.dk\/wp-content\/uploads\/2023\/12\/Viata-de-zi-cu-zi-in-Danemarca.jpg?resize=525%2C300&ssl=1 1.5x"},"classes":[]},{"id":8830,"url":"https:\/\/lwid.dk\/ro\/perspective-asupra-stilului-de-viata-danez\/","url_meta":{"origin":15938,"position":3},"title":"Perspective asupra stilului de via\u021b\u0103 danez","author":"Catalina Anapios","date":"28 ianuarie 2024","format":false,"excerpt":"\u00cen aceast\u0103 perioad\u0103 p\u00e2n\u0103 la Fastelavn, Fastelavnsboller este cuv\u00e2ntul zilei. Cu toate acestea, vremea rece \u00eenseamn\u0103 c\u0103 danezii \u00eenc\u0103 se bucur\u0103 de \u00eent\u00e2lniri \u00een interior cu jocuri, arte \u0219i me\u0219te\u0219uguri. Pentru familiile din Danemarca, jocurile de societate sunt un lucru important. Unii ar \u00eendr\u0103zni s\u0103 spun\u0103 c\u0103 aceasta este o\u2026","rel":"","context":"\u00cen \u201eNavigarea \u00een Danemarca\u201d","block_context":{"text":"Navigarea \u00een Danemarca","link":"https:\/\/lwid.dk\/ro\/category\/navigarea-in-danemarca\/"},"img":{"alt_text":"Viata de zi cu zi in Danemarca Last Week in Denmark","src":"https:\/\/i0.wp.com\/lwid.dk\/wp-content\/uploads\/2023\/12\/Viata-de-zi-cu-zi-in-Danemarca.jpg?resize=350%2C200&ssl=1","width":350,"height":200,"srcset":"https:\/\/i0.wp.com\/lwid.dk\/wp-content\/uploads\/2023\/12\/Viata-de-zi-cu-zi-in-Danemarca.jpg?resize=350%2C200&ssl=1 1x, https:\/\/i0.wp.com\/lwid.dk\/wp-content\/uploads\/2023\/12\/Viata-de-zi-cu-zi-in-Danemarca.jpg?resize=525%2C300&ssl=1 1.5x"},"classes":[]},{"id":15894,"url":"https:\/\/lwid.dk\/ro\/perspective-asupra-stilului-de-viata-danez-saptamana-16\/","url_meta":{"origin":15938,"position":4},"title":"Perspective asupra stilului de via\u021b\u0103 danez &#8211; S\u0103pt\u0103m\u00e2na 16","author":"Catalina Anapios","date":"21 aprilie 2024","format":false,"excerpt":"\u00cen 2024 se marcheaz\u0103 primul an din 1686 \u00een care Ziua Marii Rug\u0103ciuni (Store bededag) nu va fi s\u0103rb\u0103torit\u0103 ca s\u0103rb\u0103toare public\u0103 \u00een Danemarca. Data cade de obicei \u00een a patra vineri dup\u0103 Duminica Pa\u0219telui \u0219i este destinat\u0103 ca o zi pentru poc\u0103in\u021b\u0103, rug\u0103ciune \u0219i post. Anul trecut, guvernul condus\u2026","rel":"","context":"\u00cen \u201eNavigarea \u00een Danemarca\u201d","block_context":{"text":"Navigarea \u00een Danemarca","link":"https:\/\/lwid.dk\/ro\/category\/navigarea-in-danemarca\/"},"img":{"alt_text":"Viata de zi cu zi in Danemarca Last Week in Denmark","src":"https:\/\/i0.wp.com\/lwid.dk\/wp-content\/uploads\/2023\/12\/Viata-de-zi-cu-zi-in-Danemarca.jpg?resize=350%2C200&ssl=1","width":350,"height":200,"srcset":"https:\/\/i0.wp.com\/lwid.dk\/wp-content\/uploads\/2023\/12\/Viata-de-zi-cu-zi-in-Danemarca.jpg?resize=350%2C200&ssl=1 1x, https:\/\/i0.wp.com\/lwid.dk\/wp-content\/uploads\/2023\/12\/Viata-de-zi-cu-zi-in-Danemarca.jpg?resize=525%2C300&ssl=1 1.5x"},"classes":[]},{"id":15979,"url":"https:\/\/lwid.dk\/ro\/perspective-asupra-stilului-de-viata-danez-saptamana-17\/","url_meta":{"origin":15938,"position":5},"title":"Perspective asupra stilului de via\u021b\u0103 danez &#8211; S\u0103pt\u0103m\u00e2na 17","author":"Catalina Anapios","date":"28 aprilie 2024","format":false,"excerpt":"De\u0219i nu este considerat\u0103 o s\u0103rb\u0103toare na\u021bional\u0103 \u00een Danemarca, 1 mai marcheaz\u0103 Arbejdernes Kampdag (Ziua Muncii). \u00cen unele municipalit\u0103\u021bi, precum Copenhaga, data respectiv\u0103 este o zi liber\u0103 obligatorie \u00een \u0219coli. Danemarca se remarc\u0103 ca fiind un loc favorabil pentru munc\u0103 la nivel mondial: \u00een 2023, Copenhaga a ocupat locul 3\u2026","rel":"","context":"\u00cen \u201eNavigarea \u00een Danemarca\u201d","block_context":{"text":"Navigarea \u00een Danemarca","link":"https:\/\/lwid.dk\/ro\/category\/navigarea-in-danemarca\/"},"img":{"alt_text":"Viata de zi cu zi in Danemarca Last Week in Denmark","src":"https:\/\/i0.wp.com\/lwid.dk\/wp-content\/uploads\/2023\/12\/Viata-de-zi-cu-zi-in-Danemarca.jpg?resize=350%2C200&ssl=1","width":350,"height":200,"srcset":"https:\/\/i0.wp.com\/lwid.dk\/wp-content\/uploads\/2023\/12\/Viata-de-zi-cu-zi-in-Danemarca.jpg?resize=350%2C200&ssl=1 1x, https:\/\/i0.wp.com\/lwid.dk\/wp-content\/uploads\/2023\/12\/Viata-de-zi-cu-zi-in-Danemarca.jpg?resize=525%2C300&ssl=1 1.5x"},"classes":[]}],"jetpack_featured_media_url":"https:\/\/lwid.dk\/wp-content\/uploads\/2023\/12\/Viata-de-zi-cu-zi-in-Danemarca.jpg","_links":{"self":[{"href":"https:\/\/lwid.dk\/ro\/wp-json\/wp\/v2\/posts\/15938","targetHints":{"allow":["GET"]}}],"collection":[{"href":"https:\/\/lwid.dk\/ro\/wp-json\/wp\/v2\/posts"}],"about":[{"href":"https:\/\/lwid.dk\/ro\/wp-json\/wp\/v2\/types\/post"}],"author":[{"embeddable":true,"href":"https:\/\/lwid.dk\/ro\/wp-json\/wp\/v2\/users\/27"}],"replies":[{"embeddable":true,"href":"https:\/\/lwid.dk\/ro\/wp-json\/wp\/v2\/comments?post=15938"}],"version-history":[{"count":1,"href":"https:\/\/lwid.dk\/ro\/wp-json\/wp\/v2\/posts\/15938\/revisions"}],"predecessor-version":[{"id":15939,"href":"https:\/\/lwid.dk\/ro\/wp-json\/wp\/v2\/posts\/15938\/revisions\/15939"}],"wp:featuredmedia":[{"embeddable":true,"href":"https:\/\/lwid.dk\/ro\/wp-json\/wp\/v2\/media\/6462"}],"wp:attachment":[{"href":"https:\/\/lwid.dk\/ro\/wp-json\/wp\/v2\/media?parent=15938"}],"wp:term":[{"taxonomy":"category","embeddable":true,"href":"https:\/\/lwid.dk\/ro\/wp-json\/wp\/v2\/categories?post=15938"},{"taxonomy":"post_tag","embeddable":true,"href":"https:\/\/lwid.dk\/ro\/wp-json\/wp\/v2\/tags?post=15938"}],"curies":[{"name":"wp","href":"https:\/\/api.w.org\/{rel}","templated":true}]}}