{"id":16022,"date":"2024-05-05T20:44:50","date_gmt":"2024-05-05T19:44:50","guid":{"rendered":"https:\/\/lwid.dk\/?p=16022"},"modified":"2026-09-01T17:29:52","modified_gmt":"2026-09-01T16:29:52","slug":"perspective-asupra-stilului-de-viata-danez-saptamana-18","status":"publish","type":"post","link":"https:\/\/lwid.dk\/ro\/perspective-asupra-stilului-de-viata-danez-saptamana-18\/","title":{"rendered":"Perspective asupra stilului de via\u021b\u0103 danez &#8211; S\u0103pt\u0103m\u00e2na 18"},"content":{"rendered":"\r\n<p class=\"wp-block-paragraph\">Ridica\u021bi-v\u0103 steagurile: ast\u0103zi s\u0103rb\u0103torim Danmarks Befrielse (<a href=\"https:\/\/www.kb.dk\/inspiration\/befrielsen\">Ziua Eliber\u0103rii Danemarcei<\/a>), dup\u0103 ce \u021bara \u0219i-a rec\u00e2\u0219tigat libertatea \u00een fa\u021ba Germaniei \u00een 1945. Av\u00e2nd \u00een vedere Ziua Mondial\u0103 a Libert\u0103\u021bii Presei de s\u0103pt\u0103m\u00e2na trecut\u0103, s\u0103 arunc\u0103m o privire asupra jurnalismului danez din timpul ocupa\u021biei. De\u0219i mass-media a fost foarte cenzurat\u0103, ziarele necenzurate \u0219i-au g\u0103sit o cale de a continua. Presa ilegal\u0103 \u0219i-a f\u0103cut apari\u021bia printre danezi, Biblioteca Regal\u0103 fiind unul dintre destinatarii secre\u021bi. Pentru a r\u0103m\u00e2ne neobservate, problemele au fost adresate \u201eIstoricului\u201d \u0219i p\u0103strate \u00een arhiv\u0103. \u00centr-o noapte din 1944, bibliotecarul a fost trezit de Gestapo, care interceptase coresponden\u021ba ilegal\u0103. A fost nevoit s\u0103 predea colec\u021bia, dar lipsa luminii electrice din bibliotec\u0103 i-a permis s\u0103 scape renun\u021b\u00e2nd la doar 10 pachete care z\u0103ceau aproape de u\u015f\u0103. C\u00e2nd a fost \u00eentrebat despre alte pachete din camer\u0103, el a spus c\u0103 cutiile con\u021bineau liste de taxe. A continuat s\u0103 ascund\u0103 materialul, de data aceasta \u00een spatele unor rafturi.<\/p>\r\n\r\n\r\n\r\n<p class=\"wp-block-paragraph\">\u00cen cei cinci ani de ocupa\u021bie, danezii au fost nevoi\u021bi s\u0103-\u0219i \u00eentunece ferestrele, iar luminile stradale au fost acoperite deasupra, scopul acestei \u00eentunec\u0103ri fiind \u00eengreunarea navig\u0103rii avioanelor deasupra Danemarcei. La ora 20:35, pe 4 mai 1945, difuzarea BBC a anun\u021bat retragerea solda\u021bilor germani, care a fost urmat\u0103 de o ardere colectiv\u0103 a perdelelor. P\u00e2n\u0103 \u00een prezent, este tradi\u021bie s\u0103 se aprind\u0103 lum\u00e2n\u0103ri pe pervazurile ferestrelor \u00een seara zilei de 4 mai. \u00cen timp ce cea mai mare parte a Danemarcei a s\u0103rb\u0103torit eliberarea pe data de 5 mai, insula Bornholm a ajuns s\u0103 fie eliberat\u0103 abia \u00een 1946, c\u00e2nd solda\u021bii sovietici s-au retras.<\/p>\r\n\r\n\r\n\r\n<p class=\"wp-block-paragraph\">Maratonul de la Copenhaga, un eveniment anual care se desf\u0103\u0219oar\u0103 din 1980, are loc tot duminic\u0103, \u00een data de 5 mai. Cursa g\u0103zduie\u0219te peste 10.000 de participan\u021bi \u0219i premiul pentru primul loc este de 8.000 de euro, plus un bonus de 4.000 de euro pentru noi recorduri. Verific\u0103 <a href=\"https:\/\/map.copenhagenmarathon.dk\/?lang=en#\/\">harta traseului<\/a> din acest an pentru a afla unde \u00eel po\u021bi urm\u0103ri \u0219i pentru a fi la curent cu modific\u0103rile din trafic.<\/p>\r\n\r\n\r\n\r\n<p class=\"wp-block-paragraph\">Joi, 9 mai, vom celebra Ziua \u00cen\u0103l\u021b\u0103rii Domnului printr-o s\u0103rb\u0103toare na\u021bional\u0103.<\/p>\r\n","protected":false},"excerpt":{"rendered":"<p>Ridica\u021bi-v\u0103 steagurile: ast\u0103zi s\u0103rb\u0103torim Danmarks Befrielse (Ziua Eliber\u0103rii Danemarcei), dup\u0103 ce \u021bara \u0219i-a rec\u00e2\u0219tigat libertatea \u00een fa\u021ba Germaniei \u00een 1945. Av\u00e2nd \u00een vedere Ziua Mondial\u0103 a Libert\u0103\u021bii Presei de s\u0103pt\u0103m\u00e2na trecut\u0103, s\u0103 arunc\u0103m o privire asupra jurnalismului danez din timpul ocupa\u021biei. De\u0219i mass-media a fost foarte cenzurat\u0103, ziarele necenzurate \u0219i-au g\u0103sit o cale de a [&hellip;]<\/p>\n","protected":false},"author":27,"featured_media":6462,"comment_status":"open","ping_status":"closed","sticky":false,"template":"","format":"standard","meta":{"_acf_changed":false,"_themeisle_gutenberg_block_has_review":false,"_jetpack_newsletter_access":"","_jetpack_dont_email_post_to_subs":false,"_jetpack_newsletter_tier_id":0,"_jetpack_memberships_contains_paywalled_content":false,"_jetpack_feature_clip_id":0,"_jetpack_memberships_contains_paid_content":false,"footnotes":"","jetpack_post_was_ever_published":false,"_members_access_role":[],"_members_access_error":""},"categories":[878,992],"tags":[1008,1017,476],"class_list":["post-16022","post","type-post","status-publish","format-standard","has-post-thumbnail","category-navigarea-in-danemarca","category-societate","tag-istorie","tag-sport","tag-stil-de-viata"],"acf":[],"jetpack_sharing_enabled":true,"jetpack-related-posts":[{"id":15894,"url":"https:\/\/lwid.dk\/ro\/perspective-asupra-stilului-de-viata-danez-saptamana-16\/","url_meta":{"origin":16022,"position":0},"title":"Perspective asupra stilului de via\u021b\u0103 danez &#8211; S\u0103pt\u0103m\u00e2na 16","author":"Catalina Anapios","date":"21 aprilie 2024","format":false,"excerpt":"\u00cen 2024 se marcheaz\u0103 primul an din 1686 \u00een care Ziua Marii Rug\u0103ciuni (Store bededag) nu va fi s\u0103rb\u0103torit\u0103 ca s\u0103rb\u0103toare public\u0103 \u00een Danemarca. Data cade de obicei \u00een a patra vineri dup\u0103 Duminica Pa\u0219telui \u0219i este destinat\u0103 ca o zi pentru poc\u0103in\u021b\u0103, rug\u0103ciune \u0219i post. Anul trecut, guvernul condus\u2026","rel":"","context":"\u00cen \u201eNavigarea \u00een Danemarca\u201d","block_context":{"text":"Navigarea \u00een Danemarca","link":"https:\/\/lwid.dk\/ro\/category\/navigarea-in-danemarca\/"},"img":{"alt_text":"Viata de zi cu zi in Danemarca Last Week in Denmark","src":"https:\/\/i0.wp.com\/lwid.dk\/wp-content\/uploads\/2023\/12\/Viata-de-zi-cu-zi-in-Danemarca.jpg?resize=350%2C200&ssl=1","width":350,"height":200,"srcset":"https:\/\/i0.wp.com\/lwid.dk\/wp-content\/uploads\/2023\/12\/Viata-de-zi-cu-zi-in-Danemarca.jpg?resize=350%2C200&ssl=1 1x, https:\/\/i0.wp.com\/lwid.dk\/wp-content\/uploads\/2023\/12\/Viata-de-zi-cu-zi-in-Danemarca.jpg?resize=525%2C300&ssl=1 1.5x"},"classes":[]},{"id":13351,"url":"https:\/\/lwid.dk\/ro\/perspective-asupra-stilului-de-viata-danez-saptamana-7\/","url_meta":{"origin":16022,"position":1},"title":"Perspective asupra stilului de via\u021b\u0103 danez &#8211; S\u0103pt\u0103m\u00e2na 7","author":"Catalina Anapios","date":"18 februarie 2024","format":false,"excerpt":"Au trecut dou\u0103 luni de la sosirea iernii, probabil cea mai provocatoare perioad\u0103 din an: toamna ploioas\u0103 a trecut de mult, \u00eens\u0103 soarele nu este \u00eenc\u0103 gata s\u0103 aduc\u0103 prim\u0103vara. Acum ar fi poate momentul s\u0103 \u00eencerci \u0219i tu una din cele mai populare tradi\u021bii din Scandinavia: baie \u00een mare\u2026","rel":"","context":"\u00cen \u201eNavigarea \u00een Danemarca\u201d","block_context":{"text":"Navigarea \u00een Danemarca","link":"https:\/\/lwid.dk\/ro\/category\/navigarea-in-danemarca\/"},"img":{"alt_text":"Viata de zi cu zi in Danemarca Last Week in Denmark","src":"https:\/\/i0.wp.com\/lwid.dk\/wp-content\/uploads\/2023\/12\/Viata-de-zi-cu-zi-in-Danemarca.jpg?resize=350%2C200&ssl=1","width":350,"height":200,"srcset":"https:\/\/i0.wp.com\/lwid.dk\/wp-content\/uploads\/2023\/12\/Viata-de-zi-cu-zi-in-Danemarca.jpg?resize=350%2C200&ssl=1 1x, https:\/\/i0.wp.com\/lwid.dk\/wp-content\/uploads\/2023\/12\/Viata-de-zi-cu-zi-in-Danemarca.jpg?resize=525%2C300&ssl=1 1.5x"},"classes":[]},{"id":13916,"url":"https:\/\/lwid.dk\/ro\/perspective-asupra-stilului-de-viata-danez-saptamana-9\/","url_meta":{"origin":16022,"position":2},"title":"Perspective asupra stilului de via\u021b\u0103 danez &#8211; S\u0103pt\u0103m\u00e2na 9","author":"Catalina Anapios","date":"3 martie 2024","format":false,"excerpt":"S\u0103pt\u0103m\u00e2na aceasta este s\u0103pt\u0103m\u00e2na violet \u0219i s\u0103rb\u0103torim Ziua Interna\u021bional\u0103 a Femeii. Conform 2023 Women Peace and Security Index, Danemarca ocup\u0103 primul loc la calitatea vie\u021bii feminine: femeile sunt mai \u00een siguran\u021b\u0103, egale \u00een drepturi \u0219i au acces mai bun la justi\u021bie aici dec\u00e2t oriunde altundeva \u00een lume. Danemarca se afl\u0103\u2026","rel":"","context":"\u00cen \u201eNavigarea \u00een Danemarca\u201d","block_context":{"text":"Navigarea \u00een Danemarca","link":"https:\/\/lwid.dk\/ro\/category\/navigarea-in-danemarca\/"},"img":{"alt_text":"Viata de zi cu zi in Danemarca Last Week in Denmark","src":"https:\/\/i0.wp.com\/lwid.dk\/wp-content\/uploads\/2023\/12\/Viata-de-zi-cu-zi-in-Danemarca.jpg?resize=350%2C200&ssl=1","width":350,"height":200,"srcset":"https:\/\/i0.wp.com\/lwid.dk\/wp-content\/uploads\/2023\/12\/Viata-de-zi-cu-zi-in-Danemarca.jpg?resize=350%2C200&ssl=1 1x, https:\/\/i0.wp.com\/lwid.dk\/wp-content\/uploads\/2023\/12\/Viata-de-zi-cu-zi-in-Danemarca.jpg?resize=525%2C300&ssl=1 1.5x"},"classes":[]},{"id":15329,"url":"https:\/\/lwid.dk\/ro\/perspective-asupra-stilului-de-viata-danez-saptamana-14\/","url_meta":{"origin":16022,"position":3},"title":"Perspective asupra stilului de via\u021b\u0103 danez &#8211; S\u0103pt\u0103m\u00e2na 14","author":"Catalina Anapios","date":"7 aprilie 2024","format":false,"excerpt":"S\u0103pt\u0103m\u00e2na trecut\u0103, Danemarca s-a bucurat de o vacan\u021b\u0103 prelungit\u0103 de cinci zile, P\u00e5skefrokost (pr\u00e2nzul de Pa\u0219te) \u0219i o cantitate decent\u0103 de soare - cel pu\u021bin \u00een unele p\u0103r\u021bi ale \u021b\u0103rii. Pentru a \u00eencununa sf\u00e2r\u0219itul vacan\u021bei de Pa\u0219te, mar\u021bi, 2 aprilie, a fost aniversarea na\u0219terii unuia dintre cei mai faimo\u0219i danezi,\u2026","rel":"","context":"\u00cen \u201eNavigarea \u00een Danemarca\u201d","block_context":{"text":"Navigarea \u00een Danemarca","link":"https:\/\/lwid.dk\/ro\/category\/navigarea-in-danemarca\/"},"img":{"alt_text":"Viata de zi cu zi in Danemarca Last Week in Denmark","src":"https:\/\/i0.wp.com\/lwid.dk\/wp-content\/uploads\/2023\/12\/Viata-de-zi-cu-zi-in-Danemarca.jpg?resize=350%2C200&ssl=1","width":350,"height":200,"srcset":"https:\/\/i0.wp.com\/lwid.dk\/wp-content\/uploads\/2023\/12\/Viata-de-zi-cu-zi-in-Danemarca.jpg?resize=350%2C200&ssl=1 1x, https:\/\/i0.wp.com\/lwid.dk\/wp-content\/uploads\/2023\/12\/Viata-de-zi-cu-zi-in-Danemarca.jpg?resize=525%2C300&ssl=1 1.5x"},"classes":[]},{"id":14251,"url":"https:\/\/lwid.dk\/ro\/perspective-asupra-stilului-de-viata-danez-saptamana-10\/","url_meta":{"origin":16022,"position":4},"title":"Perspective asupra stilului de via\u021b\u0103 danez &#8211; S\u0103pt\u0103m\u00e2na 10","author":"Catalina Anapios","date":"10 martie 2024","format":false,"excerpt":"Miercuri, 13 martie, va fi prima zi a CPH:DOX, festivalul anual de filme documentare din Copenhaga. Cu 12 zile de proiec\u021bii \u0219i activit\u0103\u021bi, evenimentul aduce oameni \u00eempreun\u0103 pentru una dintre categoriile culturale favorite din Danemarca: filmul. C\u00e2t de multe \u0219tii despre asta? \u00cen iunie 1896, \u00een R\u00e5dhuspladsen din Copenhaga a\u2026","rel":"","context":"\u00cen \u201eNavigarea \u00een Danemarca\u201d","block_context":{"text":"Navigarea \u00een Danemarca","link":"https:\/\/lwid.dk\/ro\/category\/navigarea-in-danemarca\/"},"img":{"alt_text":"Viata de zi cu zi in Danemarca Last Week in Denmark","src":"https:\/\/i0.wp.com\/lwid.dk\/wp-content\/uploads\/2023\/12\/Viata-de-zi-cu-zi-in-Danemarca.jpg?resize=350%2C200&ssl=1","width":350,"height":200,"srcset":"https:\/\/i0.wp.com\/lwid.dk\/wp-content\/uploads\/2023\/12\/Viata-de-zi-cu-zi-in-Danemarca.jpg?resize=350%2C200&ssl=1 1x, https:\/\/i0.wp.com\/lwid.dk\/wp-content\/uploads\/2023\/12\/Viata-de-zi-cu-zi-in-Danemarca.jpg?resize=525%2C300&ssl=1 1.5x"},"classes":[]},{"id":16059,"url":"https:\/\/lwid.dk\/ro\/perspective-asupra-stilului-de-viata-danez-saptamana-19\/","url_meta":{"origin":16022,"position":5},"title":"Perspective asupra stilului de via\u021b\u0103 danez &#8211; S\u0103pt\u0103m\u00e2na 19","author":"Catalina Anapios","date":"12 mai 2024","format":false,"excerpt":"Gl\u00e6delig mors dag! Pentru Danemarca, Ziua Mamei este s\u0103rb\u0103torit\u0103 \u00eentotdeauna \u00een a 2-a duminic\u0103 a lunii mai, care anul acesta cade pe 12 mai. Aceast\u0103 dat\u0103 coincide cu prima Zi a Mamei din 1929, c\u00e2nd ofi\u021berul Christian Svenningsen a importat s\u0103rb\u0103toarea din Statele Unite. Ini\u021bial, inten\u021bia a fost de a\u2026","rel":"","context":"\u00cen \u201eNavigarea \u00een Danemarca\u201d","block_context":{"text":"Navigarea \u00een Danemarca","link":"https:\/\/lwid.dk\/ro\/category\/navigarea-in-danemarca\/"},"img":{"alt_text":"Viata de zi cu zi in Danemarca Last Week in Denmark","src":"https:\/\/i0.wp.com\/lwid.dk\/wp-content\/uploads\/2023\/12\/Viata-de-zi-cu-zi-in-Danemarca.jpg?resize=350%2C200&ssl=1","width":350,"height":200,"srcset":"https:\/\/i0.wp.com\/lwid.dk\/wp-content\/uploads\/2023\/12\/Viata-de-zi-cu-zi-in-Danemarca.jpg?resize=350%2C200&ssl=1 1x, https:\/\/i0.wp.com\/lwid.dk\/wp-content\/uploads\/2023\/12\/Viata-de-zi-cu-zi-in-Danemarca.jpg?resize=525%2C300&ssl=1 1.5x"},"classes":[]}],"jetpack_featured_media_url":"https:\/\/lwid.dk\/wp-content\/uploads\/2023\/12\/Viata-de-zi-cu-zi-in-Danemarca.jpg","_links":{"self":[{"href":"https:\/\/lwid.dk\/ro\/wp-json\/wp\/v2\/posts\/16022","targetHints":{"allow":["GET"]}}],"collection":[{"href":"https:\/\/lwid.dk\/ro\/wp-json\/wp\/v2\/posts"}],"about":[{"href":"https:\/\/lwid.dk\/ro\/wp-json\/wp\/v2\/types\/post"}],"author":[{"embeddable":true,"href":"https:\/\/lwid.dk\/ro\/wp-json\/wp\/v2\/users\/27"}],"replies":[{"embeddable":true,"href":"https:\/\/lwid.dk\/ro\/wp-json\/wp\/v2\/comments?post=16022"}],"version-history":[{"count":1,"href":"https:\/\/lwid.dk\/ro\/wp-json\/wp\/v2\/posts\/16022\/revisions"}],"predecessor-version":[{"id":16023,"href":"https:\/\/lwid.dk\/ro\/wp-json\/wp\/v2\/posts\/16022\/revisions\/16023"}],"wp:featuredmedia":[{"embeddable":true,"href":"https:\/\/lwid.dk\/ro\/wp-json\/wp\/v2\/media\/6462"}],"wp:attachment":[{"href":"https:\/\/lwid.dk\/ro\/wp-json\/wp\/v2\/media?parent=16022"}],"wp:term":[{"taxonomy":"category","embeddable":true,"href":"https:\/\/lwid.dk\/ro\/wp-json\/wp\/v2\/categories?post=16022"},{"taxonomy":"post_tag","embeddable":true,"href":"https:\/\/lwid.dk\/ro\/wp-json\/wp\/v2\/tags?post=16022"}],"curies":[{"name":"wp","href":"https:\/\/api.w.org\/{rel}","templated":true}]}}