{"id":16059,"date":"2024-05-12T21:35:38","date_gmt":"2024-05-12T20:35:38","guid":{"rendered":"https:\/\/lwid.dk\/?p=16059"},"modified":"2026-09-01T17:28:06","modified_gmt":"2026-09-01T16:28:06","slug":"perspective-asupra-stilului-de-viata-danez-saptamana-19","status":"publish","type":"post","link":"https:\/\/lwid.dk\/ro\/perspective-asupra-stilului-de-viata-danez-saptamana-19\/","title":{"rendered":"Perspective asupra stilului de via\u021b\u0103 danez &#8211; S\u0103pt\u0103m\u00e2na 19"},"content":{"rendered":"\r\n<p class=\"wp-block-paragraph\">Gl\u00e6delig mors dag! Pentru Danemarca, Ziua Mamei este s\u0103rb\u0103torit\u0103 \u00eentotdeauna \u00een a 2-a duminic\u0103 a lunii mai, care anul acesta cade pe 12 mai. Aceast\u0103 dat\u0103 coincide cu prima Zi a Mamei din 1929, c\u00e2nd ofi\u021berul Christian Svenningsen a importat s\u0103rb\u0103toarea din Statele Unite. Ini\u021bial, inten\u021bia a fost de a avea o scuz\u0103 nobil\u0103 pentru a colecta bani pentru v\u0103duvele \u0219i mamele de r\u0103zboi care \u00ee\u0219i pierduser\u0103 copiii \u00een timpul r\u0103zboiului.<\/p>\r\n\r\n\r\n\r\n<p class=\"wp-block-paragraph\">Ca \u00een multe alte locuri, cadoul tipic de la copiii \u0219i partenerii danezi sunt florile. Cu toate acestea, na\u021biunea are propriul ei detaliu unic: din 1969, compania regal\u0103 de por\u021belan din Copenhaga, Bing &amp; Gr\u00f8ndahl, produce o farfurie comemorativ\u0103 pentru Mors Dag. \u00cen fiecare an, este lansat\u0103 o nou\u0103 edi\u021bie, care con\u021bine de obicei un design al unui animal \u0219i al copiilor s\u0103i, aduce un omagiu leg\u0103turii speciale dintre mam\u0103 \u0219i copil. Anul acesta, designul este un castor care \u00ee\u0219i \u00eembr\u0103\u021bi\u0219eaz\u0103 puii cu coada ei distinctiv\u0103.<\/p>\r\n\r\n\r\n\r\n<p class=\"wp-block-paragraph\">\u00cen restul anului, mamele sunt \u201es\u0103rb\u0103torite\u201d av\u00e2nd legi orientate spre copii care \u00eencurajeaz\u0103 egalitatea \u0219i echilibrul. De exemplu, fiecare p\u0103rinte care lucreaz\u0103 cu norm\u0103 \u00eentreag\u0103 are dreptul la 11 s\u0103pt\u0103m\u00e2ni netransferabile de concediu pentru cre\u0219terea copilului, cu alte 26 de s\u0103pt\u0103m\u00e2ni care pot fi \u00eemp\u0103r\u021bite. \u00cen func\u021bie de circumstan\u021b\u0103, p\u0103rin\u021bii pot primi \u0219i aloca\u021bii pentru copii de la stat, cunoscute sub numele de b\u00f8rnepenge.<\/p>\r\n\r\n\r\n\r\n<p class=\"wp-block-paragraph\">Legile maternit\u0103\u021bii pun, de asemenea, accent pe sprijinul emo\u021bional \u0219i aici intr\u0103 \u00een joc \u201egrupurile de mame\u201d. Pe l\u00e2ng\u0103 faptul c\u0103 primesc vizite regulate de la asistente la domiciliu, proaspetele mame sunt \u201epotrivite\u201d cu alte femei care au n\u0103scut cam \u00een acela\u0219i timp pentru a facilita sprijinul, compania \u0219i prieteniile dintre femei \u0219i bebelu\u0219i. \u00centruc\u00e2t limba poate fi o barier\u0103, spitalele reunesc de obicei mamele interna\u021bionale. Consiliul Danez pentru Refugia\u021bi lucreaz\u0103 \u00een prezent la organizarea de grupuri locale special adaptate nevoilor mamelor care sunt noi \u00een Danemarca.<\/p>\r\n","protected":false},"excerpt":{"rendered":"<p>Gl\u00e6delig mors dag! Pentru Danemarca, Ziua Mamei este s\u0103rb\u0103torit\u0103 \u00eentotdeauna \u00een a 2-a duminic\u0103 a lunii mai, care anul acesta cade pe 12 mai. Aceast\u0103 dat\u0103 coincide cu prima Zi a Mamei din 1929, c\u00e2nd ofi\u021berul Christian Svenningsen a importat s\u0103rb\u0103toarea din Statele Unite. Ini\u021bial, inten\u021bia a fost de a avea o scuz\u0103 nobil\u0103 pentru [&hellip;]<\/p>\n","protected":false},"author":27,"featured_media":6462,"comment_status":"open","ping_status":"closed","sticky":false,"template":"","format":"standard","meta":{"_acf_changed":false,"_themeisle_gutenberg_block_has_review":false,"_jetpack_newsletter_access":"","_jetpack_dont_email_post_to_subs":false,"_jetpack_newsletter_tier_id":0,"_jetpack_memberships_contains_paywalled_content":false,"_jetpack_feature_clip_id":0,"_jetpack_memberships_contains_paid_content":false,"footnotes":"","jetpack_post_was_ever_published":false,"_members_access_role":[],"_members_access_error":""},"categories":[878,992],"tags":[1001,1011,476],"class_list":["post-16059","post","type-post","status-publish","format-standard","has-post-thumbnail","category-navigarea-in-danemarca","category-societate","tag-diversitate-si-incluziune","tag-obiceiuri-si-traditii","tag-stil-de-viata"],"acf":[],"jetpack_sharing_enabled":true,"jetpack-related-posts":[{"id":731,"url":"https:\/\/lwid.dk\/partea-8-nasterea-bebelusului-bebelusul-prematur\/","url_meta":{"origin":16059,"position":0},"title":"Partea 8: na\u0219terea bebelu\u0219ului. Bebelu\u0219ul prematur.","author":"Alina Racila","date":"14 mai 2022","format":false,"excerpt":"\u00centr-una din vizitele la moa\u0219\u0103 (\"jordemoder\") vei fi informat\u0103 s\u0103 fii extrem de atent\u0103 la mi\u0219c\u0103rile bebelu\u0219ului \u00eencep\u00e2nd cu s\u0103pt\u0103m\u00e2na 23\/24 a sarcinii. Dac\u0103 este nevoie, po\u0163i suna la num\u0103rul indicat pe plicul galben (num\u0103rul direct al sec\u021biei pentru na\u0219teri = \u201ef\u00f8degang\u201d).\u00a0 Statistica danez\u0103 indic\u0103 c\u0103 aproximativ 6,5 % copii\u2026","rel":"","context":"Articol similar","block_context":{"text":"Articol similar","link":""},"img":{"alt_text":"","src":"","width":0,"height":0},"classes":[]},{"id":15329,"url":"https:\/\/lwid.dk\/ro\/perspective-asupra-stilului-de-viata-danez-saptamana-14\/","url_meta":{"origin":16059,"position":1},"title":"Perspective asupra stilului de via\u021b\u0103 danez &#8211; S\u0103pt\u0103m\u00e2na 14","author":"Catalina Anapios","date":"7 aprilie 2024","format":false,"excerpt":"S\u0103pt\u0103m\u00e2na trecut\u0103, Danemarca s-a bucurat de o vacan\u021b\u0103 prelungit\u0103 de cinci zile, P\u00e5skefrokost (pr\u00e2nzul de Pa\u0219te) \u0219i o cantitate decent\u0103 de soare - cel pu\u021bin \u00een unele p\u0103r\u021bi ale \u021b\u0103rii. Pentru a \u00eencununa sf\u00e2r\u0219itul vacan\u021bei de Pa\u0219te, mar\u021bi, 2 aprilie, a fost aniversarea na\u0219terii unuia dintre cei mai faimo\u0219i danezi,\u2026","rel":"","context":"\u00cen \u201eNavigarea \u00een Danemarca\u201d","block_context":{"text":"Navigarea \u00een Danemarca","link":"https:\/\/lwid.dk\/ro\/category\/navigarea-in-danemarca\/"},"img":{"alt_text":"Viata de zi cu zi in Danemarca Last Week in Denmark","src":"https:\/\/i0.wp.com\/lwid.dk\/wp-content\/uploads\/2023\/12\/Viata-de-zi-cu-zi-in-Danemarca.jpg?resize=350%2C200&ssl=1","width":350,"height":200,"srcset":"https:\/\/i0.wp.com\/lwid.dk\/wp-content\/uploads\/2023\/12\/Viata-de-zi-cu-zi-in-Danemarca.jpg?resize=350%2C200&ssl=1 1x, https:\/\/i0.wp.com\/lwid.dk\/wp-content\/uploads\/2023\/12\/Viata-de-zi-cu-zi-in-Danemarca.jpg?resize=525%2C300&ssl=1 1.5x"},"classes":[]},{"id":15979,"url":"https:\/\/lwid.dk\/ro\/perspective-asupra-stilului-de-viata-danez-saptamana-17\/","url_meta":{"origin":16059,"position":2},"title":"Perspective asupra stilului de via\u021b\u0103 danez &#8211; S\u0103pt\u0103m\u00e2na 17","author":"Catalina Anapios","date":"28 aprilie 2024","format":false,"excerpt":"De\u0219i nu este considerat\u0103 o s\u0103rb\u0103toare na\u021bional\u0103 \u00een Danemarca, 1 mai marcheaz\u0103 Arbejdernes Kampdag (Ziua Muncii). \u00cen unele municipalit\u0103\u021bi, precum Copenhaga, data respectiv\u0103 este o zi liber\u0103 obligatorie \u00een \u0219coli. Danemarca se remarc\u0103 ca fiind un loc favorabil pentru munc\u0103 la nivel mondial: \u00een 2023, Copenhaga a ocupat locul 3\u2026","rel":"","context":"\u00cen \u201eNavigarea \u00een Danemarca\u201d","block_context":{"text":"Navigarea \u00een Danemarca","link":"https:\/\/lwid.dk\/ro\/category\/navigarea-in-danemarca\/"},"img":{"alt_text":"Viata de zi cu zi in Danemarca Last Week in Denmark","src":"https:\/\/i0.wp.com\/lwid.dk\/wp-content\/uploads\/2023\/12\/Viata-de-zi-cu-zi-in-Danemarca.jpg?resize=350%2C200&ssl=1","width":350,"height":200,"srcset":"https:\/\/i0.wp.com\/lwid.dk\/wp-content\/uploads\/2023\/12\/Viata-de-zi-cu-zi-in-Danemarca.jpg?resize=350%2C200&ssl=1 1x, https:\/\/i0.wp.com\/lwid.dk\/wp-content\/uploads\/2023\/12\/Viata-de-zi-cu-zi-in-Danemarca.jpg?resize=525%2C300&ssl=1 1.5x"},"classes":[]},{"id":3229,"url":"https:\/\/lwid.dk\/ro\/modet-med-rumaeniens-umenneskelighed-aendrede-mit-liv-intalnirea-cu-cruzimea-din-romania-mi-a-schimbat-viata\/","url_meta":{"origin":16059,"position":3},"title":"\u00a0M\u00f8det med Rum\u00e6niens umenneskelighed \u00e6ndrede mit liv \/ \u00cent\u00e2lnirea cu cruzimea din Rom\u00e2nia mi-a schimbat via\u021ba","author":"Sorina Floroiu","date":"20 noiembrie 2020","format":false,"excerpt":"Articol publicat i Kristeligt Dagblad la data de 20 noiembrie 2020 Subiectul articolului:\u00a0 Psihiatru pediatric, Bente Rich, a fost una dintre primele daneze care au v\u0103zut condi\u021biile dificile \u00een care tr\u0103iau copiii \u0219i adul\u021bii neglija\u021bi din institu\u021biile din Rom\u00e2nia sub regimul lui Ceau\u0219escu. Experien\u021ba ei a determinat-o s\u0103 se dedice\u2026","rel":"","context":"\u00cen \u201eNavigarea \u00een Danemarca\u201d","block_context":{"text":"Navigarea \u00een Danemarca","link":"https:\/\/lwid.dk\/ro\/category\/navigarea-in-danemarca\/"},"img":{"alt_text":"","src":"https:\/\/i0.wp.com\/lwid.dk\/wp-content\/uploads\/2023\/10\/31.-.png?resize=350%2C200&ssl=1","width":350,"height":200},"classes":[]},{"id":5422,"url":"https:\/\/lwid.dk\/ro\/valentin-din-romania-este-indragostit-de-spiritul-de-voluntariat-din-danemarca\/","url_meta":{"origin":16059,"position":4},"title":"Valentin din Rom\u00e2nia este \u00eendr\u0103gostit de spiritul de voluntariat din Danemarca","author":"Sorina Floroiu","date":"25 noiembrie 2022","format":false,"excerpt":"Articol publicat \u00een Skive Folkeblad la data de 25 noiembrie 2022.\u00a0 Rezumat: Valentin Vorobat, aflat \u00een Danemarca de 12 ani, a fost atras de voluntariat, implic\u00e2ndu-se activ \u00een diverse organiza\u021bii \u0219i activit\u0103\u021bi comunitare. El consider\u0103 c\u0103 prin exemplul s\u0103u poate inspira \u0219i al\u021bi rom\u00e2ni s\u0103 participe la via\u021ba comunitar\u0103 din\u2026","rel":"","context":"\u00cen \u201eNavigarea \u00een Danemarca\u201d","block_context":{"text":"Navigarea \u00een Danemarca","link":"https:\/\/lwid.dk\/ro\/category\/navigarea-in-danemarca\/"},"img":{"alt_text":"","src":"https:\/\/i0.wp.com\/lwid.dk\/wp-content\/uploads\/2023\/11\/24.-Valentin.png?resize=350%2C200&ssl=1","width":350,"height":200,"srcset":"https:\/\/i0.wp.com\/lwid.dk\/wp-content\/uploads\/2023\/11\/24.-Valentin.png?resize=350%2C200&ssl=1 1x, https:\/\/i0.wp.com\/lwid.dk\/wp-content\/uploads\/2023\/11\/24.-Valentin.png?resize=525%2C300&ssl=1 1.5x, https:\/\/i0.wp.com\/lwid.dk\/wp-content\/uploads\/2023\/11\/24.-Valentin.png?resize=700%2C400&ssl=1 2x"},"classes":[]},{"id":4193,"url":"https:\/\/lwid.dk\/ro\/din-moldova-cu-dragoste-alina-si-denis-s-au-mutat-intr-o-casa-incendiata-iar-acum-candideaza-la-alegerile-municipale\/","url_meta":{"origin":16059,"position":5},"title":"Din Moldova cu dragoste: Alina \u0219i Denis s-au mutat \u00eentr-o cas\u0103 incendiat\u0103, iar acum candideaz\u0103 la alegerile municipale","author":"Sorina Floroiu","date":"3 august 2021","format":false,"excerpt":"Articol publicat in\u00a0 Jv.dk (Abonnementsomr\u00e5de) Mikkel Hausted Hanse, la data de 3 august 2021 Rezumat Alina \u0219i Denis R\u0103cil\u0103, originari din Moldova, s-au mutat \u00een Branderup, Danemarca, dup\u0103 ce au vizitat \u021bara \u00een luna de miere \u00een 2014. Ini\u021bial au lucrat ca asisten\u021bi agricoli \u0219i, ulterior, au cump\u0103rat o cas\u0103\u2026","rel":"","context":"\u00cen \u201eNavigarea \u00een Danemarca\u201d","block_context":{"text":"Navigarea \u00een Danemarca","link":"https:\/\/lwid.dk\/ro\/category\/navigarea-in-danemarca\/"},"img":{"alt_text":"","src":"https:\/\/i0.wp.com\/lwid.dk\/wp-content\/uploads\/2023\/10\/27.png?resize=350%2C200&ssl=1","width":350,"height":200,"srcset":"https:\/\/i0.wp.com\/lwid.dk\/wp-content\/uploads\/2023\/10\/27.png?resize=350%2C200&ssl=1 1x, https:\/\/i0.wp.com\/lwid.dk\/wp-content\/uploads\/2023\/10\/27.png?resize=525%2C300&ssl=1 1.5x, https:\/\/i0.wp.com\/lwid.dk\/wp-content\/uploads\/2023\/10\/27.png?resize=700%2C400&ssl=1 2x"},"classes":[]}],"jetpack_featured_media_url":"https:\/\/lwid.dk\/wp-content\/uploads\/2023\/12\/Viata-de-zi-cu-zi-in-Danemarca.jpg","_links":{"self":[{"href":"https:\/\/lwid.dk\/ro\/wp-json\/wp\/v2\/posts\/16059","targetHints":{"allow":["GET"]}}],"collection":[{"href":"https:\/\/lwid.dk\/ro\/wp-json\/wp\/v2\/posts"}],"about":[{"href":"https:\/\/lwid.dk\/ro\/wp-json\/wp\/v2\/types\/post"}],"author":[{"embeddable":true,"href":"https:\/\/lwid.dk\/ro\/wp-json\/wp\/v2\/users\/27"}],"replies":[{"embeddable":true,"href":"https:\/\/lwid.dk\/ro\/wp-json\/wp\/v2\/comments?post=16059"}],"version-history":[{"count":1,"href":"https:\/\/lwid.dk\/ro\/wp-json\/wp\/v2\/posts\/16059\/revisions"}],"predecessor-version":[{"id":16060,"href":"https:\/\/lwid.dk\/ro\/wp-json\/wp\/v2\/posts\/16059\/revisions\/16060"}],"wp:featuredmedia":[{"embeddable":true,"href":"https:\/\/lwid.dk\/ro\/wp-json\/wp\/v2\/media\/6462"}],"wp:attachment":[{"href":"https:\/\/lwid.dk\/ro\/wp-json\/wp\/v2\/media?parent=16059"}],"wp:term":[{"taxonomy":"category","embeddable":true,"href":"https:\/\/lwid.dk\/ro\/wp-json\/wp\/v2\/categories?post=16059"},{"taxonomy":"post_tag","embeddable":true,"href":"https:\/\/lwid.dk\/ro\/wp-json\/wp\/v2\/tags?post=16059"}],"curies":[{"name":"wp","href":"https:\/\/api.w.org\/{rel}","templated":true}]}}