{"id":16104,"date":"2024-05-19T22:29:48","date_gmt":"2024-05-19T21:29:48","guid":{"rendered":"https:\/\/lwid.dk\/?p=16104"},"modified":"2026-09-01T17:26:33","modified_gmt":"2026-09-01T16:26:33","slug":"perspective-asupra-stilului-de-viata-danez-saptamana-20","status":"publish","type":"post","link":"https:\/\/lwid.dk\/ro\/perspective-asupra-stilului-de-viata-danez-saptamana-20\/","title":{"rendered":"Perspective asupra stilului de via\u021b\u0103 danez &#8211; S\u0103pt\u0103m\u00e2na 20"},"content":{"rendered":"\r\n<p class=\"wp-block-paragraph\">Luni, \u00een data de 20 mai, vom celebra s\u0103rb\u0103toarea na\u021bional\u0103 numit\u0103 Pinse (Rusaliile sau a doua zi de Rusalii). S\u0103rb\u0103toarea are loc la 50 de zile dup\u0103 Pa\u0219ti, c\u00e2nd cre\u0219tinii \u00ee\u0219i reamintesc c\u0103 Duhul Sf\u00e2nt a venit la ucenicii lui Isus \u0219i le-a dat posibilitatea de a vorbi \u201etoate limbile\u201d. At\u00e2t pentru danezii religio\u0219i, c\u00e2t \u0219i pentru cei non-religio\u0219i, aceast\u0103 s\u0103rb\u0103toare vorbe\u0219te de obicei \u0219i limbajul&#8230; c\u0103ldurii. Din punct de vedere istoric, a marcat intersec\u021bia dintre iarn\u0103 \u0219i var\u0103, iar prognoza meteo ne spune c\u0103 nici anul acesta nu va fi excep\u021bie.<\/p>\r\n\r\n\r\n\r\n<p class=\"wp-block-paragraph\">Pe vremuri, danezii mergeau \u00eentr-o \u201ec\u0103l\u0103torie de Rusalii \u00een p\u0103dure\u201d, o tradi\u021bie care consta \u00een m\u00e2ncare gustoas\u0103 \u0219i ob\u021binerea de \u00eembr\u0103c\u0103minte nou\u0103 pentru var\u0103. Dac\u0103 \u00eenc\u0103 nu \u021bi-ai schimbat garderoba, acum este momentul. Pune lucrurile de iarn\u0103 deoparte \u0219i preg\u0103te\u0219te-\u021bi costumele de baie. De\u0219i celebrele focuri de tab\u0103r\u0103 de var\u0103 au loc \u00een timpul s\u0103rb\u0103torii Sankt Hans (mijlocul lunii iunie), c\u00e2ndva era obi\u0219nuit s\u0103 vezi multe focuri de tab\u0103r\u0103 aprinse \u0219i \u00een aceast\u0103 zi.<\/p>\r\n\r\n\r\n\r\n<p class=\"wp-block-paragraph\">\u00cen prezent, ziua Rusaliilor marcheaz\u0103 data anual\u0103 a cursei Royal Run, \u00een care civilii au ocazia s\u0103 alerge al\u0103turi de membrii familiei regale. Potrivit obiceiurilor discrete daneze, nimic nu se compar\u0103 cu a-\u021bi \u00eent\u00e2lni regele \u00een \u00eenc\u0103l\u021b\u0103minte de alergat. Anul acesta va fi prima curs\u0103 regal\u0103 a Majest\u0103\u021bii Sale Frederik X \u00een calitate de \u0218ef al Statului, iar ora\u0219ele organizatoare vor fi <a href=\"https:\/\/www.royalrun.dk\/vaertsbyer\/broenderslev\/10-km\">Br\u00f8nderslev<\/a>, <a href=\"https:\/\/www.royalrun.dk\/vaertsbyer\/aarhus\/10-km\">Aarhus<\/a>, <a href=\"https:\/\/www.royalrun.dk\/vaertsbyer\/fredericia\/10-km\">Fredericia<\/a>, <a href=\"https:\/\/www.royalrun.dk\/vaertsbyer\/kalundborg\">Kalundborg<\/a> \u0219i <a href=\"https:\/\/www.royalrun.dk\/vaertsbyer\/kbhfrb\/10-km\">Copenhaga\/Frederiksberg<\/a>. D\u0103 clic pe numele ora\u0219elor pentru a vedea traseele. \u00cen calitate de participant, po\u021bi alege s\u0103 mergi sau s\u0103 alergi pe cele trei distan\u021be: o mil\u0103 (1,6 km), 5 km sau 10 km.<\/p>\r\n\r\n\r\n\r\n<p class=\"wp-block-paragraph\">Nu \u00een ultimul r\u00e2nd, <a href=\"https:\/\/www.aalborgkarneval.dk\/\">Carnavalul de la Aalborg<\/a> va avea loc s\u00e2mb\u0103t\u0103, \u00een 25 mai. Festivitatea dateaz\u0103 din 1983 \u0219i este unul dintre cele mai mari evenimente culturale din Danemarca, cu p\u00e2n\u0103 la 60.000 de participan\u021bi la Marea Parad\u0103 \u0219i peste 100.000 de spectatori pe traseul paradei. Anul acesta, tematica va fi \u201eCreaturi fantastice\u201d.<\/p>\r\n","protected":false},"excerpt":{"rendered":"<p>Luni, \u00een data de 20 mai, vom celebra s\u0103rb\u0103toarea na\u021bional\u0103 numit\u0103 Pinse (Rusaliile sau a doua zi de Rusalii). S\u0103rb\u0103toarea are loc la 50 de zile dup\u0103 Pa\u0219ti, c\u00e2nd cre\u0219tinii \u00ee\u0219i reamintesc c\u0103 Duhul Sf\u00e2nt a venit la ucenicii lui Isus \u0219i le-a dat posibilitatea de a vorbi \u201etoate limbile\u201d. At\u00e2t pentru danezii religio\u0219i, c\u00e2t [&hellip;]<\/p>\n","protected":false},"author":27,"featured_media":6462,"comment_status":"open","ping_status":"closed","sticky":false,"template":"","format":"standard","meta":{"_acf_changed":false,"_themeisle_gutenberg_block_has_review":false,"_jetpack_newsletter_access":"","_jetpack_dont_email_post_to_subs":false,"_jetpack_newsletter_tier_id":0,"_jetpack_memberships_contains_paywalled_content":false,"_jetpack_feature_clip_id":0,"_jetpack_memberships_contains_paid_content":false,"footnotes":"","jetpack_post_was_ever_published":false,"_members_access_role":[],"_members_access_error":""},"categories":[878,992],"tags":[998,1011,476],"class_list":["post-16104","post","type-post","status-publish","format-standard","has-post-thumbnail","category-navigarea-in-danemarca","category-societate","tag-arta-si-teatru","tag-obiceiuri-si-traditii","tag-stil-de-viata"],"acf":[],"jetpack_sharing_enabled":true,"jetpack-related-posts":[{"id":14592,"url":"https:\/\/lwid.dk\/ro\/perspective-asupra-stilului-de-viata-danez-saptamana-12\/","url_meta":{"origin":16104,"position":0},"title":"Perspective asupra stilului de via\u021b\u0103 danez &#8211; S\u0103pt\u0103m\u00e2na 12","author":"Catalina Anapios","date":"24 martie 2024","format":false,"excerpt":"Pa\u0219tele se apropie! Cu toate c\u0103 s\u0103rb\u0103toarea va avea loc duminic\u0103, 31 martie, Danemarca se va bucura de un weekend prelungit de joi p\u00e2n\u0103 luni. Dac\u0103 e\u0219ti pasionat de arte \u0219i me\u0219te\u0219uguri, este momentul potrivit s\u0103 sco\u021bi foarfecele \u0219i s\u0103 \u00eencerci tradi\u021biile daneze. Po\u021bi s\u0103 realizezi g\u00e6kkebrev - sau \u201escrisoare\u2026","rel":"","context":"\u00cen \u201eNavigarea \u00een Danemarca\u201d","block_context":{"text":"Navigarea \u00een Danemarca","link":"https:\/\/lwid.dk\/ro\/category\/navigarea-in-danemarca\/"},"img":{"alt_text":"Daily life in Denmark Last Week in Denmark","src":"https:\/\/i0.wp.com\/lwid.dk\/wp-content\/uploads\/2023\/12\/Viata-de-zi-cu-zi-in-Danemarca.png?resize=350%2C200&ssl=1","width":350,"height":200,"srcset":"https:\/\/i0.wp.com\/lwid.dk\/wp-content\/uploads\/2023\/12\/Viata-de-zi-cu-zi-in-Danemarca.png?resize=350%2C200&ssl=1 1x, https:\/\/i0.wp.com\/lwid.dk\/wp-content\/uploads\/2023\/12\/Viata-de-zi-cu-zi-in-Danemarca.png?resize=525%2C300&ssl=1 1.5x"},"classes":[]},{"id":14503,"url":"https:\/\/lwid.dk\/ro\/perspective-asupra-stilului-de-viata-danez-saptamana-11\/","url_meta":{"origin":16104,"position":1},"title":"Perspective asupra stilului de via\u021b\u0103 danez &#8211; S\u0103pt\u0103m\u00e2na 11","author":"Catalina Anapios","date":"17 martie 2024","format":false,"excerpt":"Prim\u0103vara se apropie! Str\u0103zile \u021b\u0103rii au \u00eenceput s\u0103 \u00eenverzeasc\u0103, iar jachetele lungi \u0219i groase \u00ee\u0219i reg\u0103sesc locul \u00een dulap (cel pu\u021bin pentru moment). \u0218ansele de ninsoare nu sunt totu\u0219i excluse, bazat pe experien\u021ba din prim\u0103vara trecut\u0103, dar putem spune cu siguran\u021b\u0103 c\u0103 \u00eenflorirea copacilor a \u00eenceput. Probabil ai \u00eent\u00e2lnit \u00een\u2026","rel":"","context":"\u00cen \u201eNavigarea \u00een Danemarca\u201d","block_context":{"text":"Navigarea \u00een Danemarca","link":"https:\/\/lwid.dk\/ro\/category\/navigarea-in-danemarca\/"},"img":{"alt_text":"Viata de zi cu zi in Danemarca Last Week in Denmark","src":"https:\/\/i0.wp.com\/lwid.dk\/wp-content\/uploads\/2023\/12\/Viata-de-zi-cu-zi-in-Danemarca.jpg?resize=350%2C200&ssl=1","width":350,"height":200,"srcset":"https:\/\/i0.wp.com\/lwid.dk\/wp-content\/uploads\/2023\/12\/Viata-de-zi-cu-zi-in-Danemarca.jpg?resize=350%2C200&ssl=1 1x, https:\/\/i0.wp.com\/lwid.dk\/wp-content\/uploads\/2023\/12\/Viata-de-zi-cu-zi-in-Danemarca.jpg?resize=525%2C300&ssl=1 1.5x"},"classes":[]},{"id":8830,"url":"https:\/\/lwid.dk\/ro\/perspective-asupra-stilului-de-viata-danez\/","url_meta":{"origin":16104,"position":2},"title":"Perspective asupra stilului de via\u021b\u0103 danez","author":"Catalina Anapios","date":"28 ianuarie 2024","format":false,"excerpt":"\u00cen aceast\u0103 perioad\u0103 p\u00e2n\u0103 la Fastelavn, Fastelavnsboller este cuv\u00e2ntul zilei. Cu toate acestea, vremea rece \u00eenseamn\u0103 c\u0103 danezii \u00eenc\u0103 se bucur\u0103 de \u00eent\u00e2lniri \u00een interior cu jocuri, arte \u0219i me\u0219te\u0219uguri. Pentru familiile din Danemarca, jocurile de societate sunt un lucru important. Unii ar \u00eendr\u0103zni s\u0103 spun\u0103 c\u0103 aceasta este o\u2026","rel":"","context":"\u00cen \u201eNavigarea \u00een Danemarca\u201d","block_context":{"text":"Navigarea \u00een Danemarca","link":"https:\/\/lwid.dk\/ro\/category\/navigarea-in-danemarca\/"},"img":{"alt_text":"Viata de zi cu zi in Danemarca Last Week in Denmark","src":"https:\/\/i0.wp.com\/lwid.dk\/wp-content\/uploads\/2023\/12\/Viata-de-zi-cu-zi-in-Danemarca.jpg?resize=350%2C200&ssl=1","width":350,"height":200,"srcset":"https:\/\/i0.wp.com\/lwid.dk\/wp-content\/uploads\/2023\/12\/Viata-de-zi-cu-zi-in-Danemarca.jpg?resize=350%2C200&ssl=1 1x, https:\/\/i0.wp.com\/lwid.dk\/wp-content\/uploads\/2023\/12\/Viata-de-zi-cu-zi-in-Danemarca.jpg?resize=525%2C300&ssl=1 1.5x"},"classes":[]},{"id":10949,"url":"https:\/\/lwid.dk\/ro\/perspective-asupra-stilului-de-viata-danez-2\/","url_meta":{"origin":16104,"position":3},"title":"Perspective asupra stilului de via\u021b\u0103 danez","author":"Catalina Anapios","date":"4 februarie 2024","format":false,"excerpt":"De la \u00eenotul f\u0103r\u0103 costum de baie, la desene animate precum John Dillermand \u0219i ani de educa\u021bie sexual\u0103 prin filme, Danemarca are o lung\u0103 istorie de rela\u021bionare natural\u0103 cu corpul \u0219i sexualitatea. S\u0103pt\u0103m\u00e2na aceasta nu face excep\u021bie. Uge Sex - un termen ales pentru similitudinea cu \u201es\u0103pt\u0103m\u00e2na 6\u201d (uge seks),\u2026","rel":"","context":"\u00cen \u201eNavigarea \u00een Danemarca\u201d","block_context":{"text":"Navigarea \u00een Danemarca","link":"https:\/\/lwid.dk\/ro\/category\/navigarea-in-danemarca\/"},"img":{"alt_text":"Viata de zi cu zi in Danemarca Last Week in Denmark","src":"https:\/\/i0.wp.com\/lwid.dk\/wp-content\/uploads\/2023\/12\/Viata-de-zi-cu-zi-in-Danemarca.jpg?resize=350%2C200&ssl=1","width":350,"height":200,"srcset":"https:\/\/i0.wp.com\/lwid.dk\/wp-content\/uploads\/2023\/12\/Viata-de-zi-cu-zi-in-Danemarca.jpg?resize=350%2C200&ssl=1 1x, https:\/\/i0.wp.com\/lwid.dk\/wp-content\/uploads\/2023\/12\/Viata-de-zi-cu-zi-in-Danemarca.jpg?resize=525%2C300&ssl=1 1.5x"},"classes":[]},{"id":15894,"url":"https:\/\/lwid.dk\/ro\/perspective-asupra-stilului-de-viata-danez-saptamana-16\/","url_meta":{"origin":16104,"position":4},"title":"Perspective asupra stilului de via\u021b\u0103 danez &#8211; S\u0103pt\u0103m\u00e2na 16","author":"Catalina Anapios","date":"21 aprilie 2024","format":false,"excerpt":"\u00cen 2024 se marcheaz\u0103 primul an din 1686 \u00een care Ziua Marii Rug\u0103ciuni (Store bededag) nu va fi s\u0103rb\u0103torit\u0103 ca s\u0103rb\u0103toare public\u0103 \u00een Danemarca. Data cade de obicei \u00een a patra vineri dup\u0103 Duminica Pa\u0219telui \u0219i este destinat\u0103 ca o zi pentru poc\u0103in\u021b\u0103, rug\u0103ciune \u0219i post. Anul trecut, guvernul condus\u2026","rel":"","context":"\u00cen \u201eNavigarea \u00een Danemarca\u201d","block_context":{"text":"Navigarea \u00een Danemarca","link":"https:\/\/lwid.dk\/ro\/category\/navigarea-in-danemarca\/"},"img":{"alt_text":"Viata de zi cu zi in Danemarca Last Week in Denmark","src":"https:\/\/i0.wp.com\/lwid.dk\/wp-content\/uploads\/2023\/12\/Viata-de-zi-cu-zi-in-Danemarca.jpg?resize=350%2C200&ssl=1","width":350,"height":200,"srcset":"https:\/\/i0.wp.com\/lwid.dk\/wp-content\/uploads\/2023\/12\/Viata-de-zi-cu-zi-in-Danemarca.jpg?resize=350%2C200&ssl=1 1x, https:\/\/i0.wp.com\/lwid.dk\/wp-content\/uploads\/2023\/12\/Viata-de-zi-cu-zi-in-Danemarca.jpg?resize=525%2C300&ssl=1 1.5x"},"classes":[]},{"id":16059,"url":"https:\/\/lwid.dk\/ro\/perspective-asupra-stilului-de-viata-danez-saptamana-19\/","url_meta":{"origin":16104,"position":5},"title":"Perspective asupra stilului de via\u021b\u0103 danez &#8211; S\u0103pt\u0103m\u00e2na 19","author":"Catalina Anapios","date":"12 mai 2024","format":false,"excerpt":"Gl\u00e6delig mors dag! Pentru Danemarca, Ziua Mamei este s\u0103rb\u0103torit\u0103 \u00eentotdeauna \u00een a 2-a duminic\u0103 a lunii mai, care anul acesta cade pe 12 mai. Aceast\u0103 dat\u0103 coincide cu prima Zi a Mamei din 1929, c\u00e2nd ofi\u021berul Christian Svenningsen a importat s\u0103rb\u0103toarea din Statele Unite. Ini\u021bial, inten\u021bia a fost de a\u2026","rel":"","context":"\u00cen \u201eNavigarea \u00een Danemarca\u201d","block_context":{"text":"Navigarea \u00een Danemarca","link":"https:\/\/lwid.dk\/ro\/category\/navigarea-in-danemarca\/"},"img":{"alt_text":"Viata de zi cu zi in Danemarca Last Week in Denmark","src":"https:\/\/i0.wp.com\/lwid.dk\/wp-content\/uploads\/2023\/12\/Viata-de-zi-cu-zi-in-Danemarca.jpg?resize=350%2C200&ssl=1","width":350,"height":200,"srcset":"https:\/\/i0.wp.com\/lwid.dk\/wp-content\/uploads\/2023\/12\/Viata-de-zi-cu-zi-in-Danemarca.jpg?resize=350%2C200&ssl=1 1x, https:\/\/i0.wp.com\/lwid.dk\/wp-content\/uploads\/2023\/12\/Viata-de-zi-cu-zi-in-Danemarca.jpg?resize=525%2C300&ssl=1 1.5x"},"classes":[]}],"jetpack_featured_media_url":"https:\/\/lwid.dk\/wp-content\/uploads\/2023\/12\/Viata-de-zi-cu-zi-in-Danemarca.jpg","_links":{"self":[{"href":"https:\/\/lwid.dk\/ro\/wp-json\/wp\/v2\/posts\/16104","targetHints":{"allow":["GET"]}}],"collection":[{"href":"https:\/\/lwid.dk\/ro\/wp-json\/wp\/v2\/posts"}],"about":[{"href":"https:\/\/lwid.dk\/ro\/wp-json\/wp\/v2\/types\/post"}],"author":[{"embeddable":true,"href":"https:\/\/lwid.dk\/ro\/wp-json\/wp\/v2\/users\/27"}],"replies":[{"embeddable":true,"href":"https:\/\/lwid.dk\/ro\/wp-json\/wp\/v2\/comments?post=16104"}],"version-history":[{"count":2,"href":"https:\/\/lwid.dk\/ro\/wp-json\/wp\/v2\/posts\/16104\/revisions"}],"predecessor-version":[{"id":28696,"href":"https:\/\/lwid.dk\/ro\/wp-json\/wp\/v2\/posts\/16104\/revisions\/28696"}],"wp:featuredmedia":[{"embeddable":true,"href":"https:\/\/lwid.dk\/ro\/wp-json\/wp\/v2\/media\/6462"}],"wp:attachment":[{"href":"https:\/\/lwid.dk\/ro\/wp-json\/wp\/v2\/media?parent=16104"}],"wp:term":[{"taxonomy":"category","embeddable":true,"href":"https:\/\/lwid.dk\/ro\/wp-json\/wp\/v2\/categories?post=16104"},{"taxonomy":"post_tag","embeddable":true,"href":"https:\/\/lwid.dk\/ro\/wp-json\/wp\/v2\/tags?post=16104"}],"curies":[{"name":"wp","href":"https:\/\/api.w.org\/{rel}","templated":true}]}}