{"id":16108,"date":"2024-05-19T22:35:44","date_gmt":"2024-05-19T21:35:44","guid":{"rendered":"https:\/\/lwid.dk\/?p=16108"},"modified":"2026-09-01T17:25:35","modified_gmt":"2026-09-01T16:25:35","slug":"in-cazul-in-care-copiii-tai-petrec-prea-mult-timp-in-fata-unui-ecran-poti-apela-la-un-psiholog-pentru-ajutor","status":"publish","type":"post","link":"https:\/\/lwid.dk\/ro\/in-cazul-in-care-copiii-tai-petrec-prea-mult-timp-in-fata-unui-ecran-poti-apela-la-un-psiholog-pentru-ajutor\/","title":{"rendered":"\u00cen cazul \u00een care copiii t\u0103i petrec prea mult timp \u00een fa\u021ba unui ecran, po\u021bi apela la un psiholog pentru ajutor"},"content":{"rendered":"\n<p class=\"wp-block-paragraph\">Dansk Behandling for Computerspil &#8211; og Onlineafh\u00e6ngighed (Tratametul danez pentru jocuri de calculator \u0219i dependen\u021ba online) <a href=\"https:\/\/nyheder.tv2.dk\/samfund\/2024-05-16-psykolog-hjaelper-boernefamilier-naar-skaermene-har-taget-overhaand-foraeldrene-er-bekymrede-siger-han\">este o organiza\u021bie pe care o po\u021bi contacta<\/a>. Un nou raport de la B\u00f8rns Vilk\u00e5r arat\u0103 c\u0103 majoritatea copiilor sub 13 ani prefer\u0103 s\u0103-\u0219i petreac\u0103 timpul pe re\u021belele sociale dec\u00e2t cu al\u021bi copii.<\/p>\n","protected":false},"excerpt":{"rendered":"<p>Dansk Behandling for Computerspil &#8211; og Onlineafh\u00e6ngighed (Tratametul danez pentru jocuri de calculator \u0219i dependen\u021ba online) este o organiza\u021bie pe care o po\u021bi contacta. Un nou raport de la B\u00f8rns Vilk\u00e5r arat\u0103 c\u0103 majoritatea copiilor sub 13 ani prefer\u0103 s\u0103-\u0219i petreac\u0103 timpul pe re\u021belele sociale dec\u00e2t cu al\u021bi copii.<\/p>\n","protected":false},"author":9,"featured_media":6474,"comment_status":"open","ping_status":"closed","sticky":false,"template":"","format":"standard","meta":{"_acf_changed":false,"_themeisle_gutenberg_block_has_review":false,"_jetpack_newsletter_access":"","_jetpack_dont_email_post_to_subs":false,"_jetpack_newsletter_tier_id":0,"_jetpack_memberships_contains_paywalled_content":false,"_jetpack_feature_clip_id":0,"_jetpack_memberships_contains_paid_content":false,"footnotes":"","jetpack_post_was_ever_published":false,"_members_access_role":[],"_members_access_error":""},"categories":[204,878],"tags":[1000,268,1019],"class_list":["post-16108","post","type-post","status-publish","format-standard","has-post-thumbnail","category-ghiduri-practice","category-navigarea-in-danemarca","tag-cresterea-copiilor-si-ingrijirea-acestora","tag-sanatate-si-bunastare","tag-tehnologie"],"acf":[],"jetpack_sharing_enabled":true,"jetpack-related-posts":[{"id":747,"url":"https:\/\/lwid.dk\/partea-16-ce-asteptari-are-sistemul-medical-de-la-parintii-copiilor-minori\/","url_meta":{"origin":16108,"position":0},"title":"Partea 16: ce a\u0219tept\u0103ri are sistemul medical de la p\u0103rin\u021bii copiilor minori\u00a0","author":"Alina Racila","date":"14 mai 2022","format":false,"excerpt":"Probabil fiecare p\u0103rinte are de-a face, m\u0103car odat\u0103, cu sistemul medical. Ce este important s\u0103 \u0219tii, este c\u0103, \u00een Danemarca, se pune accent nu doar pe s\u0103n\u0103tatea fizic\u0103 a omului, dar \u0219i pe s\u0103n\u0103tatea sa mental\u0103\/psihic\u0103. \u00cen articolul dat, m\u0103 voi referi la p\u0103rin\u021bii care au custodie asupra copilului minor.\u00a0\u2026","rel":"","context":"Articol similar","block_context":{"text":"Articol similar","link":""},"img":{"alt_text":"","src":"","width":0,"height":0},"classes":[]},{"id":731,"url":"https:\/\/lwid.dk\/partea-8-nasterea-bebelusului-bebelusul-prematur\/","url_meta":{"origin":16108,"position":1},"title":"Partea 8: na\u0219terea bebelu\u0219ului. Bebelu\u0219ul prematur.","author":"Alina Racila","date":"14 mai 2022","format":false,"excerpt":"\u00centr-una din vizitele la moa\u0219\u0103 (\"jordemoder\") vei fi informat\u0103 s\u0103 fii extrem de atent\u0103 la mi\u0219c\u0103rile bebelu\u0219ului \u00eencep\u00e2nd cu s\u0103pt\u0103m\u00e2na 23\/24 a sarcinii. Dac\u0103 este nevoie, po\u0163i suna la num\u0103rul indicat pe plicul galben (num\u0103rul direct al sec\u021biei pentru na\u0219teri = \u201ef\u00f8degang\u201d).\u00a0 Statistica danez\u0103 indic\u0103 c\u0103 aproximativ 6,5 % copii\u2026","rel":"","context":"Articol similar","block_context":{"text":"Articol similar","link":""},"img":{"alt_text":"","src":"","width":0,"height":0},"classes":[]},{"id":709,"url":"https:\/\/lwid.dk\/gradinita-momente-cheie\/","url_meta":{"origin":16108,"position":2},"title":"Gr\u0103dini\u021ba: Momente cheie","author":"Alina Racila","date":"14 mai 2022","format":false,"excerpt":"Dac\u0103 copilul t\u0103u a frecventat \u201evuggestue\u201e \u00een Danemarca, atunci trecerea la gr\u0103dini\u021b\u0103 (\"b\u00f8rnehave\") \u00een cadrul aceleia\u0219i institu\u021bii va avea loc automat. \u00cens\u0103, dac\u0103 copilul a frecventat \u201edagpleje\u201e sau nu a frecventat nicio institu\u0163ie va trebui ca unul din p\u0103rin\u021bi s\u0103 \u00eenscrie copilul pe lista de a\u0219teptare la o gr\u0103dini\u021b\u0103, pe\u2026","rel":"","context":"Articol similar","block_context":{"text":"Articol similar","link":""},"img":{"alt_text":"","src":"","width":0,"height":0},"classes":[]},{"id":703,"url":"https:\/\/lwid.dk\/cum-ne-pregatim-pentru-cresa\/","url_meta":{"origin":16108,"position":3},"title":"Cum ne preg\u0103tim pentru cre\u0219\u0103?","author":"Alina Racila","date":"14 mai 2022","format":false,"excerpt":"Articolul 7: \u2022 Cum ne preg\u0103tim pentru cre\u0219\u0103? \u2022 C\u00e2t timp dureaz\u0103 perioada de adaptare? \u2022 Suzeta, scutecul, oli\u0163a \u0219i somnul de dup\u0103-amiaz\u0103. Toate aceste \u00eentreb\u0103ri au desigur r\u0103spunsuri individuale, \u00een func\u0163ie de fiecare copil \u0219i p\u0103rinte \u00een parte, noi fiind unici \u00een felul nostru. Probabil,\u00a0cel mai intens trebuie s\u0103\u2026","rel":"","context":"Articol similar","block_context":{"text":"Articol similar","link":""},"img":{"alt_text":"","src":"","width":0,"height":0},"classes":[]},{"id":741,"url":"https:\/\/lwid.dk\/partea-13-acasa-cu-bebelusul\/","url_meta":{"origin":16108,"position":4},"title":"Partea 13: acas\u0103, cu bebelu\u0219ul","author":"Alina Racila","date":"14 mai 2022","format":false,"excerpt":"Felicit\u0103ri! Acum ai venit acas\u0103 cu bebelu\u0219ul t\u0103u micu\u021b! Ce urmeaz\u0103? 1. Dac\u0103 partenerul t\u0103u \u00eenc\u0103 nu a f\u0103cut-o, acum e timpul s\u0103 discuta\u021bi despre concediul de \u00eengrijire al bebelu\u0219ului pentru tat\u0103 (\"f\u00e6dreorlov\"). P\u00e2n\u0103 la data de 2 august 2022, vei putea folosi modelul prezent de concediu post natal, adic\u0103,\u2026","rel":"","context":"Articol similar","block_context":{"text":"Articol similar","link":""},"img":{"alt_text":"","src":"","width":0,"height":0},"classes":[]},{"id":707,"url":"https:\/\/lwid.dk\/articol-8-gradinita-inscrierea-la-gradinita\/","url_meta":{"origin":16108,"position":5},"title":"Articol 8: Gr\u0103dini\u021ba. \u00censcrierea la gr\u0103dini\u021b\u0103.","author":"Alina Racila","date":"14 mai 2022","format":false,"excerpt":"Dragi p\u0103rin\u021bi \u0219i copii, urm\u0103toarea serie de articole se va axa pe tema \u201dGr\u0103dini\u021ba \u0219i copiii \u00eentre 3-6 ani\u201d \u00een care, din experien\u021ba proprie, \u00een calitate de traduc\u0103tor la gradini\u021be \u0219i \u0219coli, dar \u0219i p\u0103rinte, voi descrie acele momente care sunt important de cunoscut pentru p\u0103rin\u021bi cu copii \u00eentre 3-6\u2026","rel":"","context":"Articol similar","block_context":{"text":"Articol similar","link":""},"img":{"alt_text":"","src":"","width":0,"height":0},"classes":[]}],"jetpack_featured_media_url":"https:\/\/lwid.dk\/wp-content\/uploads\/2023\/12\/Sanatate.jpg","_links":{"self":[{"href":"https:\/\/lwid.dk\/ro\/wp-json\/wp\/v2\/posts\/16108","targetHints":{"allow":["GET"]}}],"collection":[{"href":"https:\/\/lwid.dk\/ro\/wp-json\/wp\/v2\/posts"}],"about":[{"href":"https:\/\/lwid.dk\/ro\/wp-json\/wp\/v2\/types\/post"}],"author":[{"embeddable":true,"href":"https:\/\/lwid.dk\/ro\/wp-json\/wp\/v2\/users\/9"}],"replies":[{"embeddable":true,"href":"https:\/\/lwid.dk\/ro\/wp-json\/wp\/v2\/comments?post=16108"}],"version-history":[{"count":1,"href":"https:\/\/lwid.dk\/ro\/wp-json\/wp\/v2\/posts\/16108\/revisions"}],"predecessor-version":[{"id":16109,"href":"https:\/\/lwid.dk\/ro\/wp-json\/wp\/v2\/posts\/16108\/revisions\/16109"}],"wp:featuredmedia":[{"embeddable":true,"href":"https:\/\/lwid.dk\/ro\/wp-json\/wp\/v2\/media\/6474"}],"wp:attachment":[{"href":"https:\/\/lwid.dk\/ro\/wp-json\/wp\/v2\/media?parent=16108"}],"wp:term":[{"taxonomy":"category","embeddable":true,"href":"https:\/\/lwid.dk\/ro\/wp-json\/wp\/v2\/categories?post=16108"},{"taxonomy":"post_tag","embeddable":true,"href":"https:\/\/lwid.dk\/ro\/wp-json\/wp\/v2\/tags?post=16108"}],"curies":[{"name":"wp","href":"https:\/\/api.w.org\/{rel}","templated":true}]}}