{"id":16112,"date":"2024-05-19T22:38:42","date_gmt":"2024-05-19T21:38:42","guid":{"rendered":"https:\/\/lwid.dk\/?p=16112"},"modified":"2026-09-01T17:24:43","modified_gmt":"2026-09-01T16:24:43","slug":"inchide-ti-complet-sistemul-de-incalzire-si-economiseste-1-600-dkk","status":"publish","type":"post","link":"https:\/\/lwid.dk\/ro\/inchide-ti-complet-sistemul-de-incalzire-si-economiseste-1-600-dkk\/","title":{"rendered":"\u00cenchide-\u021bi complet sistemul de \u00eenc\u0103lzire \u0219i economise\u0219te 1.600 DKK"},"content":{"rendered":"\n<p class=\"wp-block-paragraph\">Agen\u021bia Danez\u0103 pentru Energie \u00ee\u021bi recomand\u0103 s\u0103 opre\u0219ti sistemul de \u00eenc\u0103lzire \u00een mod corespunz\u0103tor p\u00e2n\u0103 \u00een octombrie. Po\u021bi vedea aici <a href=\"https:\/\/sparenergi.dk\/privat\/spar-energi-i-hverdagen\/sommerluk-varmeanlaegget\">un ghid despre cum s\u0103 o faci<\/a>.<\/p>\n","protected":false},"excerpt":{"rendered":"<p>Agen\u021bia Danez\u0103 pentru Energie \u00ee\u021bi recomand\u0103 s\u0103 opre\u0219ti sistemul de \u00eenc\u0103lzire \u00een mod corespunz\u0103tor p\u00e2n\u0103 \u00een octombrie. Po\u021bi vedea aici un ghid despre cum s\u0103 o faci.<\/p>\n","protected":false},"author":9,"featured_media":6462,"comment_status":"open","ping_status":"closed","sticky":false,"template":"","format":"standard","meta":{"_acf_changed":false,"_themeisle_gutenberg_block_has_review":false,"_jetpack_newsletter_access":"","_jetpack_dont_email_post_to_subs":false,"_jetpack_newsletter_tier_id":0,"_jetpack_memberships_contains_paywalled_content":false,"_jetpack_feature_clip_id":0,"_jetpack_memberships_contains_paid_content":false,"footnotes":"","jetpack_post_was_ever_published":false,"_members_access_role":[],"_members_access_error":""},"categories":[204,878],"tags":[1009,476],"class_list":["post-16112","post","type-post","status-publish","format-standard","has-post-thumbnail","category-ghiduri-practice","category-navigarea-in-danemarca","tag-locuinte","tag-stil-de-viata"],"acf":[],"jetpack_sharing_enabled":true,"jetpack-related-posts":[{"id":745,"url":"https:\/\/lwid.dk\/partea-15-ce-asteptari-are-sistemul-de-educatie-de-la-parinti-partea-2\/","url_meta":{"origin":16112,"position":0},"title":"Partea 15: ce a\u0219tept\u0103ri are sistemul de educa\u0163ie de la p\u0103rin\u021bi? Partea 2","author":"Alina Racila","date":"14 mai 2022","format":false,"excerpt":"Deoarece tema precedent\u0103 a trezit un interes major \u00een r\u00e2ndurile cititorilor no\u0219tri, am decis s\u0103 continuam lista a\u0219tept\u0103rilor sistemului de educa\u021bie \u0219i \u00eenv\u0103\u021b\u0103m\u00e2nt din Danemarca.\u00a0 Mai multe persoane cu studii \u0219i experien\u021be \u00een domeniul pedagogiei, \u0219i nu numai, au decis s\u0103 \u00eempart\u0103 din experien\u021ba personal\u0103, pentru a ajuta p\u0103rin\u021bii cu\u2026","rel":"","context":"Articol similar","block_context":{"text":"Articol similar","link":""},"img":{"alt_text":"","src":"","width":0,"height":0},"classes":[]},{"id":747,"url":"https:\/\/lwid.dk\/partea-16-ce-asteptari-are-sistemul-medical-de-la-parintii-copiilor-minori\/","url_meta":{"origin":16112,"position":1},"title":"Partea 16: ce a\u0219tept\u0103ri are sistemul medical de la p\u0103rin\u021bii copiilor minori\u00a0","author":"Alina Racila","date":"14 mai 2022","format":false,"excerpt":"Probabil fiecare p\u0103rinte are de-a face, m\u0103car odat\u0103, cu sistemul medical. Ce este important s\u0103 \u0219tii, este c\u0103, \u00een Danemarca, se pune accent nu doar pe s\u0103n\u0103tatea fizic\u0103 a omului, dar \u0219i pe s\u0103n\u0103tatea sa mental\u0103\/psihic\u0103. \u00cen articolul dat, m\u0103 voi referi la p\u0103rin\u021bii care au custodie asupra copilului minor.\u00a0\u2026","rel":"","context":"Articol similar","block_context":{"text":"Articol similar","link":""},"img":{"alt_text":"","src":"","width":0,"height":0},"classes":[]},{"id":725,"url":"https:\/\/lwid.dk\/partea-5-tratamentul-pentru-fertilitate-sarcina-cu-ajutorul-donatorului-si-sau-a-mamei-surogat-adoptie\/","url_meta":{"origin":16112,"position":2},"title":"Partea 5: tratamentul pentru fertilitate, sarcina cu ajutorul donatorului \u0219i \/sau a mamei surogat, adop\u0163ie.","author":"Alina Racila","date":"14 mai 2022","format":false,"excerpt":"\u00cen Danemarca, femeile care \u00ee\u0219i doresc s\u0103 r\u0103m\u00e2n\u0103 gravide, dar dup\u0103 minimum 1-2 ani pentru femei cu v\u00e2rsta sub 30-35 ani \u0219i \u00bd an pentru femeile cu varsta de peste 35 ani, de \u00eencerc\u0103ri prin metoda tradi\u021bional\u0103 nu reu\u0219esc, se pot adresa medicului de familie, care le poate \u00eendruma c\u0103tre\u00a0tratamentul\u2026","rel":"","context":"Articol similar","block_context":{"text":"Articol similar","link":""},"img":{"alt_text":"","src":"","width":0,"height":0},"classes":[]},{"id":743,"url":"https:\/\/lwid.dk\/partea-14-ce-asteptari-are-sistemul-de-educatie-de-la-parinti-partea-1\/","url_meta":{"origin":16112,"position":3},"title":"Partea 14: ce a\u0219tept\u0103ri are sistemul de educa\u0163ie de la p\u0103rin\u021bi? Partea 1","author":"Alina Racila","date":"14 mai 2022","format":false,"excerpt":"\u00cen Danemarca exist\u0103 o regul\u0103 nescris\u0103: dac\u0103 nu \u00eentrebi, \u00eenseamn\u0103 c\u0103 \u015ftii totul.\u00a0 C\u00e2nd vine vorba de copii, a nu \u00eentreba, a nu-\u021bi exprima interesul cu privire la ceea ce se \u00eent\u00e2mpl\u0103 cu copilul t\u0103u \u00een institu\u021bia de educa\u021bie \u0219i \u00eenv\u0103\u021b\u0103m\u00e2nt, \u00eenseamn\u0103 a fi indiferent. Acest comportament av\u00e2nd consecin\u0163e. Deseori,\u2026","rel":"","context":"Articol similar","block_context":{"text":"Articol similar","link":""},"img":{"alt_text":"","src":"","width":0,"height":0},"classes":[]},{"id":3145,"url":"https:\/\/lwid.dk\/ro\/colectiv-thriller-ul-jurnalistic-dezvaluitor-este-o-must-see-collective-afslorende-journalistisk-samfundsthriller-er-et-must-see\/","url_meta":{"origin":16112,"position":4},"title":"&#8216;Colectiv&#8217;: Thriller-ul jurnalistic dezv\u0103luitor este o must-see\/ &#8216;Collective&#8217;: Afsl\u00f8rende journalistisk samfundsthriller er et must-see","author":"Sorina Floroiu","date":"30 martie 2020","format":false,"excerpt":"Articol publicat in Soundvenue.com la data de 30 martie 2020. Subiectul articolului: Collective este un film documentar care dezv\u0103luie corup\u021bia \u0219i deficien\u021bele sistemului de s\u0103n\u0103tate din Rom\u00e2nia. Dup\u0103 incendiul tragic de la clubul Colectiv din Bucure\u0219ti, \u00een care au murit 27 de tineri \u0219i au fost r\u0103ni\u021bi al\u021bi 180, un\u2026","rel":"","context":"\u00cen \u201eNavigarea \u00een Danemarca\u201d","block_context":{"text":"Navigarea \u00een Danemarca","link":"https:\/\/lwid.dk\/ro\/category\/navigarea-in-danemarca\/"},"img":{"alt_text":"","src":"https:\/\/i0.wp.com\/lwid.dk\/wp-content\/uploads\/2023\/10\/19.-Colectiv.png?resize=350%2C200&ssl=1","width":350,"height":200,"srcset":"https:\/\/i0.wp.com\/lwid.dk\/wp-content\/uploads\/2023\/10\/19.-Colectiv.png?resize=350%2C200&ssl=1 1x, https:\/\/i0.wp.com\/lwid.dk\/wp-content\/uploads\/2023\/10\/19.-Colectiv.png?resize=525%2C300&ssl=1 1.5x, https:\/\/i0.wp.com\/lwid.dk\/wp-content\/uploads\/2023\/10\/19.-Colectiv.png?resize=700%2C400&ssl=1 2x, https:\/\/i0.wp.com\/lwid.dk\/wp-content\/uploads\/2023\/10\/19.-Colectiv.png?resize=1050%2C600&ssl=1 3x, https:\/\/i0.wp.com\/lwid.dk\/wp-content\/uploads\/2023\/10\/19.-Colectiv.png?resize=1400%2C800&ssl=1 4x"},"classes":[]},{"id":5450,"url":"https:\/\/lwid.dk\/ro\/presedintele-comisiei-afectat-de-tratarea-muncitorilor-romani\/","url_meta":{"origin":16112,"position":5},"title":"Pre\u0219edintele comisiei afectat de tratarea muncitorilor rom\u00e2ni","author":"Sorina Floroiu","date":"17 decembrie 2022","format":false,"excerpt":"Articol publicat \u00een Horsens Folkeblad la data de 17 decembrie 2022.\u00a0 Michael Neders\u00f8e (DF), pre\u0219edintele comisiei pentru ocuparea for\u021bei de munc\u0103 \u0219i integrare, inten\u021bioneaz\u0103 s\u0103 cerceteze dac\u0103 Prim\u0103ria Horsens poate ajuta \u0219apte rom\u00e2ni care locuiesc \u00eentr-o cas\u0103 \u00eenchiriat\u0103 f\u0103r\u0103 \u00eenc\u0103lzire \u00een Pilegade.\u00a0 \"M\u0103 enervez atunci c\u00e2nd citesc astfel de lucruri\",\u2026","rel":"","context":"\u00cen \u201eNavigarea \u00een Danemarca\u201d","block_context":{"text":"Navigarea \u00een Danemarca","link":"https:\/\/lwid.dk\/ro\/category\/navigarea-in-danemarca\/"},"img":{"alt_text":"","src":"https:\/\/i0.wp.com\/lwid.dk\/wp-content\/uploads\/2023\/11\/28.png?resize=350%2C200&ssl=1","width":350,"height":200,"srcset":"https:\/\/i0.wp.com\/lwid.dk\/wp-content\/uploads\/2023\/11\/28.png?resize=350%2C200&ssl=1 1x, https:\/\/i0.wp.com\/lwid.dk\/wp-content\/uploads\/2023\/11\/28.png?resize=525%2C300&ssl=1 1.5x"},"classes":[]}],"jetpack_featured_media_url":"https:\/\/lwid.dk\/wp-content\/uploads\/2023\/12\/Viata-de-zi-cu-zi-in-Danemarca.jpg","_links":{"self":[{"href":"https:\/\/lwid.dk\/ro\/wp-json\/wp\/v2\/posts\/16112","targetHints":{"allow":["GET"]}}],"collection":[{"href":"https:\/\/lwid.dk\/ro\/wp-json\/wp\/v2\/posts"}],"about":[{"href":"https:\/\/lwid.dk\/ro\/wp-json\/wp\/v2\/types\/post"}],"author":[{"embeddable":true,"href":"https:\/\/lwid.dk\/ro\/wp-json\/wp\/v2\/users\/9"}],"replies":[{"embeddable":true,"href":"https:\/\/lwid.dk\/ro\/wp-json\/wp\/v2\/comments?post=16112"}],"version-history":[{"count":1,"href":"https:\/\/lwid.dk\/ro\/wp-json\/wp\/v2\/posts\/16112\/revisions"}],"predecessor-version":[{"id":16113,"href":"https:\/\/lwid.dk\/ro\/wp-json\/wp\/v2\/posts\/16112\/revisions\/16113"}],"wp:featuredmedia":[{"embeddable":true,"href":"https:\/\/lwid.dk\/ro\/wp-json\/wp\/v2\/media\/6462"}],"wp:attachment":[{"href":"https:\/\/lwid.dk\/ro\/wp-json\/wp\/v2\/media?parent=16112"}],"wp:term":[{"taxonomy":"category","embeddable":true,"href":"https:\/\/lwid.dk\/ro\/wp-json\/wp\/v2\/categories?post=16112"},{"taxonomy":"post_tag","embeddable":true,"href":"https:\/\/lwid.dk\/ro\/wp-json\/wp\/v2\/tags?post=16112"}],"curies":[{"name":"wp","href":"https:\/\/api.w.org\/{rel}","templated":true}]}}