{"id":21903,"date":"2025-08-16T15:35:06","date_gmt":"2025-08-16T14:35:06","guid":{"rendered":"https:\/\/lwid.dk\/?p=21903"},"modified":"2026-09-01T17:24:05","modified_gmt":"2026-09-01T16:24:05","slug":"fotbal-solidaritate-si-speranta-evenimentul-impreuna-putem-reusi","status":"publish","type":"post","link":"https:\/\/lwid.dk\/ro\/fotbal-solidaritate-si-speranta-evenimentul-impreuna-putem-reusi\/","title":{"rendered":"Fotbal, solidaritate \u0219i speran\u021b\u0103 &#8211; Evenimentul \u201e\u00cempreun\u0103 putem reu\u0219i\u201d"},"content":{"rendered":"<p><b><img loading=\"lazy\" decoding=\"async\" class=\"aligncenter size-full wp-image-21904\" src=\"https:\/\/lwid.dk\/wp-content\/uploads\/2025\/08\/unnamed-12.png\" alt=\"\" width=\"512\" height=\"188\" srcset=\"https:\/\/lwid.dk\/wp-content\/uploads\/2025\/08\/unnamed-12.png 512w, https:\/\/lwid.dk\/wp-content\/uploads\/2025\/08\/unnamed-12-300x110.png 300w, https:\/\/lwid.dk\/wp-content\/uploads\/2025\/08\/unnamed-12-150x55.png 150w\" sizes=\"auto, (max-width: 512px) 100vw, 512px\" \/>S\u00e2mb\u0103t\u0103, 23 august<\/b><span style=\"font-weight: 400;\">, pe terenul de fotbal din Tvingstrup, Horsens, comunitatea rom\u00e2neasc\u0103 din Danemarca se adun\u0103 pentru o zi de fotbal, voie bun\u0103 \u0219i solidaritate, \u00een sprijinul unei cauze nobile: str\u00e2ngerea de fonduri pentru opera\u021bia lui \u0218tefan, un b\u0103ie\u021bel de doar 4 ani \u0219i 8 luni care sufer\u0103 de epilepsie sever\u0103.<\/span><\/p>\n<p><span style=\"font-weight: 400;\">Evenimentul \u201e<\/span><b>\u00cempreun\u0103 putem reu\u0219i<\/b><span style=\"font-weight: 400;\">\u201d este organizat de <\/span><b>Remus Roman<\/b><span style=\"font-weight: 400;\">, un antreprenor rom\u00e2n originar din Bac\u0103u, stabilit \u00een Danemarca de aproape 12 ani. Tat\u0103 a trei copii la randul lui, Remus a fost profund mi\u0219cat de povestea lui \u0218tefan:<\/span><\/p>\n<p><span style=\"font-weight: 400;\">\u201eG\u00e2nde\u0219te-te c\u0103 ai un copil cu epilepsie \u0219i nu po\u021bi s\u0103 il la\u0219i o secund\u0103 singur f\u0103r\u0103 sa \u0219tii ce face\u2026 a ajuns s\u0103 fac\u0103 30 de crize pe zi. Mi se face pielea de gaina.\u201d<\/span><\/p>\n<h3><b>De la fotbal la solidaritate<\/b><\/h3>\n<p><span style=\"font-weight: 400;\">Stabilit \u00een zona Horsens, Remus a pus pe picioare compania Super Service ApS, care se ocup\u0103 cu sp\u0103larea ferestrelor, pavelelor \u0219i acoperi\u0219urilor. Fost juc\u0103tor de fotbal la nivel jude\u021bean \u00een Rom\u00e2nia (Divizia C), Remus \u0219i-a p\u0103strat aceast\u0103 pasiune \u0219i \u00een Danemarca, unde sportul l-a adus \u00een leg\u0103tura cu diferi\u021bi oameni \u0219i asocia\u021bii de-a lungul timpului. A v\u0103zut cum un eveniment de acest gen poate uni comunitatea, de ce este nevoie pentru a-l organiza \u0219i a decis s\u0103 transforme aceast\u0103 idee \u00een realitate pentru a-l ajuta pe \u0218tefan.<\/span><\/p>\n<p><span style=\"font-weight: 400;\">A petrecut ultimele dou\u0103 luni de var\u0103, dintre care o lun\u0103 de concediu, lucr\u00e2nd pentru a pune totul pe picioare. \u0218i-a asumat multe dintre costurile de organizare, a g\u0103sit loca\u021bia, a mobilizat prieteni \u0219i cunoscu\u021bi pentru a aduce m\u00e2nc\u0103ruri \u0219i dulciuri rom\u00e2ne\u0219ti, a aranjat sa fie aduse din Rom\u00e2nia produse pentru ca oamenii s\u0103 se simt\u0103 \u201eca acas\u0103\u201d, iar ceea ce nu a putut fi adus a fost cump\u0103rat din Danemarca. \u00cen paralel, a contactat toate autorit\u0103\u021bile necesare, pentru ca evenimentul s\u0103 fie complet transparent \u0219i \u00een conformitate cu legea.<\/span><\/p>\n<h3><b>Ultima suta de metri<\/b><\/h3>\n<p><span style=\"font-weight: 400;\">La \u00eenceput, unii au privit ideea cu \u00eendoial\u0103. Dar, spune Remus, odat\u0103 ce le-a explicat motivul \u0219i greut\u0103\u021bile prin care trece familia lui \u0218tefan, oamenii au \u00een\u021beles umanitatea din spatele gestului \u0219i au ales s\u0103 se implice.<\/span><\/p>\n<p><span style=\"font-weight: 400;\">\u00cen aceast\u0103 lun\u0103, \u0218tefan a avut o procedur\u0103 \u00een care medicii au implantat electrozi pentru a identifica zona exact\u0103 a creierului de unde pornesc crizele, cu rezultate \u00eencurajatoare. Remus, vizibil emo\u021bionat, crede c\u0103 urm\u0103toarea opera\u021bie ar putea fi ultima \u0219i \u00eei poate oferi lui \u0218tefan \u0219ansa la o via\u021b\u0103 normal\u0103. Scopul este str\u00e2ngerea a <\/span><b>13.000 EUR (aproximativ 100,000 DKK) <\/b><span style=\"font-weight: 400;\">pentru acoperirea costurilor. P\u0103rin\u021bii lui \u0218tefan au \u00eenfiin\u021bat o asocia\u021bie numit\u01ce <\/span><span style=\"font-weight: 400;\">\u201e<\/span><span style=\"font-weight: 400;\">Copil\u0103rie f\u0103r\u0103 epilepsie\u201d pentru str\u00e2ngerea de bani \u00een acest scop.<\/span><\/p>\n<p><b>Sprijin din toat\u0103 comunitatea<\/b><\/p>\n<p><span style=\"font-weight: 400;\">Sponsori care au contribuit cu produse, servicii \u0219i sprijin logistic:\u00a0<\/span><\/p>\n<ul>\n<li style=\"font-weight: 400;\" aria-level=\"1\"><a href=\"https:\/\/super-services.dk\/\"><b>Super Service ApS<\/b><\/a><\/li>\n<li style=\"font-weight: 400;\" aria-level=\"1\"><a href=\"https:\/\/www.facebook.com\/aby.trans\"><b>Aby Trans<\/b><\/a><\/li>\n<li style=\"font-weight: 400;\" aria-level=\"1\"><a href=\"https:\/\/barbershouse.dk\/\"><b>Barber\u2019s House<\/b><\/a><\/li>\n<li style=\"font-weight: 400;\" aria-level=\"1\"><a href=\"https:\/\/www.facebook.com\/Florinasan83\"><b>Afy Group ApS<\/b><\/a><\/li>\n<li style=\"font-weight: 400;\" aria-level=\"1\"><a href=\"https:\/\/alexconcept.dk\/\"><b>Alex Concept Barbershop<\/b><\/a><\/li>\n<li style=\"font-weight: 400;\" aria-level=\"1\"><a href=\"https:\/\/mici-online.dk\/da\/\"><b>Mici DK<\/b><\/a><b>\u00a0<\/b><\/li>\n<li style=\"font-weight: 400;\" aria-level=\"1\"><a href=\"https:\/\/www.facebook.com\/maria.mihaelacucu\"><b>Deliciile Mariei<\/b><\/a><\/li>\n<li style=\"font-weight: 400;\" aria-level=\"1\"><a href=\"https:\/\/www.facebook.com\/claudiuvirgilbirsan\"><b>DJ Claudiu<\/b><\/a><\/li>\n<li style=\"font-weight: 400;\" aria-level=\"1\"><a href=\"https:\/\/rolastweekdk.substack.com\/\"><b>Gazeta Danemarcei<\/b><\/a><\/li>\n<li style=\"font-weight: 400;\" aria-level=\"1\"><span style=\"font-weight: 400;\">\u0219i al\u021bii\u2026<\/span><\/li>\n<\/ul>\n<p><span style=\"font-weight: 400;\">M\u00e2ncarea preg\u0103tit\u0103 pentru ziua evenimentului va include \u00eentre 1300 \u0219i 1500 de mici, 200 kg de gula\u0219, pr\u0103jituri \u0219i alte delicii. Atmosfera va fi completat\u0103 de muzic\u0103 live cu DJ Claudiu, un fotograf oficial \u0219i peste 400 de participan\u021bi sunt a\u0219tepta\u021bi.<\/span><\/p>\n<h3><b>Planuri pentru viitor<\/b><\/h3>\n<p><span style=\"font-weight: 400;\">Remus vrea ca turneul \u201e\u00cempreun\u0103 putem reu\u0219i\u201d s\u0103 devin\u0103 o tradi\u021bie anual\u0103, cu o asocia\u021bie oficial\u0103 care s\u0103 poat\u0103 colabora cu alte organiza\u021bii caritabile. \u00cencurajeaz\u0103 participan\u021bii s\u0103 propun\u0103 viitoare cauze:<\/span><\/p>\n<p><span style=\"font-weight: 400;\">\u201eDac\u0103 cineva din comunitate are o problem\u0103 urgent\u0103, putem s\u0103 ne mobiliz\u0103m rapid \u0219i urm\u0103torul turneu s\u0103 fie pentru acel caz.\u201d<\/span><\/p>\n<h3><b>Un exemplu<\/b><\/h3>\n<p><span style=\"font-weight: 400;\">Comunitatea rom\u00e2neasc\u0103 din Danemarca num\u0103r\u0103 aproape 50.000 de oameni, c\u00e2t un ora\u0219 precum Hj\u00f8rring sau Alba Iulia. Nu este uria\u0219\u0103, dar este suficient de puternic\u0103 pentru a reu\u0219i \u00een astfel de ini\u021biative. Ar putea acest eveniment s\u0103 fie un exemplu at\u00e2t doar pentru rom\u00e2nii din alte \u021b\u0103ri, c\u00e2t \u0219i pentru \u021bara gazd\u0103, demonstr\u00e2nd c\u0103 rom\u00e2nii din Danemarca sunt o comunitate solidar\u01ce, gata s\u0103 se implice?<\/span><span style=\"font-weight: 400;\"> \u201e\u00cempreun\u0103 putem reu\u0219i\u201d.\u00a0<\/span><\/p>\n<h3><span style=\"font-weight: 400;\">Detalii despre turneu:<\/span><\/h3>\n<ul>\n<li style=\"font-weight: 400;\" aria-level=\"1\"><a href=\"https:\/\/www.facebook.com\/events\/1068023001580437\"><b>Pagina Evenimentului<\/b><\/a><\/li>\n<\/ul>\n<ul>\n<li aria-level=\"1\"><a href=\"https:\/\/www.facebook.com\/profile.php?id=61578232533552&amp;sk=about\"><b>Pagina \u00cempreun\u0103 putem reu\u0219i<\/b><\/a><\/li>\n<\/ul>\n<ul>\n<li aria-level=\"1\"><a href=\"https:\/\/www.score7.io\/tournaments\/impreunaputemsareusim\/overview?fbclid=IwY2xjawMNRdBleHRuA2FlbQIxMABicmlkETFkakt1T0ZaTVJuUnY1Z3RJAR5AfEdTNllfHsAMYPBP9UUJCEyk6ERwX0qmiqJzzJlygAA8FbvTalJ7hLB7xg_aem_kM69PeNUymp7Dk0BA1cO9Q\"><b>Regulile Turneului<\/b><\/a><\/li>\n<\/ul>\n<ul>\n<li style=\"font-weight: 400;\" aria-level=\"1\"><b>Data \u0219i ora<\/b><span style=\"font-weight: 400;\">: 23 august 2025, ora 09:30<\/span><\/li>\n<li style=\"font-weight: 400;\" aria-level=\"1\"><b>Locul<\/b><span style=\"font-weight: 400;\">: Serridslevvej 88, Tvingstrup, Horsens<\/span><\/li>\n<li style=\"font-weight: 400;\" aria-level=\"1\"><b>Format<\/b><span style=\"font-weight: 400;\">: 14 echipe, peste 180 de fotbali\u0219ti, meciuri de 15 minute (6+1 juc\u0103tori)<\/span><\/li>\n<li style=\"font-weight: 400;\" aria-level=\"1\"><b>Participan\u021bi a\u0219tepta\u021bi<\/b><span style=\"font-weight: 400;\">: peste 400 de persoane<\/span><\/li>\n<li style=\"font-weight: 400;\" aria-level=\"1\"><b>Atmosfer\u0103<\/b><span style=\"font-weight: 400;\">: DJ Claudiu, fotograf oficial, m\u00e2ncare rom\u00e2neasc\u0103 contra cost (mici, gula\u0219, pr\u0103jituri, vinuri, etc.)<\/span><\/li>\n<li style=\"font-weight: 400;\" aria-level=\"1\"><span style=\"font-weight: 400;\">Toate \u00eencas\u0103rile vor merge \u00een sprijinul cauzei<\/span><\/li>\n<\/ul>\n<h3><span style=\"font-weight: 400;\">Cum pute\u021bi dona:<\/span><\/h3>\n<ul>\n<li style=\"font-weight: 400;\" aria-level=\"1\"><b>MobilePay<\/b><span style=\"font-weight: 400;\">: 5057YQ<\/span><\/li>\n<li style=\"font-weight: 400;\" aria-level=\"1\"><b>Cont \u00een Rom\u00e2nia \u2013 Asocia\u021bia \u201eCopil\u0103rie f\u0103r\u0103 Epilepsie\u201d<\/b><span style=\"font-weight: 400;\">: RO26BTRLRONCRT0CY3066001<\/span><\/li>\n<\/ul>\n","protected":false},"excerpt":{"rendered":"<p>S\u00e2mb\u0103t\u0103, 23 august, pe terenul de fotbal din Tvingstrup, Horsens, comunitatea rom\u00e2neasc\u0103 din Danemarca se adun\u0103 pentru o zi de fotbal, voie bun\u0103 \u0219i solidaritate, \u00een sprijinul unei cauze nobile: str\u00e2ngerea de fonduri pentru opera\u021bia lui \u0218tefan, un b\u0103ie\u021bel de doar 4 ani \u0219i 8 luni care sufer\u0103 de epilepsie sever\u0103. Evenimentul \u201e\u00cempreun\u0103 putem reu\u0219i\u201d [&hellip;]<\/p>\n","protected":false},"author":42,"featured_media":21904,"comment_status":"open","ping_status":"closed","sticky":false,"template":"","format":"standard","meta":{"_acf_changed":false,"_themeisle_gutenberg_block_has_review":false,"_jetpack_newsletter_access":"","_jetpack_dont_email_post_to_subs":false,"_jetpack_newsletter_tier_id":0,"_jetpack_memberships_contains_paywalled_content":false,"_jetpack_feature_clip_id":0,"_jetpack_memberships_contains_paid_content":false,"footnotes":"","jetpack_post_was_ever_published":false,"_members_access_role":[],"_members_access_error":""},"categories":[878,992],"tags":[1005,1017],"class_list":["post-21903","post","type-post","status-publish","format-standard","has-post-thumbnail","category-navigarea-in-danemarca","category-societate","tag-implicare","tag-sport"],"acf":[],"jetpack_sharing_enabled":true,"jetpack-related-posts":[{"id":3222,"url":"https:\/\/lwid.dk\/ro\/verdensmand-rumaensk-respekt\/","url_meta":{"origin":21903,"position":0},"title":"Verdensmand. Rum\u00e6nsk respekt","author":"Sorina Floroiu","date":"22 noiembrie 2020","format":false,"excerpt":"Articol publicat \u00een Ekstra Bladet la data de 22 noiembrie 2020 Subiectul articolului:\u00a0 Constantin Galca, un antrenor de fotbal din Rom\u00e2nia, se simte acas\u0103 \u00een Vejle, Danemarca, unde conduce echipa de fotbal. El a fost juc\u0103tor \u00een echipa na\u021bional\u0103 a Rom\u00e2niei \u0219i a participat la patru turnee finale. Ca antrenor,\u2026","rel":"","context":"\u00cen \u201eNavigarea \u00een Danemarca\u201d","block_context":{"text":"Navigarea \u00een Danemarca","link":"https:\/\/lwid.dk\/ro\/category\/navigarea-in-danemarca\/"},"img":{"alt_text":"","src":"https:\/\/i0.wp.com\/lwid.dk\/wp-content\/uploads\/2023\/10\/30.-Rumaensk-respekt.png?resize=350%2C200&ssl=1","width":350,"height":200,"srcset":"https:\/\/i0.wp.com\/lwid.dk\/wp-content\/uploads\/2023\/10\/30.-Rumaensk-respekt.png?resize=350%2C200&ssl=1 1x, https:\/\/i0.wp.com\/lwid.dk\/wp-content\/uploads\/2023\/10\/30.-Rumaensk-respekt.png?resize=525%2C300&ssl=1 1.5x"},"classes":[]},{"id":3070,"url":"https:\/\/lwid.dk\/ro\/catalin-intentioneaza-sa-si-cumpere-o-casa-si-sa-ramana-la-fabrica-de-prelucrare-a-lemnului-catalin-vil-kobe-hus-og-blive-pa-spanfabrikken\/","url_meta":{"origin":21903,"position":1},"title":"C\u0103t\u0103lin inten\u021bioneaz\u0103 s\u0103-\u0219i cumpere o cas\u0103 \u0219i s\u0103 r\u0103m\u00e2n\u0103 la fabrica de prelucrare a lemnului \/ C\u0103t\u0103lin vil k\u00f8be hus og blive p\u00e5 sp\u00e5nfabrikken","author":"Sorina Floroiu","date":"11 februarie 2020","format":false,"excerpt":"Articol publicat in Industri & Teknik la data de 11 februarie 2020 Subiectul articolului:\u00a0 C\u0103t\u0103lin Mih\u0103i\u021b\u0103 Sp\u0103taru, \u00een v\u00e2rst\u0103 de 30 de ani, este un operator rom\u00e2n pasionat de munca sa la Silkeborg Sp\u00e5ntagning \u0219i \u00ee\u0219i dore\u0219te s\u0103-\u0219i cumpere o cas\u0103 \u00een afara ora\u0219ului Silkeborg. Desi nu are o preg\u0103tire\u2026","rel":"","context":"\u00cen \u201eNavigarea \u00een Danemarca\u201d","block_context":{"text":"Navigarea \u00een Danemarca","link":"https:\/\/lwid.dk\/ro\/category\/navigarea-in-danemarca\/"},"img":{"alt_text":"","src":"https:\/\/i0.wp.com\/lwid.dk\/wp-content\/uploads\/2023\/10\/9.-Catalin-1.png?resize=350%2C200&ssl=1","width":350,"height":200,"srcset":"https:\/\/i0.wp.com\/lwid.dk\/wp-content\/uploads\/2023\/10\/9.-Catalin-1.png?resize=350%2C200&ssl=1 1x, https:\/\/i0.wp.com\/lwid.dk\/wp-content\/uploads\/2023\/10\/9.-Catalin-1.png?resize=525%2C300&ssl=1 1.5x, https:\/\/i0.wp.com\/lwid.dk\/wp-content\/uploads\/2023\/10\/9.-Catalin-1.png?resize=700%2C400&ssl=1 2x"},"classes":[]},{"id":705,"url":"https:\/\/lwid.dk\/evenimentul-seara-culturii-romane-in-tonder\/","url_meta":{"origin":21903,"position":2},"title":"Evenimentul \u201dSeara culturii rom\u00e2ne\u201d \u00een\u00a0T\u00f8nder","author":"Alina Racila","date":"14 mai 2022","format":false,"excerpt":"\u201eSeara culturii rom\u00e2ne\u201d este evenimentul pe care am reu\u0219it s\u0103 \u00eel organizez, \u00een data de\u00a08 octombrie 2021, cu ajutorul a\u00a016 voluntari\u00a0rom\u00e2ni. Unii voluntari locuiesc \u00een comuna T\u00f8nder, iar al\u021bii au parcurs sute de kilometri, venind din comunele: Esbjerg, Herning, S\u00f8nderborg \u0219i Copenhaga. Ini\u021bial, am g\u00e2ndit acest eveniment cultural, ca un\u2026","rel":"","context":"Articol similar","block_context":{"text":"Articol similar","link":""},"img":{"alt_text":"","src":"https:\/\/i0.wp.com\/substackcdn.com\/image\/fetch\/w_1456%2Cc_limit%2Cf_auto%2Cq_auto%3Agood%2Cfl_progressive%3Asteep\/https%3A%2F%2Fbucketeer-e05bbc84-baa3-437e-9518-adb32be77984.s3.amazonaws.com%2Fpublic%2Fimages%2F2e37522b-dd46-4d95-9ee7-1dd66945eb25_2048x1366.jpeg?resize=350%2C200&ssl=1","width":350,"height":200,"srcset":"https:\/\/i0.wp.com\/substackcdn.com\/image\/fetch\/w_1456%2Cc_limit%2Cf_auto%2Cq_auto%3Agood%2Cfl_progressive%3Asteep\/https%3A%2F%2Fbucketeer-e05bbc84-baa3-437e-9518-adb32be77984.s3.amazonaws.com%2Fpublic%2Fimages%2F2e37522b-dd46-4d95-9ee7-1dd66945eb25_2048x1366.jpeg?resize=350%2C200&ssl=1 1x, https:\/\/i0.wp.com\/substackcdn.com\/image\/fetch\/w_1456%2Cc_limit%2Cf_auto%2Cq_auto%3Agood%2Cfl_progressive%3Asteep\/https%3A%2F%2Fbucketeer-e05bbc84-baa3-437e-9518-adb32be77984.s3.amazonaws.com%2Fpublic%2Fimages%2F2e37522b-dd46-4d95-9ee7-1dd66945eb25_2048x1366.jpeg?resize=525%2C300&ssl=1 1.5x, https:\/\/i0.wp.com\/substackcdn.com\/image\/fetch\/w_1456%2Cc_limit%2Cf_auto%2Cq_auto%3Agood%2Cfl_progressive%3Asteep\/https%3A%2F%2Fbucketeer-e05bbc84-baa3-437e-9518-adb32be77984.s3.amazonaws.com%2Fpublic%2Fimages%2F2e37522b-dd46-4d95-9ee7-1dd66945eb25_2048x1366.jpeg?resize=700%2C400&ssl=1 2x"},"classes":[]},{"id":14251,"url":"https:\/\/lwid.dk\/ro\/perspective-asupra-stilului-de-viata-danez-saptamana-10\/","url_meta":{"origin":21903,"position":3},"title":"Perspective asupra stilului de via\u021b\u0103 danez &#8211; S\u0103pt\u0103m\u00e2na 10","author":"Catalina Anapios","date":"10 martie 2024","format":false,"excerpt":"Miercuri, 13 martie, va fi prima zi a CPH:DOX, festivalul anual de filme documentare din Copenhaga. Cu 12 zile de proiec\u021bii \u0219i activit\u0103\u021bi, evenimentul aduce oameni \u00eempreun\u0103 pentru una dintre categoriile culturale favorite din Danemarca: filmul. C\u00e2t de multe \u0219tii despre asta? \u00cen iunie 1896, \u00een R\u00e5dhuspladsen din Copenhaga a\u2026","rel":"","context":"\u00cen \u201eNavigarea \u00een Danemarca\u201d","block_context":{"text":"Navigarea \u00een Danemarca","link":"https:\/\/lwid.dk\/ro\/category\/navigarea-in-danemarca\/"},"img":{"alt_text":"Viata de zi cu zi in Danemarca Last Week in Denmark","src":"https:\/\/i0.wp.com\/lwid.dk\/wp-content\/uploads\/2023\/12\/Viata-de-zi-cu-zi-in-Danemarca.jpg?resize=350%2C200&ssl=1","width":350,"height":200,"srcset":"https:\/\/i0.wp.com\/lwid.dk\/wp-content\/uploads\/2023\/12\/Viata-de-zi-cu-zi-in-Danemarca.jpg?resize=350%2C200&ssl=1 1x, https:\/\/i0.wp.com\/lwid.dk\/wp-content\/uploads\/2023\/12\/Viata-de-zi-cu-zi-in-Danemarca.jpg?resize=525%2C300&ssl=1 1.5x"},"classes":[]},{"id":4214,"url":"https:\/\/lwid.dk\/ro\/bucuresti-pentru-cei-care-viziteaza-pentru-prima-data\/","url_meta":{"origin":21903,"position":4},"title":"Bucure\u0219ti &#8211; pentru cei care viziteaz\u0103 pentru prima dat\u0103","author":"Sorina Floroiu","date":"21 august 2021","format":false,"excerpt":"Articol publicat in Midtjyllands Avis Sektion 2 (Weekend), la data de 21 august 2021 Rezumat: Autorul c\u0103l\u0103toriei \u00een Rom\u00e2nia prezint\u0103 o experien\u021b\u0103 mixt\u0103 \u00een \u021bar\u0103, subliniind necunoa\u0219terea acesteia de c\u0103tre danezi, dar eviden\u021biind ospitalitatea, frumuse\u021bea naturii, istoria politic\u0103 interesant\u0103 \u0219i costurile reduse. A vizitat Rom\u00e2nia de mai multe ori \u0219i\u2026","rel":"","context":"\u00cen \u201eNavigarea \u00een Danemarca\u201d","block_context":{"text":"Navigarea \u00een Danemarca","link":"https:\/\/lwid.dk\/ro\/category\/navigarea-in-danemarca\/"},"img":{"alt_text":"","src":"https:\/\/i0.wp.com\/lwid.dk\/wp-content\/uploads\/2023\/10\/32.png?resize=350%2C200&ssl=1","width":350,"height":200},"classes":[]},{"id":4172,"url":"https:\/\/lwid.dk\/ro\/moartea-lui-david-i-a-dat-lui-ioan-romanul-impulsul-final-spre-politica\/","url_meta":{"origin":21903,"position":5},"title":"Moartea lui David i-a dat lui Ioan rom\u00e2nul impulsul final spre politic\u0103","author":"Sorina Floroiu","date":"31 iulie 2021","format":false,"excerpt":"Articol publicat in Randers Amtsavis Sektion 1 Side 14, la data de 31 iulie 2021 Rezumat Ioan Rusu, un cet\u0103\u021bean rom\u00e2n din Danemarca, candideaz\u0103 pentru consiliul regional din Regiunea Iutlanda Central\u0103. El \u0219i so\u021bia sa, Daniela, au trecut prin pierderea fiului lor nou-n\u0103scut \u00een februarie, ceea ce l-a motivat pe\u2026","rel":"","context":"\u00cen \u201eNavigarea \u00een Danemarca\u201d","block_context":{"text":"Navigarea \u00een Danemarca","link":"https:\/\/lwid.dk\/ro\/category\/navigarea-in-danemarca\/"},"img":{"alt_text":"","src":"https:\/\/i0.wp.com\/lwid.dk\/wp-content\/uploads\/2023\/10\/24.png?resize=350%2C200&ssl=1","width":350,"height":200,"srcset":"https:\/\/i0.wp.com\/lwid.dk\/wp-content\/uploads\/2023\/10\/24.png?resize=350%2C200&ssl=1 1x, https:\/\/i0.wp.com\/lwid.dk\/wp-content\/uploads\/2023\/10\/24.png?resize=525%2C300&ssl=1 1.5x"},"classes":[]}],"jetpack_featured_media_url":"https:\/\/lwid.dk\/wp-content\/uploads\/2025\/08\/unnamed-12.png","_links":{"self":[{"href":"https:\/\/lwid.dk\/ro\/wp-json\/wp\/v2\/posts\/21903","targetHints":{"allow":["GET"]}}],"collection":[{"href":"https:\/\/lwid.dk\/ro\/wp-json\/wp\/v2\/posts"}],"about":[{"href":"https:\/\/lwid.dk\/ro\/wp-json\/wp\/v2\/types\/post"}],"author":[{"embeddable":true,"href":"https:\/\/lwid.dk\/ro\/wp-json\/wp\/v2\/users\/42"}],"replies":[{"embeddable":true,"href":"https:\/\/lwid.dk\/ro\/wp-json\/wp\/v2\/comments?post=21903"}],"version-history":[{"count":4,"href":"https:\/\/lwid.dk\/ro\/wp-json\/wp\/v2\/posts\/21903\/revisions"}],"predecessor-version":[{"id":28695,"href":"https:\/\/lwid.dk\/ro\/wp-json\/wp\/v2\/posts\/21903\/revisions\/28695"}],"wp:featuredmedia":[{"embeddable":true,"href":"https:\/\/lwid.dk\/ro\/wp-json\/wp\/v2\/media\/21904"}],"wp:attachment":[{"href":"https:\/\/lwid.dk\/ro\/wp-json\/wp\/v2\/media?parent=21903"}],"wp:term":[{"taxonomy":"category","embeddable":true,"href":"https:\/\/lwid.dk\/ro\/wp-json\/wp\/v2\/categories?post=21903"},{"taxonomy":"post_tag","embeddable":true,"href":"https:\/\/lwid.dk\/ro\/wp-json\/wp\/v2\/tags?post=21903"}],"curies":[{"name":"wp","href":"https:\/\/api.w.org\/{rel}","templated":true}]}}