{"id":2967,"date":"2020-01-03T15:52:00","date_gmt":"2020-01-03T14:52:00","guid":{"rendered":"https:\/\/lwid.dk\/?p=2967"},"modified":"2026-09-01T18:55:39","modified_gmt":"2026-09-01T17:55:39","slug":"danemarca-ii-ofera-dianei-mai-multe-oportunitati-danmark-giver-diana-bedre-muligheder","status":"publish","type":"post","link":"https:\/\/lwid.dk\/ro\/danemarca-ii-ofera-dianei-mai-multe-oportunitati-danmark-giver-diana-bedre-muligheder\/","title":{"rendered":"Danemarca \u00eei ofer\u0103 Dianei mai multe oportunit\u0103\u021bi \/ Danmark giver Diana bedre muligheder"},"content":{"rendered":"\r\n<p class=\"wp-block-paragraph\">Articol publicat in Magasinet Hyo la 3 ianuarie 2020<\/p>\r\n\r\n\r\n\r\n<figure class=\"wp-block-image size-large\"><img loading=\"lazy\" decoding=\"async\" width=\"1120\" height=\"700\" class=\"wp-image-5463\" src=\"https:\/\/lwid.dk\/wp-content\/uploads\/2023\/11\/1.-Danmark-giver-Diana-bedre-muligheder-edited.png\" alt=\"\" srcset=\"https:\/\/lwid.dk\/wp-content\/uploads\/2023\/11\/1.-Danmark-giver-Diana-bedre-muligheder-edited.png 1120w, https:\/\/lwid.dk\/wp-content\/uploads\/2023\/11\/1.-Danmark-giver-Diana-bedre-muligheder-edited-300x188.png 300w, https:\/\/lwid.dk\/wp-content\/uploads\/2023\/11\/1.-Danmark-giver-Diana-bedre-muligheder-edited-1024x640.png 1024w, https:\/\/lwid.dk\/wp-content\/uploads\/2023\/11\/1.-Danmark-giver-Diana-bedre-muligheder-edited-768x480.png 768w, https:\/\/lwid.dk\/wp-content\/uploads\/2023\/11\/1.-Danmark-giver-Diana-bedre-muligheder-edited-150x94.png 150w, https:\/\/lwid.dk\/wp-content\/uploads\/2023\/11\/1.-Danmark-giver-Diana-bedre-muligheder-edited-696x435.png 696w, https:\/\/lwid.dk\/wp-content\/uploads\/2023\/11\/1.-Danmark-giver-Diana-bedre-muligheder-edited-1068x668.png 1068w\" sizes=\"auto, (max-width: 1120px) 100vw, 1120px\" \/><\/figure>\r\n\r\n\r\n\r\n<p class=\"wp-block-paragraph\"><strong><em>Subiectul articolului:<\/em><\/strong>\u00a0 Diana Vl\u0103deanu, \u00een v\u00e2rst\u0103 de 23 de ani din Rom\u00e2nia, a venit \u00een Danemarca pentru a studia \u0219i lucra \u00een industria agricol\u0103. Ea a g\u0103sit oportunit\u0103\u021bi mai bune \u00een Danemarca dec\u00e2t \u00een \u021bara natal\u0103. Prin intermediul AgroJob, a fost angajat\u0103 la Mogensgaard \u0219i a urmat cursurile de asistent agricol la Grindsted Landbrugsskole. Diana a \u00eenv\u0103\u021bat multe despre cre\u0219terea porcilor \u0219i a fost fericit\u0103 s\u0103 \u00eenve\u021be at\u00e2t teoretic, c\u00e2t \u0219i practic. Diana viseaza la mai mult. Vrea sa \u00eenve\u021be limba danez\u0103 \u0219i s\u0103 se specializeze \u00een managementul cre\u0219terii porcilor pentru a-\u0219i \u00eendeplini visul de a avea propria ferm\u0103 sau de a fi manager \u00een acest domeniu.<\/p>\r\n\r\n\r\n\r\n<p class=\"wp-block-paragraph\"><em>Traducerea articolului original:<\/em><\/p>\r\n\r\n\r\n\r\n<p class=\"wp-block-paragraph\">Danemarca \u00eei ofer\u0103 Dianei mai multe oportunit\u0103\u021bi<\/p>\r\n\r\n\r\n\r\n<p class=\"wp-block-paragraph\">Diana Vl\u0103deanu este unul dintre cet\u0103\u021benii UE care au p\u0103r\u0103sit familia \u0219i \u021bara natal\u0103 pentru a urma studii \u0219i a lucra \u00een industria agricol\u0103 din Danemarca.<\/p>\r\n\r\n\r\n\r\n<p class=\"wp-block-paragraph\">Diana Vl\u0103deanu, \u00een v\u00e2rst\u0103 de 23 de ani, a venit \u00een Danemarca din Rom\u00e2nia acum pu\u021bin peste doi ani. Prin intermediul AgroJob, ea a aflat despre posibilitatea de a ob\u021bine at\u00e2t o educa\u021bie, c\u00e2t \u0219i un loc de munc\u0103 \u00een Danemarca.<\/p>\r\n\r\n\r\n\r\n<p class=\"wp-block-paragraph\">&#8222;Eu sunt din ora\u0219 \u0219i nu am mai fost niciodat\u0103 \u00eentr-o ferm\u0103 agricol\u0103. \u00cen plus, nu \u0219tiam prea multe lucruri despre animale, dar mereu mi-au pl\u0103cut. \u0218tiu c\u0103 pot s\u0103 fac tot ce-mi propun, a\u0219a c\u0103 m-am g\u00e2ndit, de ce nu, \u0219i am aplicat pentru un loc de munc\u0103 \u0219i o educa\u021bie \u00een Danemarca&#8221;, poveste\u0219te Diana Vl\u0103deanu.<\/p>\r\n\r\n\r\n\r\n<p class=\"wp-block-paragraph\">La vremea respectiv\u0103, femeia de 21 de ani a trimis o cerere \u0219i un CV prin intermediul AgroJob \u0219i a fost ulterior aprobat\u0103 \u0219i oferit\u0103 un loc de munc\u0103 la Mogensgaard \u0219i o educa\u021bie la \u0218coala Agricol\u0103 Grindsted, care are o linie de studiu \u00een limba englez\u0103 pentru studen\u021bii din UE.<\/p>\r\n\r\n\r\n\r\n<p class=\"wp-block-paragraph\">O \u021bar\u0103 nou\u0103<\/p>\r\n\r\n\r\n\r\n<p class=\"wp-block-paragraph\">Pentru t\u00e2n\u0103ra rom\u00e2nc\u0103, a veni \u00een Danemarca &#8211; un loc \u00een care nu mai fusese niciodat\u0103 &#8211; a fost un pic cople\u0219itor. Cu toate acestea, ea avea cuno\u0219tin\u021be minime despre \u021bar\u0103 datorit\u0103 veri\u0219orului ei, care a venit \u0219i el aici pentru a lucra \u00eentr-o ferm\u0103.<\/p>\r\n\r\n\r\n\r\n<p class=\"wp-block-paragraph\">&#8222;E bine s\u0103 ai un membru al familiei aproape care s\u0103 aib\u0103 grij\u0103 de mine. Ne vedem aproximativ o dat\u0103 pe s\u0103pt\u0103m\u00e2n\u0103&#8221;, spune Diana Vl\u0103deanu, care a reu\u0219it totu\u0219i s\u0103 \u00ee\u0219i fac\u0103 prieteni prin munc\u0103 \u0219i \u0219coal\u0103.<\/p>\r\n\r\n\r\n\r\n<p class=\"wp-block-paragraph\">Cu toate c\u0103 a fost greu pentru t\u00e2n\u0103ra femeie s\u0103 plece din \u021bara natal\u0103, de la familie \u0219i prieteni din cauza studiilor \u0219i muncii, ea nu a avut nicio \u00eendoial\u0103 c\u0103 Danemarca i-ar oferi mai multe oportunit\u0103\u021bi dec\u00e2t Rom\u00e2nia.<\/p>\r\n\r\n\r\n\r\n<p class=\"wp-block-paragraph\">&#8222;\u00cemi place felul \u00een care func\u021bioneaz\u0103 lucrurile \u00een Danemarca &#8211; \u00eentregul sistem \u0219i modul \u00een care se fac lucrurile in Danemarca. \u00cen Rom\u00e2nia, condi\u021biile nu sunt la fel de bune. \u0218i, dac\u0103 trebuie s\u0103 fiu sincer\u0103, cea mai mare motiva\u021bie este c\u0103 primesc un salariu mai bun aici&#8221;, explic\u0103 Diana Vl\u0103deanu.<\/p>\r\n\r\n\r\n\r\n<p class=\"wp-block-paragraph\">Oportunit\u0103\u021bi mai bune<\/p>\r\n\r\n\r\n\r\n<p class=\"wp-block-paragraph\">La Krogsgaard, Diana Vl\u0103deanu lucreaz\u0103 cu purceii. At\u00e2t munca, c\u00e2t \u0219i educa\u021bia de la \u0218coala Agricol\u0103 Grindsted au fost exact ceea ce-\u0219i dorea rom\u00e2nca, chiar dac\u0103 nu \u0219tia nimic despre agricultur\u0103 c\u00e2nd a venit \u00een \u021bar\u0103.<\/p>\r\n\r\n\r\n\r\n<p class=\"wp-block-paragraph\">\u00cen primele doi ani \u00een Danemarca, Diana Vl\u0103deanu \u0219i-a petrecut timpul altern\u00e2nd \u00eentre stagiile de practic\u0103 de la Mogensgaard \u0219i orele la \u0218coala Agricol\u0103 Grindsted.<\/p>\r\n\r\n\r\n\r\n<p class=\"wp-block-paragraph\">&#8222;Cred c\u0103 a fost minunat s\u0103 \u00eenv\u0103\u021b lucrurile at\u00e2t teoretic, c\u00e2t \u0219i practic &#8211; asta ofer\u0103 cele mai bune oportunit\u0103\u021bi&#8221;, spune Diana Vl\u0103deanu \u0219i continu\u0103: &#8222;\u0218coala Agricol\u0103 Grindsted a fost o \u0219coal\u0103 bun\u0103 pentru mine &#8211; am \u00eenv\u0103\u021bat foarte mult. \u00cen Rom\u00e2nia nu avem o educa\u021bie similar\u0103. Acolo a\u0219 fi \u00eenv\u0103\u021bat doar aspectele teoretice \u0219i nu le-a\u0219 fi putut pune \u00een practic\u0103, ceea ce face totul mult mai u\u0219or.&#8221;<\/p>\r\n\r\n\r\n\r\n<p class=\"wp-block-paragraph\">Accent pe porci<\/p>\r\n\r\n\r\n\r\n<p class=\"wp-block-paragraph\">Mai mul\u021bi studen\u021bi din UE de la Mogensgaard au urmat \u0219i ei cursurile de asistent agricol la \u0218coala Agricol\u0103 Grindsted.<\/p>\r\n\r\n\r\n\r\n<p class=\"wp-block-paragraph\">&#8222;Pe clasa mea eram zece din Rom\u00e2nia \u0219i unul din Olanda. Era bine s\u0103 fim mai mul\u021bi din aceea\u0219i \u021bar\u0103, astfel \u00eenc\u00e2t s\u0103 ne putem ajuta unul pe altul atunci c\u00e2nd nu \u00een\u021belegeam ceva \u00een englez\u0103 sau c\u00e2nd \u00eent\u00e2lneam cuvinte daneze pe care nu le \u00een\u021belegeam&#8221;, spune Diana Vl\u0103deanu, care \u00een timpul educa\u021biei s-a concentrat cel mai mult pe cre\u0219terea porcilor.<\/p>\r\n\r\n\r\n\r\n<p class=\"wp-block-paragraph\">&#8222;Am \u00eenv\u0103\u021bat multe despre porci &#8211; temperatur\u0103, ventila\u021bie, hran\u0103, cum cresc porcii \u0219i despre boli &#8211; ce trebuie s\u0103 urm\u0103rim \u0219i cum s\u0103 le trat\u0103m, poveste\u0219te Diana Vl\u0103deanu \u0219i adaug\u0103: &#8222;La \u0219coal\u0103 am \u00eenv\u0103\u021bat \u0219i despre vaci, tractoare, electricitate, construc\u021bii \u0219i altele.&#8221;<\/p>\r\n\r\n\r\n\r\n<p class=\"wp-block-paragraph\">Mai multe vise<\/p>\r\n\r\n\r\n\r\n<p class=\"wp-block-paragraph\">\u00cen august de anul acesta (e.g. 2020), Diana Vl\u0103deanu a primit diploma de asistent agricol de la \u0218coala Agricol\u0103 Grindsted. Ulterior, ea a fost angajat\u0103 permanent\u0103 la Mogensgaard, iar Diana Vl\u0103deanu are \u0219i mai multe vise pentru viitor.<\/p>\r\n\r\n\r\n\r\n<p class=\"wp-block-paragraph\">&#8222;Acum planul meu este s\u0103 \u00eenv\u0103\u021b limba danez\u0103, ceea ce mi se pare destul de dificil. Dar dup\u0103 ce voi \u00eenv\u0103\u021ba limba, a\u0219 vrea s\u0103 m\u0103 specializez \u00een management, preferabil \u00een cre\u0219terea porcilor. A\u0219 vrea s\u0103 am propria ferm\u0103 sau s\u0103 fiu manager pe o ferm\u0103 &#8211; aceasta este visul meu \u00een acest moment&#8221;, spune t\u00e2n\u0103ra rom\u00e2nc\u0103.<\/p>\r\n\r\n\r\n\r\n<p class=\"wp-block-paragraph\">Posibilitatea de a urma o alt\u0103 specializare exist\u0103 \u0219i la \u0218coala Agricol\u0103 Grindsted, dar aceast\u0103 educa\u021bie se desf\u0103\u0219oar\u0103 numai \u00een limba danez\u0103.<\/p>\r\n\r\n\r\n\r\n<p class=\"wp-block-paragraph\">\u00cen ceea ce prive\u0219te \u00eentoarcerea \u00een Rom\u00e2nia \u00een viitor, r\u0103spunsul Dianei Vl\u0103deanu nu este \u00eenc\u0103 clar. Ea nu \u0219tie \u00eenc\u0103. Dar \u0219tie, \u00een schimb, c\u0103 este recunosc\u0103toare pentru educa\u021bia \u0219i munca pe care Danemarca a contribuit s\u0103 i le ofere.<\/p>\r\n\r\n\r\n\r\n<p class=\"wp-block-paragraph\">&#8222;Sunt foarte fericit\u0103 c\u0103 am ob\u021binut o educa\u021bie. Este un sentiment grozav s\u0103 nu mai fii student, ci s\u0103 fii un angajat care \u0219tie multe despre ceea ce face.&#8221;<\/p>\r\n","protected":false},"excerpt":{"rendered":"<p>Articol publicat in Magasinet Hyo la 3 ianuarie 2020 Subiectul articolului:\u00a0 Diana Vl\u0103deanu, \u00een v\u00e2rst\u0103 de 23 de ani din Rom\u00e2nia, a venit \u00een Danemarca pentru a studia \u0219i lucra \u00een industria agricol\u0103. Ea a g\u0103sit oportunit\u0103\u021bi mai bune \u00een Danemarca dec\u00e2t \u00een \u021bara natal\u0103. Prin intermediul AgroJob, a fost angajat\u0103 la Mogensgaard \u0219i a [&hellip;]<\/p>\n","protected":false},"author":11,"featured_media":2968,"comment_status":"open","ping_status":"closed","sticky":false,"template":"","format":"standard","meta":{"_acf_changed":false,"_themeisle_gutenberg_block_has_review":false,"_jetpack_newsletter_access":"","_jetpack_dont_email_post_to_subs":false,"_jetpack_newsletter_tier_id":0,"_jetpack_memberships_contains_paywalled_content":false,"_jetpack_feature_clip_id":0,"_jetpack_memberships_contains_paid_content":false,"footnotes":"","jetpack_post_was_ever_published":false,"_members_access_role":[],"_members_access_error":""},"categories":[878,142],"tags":[536,1012],"class_list":["post-2967","post","type-post","status-publish","format-standard","has-post-thumbnail","category-navigarea-in-danemarca","category-povesti-nespuse","tag-agricultura-si-ferma","tag-ocuparea-fortei-de-munca"],"acf":[],"jetpack_sharing_enabled":true,"jetpack-related-posts":[{"id":5408,"url":"https:\/\/lwid.dk\/ro\/elev-la-agricultura-a-ramas-in-danemarca\/","url_meta":{"origin":2967,"position":0},"title":"Elev la agricultur\u0103 a r\u0103mas \u00een Danemarca","author":"Sorina Floroiu","date":"2 noiembrie 2022","format":false,"excerpt":"Articol publicat \u00een Aars Avis la data de 2 noiembrie 2022 Rezumat: Elena Comandaru, elev\u0103 la agricultur\u0103 \u00een Ia\u0219i, Rom\u00e2nia, s-a mutat \u00een Danemarca \u00een 2008. Cu o experien\u021b\u0103 ini\u021bial\u0103 dificil\u0103 \u0219i \u00eendoieli cu privire la decizia de a r\u0103m\u00e2ne, ea a ales s\u0103 continue la \u0219coala de agricultur\u0103 Borris,\u2026","rel":"","context":"\u00cen \u201eNavigarea \u00een Danemarca\u201d","block_context":{"text":"Navigarea \u00een Danemarca","link":"https:\/\/lwid.dk\/ro\/category\/navigarea-in-danemarca\/"},"img":{"alt_text":"","src":"https:\/\/i0.wp.com\/lwid.dk\/wp-content\/uploads\/2023\/11\/22.-Landsbrug-elev-blev-i-Danmark.png?resize=350%2C200&ssl=1","width":350,"height":200},"classes":[]},{"id":13449,"url":"https:\/\/lwid.dk\/ro\/coltul-antreprenorului-saptamana-8\/","url_meta":{"origin":2967,"position":1},"title":"Col\u021bul antreprenorului &#8211; S\u0103pt\u0103m\u00e2na 8","author":"Anda Macovei","date":"25 februarie 2024","format":false,"excerpt":"Pentru interna\u021bionalii care doresc s\u0103 \u00ee\u0219i \u00eenceap\u0103 propria afacere \u00een Danemarca: Particip\u0103 la cursul de 4 ateliere organizat de Institutul pentru Dezvoltare Aalborg \u00een Billund, pentru a \u00eenv\u0103\u021ba pas cu pas cum s\u0103 \u00ee\u021bi cl\u0103de\u0219ti afacerea. Participarea este gratuit\u0103. \u00censcrie-te aici. Pentru tinerii sub 41 de ani care doresc o\u2026","rel":"","context":"\u00cen \u201eNavigarea \u00een Danemarca\u201d","block_context":{"text":"Navigarea \u00een Danemarca","link":"https:\/\/lwid.dk\/ro\/category\/navigarea-in-danemarca\/"},"img":{"alt_text":"Coltul antreprenorului Last Week in Denmark","src":"https:\/\/i0.wp.com\/lwid.dk\/wp-content\/uploads\/2024\/01\/coltul_antreprenorului_last_week_in_denmark.jpg?resize=350%2C200&ssl=1","width":350,"height":200,"srcset":"https:\/\/i0.wp.com\/lwid.dk\/wp-content\/uploads\/2024\/01\/coltul_antreprenorului_last_week_in_denmark.jpg?resize=350%2C200&ssl=1 1x, https:\/\/i0.wp.com\/lwid.dk\/wp-content\/uploads\/2024\/01\/coltul_antreprenorului_last_week_in_denmark.jpg?resize=525%2C300&ssl=1 1.5x"},"classes":[]},{"id":4193,"url":"https:\/\/lwid.dk\/ro\/din-moldova-cu-dragoste-alina-si-denis-s-au-mutat-intr-o-casa-incendiata-iar-acum-candideaza-la-alegerile-municipale\/","url_meta":{"origin":2967,"position":2},"title":"Din Moldova cu dragoste: Alina \u0219i Denis s-au mutat \u00eentr-o cas\u0103 incendiat\u0103, iar acum candideaz\u0103 la alegerile municipale","author":"Sorina Floroiu","date":"3 august 2021","format":false,"excerpt":"Articol publicat in\u00a0 Jv.dk (Abonnementsomr\u00e5de) Mikkel Hausted Hanse, la data de 3 august 2021 Rezumat Alina \u0219i Denis R\u0103cil\u0103, originari din Moldova, s-au mutat \u00een Branderup, Danemarca, dup\u0103 ce au vizitat \u021bara \u00een luna de miere \u00een 2014. Ini\u021bial au lucrat ca asisten\u021bi agricoli \u0219i, ulterior, au cump\u0103rat o cas\u0103\u2026","rel":"","context":"\u00cen \u201eNavigarea \u00een Danemarca\u201d","block_context":{"text":"Navigarea \u00een Danemarca","link":"https:\/\/lwid.dk\/ro\/category\/navigarea-in-danemarca\/"},"img":{"alt_text":"","src":"https:\/\/i0.wp.com\/lwid.dk\/wp-content\/uploads\/2023\/10\/27.png?resize=350%2C200&ssl=1","width":350,"height":200,"srcset":"https:\/\/i0.wp.com\/lwid.dk\/wp-content\/uploads\/2023\/10\/27.png?resize=350%2C200&ssl=1 1x, https:\/\/i0.wp.com\/lwid.dk\/wp-content\/uploads\/2023\/10\/27.png?resize=525%2C300&ssl=1 1.5x, https:\/\/i0.wp.com\/lwid.dk\/wp-content\/uploads\/2023\/10\/27.png?resize=700%2C400&ssl=1 2x"},"classes":[]},{"id":5401,"url":"https:\/\/lwid.dk\/ro\/din-aars-in-romania-pentru-a-ajuta-in-agricultura\/","url_meta":{"origin":2967,"position":3},"title":"Din Aars \u00een Rom\u00e2nia pentru a ajuta \u00een agricultur\u0103","author":"Sorina Floroiu","date":"2 noiembrie 2022","format":false,"excerpt":"Articol publicat \u00een Aars Avis la data de 2 noiembrie 2022. Rezumat Colaborarea dintre Aars \u0219i Ia\u0219i are o istorie de 22 de ani. Vittus Bernlow a vizitat pentru prima dat\u0103 \u0219coala agricol\u0103 din Ia\u0219i acum dou\u0103 decenii. Ora\u0219ul, cu peste 300.000 de locuitori, se afl\u0103 la aproximativ 10 kilometri\u2026","rel":"","context":"\u00cen \u201eNavigarea \u00een Danemarca\u201d","block_context":{"text":"Navigarea \u00een Danemarca","link":"https:\/\/lwid.dk\/ro\/category\/navigarea-in-danemarca\/"},"img":{"alt_text":"","src":"https:\/\/i0.wp.com\/lwid.dk\/wp-content\/uploads\/2023\/11\/21.-Aars.png?resize=350%2C200&ssl=1","width":350,"height":200,"srcset":"https:\/\/i0.wp.com\/lwid.dk\/wp-content\/uploads\/2023\/11\/21.-Aars.png?resize=350%2C200&ssl=1 1x, https:\/\/i0.wp.com\/lwid.dk\/wp-content\/uploads\/2023\/11\/21.-Aars.png?resize=525%2C300&ssl=1 1.5x"},"classes":[]},{"id":5394,"url":"https:\/\/lwid.dk\/ro\/magazinul-second-hand-al-crucii-rosii-a-ajutat-o-pe-mihaela-sa-avanseze-catre-un-loc-de-munca-stabil\/","url_meta":{"origin":2967,"position":4},"title":"Magazinul second-hand al Crucii Ro\u0219ii a ajutat-o pe Mihaela s\u0103 avanseze c\u0103tre un loc de munc\u0103 stabil","author":"Sorina Floroiu","date":"26 octombrie 2022","format":false,"excerpt":"Articol publicat in Ugeavisen Grindsted la data de 26 octombrie 2022.\u00a0 Rezumat: Mihaela Dospinesco, \u00een v\u00e2rst\u0103 de 31 de ani, din Rom\u00e2nia, a venit \u00een stagiu practic la magazinul second-hand al Crucii Ro\u0219ii din Vestergade, Grindsted, c\u00e2nd a r\u0103mas \u0219omer\u0103. Voluntarii au ajutat-o cu limba, iar acum a ob\u021binut un\u2026","rel":"","context":"\u00cen \u201eNavigarea \u00een Danemarca\u201d","block_context":{"text":"Navigarea \u00een Danemarca","link":"https:\/\/lwid.dk\/ro\/category\/navigarea-in-danemarca\/"},"img":{"alt_text":"","src":"https:\/\/i0.wp.com\/lwid.dk\/wp-content\/uploads\/2023\/11\/20.-Mihaela-.png?resize=350%2C200&ssl=1","width":350,"height":200,"srcset":"https:\/\/i0.wp.com\/lwid.dk\/wp-content\/uploads\/2023\/11\/20.-Mihaela-.png?resize=350%2C200&ssl=1 1x, https:\/\/i0.wp.com\/lwid.dk\/wp-content\/uploads\/2023\/11\/20.-Mihaela-.png?resize=525%2C300&ssl=1 1.5x"},"classes":[]},{"id":3110,"url":"https:\/\/lwid.dk\/ro\/am-fost-des-victima-bullying-ului-jeg-blev-mobbet-meget\/","url_meta":{"origin":2967,"position":5},"title":"Am fost des victima bullying-ului \/ Jeg blev mobbet meget","author":"Sorina Floroiu","date":"15 martie 2020","format":false,"excerpt":"Articol publicat in B.T. la 15. marts 2020\u00a0 Subiectul articolului:\u00a0 X-Factor-Ilona Artenes \u00ee\u0219i \u00eemp\u0103rt\u0103\u0219e\u0219te povestea dificil\u0103 despre perioada \u00een care a venit din Rom\u00e2nia \u00een Danemarca. Schimbarea \u021b\u0103rii de origine cu Danemarca nu a fost \u00eentotdeauna u\u0219oar\u0103 pentru X Factor-Ilona.\u00a0 Articol tradus: Am fost des victima bullying-ului \/ Jeg blev\u2026","rel":"","context":"\u00cen \u201eNavigarea \u00een Danemarca\u201d","block_context":{"text":"Navigarea \u00een Danemarca","link":"https:\/\/lwid.dk\/ro\/category\/navigarea-in-danemarca\/"},"img":{"alt_text":"","src":"https:\/\/i0.wp.com\/lwid.dk\/wp-content\/uploads\/2023\/10\/14.-Jeg-blev-mobbet-meget.png?resize=350%2C200&ssl=1","width":350,"height":200,"srcset":"https:\/\/i0.wp.com\/lwid.dk\/wp-content\/uploads\/2023\/10\/14.-Jeg-blev-mobbet-meget.png?resize=350%2C200&ssl=1 1x, https:\/\/i0.wp.com\/lwid.dk\/wp-content\/uploads\/2023\/10\/14.-Jeg-blev-mobbet-meget.png?resize=525%2C300&ssl=1 1.5x"},"classes":[]}],"jetpack_featured_media_url":"https:\/\/lwid.dk\/wp-content\/uploads\/2023\/10\/1.-Danmark-giver-Diana-bedre-muligheder-e1697727104268.png","_links":{"self":[{"href":"https:\/\/lwid.dk\/ro\/wp-json\/wp\/v2\/posts\/2967","targetHints":{"allow":["GET"]}}],"collection":[{"href":"https:\/\/lwid.dk\/ro\/wp-json\/wp\/v2\/posts"}],"about":[{"href":"https:\/\/lwid.dk\/ro\/wp-json\/wp\/v2\/types\/post"}],"author":[{"embeddable":true,"href":"https:\/\/lwid.dk\/ro\/wp-json\/wp\/v2\/users\/11"}],"replies":[{"embeddable":true,"href":"https:\/\/lwid.dk\/ro\/wp-json\/wp\/v2\/comments?post=2967"}],"version-history":[{"count":4,"href":"https:\/\/lwid.dk\/ro\/wp-json\/wp\/v2\/posts\/2967\/revisions"}],"predecessor-version":[{"id":28791,"href":"https:\/\/lwid.dk\/ro\/wp-json\/wp\/v2\/posts\/2967\/revisions\/28791"}],"wp:featuredmedia":[{"embeddable":true,"href":"https:\/\/lwid.dk\/ro\/wp-json\/wp\/v2\/media\/2968"}],"wp:attachment":[{"href":"https:\/\/lwid.dk\/ro\/wp-json\/wp\/v2\/media?parent=2967"}],"wp:term":[{"taxonomy":"category","embeddable":true,"href":"https:\/\/lwid.dk\/ro\/wp-json\/wp\/v2\/categories?post=2967"},{"taxonomy":"post_tag","embeddable":true,"href":"https:\/\/lwid.dk\/ro\/wp-json\/wp\/v2\/tags?post=2967"}],"curies":[{"name":"wp","href":"https:\/\/api.w.org\/{rel}","templated":true}]}}