{"id":2976,"date":"2020-01-20T15:56:00","date_gmt":"2020-01-20T14:56:00","guid":{"rendered":"https:\/\/lwid.dk\/?p=2976"},"modified":"2026-09-01T18:55:23","modified_gmt":"2026-09-01T17:55:23","slug":"fratele-si-sora-s-au-casatorit-fiecare-cu-partenerul-ales-bror-og-soster-viet-med-hver-deres-udkarne","status":"publish","type":"post","link":"https:\/\/lwid.dk\/ro\/fratele-si-sora-s-au-casatorit-fiecare-cu-partenerul-ales-bror-og-soster-viet-med-hver-deres-udkarne\/","title":{"rendered":"Fratele \u0219i sora s-au c\u0103s\u0103torit &#8211; fiecare cu partenerul ales \/ Bror og s\u00f8ster viet &#8211; med hver deres udk\u00e5rne"},"content":{"rendered":"\r\n<p class=\"wp-block-paragraph\">Articol publicat in fyens.dk la data de 20 januarie 2020<\/p>\r\n\r\n\r\n\r\n<figure class=\"wp-block-image size-full is-resized\"><img loading=\"lazy\" decoding=\"async\" width=\"281\" height=\"180\" class=\"wp-image-5470\" style=\"width: 436px; height: auto;\" src=\"https:\/\/lwid.dk\/wp-content\/uploads\/2023\/11\/2.-Bror-og-soster-viet.jpg\" alt=\"\" srcset=\"https:\/\/lwid.dk\/wp-content\/uploads\/2023\/11\/2.-Bror-og-soster-viet.jpg 281w, https:\/\/lwid.dk\/wp-content\/uploads\/2023\/11\/2.-Bror-og-soster-viet-150x96.jpg 150w\" sizes=\"auto, (max-width: 281px) 100vw, 281px\" \/><\/figure>\r\n\r\n\r\n\r\n<p class=\"wp-block-paragraph\"><strong><em>Subiectul articolului:<\/em><\/strong> Dou\u0103 cupluri inedite s-au c\u0103s\u0103torit la prim\u0103ria din Assens, fiecare frate \u0219i sor\u0103 aduc\u00e2ndu-\u0219i propriul partener. Jan \u0219i Helle, precum \u0219i Daniel \u0219i Diana, au hot\u0103r\u00e2t s\u0103-\u0219i uneasc\u0103 destinele \u00eentr-o ceremonie neobi\u0219nuit\u0103. Jan a f\u0103cut senza\u021bie purt\u00e2nd o costuma\u021bie Batman, iar Daniel a optat pentru un aspect mai tradi\u021bional. Cei patru \u00eendr\u0103gosti\u021bi s-au \u00eent\u00e2lnit \u00een agricultur\u0103 \u0219i au decis s\u0103 \u00eemp\u0103rt\u0103\u0219easc\u0103 momentul c\u0103s\u0103toriei lor.<\/p>\r\n\r\n\r\n\r\n<p class=\"wp-block-paragraph\"><em>Traducerea articolului original:<\/em><\/p>\r\n\r\n\r\n\r\n<p class=\"wp-block-paragraph\">Fratele \u0219i sora s-au c\u0103s\u0103torit &#8211; fiecare cu partenerul ales<\/p>\r\n\r\n\r\n\r\n<p class=\"wp-block-paragraph\">Ceva neobi\u0219nuit s-a \u00eent\u00e2mplat luni la prim\u0103ria din Assens &#8211; fratele \u0219i sora au fost c\u0103s\u0103tori\u021bi, fiecare cu partenerii lor. Ziarul a fost martor la eveniment.<\/p>\r\n\r\n\r\n\r\n<p class=\"wp-block-paragraph\">Assens: &#8211; &#8222;Au fost otr\u0103vi\u021bi? (e.g. <em>otr\u0103vit<\/em> \u0219i <em>casatorit<\/em> se traduc cu acela\u0219i cuvant in daneza)&#8221;, \u00eentreab\u0103 un copil mic un adult din mul\u021bimea adunat\u0103 \u00een fa\u021ba Prim\u0103riei din Assens.<\/p>\r\n\r\n\r\n\r\n<p class=\"wp-block-paragraph\">Nu. Nu e at\u00e2t de grav, dar \u00eentr-o diminea\u021b\u0103 de luni are loc o nunt\u0103 destul de neobi\u0219nuit\u0103 \u00een sala prim\u0103riei din Assens. Dou\u0103 cupluri de miri urmeaz\u0103 s\u0103 fie c\u0103s\u0103torite unul dup\u0103 altul, dar ce este special este c\u0103 sunt frate \u0219i sor\u0103, fiecare venind cu partenerul lor ales. Unul dintre mirele chiar apare \u00eembr\u0103cat \u00een costumul de Batman. Este vorba despre Jan Midjord, care urmeaz\u0103 s\u0103 se c\u0103s\u0103toreasc\u0103 cu Helle Straarup, ambii din \u00c5rslev.<\/p>\r\n\r\n\r\n\r\n<ul class=\"wp-block-list\">\r\n<li>&#8222;Jan \u0219i cu mine s\u0103rb\u0103torim nou\u0103 ani \u00eempreun\u0103 ast\u0103zi. Daniel \u0219i Diana (cel\u0103lalt cuplu, n.r.) ne-au spus c\u0103 se vor c\u0103s\u0103tori. Apoi le-am spus c\u0103 s\u0103rb\u0103torim nou\u0103 ani. \u0218i atunci au zis c\u0103 ar trebui s\u0103 ne c\u0103s\u0103torim \u00eempreun\u0103&#8221;, spune Helle Straarup.<\/li>\r\n\r\n\r\n\r\n<li>&#8222;Ei bine, atunci s\u0103 facem asta&#8221;, r\u0103spunde mireasa.<\/li>\r\n<\/ul>\r\n\r\n\r\n\r\n<p class=\"wp-block-paragraph\">Jan Midjord a fost mai vizibil dec\u00e2t so\u021bia sa \u00een costumul s\u0103u de Batman, pe care l-a procurat de pe internet.<\/p>\r\n\r\n\r\n\r\n<ul class=\"wp-block-list\">\r\n<li>&#8222;Am vrut s\u0103 ies \u00een eviden\u021b\u0103. Negru \u0219i alb, asta e prea \u00eenvechit&#8221;, spune Jan Midjord, care, la fel ca so\u021bia sa, este student.<\/li>\r\n<\/ul>\r\n\r\n\r\n\r\n<p class=\"wp-block-paragraph\">So\u021bia sa are chiar \u0219i c\u00e2teva sigle Batman pe spate.<\/p>\r\n\r\n\r\n\r\n<p class=\"wp-block-paragraph\">Jan Midjord se g\u00e2ndise \u0219i la ideea de a fi Superman, dar a ales Batman &#8211; \u0219i sigur c\u0103 este \u00een continuare un supererou pentru Helle Straarup.<\/p>\r\n\r\n\r\n\r\n<p class=\"wp-block-paragraph\">Cuplul are trei copii \u00een v\u00e2rst\u0103 de doi, patru \u0219i \u0219ase ani, a\u0219a c\u0103 \u00ee\u0219i vor am\u00e2na pu\u021bin luna de miere.<\/p>\r\n\r\n\r\n\r\n<ul class=\"wp-block-list\">\r\n<li>&#8222;Acum lucrez \u00een agricultur\u0103 \u0219i ea a venit aici. A lucrat \u0219i ea pe aceea\u0219i ferm\u0103 \u0219i ne-am \u00eent\u00e2lnit. Am vorbit pu\u021bin \u0219i m-am g\u00e2ndit: &#8216;Hai s\u0103 v\u0103d dac\u0103 o pot prinde?'&#8221;<\/li>\r\n\r\n\r\n\r\n<li>&#8222;Hai s\u0103 v\u0103d dac\u0103 o pot prinde?&#8221;<\/li>\r\n<\/ul>\r\n\r\n\r\n\r\n<p class=\"wp-block-paragraph\">Fratele mai mare, Daniel Straarup, s-a c\u0103s\u0103torit cu Diana Harbatesco din Rom\u00e2nia. Au fost \u00eempreun\u0103 timp de patru ani p\u00e2n\u0103 luni.<\/p>\r\n\r\n\r\n\r\n<ul class=\"wp-block-list\">\r\n<li>&#8222;Cred c\u0103 este tare&#8221;, spune el despre a se c\u0103s\u0103tori \u00een acela\u0219i timp cu sora sa.<\/li>\r\n\r\n\r\n\r\n<li>&#8222;A fost un pic diferit \u0219i asta l-a f\u0103cut mai interesant&#8221;, crede mirele.<\/li>\r\n<\/ul>\r\n\r\n\r\n\r\n<p class=\"wp-block-paragraph\">Cu toate acestea, Daniel Straarup nu a ales s\u0103 poarte un alt costum de supererou, de\u0219i a luat \u00een considerare ideea de a fi Superman, spune el.<\/p>\r\n\r\n\r\n\r\n<ul class=\"wp-block-list\">\r\n<li>&#8222;Arhh &#8230; Era prea str\u0103lucitor&#8221;, spune mirele z\u00e2mbind.<\/li>\r\n<\/ul>\r\n\r\n\r\n\r\n<p class=\"wp-block-paragraph\">D plus D, Daniel \u0219i Diana, s-au intalnit \u00een agricultur\u0103, dezv\u0103luie mirele.<\/p>\r\n\r\n\r\n\r\n<ul class=\"wp-block-list\">\r\n<li>&#8222;Acum lucrez \u00een agricultur\u0103 \u0219i ea a venit aici. A lucrat \u0219i ea pe aceea\u0219i ferm\u0103 \u0219i ne-am \u00eent\u00e2lnit. Am vorbit pu\u021bin \u0219i m-am g\u00e2ndit: &#8216;Hai s\u0103 v\u0103d dac\u0103 o pot prinde?'&#8221;<\/li>\r\n<\/ul>\r\n\r\n\r\n\r\n<p class=\"wp-block-paragraph\">El a reu\u0219it. Daniel Straarup i-a c\u00e2\u0219tigat inima la ferma din \u00d8rritslev, pe insula Fyn, printre cele 400 de vaci de muls. De luni, a primit h\u00e2rtie care atest\u0103 c\u0103 este so\u021bul Dianei Harbatesco. Potrivit spuselor mirelui, ea este din Ia\u0219i, aproape de Moldova, care se pronun\u021b\u0103 &#8222;yash-ee&#8221; \u0219i sun\u0103 a ceai s\u0103n\u0103tos.<\/p>\r\n\r\n\r\n\r\n<p class=\"wp-block-paragraph\">De fapt, Daniel Straarup a participat acum c\u00e2\u021biva ani la emisiunea de \u00eent\u00e2lniri &#8222;Fermierul caut\u0103 iubire&#8221; de pe TV2. 62 de femei erau interesate s\u0103-l cucereasc\u0103 pe fermier, dar el s-a \u00eendr\u0103gostit de rom\u00e2nc\u0103, pe care a cunoscut-o pu\u021bin timp dup\u0103 \u00eencheierea film\u0103rilor pentru emisiune.<\/p>\r\n\r\n\r\n\r\n<p class=\"wp-block-paragraph\">O frumoas\u0103 \u021bar\u0103<\/p>\r\n\r\n\r\n\r\n<p class=\"wp-block-paragraph\">Daniel Straarup crede c\u0103 luna lor de miere va fi \u00een Italia.<\/p>\r\n\r\n\r\n\r\n<ul class=\"wp-block-list\">\r\n<li>&#8222;\u00cei place Italia&#8221;, spune mirele, care a vizitat \u021bara so\u021biei sale doar o singur\u0103 dat\u0103.<\/li>\r\n\r\n\r\n\r\n<li>&#8222;Este o \u021bar\u0103 frumoas\u0103&#8221;, remarc\u0103 el.<\/li>\r\n<\/ul>\r\n\r\n\r\n\r\n<p class=\"wp-block-paragraph\">A fost la o nunt\u0103 a unei prietene a so\u021biei sale, unde a fost \u00eenso\u021bitor.<\/p>\r\n\r\n\r\n\r\n<p class=\"wp-block-paragraph\">Procesiunea de nunt\u0103 &#8211; cu frate, sor\u0103, so\u021bi, familie \u0219i prieteni &#8211; trebuie s\u0103 mearg\u0103 mai departe \u00een aceast\u0103 zi special\u0103. Vor merge \u00een Odense \u0219i vor lua cina la Dalle Valle.<\/p>\r\n\r\n\r\n\r\n<p class=\"wp-block-paragraph\">La prima vedere, pare a fi un bufet de pr\u00e2nz cu pu\u021bin din toate. A\u0219a cum este \u0219i c\u0103s\u0103toria; cu bune \u0219i cu rele &#8211; cu sau f\u0103r\u0103 superputeri pentru a face fa\u021b\u0103 c\u0103l\u0103toriei.<\/p>\r\n\r\n\r\n\r\n<p class=\"wp-block-paragraph\"><em>Foto: Kim Rune Jessen O nunt\u0103 neobi\u0219nuit\u0103 \u00een Assens luni. Jan Midjord &#8211; \u00een costum de Batman &#8211; se c\u0103s\u0103tore\u0219te cu Helle Straarup. Ea este sora lui Daniel Straarup, care se c\u0103s\u0103tore\u0219te cu rom\u00e2nca Diana Harbatesco. Foto: Kim Rune Jessen<\/em><\/p>\r\n\r\n\r\n\r\n<p class=\"wp-block-paragraph\"><a href=\"https:\/\/fyens.dk\/assens\/bror-og-soester-viet-med-hver-deres-udkaarne\">https:\/\/fyens.dk\/assens\/bror-og-soester-viet-med-hver-deres-udkaarne<\/a><\/p>\r\n","protected":false},"excerpt":{"rendered":"<p>Articol publicat in fyens.dk la data de 20 januarie 2020 Subiectul articolului: Dou\u0103 cupluri inedite s-au c\u0103s\u0103torit la prim\u0103ria din Assens, fiecare frate \u0219i sor\u0103 aduc\u00e2ndu-\u0219i propriul partener. Jan \u0219i Helle, precum \u0219i Daniel \u0219i Diana, au hot\u0103r\u00e2t s\u0103-\u0219i uneasc\u0103 destinele \u00eentr-o ceremonie neobi\u0219nuit\u0103. Jan a f\u0103cut senza\u021bie purt\u00e2nd o costuma\u021bie Batman, iar Daniel a [&hellip;]<\/p>\n","protected":false},"author":11,"featured_media":2978,"comment_status":"open","ping_status":"closed","sticky":false,"template":"","format":"standard","meta":{"_acf_changed":false,"_themeisle_gutenberg_block_has_review":false,"_jetpack_newsletter_access":"","_jetpack_dont_email_post_to_subs":false,"_jetpack_newsletter_tier_id":0,"_jetpack_memberships_contains_paywalled_content":false,"_jetpack_feature_clip_id":0,"_jetpack_memberships_contains_paid_content":false,"footnotes":"","jetpack_post_was_ever_published":false,"_members_access_role":[],"_members_access_error":""},"categories":[878,142],"tags":[476],"class_list":["post-2976","post","type-post","status-publish","format-standard","has-post-thumbnail","category-navigarea-in-danemarca","category-povesti-nespuse","tag-stil-de-viata"],"acf":[],"jetpack_sharing_enabled":true,"jetpack-related-posts":[{"id":3173,"url":"https:\/\/lwid.dk\/ro\/andreea-este-exemplul-cel-bun\/","url_meta":{"origin":2976,"position":0},"title":"Andreea este exemplul cel bun","author":"Sorina Floroiu","date":"6 iunie 2020","format":false,"excerpt":"Articol publicat in Dagbladet Ringk\u00f8bing-Skjern la data de 6 iunie. Subiectul articolului: Andreea N\u00f8rskov a primit cet\u0103\u021benia danez\u0103 \u00een Ziua Constitu\u021biei, dup\u0103 ce a sus\u021binut examenul de cet\u0103\u021benie \u0219i a semnat c\u0103 va respecta constitu\u021bia danez\u0103. Ea s-a mutat \u00een Vester Tim datorit\u0103 iubirii \u0219i a reu\u0219it s\u0103-\u0219i construiasc\u0103 o\u2026","rel":"","context":"\u00cen \u201eNavigarea \u00een Danemarca\u201d","block_context":{"text":"Navigarea \u00een Danemarca","link":"https:\/\/lwid.dk\/ro\/category\/navigarea-in-danemarca\/"},"img":{"alt_text":"","src":"https:\/\/i0.wp.com\/lwid.dk\/wp-content\/uploads\/2023\/10\/23.-Andreea-er-det-gode-eksempel.png?resize=350%2C200&ssl=1","width":350,"height":200,"srcset":"https:\/\/i0.wp.com\/lwid.dk\/wp-content\/uploads\/2023\/10\/23.-Andreea-er-det-gode-eksempel.png?resize=350%2C200&ssl=1 1x, https:\/\/i0.wp.com\/lwid.dk\/wp-content\/uploads\/2023\/10\/23.-Andreea-er-det-gode-eksempel.png?resize=525%2C300&ssl=1 1.5x, https:\/\/i0.wp.com\/lwid.dk\/wp-content\/uploads\/2023\/10\/23.-Andreea-er-det-gode-eksempel.png?resize=700%2C400&ssl=1 2x, https:\/\/i0.wp.com\/lwid.dk\/wp-content\/uploads\/2023\/10\/23.-Andreea-er-det-gode-eksempel.png?resize=1050%2C600&ssl=1 3x"},"classes":[]},{"id":3026,"url":"https:\/\/lwid.dk\/ro\/biserica-ortodoxa-a-cumparat-casa-de-misiune-ortodoks-kirke-kobte-missionshus\/","url_meta":{"origin":2976,"position":1},"title":"Biseric\u0103 ortodox\u0103 a cump\u0103rat cas\u0103 de misiune \/ Ortodoks kirke k\u00f8bte missionshus","author":"Sorina Floroiu","date":"7 februarie 2020","format":false,"excerpt":"Articol publicat in Kristeligt Dagblad\u00a0 la data de 7 februarie 2020 Subiectul articolului: \u00cen Isenvad, l\u00e2ng\u0103 Ikast, o comunitate rom\u00e2neasc\u0103-ortodox\u0103 s-a stabilit \u00een 2010, \u00eent\u00e2mpin\u00e2nd provoc\u0103ri \u0219i obstacole, dar reu\u0219ind s\u0103 se integreze treptat \u00een comunitatea local\u0103. Dup\u0103 achizi\u021bionarea unei case de misiune \u00een 2013, au avut loc \u00eembun\u0103t\u0103\u021biri \u0219i\u2026","rel":"","context":"\u00cen \u201eNavigarea \u00een Danemarca\u201d","block_context":{"text":"Navigarea \u00een Danemarca","link":"https:\/\/lwid.dk\/ro\/category\/navigarea-in-danemarca\/"},"img":{"alt_text":"","src":"https:\/\/i0.wp.com\/lwid.dk\/wp-content\/uploads\/2023\/10\/5.-Ortodoks-kirke-1-2.jpg?resize=350%2C200&ssl=1","width":350,"height":200,"srcset":"https:\/\/i0.wp.com\/lwid.dk\/wp-content\/uploads\/2023\/10\/5.-Ortodoks-kirke-1-2.jpg?resize=350%2C200&ssl=1 1x, https:\/\/i0.wp.com\/lwid.dk\/wp-content\/uploads\/2023\/10\/5.-Ortodoks-kirke-1-2.jpg?resize=525%2C300&ssl=1 1.5x, https:\/\/i0.wp.com\/lwid.dk\/wp-content\/uploads\/2023\/10\/5.-Ortodoks-kirke-1-2.jpg?resize=700%2C400&ssl=1 2x, https:\/\/i0.wp.com\/lwid.dk\/wp-content\/uploads\/2023\/10\/5.-Ortodoks-kirke-1-2.jpg?resize=1050%2C600&ssl=1 3x, https:\/\/i0.wp.com\/lwid.dk\/wp-content\/uploads\/2023\/10\/5.-Ortodoks-kirke-1-2.jpg?resize=1400%2C800&ssl=1 4x"},"classes":[]},{"id":3110,"url":"https:\/\/lwid.dk\/ro\/am-fost-des-victima-bullying-ului-jeg-blev-mobbet-meget\/","url_meta":{"origin":2976,"position":2},"title":"Am fost des victima bullying-ului \/ Jeg blev mobbet meget","author":"Sorina Floroiu","date":"15 martie 2020","format":false,"excerpt":"Articol publicat in B.T. la 15. marts 2020\u00a0 Subiectul articolului:\u00a0 X-Factor-Ilona Artenes \u00ee\u0219i \u00eemp\u0103rt\u0103\u0219e\u0219te povestea dificil\u0103 despre perioada \u00een care a venit din Rom\u00e2nia \u00een Danemarca. Schimbarea \u021b\u0103rii de origine cu Danemarca nu a fost \u00eentotdeauna u\u0219oar\u0103 pentru X Factor-Ilona.\u00a0 Articol tradus: Am fost des victima bullying-ului \/ Jeg blev\u2026","rel":"","context":"\u00cen \u201eNavigarea \u00een Danemarca\u201d","block_context":{"text":"Navigarea \u00een Danemarca","link":"https:\/\/lwid.dk\/ro\/category\/navigarea-in-danemarca\/"},"img":{"alt_text":"","src":"https:\/\/i0.wp.com\/lwid.dk\/wp-content\/uploads\/2023\/10\/14.-Jeg-blev-mobbet-meget.png?resize=350%2C200&ssl=1","width":350,"height":200,"srcset":"https:\/\/i0.wp.com\/lwid.dk\/wp-content\/uploads\/2023\/10\/14.-Jeg-blev-mobbet-meget.png?resize=350%2C200&ssl=1 1x, https:\/\/i0.wp.com\/lwid.dk\/wp-content\/uploads\/2023\/10\/14.-Jeg-blev-mobbet-meget.png?resize=525%2C300&ssl=1 1.5x"},"classes":[]},{"id":3236,"url":"https:\/\/lwid.dk\/ro\/kommunal-accept-af-internationalt-projekt\/","url_meta":{"origin":2976,"position":3},"title":"Kommunal accept af internationalt projekt","author":"Sorina Floroiu","date":"23 decembrie 2020","format":false,"excerpt":"Articol publicat in Aars Avis la data de 23 decembrie 2020 Subiectul articolului: Politicienii din Vesthimmerland, Danemarca, doresc s\u0103 atrag\u0103 \u0219i s\u0103 integreze mai bine comunitatea rom\u00e2neasc\u0103 \u00een via\u021ba local\u0103. Proiectul \"\u00cent\u00e2lnirea cu interna\u021bionalii\" prime\u0219te sus\u021binere financiar\u0103 pentru a se desf\u0103\u0219ura timp de 18 luni. Obiectivul acestuia este de a\u2026","rel":"","context":"\u00cen \u201eNavigarea \u00een Danemarca\u201d","block_context":{"text":"Navigarea \u00een Danemarca","link":"https:\/\/lwid.dk\/ro\/category\/navigarea-in-danemarca\/"},"img":{"alt_text":"","src":"https:\/\/i0.wp.com\/lwid.dk\/wp-content\/uploads\/2023\/10\/32.-Internationalt-projekt-1.png?resize=350%2C200&ssl=1","width":350,"height":200,"srcset":"https:\/\/i0.wp.com\/lwid.dk\/wp-content\/uploads\/2023\/10\/32.-Internationalt-projekt-1.png?resize=350%2C200&ssl=1 1x, https:\/\/i0.wp.com\/lwid.dk\/wp-content\/uploads\/2023\/10\/32.-Internationalt-projekt-1.png?resize=525%2C300&ssl=1 1.5x"},"classes":[]},{"id":727,"url":"https:\/\/lwid.dk\/partea-6-sarcina-multipla-doi-sau-mai-multi-copii\/","url_meta":{"origin":2976,"position":4},"title":"Partea 6: sarcina multipl\u0103: doi sau mai mul\u0163i copii","author":"Alina Racila","date":"14 mai 2022","format":false,"excerpt":"Felicit\u0103ri! La prima scanare cu ultrasunet, \u00een jurul s\u0103pt\u0103m\u00e2nii 11\/12 la o sarcin\u0103 conceput\u0103 natural (sau mai devreme la o sarcin\u0103 conceput\u0103 artificial), ai aflat c\u0103 ai doi, trei sau mai mul\u021bi bebelu\u0219i \u00een burtic\u0103. Ce urmeaz\u0103? Ei bine, statistica danez\u0103 spune c\u0103 aproximativ 2-3% din sarcinile concepute natural presupun\u2026","rel":"","context":"Articol similar","block_context":{"text":"Articol similar","link":""},"img":{"alt_text":"","src":"","width":0,"height":0},"classes":[]},{"id":3215,"url":"https:\/\/lwid.dk\/ro\/soren-este-gata-sa-ofere-ajutor-de-craciun-familiilor-sarace-din-romania-soren-er-klar-med-julehjaelp-til-fattige-familier-i-rumaenien\/","url_meta":{"origin":2976,"position":5},"title":"S\u00f8ren este gata s\u0103 ofere ajutor de Cr\u0103ciun familiilor s\u0103race din Rom\u00e2nia \/ S\u00f8ren er klar med julehj\u00e6lp til fattige familier i Rum\u00e6nien","author":"Sorina Floroiu","date":"24 noiembrie 2020","format":false,"excerpt":"Articol publicat in Ugeavisen Vejle la data de 24 noiembrie 2020.\u00a0 Subiectul articolului: Organiza\u021bia AKO, Activi Kristnes Omsorgsarbejde, a trimis primele dou\u0103 camioane cu ajutoare c\u0103tre familiile s\u0103race din nord-estul Rom\u00e2niei, inclusiv haine de iarn\u0103 \u0219i cadouri de Cr\u0103ciun. De asemenea, planific\u0103 s\u0103 trimit\u0103 \u00eenc\u0103 trei camioane \u00een zon\u0103. AKO\u2026","rel":"","context":"\u00cen \u201eNavigarea \u00een Danemarca\u201d","block_context":{"text":"Navigarea \u00een Danemarca","link":"https:\/\/lwid.dk\/ro\/category\/navigarea-in-danemarca\/"},"img":{"alt_text":"","src":"https:\/\/i0.wp.com\/lwid.dk\/wp-content\/uploads\/2023\/10\/29.-Soren.png?resize=350%2C200&ssl=1","width":350,"height":200,"srcset":"https:\/\/i0.wp.com\/lwid.dk\/wp-content\/uploads\/2023\/10\/29.-Soren.png?resize=350%2C200&ssl=1 1x, https:\/\/i0.wp.com\/lwid.dk\/wp-content\/uploads\/2023\/10\/29.-Soren.png?resize=525%2C300&ssl=1 1.5x"},"classes":[]}],"jetpack_featured_media_url":"https:\/\/lwid.dk\/wp-content\/uploads\/2023\/10\/2.-Bror-og-soster-viet.jpg","_links":{"self":[{"href":"https:\/\/lwid.dk\/ro\/wp-json\/wp\/v2\/posts\/2976","targetHints":{"allow":["GET"]}}],"collection":[{"href":"https:\/\/lwid.dk\/ro\/wp-json\/wp\/v2\/posts"}],"about":[{"href":"https:\/\/lwid.dk\/ro\/wp-json\/wp\/v2\/types\/post"}],"author":[{"embeddable":true,"href":"https:\/\/lwid.dk\/ro\/wp-json\/wp\/v2\/users\/11"}],"replies":[{"embeddable":true,"href":"https:\/\/lwid.dk\/ro\/wp-json\/wp\/v2\/comments?post=2976"}],"version-history":[{"count":3,"href":"https:\/\/lwid.dk\/ro\/wp-json\/wp\/v2\/posts\/2976\/revisions"}],"predecessor-version":[{"id":28790,"href":"https:\/\/lwid.dk\/ro\/wp-json\/wp\/v2\/posts\/2976\/revisions\/28790"}],"wp:featuredmedia":[{"embeddable":true,"href":"https:\/\/lwid.dk\/ro\/wp-json\/wp\/v2\/media\/2978"}],"wp:attachment":[{"href":"https:\/\/lwid.dk\/ro\/wp-json\/wp\/v2\/media?parent=2976"}],"wp:term":[{"taxonomy":"category","embeddable":true,"href":"https:\/\/lwid.dk\/ro\/wp-json\/wp\/v2\/categories?post=2976"},{"taxonomy":"post_tag","embeddable":true,"href":"https:\/\/lwid.dk\/ro\/wp-json\/wp\/v2\/tags?post=2976"}],"curies":[{"name":"wp","href":"https:\/\/api.w.org\/{rel}","templated":true}]}}