{"id":2984,"date":"2020-01-28T16:01:00","date_gmt":"2020-01-28T15:01:00","guid":{"rendered":"https:\/\/lwid.dk\/?p=2984"},"modified":"2026-09-01T18:54:46","modified_gmt":"2026-09-01T17:54:46","slug":"firstfarms-a-s-cumpara-2-430-de-hectare-de-teren-in-romania-firstfarms-a-s-kober-2-430-hektar-jord-i-rumaenien","status":"publish","type":"post","link":"https:\/\/lwid.dk\/ro\/firstfarms-a-s-cumpara-2-430-de-hectare-de-teren-in-romania-firstfarms-a-s-kober-2-430-hektar-jord-i-rumaenien\/","title":{"rendered":"FirstFarms A\/S cump\u0103r\u0103 2.430 de hectare de teren \u00een Rom\u00e2nia \/ \u00a0FirstFarms A\/S k\u00f8ber 2.430 hektar jord i Rum\u00e6nien"},"content":{"rendered":"\r\n<p class=\"wp-block-paragraph\">Articol publicat in VejleAmtsFolkeblad.dk la data de 28 ianuarie 2020.<\/p>\r\n\r\n\r\n\r\n<figure class=\"wp-block-image size-full\"><img loading=\"lazy\" decoding=\"async\" width=\"874\" height=\"650\" class=\"wp-image-5477\" src=\"https:\/\/lwid.dk\/wp-content\/uploads\/2023\/11\/3.-Firstfirm.png\" alt=\"\" srcset=\"https:\/\/lwid.dk\/wp-content\/uploads\/2023\/11\/3.-Firstfirm.png 874w, https:\/\/lwid.dk\/wp-content\/uploads\/2023\/11\/3.-Firstfirm-300x223.png 300w, https:\/\/lwid.dk\/wp-content\/uploads\/2023\/11\/3.-Firstfirm-768x571.png 768w, https:\/\/lwid.dk\/wp-content\/uploads\/2023\/11\/3.-Firstfirm-150x112.png 150w, https:\/\/lwid.dk\/wp-content\/uploads\/2023\/11\/3.-Firstfirm-485x360.png 485w, https:\/\/lwid.dk\/wp-content\/uploads\/2023\/11\/3.-Firstfirm-696x518.png 696w, https:\/\/lwid.dk\/wp-content\/uploads\/2023\/11\/3.-Firstfirm-265x198.png 265w\" sizes=\"auto, (max-width: 874px) 100vw, 874px\" \/><\/figure>\r\n\r\n\r\n\r\n<p class=\"wp-block-paragraph\">Subiectul articolului: Firma agricol\u0103 FirstFarms A\/S din Billund a achizi\u021bionat 2.430 de hectare de teren agricol \u0219i o capacitate de depozitare de 6.000 de tone \u00een Rom\u00e2nia. Achizi\u021bia s-a realizat prin cump\u0103rarea companiei AIC A\/S, care de\u021bine terenuri \u0219i facilit\u0103\u021bi \u00een Rom\u00e2nia. Investi\u021bia \u00een terenuri \u0219i depozitare de calitate \u00een Europa de Est este strategic\u0103 pentru FirstFarms A\/S, deoarece pre\u021burile terenurilor sunt \u00een cre\u0219tere. Tranzac\u021bia se face prin schimbul de ac\u021biuni, iar AIC A\/S va de\u021bine 16,5% din ac\u021biunile FirstFarms A\/S. Obiectivul este de a valorifica expertiza \u0219i experien\u021ba acumulate de c\u0103tre AIC A\/S \u0219i de a contribui la dezvoltarea \u0219i optimizarea opera\u021biunilor agricole \u00een Rom\u00e2nia.<\/p>\r\n\r\n\r\n\r\n<p class=\"wp-block-paragraph\">Traducerea articolului original:\u00a0<\/p>\r\n\r\n\r\n\r\n<p class=\"wp-block-paragraph\">Firma agricol\u0103 cu sediul \u00een Billund a efectuat din nou o mare achizi\u021bie \u00een Europa de Est. De data aceasta, compania a cump\u0103rat 2.430 de hectare de teren agricol \u0219i o capacitate de depozitare de 6.000 de tone \u00een Rom\u00e2nia.<\/p>\r\n\r\n\r\n\r\n<p class=\"wp-block-paragraph\">Billund: Compania FirstFarms A\/S, cu sediul pe Majsmarken \u00een Billund, a efectuat din nou achizi\u021bii \u00een Europa de Est. Compania achizi\u021bioneaz\u0103 \u0219i administreaz\u0103 terenuri agricole \u00een Europa de Est, iar de aceast\u0103 dat\u0103 a fost achizi\u021bionat un total de 2.430 de hectare de teren agricol \u00een Rom\u00e2nia.<\/p>\r\n\r\n\r\n\r\n<p class=\"wp-block-paragraph\">FirstFarms A\/S a cump\u0103rat compania AIC A\/S. Principalul activ al acestei companii este compania rom\u00e2neasc\u0103 AISM Srl., care de\u021bine 2.430 de hectare de teren agricol \u00eenchiriat \u00een Rom\u00e2nia, o instala\u021bie modern\u0103 de depozitare cu o capacitate de stocare de 6.000 de tone, o moar\u0103 de furaje \u0219i facilit\u0103\u021bi de depozitare \u0219i administrare.<\/p>\r\n\r\n\r\n\r\n<ul class=\"wp-block-list\">\r\n<li>Este vorba \u00een principal despre investi\u021bii \u00een teren \u0219i capacitate de depozitare. Pre\u021burile terenurilor \u00een Europa de Est sunt \u00een cre\u0219tere, iar cu aceast\u0103 achizi\u021bie investim \u00een terenuri \u0219i depozitare de calitate foarte bun\u0103, cu o serie de poten\u021biale utiliz\u0103ri. Achizi\u021bia ofer\u0103 posibilitatea de a scala \u0219i optimiza opera\u021biunile \u0219i de a utiliza mai bine competen\u021bele noastre \u00een Rom\u00e2nia, a declarat Anders H. N\u00f8rgaard, director general al FirstFarms A\/S, conform unui comunicat de pres\u0103.<\/li>\r\n<\/ul>\r\n\r\n\r\n\r\n<p class=\"wp-block-paragraph\">Pre\u021burile terenurilor agricole din Europa de Est sunt \u00een cre\u0219tere, iar cu aceast\u0103 achizi\u021bie investim \u00een terenuri \u0219i depozitare de calitate foarte bun\u0103, cu o serie de poten\u021biale utiliz\u0103ri.<\/p>\r\n\r\n\r\n\r\n<p class=\"wp-block-paragraph\">Noi membri \u00een ac\u021bionariat<\/p>\r\n\r\n\r\n\r\n<p class=\"wp-block-paragraph\">Compania rom\u00e2neasc\u0103 achizi\u021bionat\u0103 are, desigur, cuno\u0219tin\u021be \u0219i experien\u021b\u0103 valoroase \u00een ceea ce prive\u0219te agricultura \u00een Rom\u00e2nia. FirstFarms nu dore\u0219te s\u0103 iroseasc\u0103 aceste cuno\u0219tin\u021be, astfel c\u0103 plata pentru achizi\u021bia AIC A\/S se va face \u00een ac\u021biuni ale FirstFarms A\/S.<\/p>\r\n\r\n\r\n\r\n<ul class=\"wp-block-list\">\r\n<li>Prin intrarea v\u00e2nz\u0103torului \u00een ac\u021bionariat, avem acces la cuno\u0219tin\u021be \u0219i experien\u021b\u0103 valoroas\u0103, pe care vom \u0219ti s\u0103 le valorific\u0103m, a declarat Anders H. N\u00f8rgaard.<\/li>\r\n<\/ul>\r\n\r\n\r\n\r\n<p class=\"wp-block-paragraph\">Proprietarii AIC A\/S vor deveni proprietari ai 16,5% din ac\u021biunile FirstFarms A\/S, \u00een cazul \u00een care tranzac\u021bia se va desf\u0103\u0219ura conform planului.<\/p>\r\n\r\n\r\n\r\n<ul class=\"wp-block-list\">\r\n<li>FirstFarms a demonstrat \u00een mod deplin c\u0103 are abilitatea de a administra \u0219i dezvolta agricultura \u00een Europa de Est. Fundamentul este solid, situa\u021bia economic\u0103 este bun\u0103, iar un plan ambi\u021bios pentru viitor este pus \u00een aplicare. Dorim s\u0103 contribuim activ la dezvoltarea continu\u0103 pozitiv\u0103 &#8211; at\u00e2t \u00een sens larg, c\u00e2t \u0219i \u00een domenii specifice &#8211; \u00een calitate de ac\u021bionar majoritar, a declarat Bendt Wedell, pre\u0219edintele consiliului de administra\u021bie al AIC A\/S.<\/li>\r\n<\/ul>\r\n\r\n\r\n\r\n<p class=\"wp-block-paragraph\">Anders H. N\u00f8rgaard, directorul general al FirstFarms A\/S, se bucur\u0103 de achizi\u021bia terenului din Rom\u00e2nia. Odat\u0103 cu aceast\u0103 achizi\u021bie, FirstFarms A\/S va avea, de asemenea, noi co-proprietari. Fotografie de arhiv\u0103: FirstFarms A\/S.<\/p>\r\n","protected":false},"excerpt":{"rendered":"<p>Articol publicat in VejleAmtsFolkeblad.dk la data de 28 ianuarie 2020. Subiectul articolului: Firma agricol\u0103 FirstFarms A\/S din Billund a achizi\u021bionat 2.430 de hectare de teren agricol \u0219i o capacitate de depozitare de 6.000 de tone \u00een Rom\u00e2nia. Achizi\u021bia s-a realizat prin cump\u0103rarea companiei AIC A\/S, care de\u021bine terenuri \u0219i facilit\u0103\u021bi \u00een Rom\u00e2nia. Investi\u021bia \u00een terenuri [&hellip;]<\/p>\n","protected":false},"author":11,"featured_media":2986,"comment_status":"open","ping_status":"closed","sticky":false,"template":"","format":"standard","meta":{"_acf_changed":false,"_themeisle_gutenberg_block_has_review":false,"_jetpack_newsletter_access":"","_jetpack_dont_email_post_to_subs":false,"_jetpack_newsletter_tier_id":0,"_jetpack_memberships_contains_paywalled_content":false,"_jetpack_feature_clip_id":0,"_jetpack_memberships_contains_paid_content":false,"footnotes":"","jetpack_post_was_ever_published":false,"_members_access_role":[],"_members_access_error":""},"categories":[878,142],"tags":[536],"class_list":["post-2984","post","type-post","status-publish","format-standard","has-post-thumbnail","category-navigarea-in-danemarca","category-povesti-nespuse","tag-agricultura-si-ferma"],"acf":[],"jetpack_sharing_enabled":true,"jetpack-related-posts":[{"id":3335,"url":"https:\/\/lwid.dk\/ro\/andrei-pavel-preia-functia-de-director-general-al-ingleby-farms\/","url_meta":{"origin":2984,"position":0},"title":"Andrei Pavel preia func\u021bia de director general al Ingleby Farms","author":"Sorina Floroiu","date":"3 iunie 2021","format":false,"excerpt":"Articol publicat in Agriwatch.dk Thomas R\u00f8nsholdt M\u00f8rch, la data de 3 iunie 2021 Rezumat: Hans Henrik Koefoed, \u00een v\u00e2rst\u0103 de 65 de ani, pred\u0103 func\u021bia de director general al grupului agricol interna\u021bional Ingleby c\u0103tre rom\u00e2nul Andrei Pavel, \u00een v\u00e2rst\u0103 de 39 de ani, marc\u00e2nd o schimbare genera\u021bional\u0103 dup\u0103 16 ani\u2026","rel":"","context":"\u00cen \u201eNavigarea \u00een Danemarca\u201d","block_context":{"text":"Navigarea \u00een Danemarca","link":"https:\/\/lwid.dk\/ro\/category\/navigarea-in-danemarca\/"},"img":{"alt_text":"","src":"https:\/\/i0.wp.com\/lwid.dk\/wp-content\/uploads\/2023\/10\/12.png?resize=350%2C200&ssl=1","width":350,"height":200,"srcset":"https:\/\/i0.wp.com\/lwid.dk\/wp-content\/uploads\/2023\/10\/12.png?resize=350%2C200&ssl=1 1x, https:\/\/i0.wp.com\/lwid.dk\/wp-content\/uploads\/2023\/10\/12.png?resize=525%2C300&ssl=1 1.5x"},"classes":[]},{"id":3187,"url":"https:\/\/lwid.dk\/ro\/transilvania-conduce-in-turismul-viitor-trebuie-sa-fie-durabil-transsylvanien-gar-forrest-fremtidens-turisme-skal-vaere-baeredygtig\/","url_meta":{"origin":2984,"position":1},"title":"Transilvania conduce \u00een turismul viitor &#8211; trebuie s\u0103 fie durabil. \/ Transsylvanien g\u00e5r forrest Fremtidens turisme skal v\u00e6re b\u00e6redygtig","author":"Sorina Floroiu","date":"27 iunie 2020","format":false,"excerpt":"Articol publicat in Jyllands-Posten la data de 27 iunie 2020. Subiectul articolului: Ecoturismul ar putea deveni o alternativ\u0103 \u00een c\u0103l\u0103toriile \u00een str\u0103in\u0103tate \u00een contextul actual.\u00a0 Transilvania este considerat\u0103 o destina\u021bie potrivit\u0103 pentru ecoturism \u0219i atrage aten\u021bia turi\u0219tilor datorit\u0103 politicii stricte de protec\u021bie a mediului \u0219i a angajamentului fa\u021b\u0103 de turismul\u2026","rel":"","context":"\u00cen \u201eNavigarea \u00een Danemarca\u201d","block_context":{"text":"Navigarea \u00een Danemarca","link":"https:\/\/lwid.dk\/ro\/category\/navigarea-in-danemarca\/"},"img":{"alt_text":"","src":"https:\/\/i0.wp.com\/lwid.dk\/wp-content\/uploads\/2023\/10\/25.-Fremtiders-turisme.png?resize=350%2C200&ssl=1","width":350,"height":200,"srcset":"https:\/\/i0.wp.com\/lwid.dk\/wp-content\/uploads\/2023\/10\/25.-Fremtiders-turisme.png?resize=350%2C200&ssl=1 1x, https:\/\/i0.wp.com\/lwid.dk\/wp-content\/uploads\/2023\/10\/25.-Fremtiders-turisme.png?resize=525%2C300&ssl=1 1.5x"},"classes":[]},{"id":5401,"url":"https:\/\/lwid.dk\/ro\/din-aars-in-romania-pentru-a-ajuta-in-agricultura\/","url_meta":{"origin":2984,"position":2},"title":"Din Aars \u00een Rom\u00e2nia pentru a ajuta \u00een agricultur\u0103","author":"Sorina Floroiu","date":"2 noiembrie 2022","format":false,"excerpt":"Articol publicat \u00een Aars Avis la data de 2 noiembrie 2022. Rezumat Colaborarea dintre Aars \u0219i Ia\u0219i are o istorie de 22 de ani. Vittus Bernlow a vizitat pentru prima dat\u0103 \u0219coala agricol\u0103 din Ia\u0219i acum dou\u0103 decenii. Ora\u0219ul, cu peste 300.000 de locuitori, se afl\u0103 la aproximativ 10 kilometri\u2026","rel":"","context":"\u00cen \u201eNavigarea \u00een Danemarca\u201d","block_context":{"text":"Navigarea \u00een Danemarca","link":"https:\/\/lwid.dk\/ro\/category\/navigarea-in-danemarca\/"},"img":{"alt_text":"","src":"https:\/\/i0.wp.com\/lwid.dk\/wp-content\/uploads\/2023\/11\/21.-Aars.png?resize=350%2C200&ssl=1","width":350,"height":200,"srcset":"https:\/\/i0.wp.com\/lwid.dk\/wp-content\/uploads\/2023\/11\/21.-Aars.png?resize=350%2C200&ssl=1 1x, https:\/\/i0.wp.com\/lwid.dk\/wp-content\/uploads\/2023\/11\/21.-Aars.png?resize=525%2C300&ssl=1 1.5x"},"classes":[]},{"id":4130,"url":"https:\/\/lwid.dk\/ro\/asa-a-pus-mana-danemarca-de-117-milioane-de-vaccinuri-din-romania-a-fost-prima-tara-care-a-cerut\/","url_meta":{"origin":2984,"position":3},"title":"A\u0219a a pus m\u00e2na Danemarca pe 1,17 milioane de vaccinuri din Rom\u00e2nia: \u201eA fost prima \u021bar\u0103 care a cerut\u201d","author":"Sorina Floroiu","date":"30 iunie 2021","format":false,"excerpt":"Articol publicat \u00een DR.dk Jakob Busk Olsen Cecilie Kallestrup, la data de 30 iunie 2021 Rezumat\u00a0 Danemarca a ob\u021binut cu succes un acord pentru achizi\u021bionarea a 1,17 milioane de doze de vaccin Pfizer\/BioNTech din Rom\u00e2nia. \u00cenceputul negocierilor a avut loc \u00een iunie, c\u00e2nd ministrul S\u0103n\u0103t\u0103\u021bii din Rom\u00e2nia, Ioana Mih\u0103il\u0103, a\u2026","rel":"","context":"\u00cen \u201eNavigarea \u00een Danemarca\u201d","block_context":{"text":"Navigarea \u00een Danemarca","link":"https:\/\/lwid.dk\/ro\/category\/navigarea-in-danemarca\/"},"img":{"alt_text":"","src":"https:\/\/i0.wp.com\/lwid.dk\/wp-content\/uploads\/2023\/10\/18.-Ro-saelger-vacciner-til-DK.png?resize=350%2C200&ssl=1","width":350,"height":200,"srcset":"https:\/\/i0.wp.com\/lwid.dk\/wp-content\/uploads\/2023\/10\/18.-Ro-saelger-vacciner-til-DK.png?resize=350%2C200&ssl=1 1x, https:\/\/i0.wp.com\/lwid.dk\/wp-content\/uploads\/2023\/10\/18.-Ro-saelger-vacciner-til-DK.png?resize=525%2C300&ssl=1 1.5x, https:\/\/i0.wp.com\/lwid.dk\/wp-content\/uploads\/2023\/10\/18.-Ro-saelger-vacciner-til-DK.png?resize=700%2C400&ssl=1 2x"},"classes":[]},{"id":5422,"url":"https:\/\/lwid.dk\/ro\/valentin-din-romania-este-indragostit-de-spiritul-de-voluntariat-din-danemarca\/","url_meta":{"origin":2984,"position":4},"title":"Valentin din Rom\u00e2nia este \u00eendr\u0103gostit de spiritul de voluntariat din Danemarca","author":"Sorina Floroiu","date":"25 noiembrie 2022","format":false,"excerpt":"Articol publicat \u00een Skive Folkeblad la data de 25 noiembrie 2022.\u00a0 Rezumat: Valentin Vorobat, aflat \u00een Danemarca de 12 ani, a fost atras de voluntariat, implic\u00e2ndu-se activ \u00een diverse organiza\u021bii \u0219i activit\u0103\u021bi comunitare. El consider\u0103 c\u0103 prin exemplul s\u0103u poate inspira \u0219i al\u021bi rom\u00e2ni s\u0103 participe la via\u021ba comunitar\u0103 din\u2026","rel":"","context":"\u00cen \u201eNavigarea \u00een Danemarca\u201d","block_context":{"text":"Navigarea \u00een Danemarca","link":"https:\/\/lwid.dk\/ro\/category\/navigarea-in-danemarca\/"},"img":{"alt_text":"","src":"https:\/\/i0.wp.com\/lwid.dk\/wp-content\/uploads\/2023\/11\/24.-Valentin.png?resize=350%2C200&ssl=1","width":350,"height":200,"srcset":"https:\/\/i0.wp.com\/lwid.dk\/wp-content\/uploads\/2023\/11\/24.-Valentin.png?resize=350%2C200&ssl=1 1x, https:\/\/i0.wp.com\/lwid.dk\/wp-content\/uploads\/2023\/11\/24.-Valentin.png?resize=525%2C300&ssl=1 1.5x, https:\/\/i0.wp.com\/lwid.dk\/wp-content\/uploads\/2023\/11\/24.-Valentin.png?resize=700%2C400&ssl=1 2x"},"classes":[]},{"id":3269,"url":"https:\/\/lwid.dk\/ro\/un-roman-in-varsta-de-31-de-ani-tocmai-a-deschis-un-mini-supermarket-in-horsens\/","url_meta":{"origin":2984,"position":5},"title":"Un rom\u00e2n \u00een v\u00e2rst\u0103 de 31 de ani tocmai a deschis un mini-supermarket \u00een Horsens","author":"Sorina Floroiu","date":"19 februarie 2021","format":false,"excerpt":"Articol publicat in Stiften.dk (\u00c5rhus Stiftstidende) Thomas Baden S\u00f8rensen,\u00a0 la data de 19 februarie 2021 Rezumat: Lucian Cojocaru, cu experien\u021b\u0103 anterioar\u0103 \u00een Silkeborg \u0219i Hammel, a deschis recent un mic supermarket \u00een Kattesund, Horsens, cu accent pe produse din Rom\u00e2nia. Oferta sa include vinuri, b\u0103uturi, conserve, carne, br\u00e2nzeturi \u0219i dulciuri\u2026","rel":"","context":"\u00cen \u201eNavigarea \u00een Danemarca\u201d","block_context":{"text":"Navigarea \u00een Danemarca","link":"https:\/\/lwid.dk\/ro\/category\/navigarea-in-danemarca\/"},"img":{"alt_text":"","src":"https:\/\/i0.wp.com\/lwid.dk\/wp-content\/uploads\/2023\/10\/4.-mini-supermarked.png?resize=350%2C200&ssl=1","width":350,"height":200,"srcset":"https:\/\/i0.wp.com\/lwid.dk\/wp-content\/uploads\/2023\/10\/4.-mini-supermarked.png?resize=350%2C200&ssl=1 1x, https:\/\/i0.wp.com\/lwid.dk\/wp-content\/uploads\/2023\/10\/4.-mini-supermarked.png?resize=525%2C300&ssl=1 1.5x, https:\/\/i0.wp.com\/lwid.dk\/wp-content\/uploads\/2023\/10\/4.-mini-supermarked.png?resize=700%2C400&ssl=1 2x"},"classes":[]}],"jetpack_featured_media_url":"https:\/\/lwid.dk\/wp-content\/uploads\/2023\/10\/3.-Firstfirm.png","_links":{"self":[{"href":"https:\/\/lwid.dk\/ro\/wp-json\/wp\/v2\/posts\/2984","targetHints":{"allow":["GET"]}}],"collection":[{"href":"https:\/\/lwid.dk\/ro\/wp-json\/wp\/v2\/posts"}],"about":[{"href":"https:\/\/lwid.dk\/ro\/wp-json\/wp\/v2\/types\/post"}],"author":[{"embeddable":true,"href":"https:\/\/lwid.dk\/ro\/wp-json\/wp\/v2\/users\/11"}],"replies":[{"embeddable":true,"href":"https:\/\/lwid.dk\/ro\/wp-json\/wp\/v2\/comments?post=2984"}],"version-history":[{"count":4,"href":"https:\/\/lwid.dk\/ro\/wp-json\/wp\/v2\/posts\/2984\/revisions"}],"predecessor-version":[{"id":28789,"href":"https:\/\/lwid.dk\/ro\/wp-json\/wp\/v2\/posts\/2984\/revisions\/28789"}],"wp:featuredmedia":[{"embeddable":true,"href":"https:\/\/lwid.dk\/ro\/wp-json\/wp\/v2\/media\/2986"}],"wp:attachment":[{"href":"https:\/\/lwid.dk\/ro\/wp-json\/wp\/v2\/media?parent=2984"}],"wp:term":[{"taxonomy":"category","embeddable":true,"href":"https:\/\/lwid.dk\/ro\/wp-json\/wp\/v2\/categories?post=2984"},{"taxonomy":"post_tag","embeddable":true,"href":"https:\/\/lwid.dk\/ro\/wp-json\/wp\/v2\/tags?post=2984"}],"curies":[{"name":"wp","href":"https:\/\/api.w.org\/{rel}","templated":true}]}}