{"id":3049,"date":"2020-02-07T09:01:00","date_gmt":"2020-02-07T08:01:00","guid":{"rendered":"https:\/\/lwid.dk\/?p=3049"},"modified":"2026-09-01T18:53:12","modified_gmt":"2026-09-01T17:53:12","slug":"crestinii-romani-in-crestere-puternica-in-danemarca-rumaenske-kristne-i-kraftig-vaekst-i-danmark","status":"publish","type":"post","link":"https:\/\/lwid.dk\/ro\/crestinii-romani-in-crestere-puternica-in-danemarca-rumaenske-kristne-i-kraftig-vaekst-i-danmark\/","title":{"rendered":"Cre\u0219tinii rom\u00e2ni \u00een cre\u0219tere puternic\u0103 \u00een Danemarca \/ Rum\u00e6nske kristne i kraftig v\u00e6kst i Danmark"},"content":{"rendered":"\r\n<p class=\"wp-block-paragraph\">Articol publicat in Kristeligt Dagblad\u00a0 la data de 7 februarie 2020<\/p>\r\n\r\n\r\n\r\n<figure class=\"wp-block-image size-full\"><img loading=\"lazy\" decoding=\"async\" width=\"871\" height=\"569\" class=\"wp-image-3050\" src=\"https:\/\/lwid.dk\/wp-content\/uploads\/2023\/10\/6.-Rumaenske-kristner.png\" alt=\"\" srcset=\"https:\/\/lwid.dk\/wp-content\/uploads\/2023\/10\/6.-Rumaenske-kristner.png 871w, https:\/\/lwid.dk\/wp-content\/uploads\/2023\/10\/6.-Rumaenske-kristner-300x196.png 300w, https:\/\/lwid.dk\/wp-content\/uploads\/2023\/10\/6.-Rumaenske-kristner-768x502.png 768w, https:\/\/lwid.dk\/wp-content\/uploads\/2023\/10\/6.-Rumaenske-kristner-150x98.png 150w, https:\/\/lwid.dk\/wp-content\/uploads\/2023\/10\/6.-Rumaenske-kristner-696x455.png 696w\" sizes=\"auto, (max-width: 871px) 100vw, 871px\" \/><\/figure>\r\n\r\n\r\n\r\n<p class=\"wp-block-paragraph\">Subiectul articolului:\u00a0<\/p>\r\n\r\n\r\n\r\n<p class=\"wp-block-paragraph\">Num\u0103rul comunit\u0103\u021bilor ortodoxe din Danemarca, \u00een special cele rom\u00e2ne\u0219ti, a crescut semnificativ datorit\u0103 migra\u021biei sporite din \u021b\u0103rile ortodoxe. Aceast\u0103 cre\u0219tere a determinat preocuparea Bisericii Poporului cu privire la influen\u021ba ortodox\u0103 \u00een Danemarca. \u00cen prezent (e.g. 2020), exist\u0103 20 de comunit\u0103\u021bi ortodoxe rom\u00e2ne\u0219ti \u00een Danemarca, \u00een compara\u021bie cu doar 8 \u00een 2013. Exist\u0103 \u0219i al\u021bi membri ortodoc\u0219i din diverse \u021b\u0103ri, cum ar fi Serbia, Rusia \u0219i Grecia. Num\u0103rul total al cre\u0219tinilor ortodoc\u0219i din Danemarca nu este cunoscut exact, dar se estimeaz\u0103 c\u0103 exist\u0103 aproximativ 100.000 de imigran\u021bi \u0219i descenden\u021bi din \u021b\u0103ri ortodoxe \u00een \u021bar\u0103.<\/p>\r\n\r\n\r\n\r\n<p class=\"wp-block-paragraph\">Articol tradus:<\/p>\r\n\r\n\r\n\r\n<p class=\"wp-block-paragraph\"><strong>\u00a0<\/strong>Cre\u0219tinii rom\u00e2ni \u00een cre\u0219tere puternic\u0103 \u00een Danemarca<\/p>\r\n\r\n\r\n\r\n<p class=\"wp-block-paragraph\">Cre\u0219tinismul ortodox<\/p>\r\n\r\n\r\n\r\n<p class=\"wp-block-paragraph\">Datorit\u0103 cre\u0219terii migra\u021biei din \u021b\u0103ri ortodoxe, s-au \u00eenfiin\u021bat multe parohii ortodoxe \u00een Danemarca, \u00een special rom\u00e2ne\u0219ti. Aceasta este o tem\u0103 abordat\u0103 \u00een cadrul \u00eent\u00e2lnirii anuale a Consiliului Intermediar al Bisericii Na\u021bionale (e.g. Biserica Evanghelic\u0103-Luteran\u0103 din Danemarca) din acest weekend.<\/p>\r\n\r\n\r\n\r\n<p class=\"wp-block-paragraph\">Icoanele \u0219i t\u0103m\u00e2ia au devenit parte a realit\u0103\u021bii biserice\u0219ti daneze \u00een ultimii ani, iar Biserica Na\u021bional\u0103 a \u00eenceput s\u0103 se confrunte cu influen\u021ba ortodox\u0103 \u00een Danemarca.<\/p>\r\n\r\n\r\n\r\n<p class=\"wp-block-paragraph\">Consiliul Intermediar al Bisericii Na\u021bionale se \u00eentrune\u0219te \u00een acest weekend la Vejle, iar cre\u0219tinii cu origini ortodoxe care locuiesc aici se afl\u0103 pe ordinea de zi.<\/p>\r\n\r\n\r\n\r\n<p class=\"wp-block-paragraph\">\u00cen special rom\u00e2nii ortodoc\u0219i au venit \u00een num\u0103r mai mare \u00een Danemarca.<\/p>\r\n\r\n\r\n\r\n<p class=\"wp-block-paragraph\">Cu 20 de ani \u00een urm\u0103, \u00een Danemarca erau aproximativ 2000 de imigran\u021bi \u0219i descenden\u021bi rom\u00e2ni, iar \u00een 2013 num\u0103rul lor crescuse la aproape 14.000. \u00cen 2019, erau aproape 34.000 de imigran\u021bi \u0219i descenden\u021bi rom\u00e2ni.<\/p>\r\n\r\n\r\n\r\n<p class=\"wp-block-paragraph\">Cre\u0219terea semnificativ\u0103 a condus la existen\u021ba a 20 de parohii rom\u00e2ne\u0219ti ortodoxe \u00een Danemarca, \u00een timp ce \u00een 2013 erau doar 8, subliniaz\u0103 Emil Hilton Saggau, doctorand la Universitatea din Copenhaga.<\/p>\r\n\r\n\r\n\r\n<p class=\"wp-block-paragraph\">El lucreaz\u0103 la o carte despre parohiile ortodoxe moderne din Europa, \u00eempreun\u0103 cu Marie Vejrup \u0219i Annika Hvithamar, dar nu se poate pronun\u021ba \u00een prezent cu privire la num\u0103rul total de parohii ortodoxe din Danemarca.<\/p>\r\n\r\n\r\n\r\n<p class=\"wp-block-paragraph\">&#8222;Exist\u0103 cu siguran\u021b\u0103 \u0219i alte parohii ortodoxe despre care nu \u0219tiu. Aceasta este punctul central \u00een ceea ce prive\u0219te parohiile ortodoxe din Danemarca: nu \u0219tim foarte multe despre ele. Exist\u0103 \u0219i diferite comunit\u0103\u021bi de credin\u021b\u0103.<\/p>\r\n\r\n\r\n\r\n<p class=\"wp-block-paragraph\">Exist\u0103 multe parohii rom\u00e2ne\u0219ti, dar \u0219i s\u00e2rbe\u0219ti, ruse\u0219ti \u0219i grece\u0219ti ortodoxe.<\/p>\r\n\r\n\r\n\r\n<p class=\"wp-block-paragraph\">Aceasta reflect\u0103 \u00een general Biserica Ortodox\u0103, unde nu exist\u0103 neap\u0103rat o coordonare semnificativ\u0103 \u0219i poate p\u0103rea confuz\u0103. \u00cen acela\u0219i timp, mul\u021bi ortodoc\u0219i au o \u00een\u021belegere larg\u0103 a bisericii, astfel c\u0103 exist\u0103 persoane care se deplaseaz\u0103 \u00eentre diferite parohii \u0219i biserici, \u0219i ast\u0103zi vedem exemple de ortodoc\u0219i care doresc ca copiii lor s\u0103 fie boteza\u021bi \u00een Biserica Na\u021bional\u0103 (e.g. Biserica Evanghelic\u0103-Luteran\u0103 din Danemarca),&#8221; spune Emil Hilton Saggau.<\/p>\r\n\r\n\r\n\r\n<p class=\"wp-block-paragraph\">&#8222;Ar trebui s\u0103 putem ilustra aceast\u0103 zon\u0103 mai bine. \u00cen Suedia, bisericile ortodoxe sunt reunite \u00eentr-un consiliu coordonator, iar statul urm\u0103re\u0219te \u00een mod constant evolu\u021bia, deoarece \u0219i \u00een Suedia exist\u0103 o minoritate ortodox\u0103 semnificativ\u0103.<\/p>\r\n\r\n\r\n\r\n<p class=\"wp-block-paragraph\">Putem fi inspira\u021bi de acest lucru.&#8221; Nu se cunoa\u0219te c\u00e2\u021bi dintre migran\u021bii din \u021b\u0103rile ortodoxe practic\u0103 credin\u021ba ortodox\u0103 \u00een Danemarca. Cu toate acestea, se \u0219tie c\u0103 \u00een Danemarca exist\u0103 aproximativ 100.000 de imigran\u021bi \u0219i descenden\u021bi din \u021b\u0103rile predominant ortodoxe. \u00cen 2008, la scurt timp dup\u0103 ce Rom\u00e2nia \u0219i Bulgaria au devenit membri ai UE, erau doar 45.000.<\/p>\r\n\r\n\r\n\r\n<p class=\"wp-block-paragraph\">Aceast\u0103 evolu\u021bie implic\u0103 \u0219i un num\u0103r tot mai mare de cre\u0219tini ortodoc\u0219i \u00een \u021bar\u0103. Biserica Na\u021bional\u0103 trebuie s\u0103 se confrunte cu aceasta, consider\u0103 secretarul executiv al Consiliului Intermediar al Bisericii Na\u021bionale, Birger Nygaard.<\/p>\r\n\r\n\r\n\r\n<p class=\"wp-block-paragraph\">&#8222;Ortodoc\u0219ii nu sunt ceva cu care asociem \u00een mod obi\u0219nuit Danemarca. P\u00e2n\u0103 recent, aceasta era o realitate \u00eendep\u0103rtat\u0103 \u0219i diferit\u0103, dar a avut loc o evolu\u021bie prin care mul\u021bi oameni au venit din \u021b\u0103ri ortodoxe ca urmare a migra\u021biei pentru munc\u0103.<\/p>\r\n\r\n\r\n\r\n<p class=\"wp-block-paragraph\">Nu to\u021bi sunt activi \u00een via\u021ba bisericeasc\u0103, ci au o baz\u0103 cultural\u0103 cre\u0219tin\u0103. \u0218i asta creeaz\u0103 o nou\u0103 realitate bisericeasc\u0103 semnificativ\u0103, la care, de fapt, nu ne-am raportat,&#8221; spune Birger Nygaard \u0219i adaug\u0103: &#8222;Realitatea este de fapt \u00eenaintea reflec\u021biilor noastre asupra acesteia, pentru c\u0103 exist\u0103 p\u0103rin\u021bi \u0219i copii cu origini ortodoxe care se adreseaz\u0103 Bisericii Na\u021bionale (e.g. Biserica Evanghelic\u0103-Luteran\u0103 din Danemarca) pentru a fi boteza\u021bi. Cum ar trebui s\u0103 ne raport\u0103m noi, ca Biseric\u0103 Na\u021bional\u0103, la aceasta? Trebuie s\u0103 existe o rela\u021bie bun\u0103 \u0219i corect\u0103, unde s\u0103 lucr\u0103m \u00een detaliu la modul \u00een care trebuie s\u0103 ne raport\u0103m la aceast\u0103 situa\u021bie \u0219i altele asem\u0103n\u0103toare.&#8221;<\/p>\r\n\r\n\r\n\r\n<p class=\"wp-block-paragraph\">Fapte: Ortodoc\u0219ii \u00een Danemarca<\/p>\r\n\r\n\r\n\r\n<p class=\"wp-block-paragraph\">Primii cre\u0219tini ortodoc\u0219i care au venit \u00een Danemarca \u00een num\u0103r mare au fost cei ru\u0219i ortodoc\u0219i. Au f\u0103cut acest lucru \u00een urma Primului R\u0103zboi Mondial, care a generat valuri de refugia\u021bi \u00een Europa. Urm\u0103toarele valuri de migran\u021bi din \u021b\u0103ri ortodoxe au avut loc \u00een anii &#8217;90, ca urmare a r\u0103zboiului din Iugoslavia, \u0219i dup\u0103 aderarea mai multor \u021b\u0103ri din Europa de Est la UE \u00een 2004 \u0219i 2007.<\/p>\r\n\r\n\r\n\r\n<p class=\"wp-block-paragraph\">Nu exist\u0103 un num\u0103r exact al c\u00e2tor migran\u021bi din \u021b\u0103rile ortodoxe sunt \u00eentr-adev\u0103r cre\u0219tini ortodoc\u0219i. Cu toate acestea, \u00een prezent exist\u0103 100.278 de imigran\u021bi \u0219i descenden\u021bi din \u021b\u0103rile ortodoxe din Europa de Est, conform datelor furnizate de Statisticile Danemarcei.<\/p>\r\n\r\n\r\n\r\n<p class=\"wp-block-paragraph\">De unde provin ace\u0219tia?<\/p>\r\n\r\n\r\n\r\n<p class=\"wp-block-paragraph\">Rusia, Ucraina, Rom\u00e2nia, Grecia, Bulgaria, Cipru, Kosovo, Macedonia, Muntenegru, Serbia, Armenia, Georgia.<\/p>\r\n","protected":false},"excerpt":{"rendered":"<p>Articol publicat in Kristeligt Dagblad\u00a0 la data de 7 februarie 2020 Subiectul articolului:\u00a0 Num\u0103rul comunit\u0103\u021bilor ortodoxe din Danemarca, \u00een special cele rom\u00e2ne\u0219ti, a crescut semnificativ datorit\u0103 migra\u021biei sporite din \u021b\u0103rile ortodoxe. Aceast\u0103 cre\u0219tere a determinat preocuparea Bisericii Poporului cu privire la influen\u021ba ortodox\u0103 \u00een Danemarca. \u00cen prezent (e.g. 2020), exist\u0103 20 de comunit\u0103\u021bi ortodoxe rom\u00e2ne\u0219ti [&hellip;]<\/p>\n","protected":false},"author":11,"featured_media":3050,"comment_status":"open","ping_status":"closed","sticky":false,"template":"","format":"standard","meta":{"_acf_changed":false,"_themeisle_gutenberg_block_has_review":false,"_jetpack_newsletter_access":"","_jetpack_dont_email_post_to_subs":false,"_jetpack_newsletter_tier_id":0,"_jetpack_memberships_contains_paywalled_content":false,"_jetpack_feature_clip_id":0,"_jetpack_memberships_contains_paid_content":false,"footnotes":"","jetpack_post_was_ever_published":false,"_members_access_role":[],"_members_access_error":""},"categories":[878,992],"tags":[1001,476],"class_list":["post-3049","post","type-post","status-publish","format-standard","has-post-thumbnail","category-navigarea-in-danemarca","category-societate","tag-diversitate-si-incluziune","tag-stil-de-viata"],"acf":[],"jetpack_sharing_enabled":true,"jetpack-related-posts":[{"id":3026,"url":"https:\/\/lwid.dk\/ro\/biserica-ortodoxa-a-cumparat-casa-de-misiune-ortodoks-kirke-kobte-missionshus\/","url_meta":{"origin":3049,"position":0},"title":"Biseric\u0103 ortodox\u0103 a cump\u0103rat cas\u0103 de misiune \/ Ortodoks kirke k\u00f8bte missionshus","author":"Sorina Floroiu","date":"7 februarie 2020","format":false,"excerpt":"Articol publicat in Kristeligt Dagblad\u00a0 la data de 7 februarie 2020 Subiectul articolului: \u00cen Isenvad, l\u00e2ng\u0103 Ikast, o comunitate rom\u00e2neasc\u0103-ortodox\u0103 s-a stabilit \u00een 2010, \u00eent\u00e2mpin\u00e2nd provoc\u0103ri \u0219i obstacole, dar reu\u0219ind s\u0103 se integreze treptat \u00een comunitatea local\u0103. Dup\u0103 achizi\u021bionarea unei case de misiune \u00een 2013, au avut loc \u00eembun\u0103t\u0103\u021biri \u0219i\u2026","rel":"","context":"\u00cen \u201eNavigarea \u00een Danemarca\u201d","block_context":{"text":"Navigarea \u00een Danemarca","link":"https:\/\/lwid.dk\/ro\/category\/navigarea-in-danemarca\/"},"img":{"alt_text":"","src":"https:\/\/i0.wp.com\/lwid.dk\/wp-content\/uploads\/2023\/10\/5.-Ortodoks-kirke-1-2.jpg?resize=350%2C200&ssl=1","width":350,"height":200,"srcset":"https:\/\/i0.wp.com\/lwid.dk\/wp-content\/uploads\/2023\/10\/5.-Ortodoks-kirke-1-2.jpg?resize=350%2C200&ssl=1 1x, https:\/\/i0.wp.com\/lwid.dk\/wp-content\/uploads\/2023\/10\/5.-Ortodoks-kirke-1-2.jpg?resize=525%2C300&ssl=1 1.5x, https:\/\/i0.wp.com\/lwid.dk\/wp-content\/uploads\/2023\/10\/5.-Ortodoks-kirke-1-2.jpg?resize=700%2C400&ssl=1 2x, https:\/\/i0.wp.com\/lwid.dk\/wp-content\/uploads\/2023\/10\/5.-Ortodoks-kirke-1-2.jpg?resize=1050%2C600&ssl=1 3x, https:\/\/i0.wp.com\/lwid.dk\/wp-content\/uploads\/2023\/10\/5.-Ortodoks-kirke-1-2.jpg?resize=1400%2C800&ssl=1 4x"},"classes":[]},{"id":11686,"url":"https:\/\/lwid.dk\/ro\/sanatatea-romanilor-din-danemarca\/","url_meta":{"origin":3049,"position":1},"title":"S\u0103n\u0103tatea rom\u00e2nilor din Danemarca","author":"Alina Racila","date":"12 februarie 2024","format":false,"excerpt":"Ideea de a scrie despre unul dintre cele mai mari grupuri minoritare din Danemarca a venit ca o dorin\u021b\u0103 de a face lumin\u0103 asupra cine este acest grup de cet\u0103\u021beni, ce activit\u0103\u021bi principale, caracteristicile sociale, etnice \u0219i tradi\u021bionale apar\u021bin cet\u0103\u021benilor \u0219i ce ar putea fi important de \u0219tiut despre s\u0103n\u0103tatea\u2026","rel":"","context":"\u00cen \u201eGhiduri practice\u201d","block_context":{"text":"Ghiduri practice","link":"https:\/\/lwid.dk\/ro\/category\/navigarea-in-danemarca\/ghiduri-practice\/"},"img":{"alt_text":"","src":"https:\/\/i0.wp.com\/lwid.dk\/wp-content\/uploads\/2023\/12\/Add-a-subtitle.jpg?resize=350%2C200&ssl=1","width":350,"height":200,"srcset":"https:\/\/i0.wp.com\/lwid.dk\/wp-content\/uploads\/2023\/12\/Add-a-subtitle.jpg?resize=350%2C200&ssl=1 1x, https:\/\/i0.wp.com\/lwid.dk\/wp-content\/uploads\/2023\/12\/Add-a-subtitle.jpg?resize=525%2C300&ssl=1 1.5x"},"classes":[]},{"id":5264,"url":"https:\/\/lwid.dk\/ro\/pavel-iubeste-gustul-tarii-sale-natale-a-deschis-un-magazin-cu-specialitati-est-europene\/","url_meta":{"origin":3049,"position":2},"title":"Pavel iube\u0219te gustul \u021b\u0103rii sale natale: A deschis un magazin cu specialit\u0103\u021bi est-europene.","author":"Sorina Floroiu","date":"13 ianuarie 2022","format":false,"excerpt":"Articol publicat in Frdb.dk la data de 13 ianuarie 2022 Rezumat:\u00a0 Pavel Paul Todor, un b\u0103rbat harnic, obi\u0219nuia s\u0103 parcurg\u0103 170 km p\u00e2n\u0103 la Randers pentru a aduce specialit\u0103\u021bi rom\u00e2ne\u0219ti \u00een Danemarca. Acum, el vinde aceste produse \u00een propriul s\u0103u magazin din Vejen. Magazinul A & I Market ofer\u0103 exclusiv\u2026","rel":"","context":"\u00cen \u201eNavigarea \u00een Danemarca\u201d","block_context":{"text":"Navigarea \u00een Danemarca","link":"https:\/\/lwid.dk\/ro\/category\/navigarea-in-danemarca\/"},"img":{"alt_text":"","src":"https:\/\/i0.wp.com\/lwid.dk\/wp-content\/uploads\/2023\/11\/1.-PAVEL.png?resize=350%2C200&ssl=1","width":350,"height":200,"srcset":"https:\/\/i0.wp.com\/lwid.dk\/wp-content\/uploads\/2023\/11\/1.-PAVEL.png?resize=350%2C200&ssl=1 1x, https:\/\/i0.wp.com\/lwid.dk\/wp-content\/uploads\/2023\/11\/1.-PAVEL.png?resize=525%2C300&ssl=1 1.5x, https:\/\/i0.wp.com\/lwid.dk\/wp-content\/uploads\/2023\/11\/1.-PAVEL.png?resize=700%2C400&ssl=1 2x"},"classes":[]},{"id":5384,"url":"https:\/\/lwid.dk\/ro\/romanii-i-au-depasit-pe-danezi-la-flensburg\/","url_meta":{"origin":3049,"position":3},"title":"Rom\u00e2nii i-au dep\u0103\u0219it pe danezi la Flensburg","author":"Sorina Floroiu","date":"2 august 2022","format":false,"excerpt":"Articol publicat in Flensborg Avis la data de 2 august 2022. Rezumat: Num\u0103rul de rom\u00e2ni din Flensburg a crescut semnificativ, tripl\u00e2ndu-se \u00een ultimii cinci ani, Rom\u00e2nia devenind principala \u021bar\u0103 de origine a str\u0103inilor stabili\u021bi \u00een ora\u0219. Danemarca a cobor\u00e2t pe locul trei \u00een clasamentul str\u0103inilor, iar rom\u00e2nii au devenit cea\u2026","rel":"","context":"\u00cen \u201eNavigarea \u00een Danemarca\u201d","block_context":{"text":"Navigarea \u00een Danemarca","link":"https:\/\/lwid.dk\/ro\/category\/navigarea-in-danemarca\/"},"img":{"alt_text":"","src":"https:\/\/i0.wp.com\/lwid.dk\/wp-content\/uploads\/2023\/11\/18.-Flensborg.png?resize=350%2C200&ssl=1","width":350,"height":200},"classes":[]},{"id":4130,"url":"https:\/\/lwid.dk\/ro\/asa-a-pus-mana-danemarca-de-117-milioane-de-vaccinuri-din-romania-a-fost-prima-tara-care-a-cerut\/","url_meta":{"origin":3049,"position":4},"title":"A\u0219a a pus m\u00e2na Danemarca pe 1,17 milioane de vaccinuri din Rom\u00e2nia: \u201eA fost prima \u021bar\u0103 care a cerut\u201d","author":"Sorina Floroiu","date":"30 iunie 2021","format":false,"excerpt":"Articol publicat \u00een DR.dk Jakob Busk Olsen Cecilie Kallestrup, la data de 30 iunie 2021 Rezumat\u00a0 Danemarca a ob\u021binut cu succes un acord pentru achizi\u021bionarea a 1,17 milioane de doze de vaccin Pfizer\/BioNTech din Rom\u00e2nia. \u00cenceputul negocierilor a avut loc \u00een iunie, c\u00e2nd ministrul S\u0103n\u0103t\u0103\u021bii din Rom\u00e2nia, Ioana Mih\u0103il\u0103, a\u2026","rel":"","context":"\u00cen \u201eNavigarea \u00een Danemarca\u201d","block_context":{"text":"Navigarea \u00een Danemarca","link":"https:\/\/lwid.dk\/ro\/category\/navigarea-in-danemarca\/"},"img":{"alt_text":"","src":"https:\/\/i0.wp.com\/lwid.dk\/wp-content\/uploads\/2023\/10\/18.-Ro-saelger-vacciner-til-DK.png?resize=350%2C200&ssl=1","width":350,"height":200,"srcset":"https:\/\/i0.wp.com\/lwid.dk\/wp-content\/uploads\/2023\/10\/18.-Ro-saelger-vacciner-til-DK.png?resize=350%2C200&ssl=1 1x, https:\/\/i0.wp.com\/lwid.dk\/wp-content\/uploads\/2023\/10\/18.-Ro-saelger-vacciner-til-DK.png?resize=525%2C300&ssl=1 1.5x, https:\/\/i0.wp.com\/lwid.dk\/wp-content\/uploads\/2023\/10\/18.-Ro-saelger-vacciner-til-DK.png?resize=700%2C400&ssl=1 2x"},"classes":[]},{"id":3173,"url":"https:\/\/lwid.dk\/ro\/andreea-este-exemplul-cel-bun\/","url_meta":{"origin":3049,"position":5},"title":"Andreea este exemplul cel bun","author":"Sorina Floroiu","date":"6 iunie 2020","format":false,"excerpt":"Articol publicat in Dagbladet Ringk\u00f8bing-Skjern la data de 6 iunie. Subiectul articolului: Andreea N\u00f8rskov a primit cet\u0103\u021benia danez\u0103 \u00een Ziua Constitu\u021biei, dup\u0103 ce a sus\u021binut examenul de cet\u0103\u021benie \u0219i a semnat c\u0103 va respecta constitu\u021bia danez\u0103. Ea s-a mutat \u00een Vester Tim datorit\u0103 iubirii \u0219i a reu\u0219it s\u0103-\u0219i construiasc\u0103 o\u2026","rel":"","context":"\u00cen \u201eNavigarea \u00een Danemarca\u201d","block_context":{"text":"Navigarea \u00een Danemarca","link":"https:\/\/lwid.dk\/ro\/category\/navigarea-in-danemarca\/"},"img":{"alt_text":"","src":"https:\/\/i0.wp.com\/lwid.dk\/wp-content\/uploads\/2023\/10\/23.-Andreea-er-det-gode-eksempel.png?resize=350%2C200&ssl=1","width":350,"height":200,"srcset":"https:\/\/i0.wp.com\/lwid.dk\/wp-content\/uploads\/2023\/10\/23.-Andreea-er-det-gode-eksempel.png?resize=350%2C200&ssl=1 1x, https:\/\/i0.wp.com\/lwid.dk\/wp-content\/uploads\/2023\/10\/23.-Andreea-er-det-gode-eksempel.png?resize=525%2C300&ssl=1 1.5x, https:\/\/i0.wp.com\/lwid.dk\/wp-content\/uploads\/2023\/10\/23.-Andreea-er-det-gode-eksempel.png?resize=700%2C400&ssl=1 2x, https:\/\/i0.wp.com\/lwid.dk\/wp-content\/uploads\/2023\/10\/23.-Andreea-er-det-gode-eksempel.png?resize=1050%2C600&ssl=1 3x"},"classes":[]}],"jetpack_featured_media_url":"https:\/\/lwid.dk\/wp-content\/uploads\/2023\/10\/6.-Rumaenske-kristner.png","_links":{"self":[{"href":"https:\/\/lwid.dk\/ro\/wp-json\/wp\/v2\/posts\/3049","targetHints":{"allow":["GET"]}}],"collection":[{"href":"https:\/\/lwid.dk\/ro\/wp-json\/wp\/v2\/posts"}],"about":[{"href":"https:\/\/lwid.dk\/ro\/wp-json\/wp\/v2\/types\/post"}],"author":[{"embeddable":true,"href":"https:\/\/lwid.dk\/ro\/wp-json\/wp\/v2\/users\/11"}],"replies":[{"embeddable":true,"href":"https:\/\/lwid.dk\/ro\/wp-json\/wp\/v2\/comments?post=3049"}],"version-history":[{"count":4,"href":"https:\/\/lwid.dk\/ro\/wp-json\/wp\/v2\/posts\/3049\/revisions"}],"predecessor-version":[{"id":28686,"href":"https:\/\/lwid.dk\/ro\/wp-json\/wp\/v2\/posts\/3049\/revisions\/28686"}],"wp:featuredmedia":[{"embeddable":true,"href":"https:\/\/lwid.dk\/ro\/wp-json\/wp\/v2\/media\/3050"}],"wp:attachment":[{"href":"https:\/\/lwid.dk\/ro\/wp-json\/wp\/v2\/media?parent=3049"}],"wp:term":[{"taxonomy":"category","embeddable":true,"href":"https:\/\/lwid.dk\/ro\/wp-json\/wp\/v2\/categories?post=3049"},{"taxonomy":"post_tag","embeddable":true,"href":"https:\/\/lwid.dk\/ro\/wp-json\/wp\/v2\/tags?post=3049"}],"curies":[{"name":"wp","href":"https:\/\/api.w.org\/{rel}","templated":true}]}}