{"id":3091,"date":"2020-02-12T09:30:00","date_gmt":"2020-02-12T08:30:00","guid":{"rendered":"https:\/\/lwid.dk\/?p=3091"},"modified":"2026-09-01T18:49:39","modified_gmt":"2026-09-01T17:49:39","slug":"pastorul-fericit-den-lykkelige-bonde","status":"publish","type":"post","link":"https:\/\/lwid.dk\/ro\/pastorul-fericit-den-lykkelige-bonde\/","title":{"rendered":"P\u0103storul fericit \/ Den lykkelige bonde"},"content":{"rendered":"\r\n<p class=\"wp-block-paragraph\">Articol publicat in Halsn\u00e6s Avis la data de 12 februarie 2020.\u00a0<\/p>\r\n\r\n\r\n\r\n<figure class=\"wp-block-image size-full\"><img loading=\"lazy\" decoding=\"async\" width=\"551\" height=\"736\" class=\"wp-image-3097\" src=\"https:\/\/lwid.dk\/wp-content\/uploads\/2023\/10\/12.-Pastorul-fericit-1.png\" alt=\"\" srcset=\"https:\/\/lwid.dk\/wp-content\/uploads\/2023\/10\/12.-Pastorul-fericit-1.png 551w, https:\/\/lwid.dk\/wp-content\/uploads\/2023\/10\/12.-Pastorul-fericit-1-225x300.png 225w, https:\/\/lwid.dk\/wp-content\/uploads\/2023\/10\/12.-Pastorul-fericit-1-150x200.png 150w, https:\/\/lwid.dk\/wp-content\/uploads\/2023\/10\/12.-Pastorul-fericit-1-300x401.png 300w\" sizes=\"auto, (max-width: 551px) 100vw, 551px\" \/><\/figure>\r\n\r\n\r\n\r\n<p class=\"wp-block-paragraph\">B\u00d8RNETEATER Vinterferien aduce teatru de p\u0103pu\u0219i pentru cei mai mici, \u00eempreun\u0103 cu adul\u021bii lor, la Biblioteca Frederiksv\u00e6rk, joi, 13 februarie.<\/p>\r\n\r\n\r\n\r\n<p class=\"wp-block-paragraph\">&#8222;P\u0103storul fericit&#8221; este liber inspirat dintr-o poveste popular\u0103 rom\u00e2neasc\u0103.<\/p>\r\n\r\n\r\n\r\n<p class=\"wp-block-paragraph\">La marginea satului, acolo unde vacile sunt l\u0103sate s\u0103 pasc\u0103 libere pe c\u00e2mp, tr\u0103ia un p\u0103stor, Stan Bolevan, \u00eempreun\u0103 cu so\u021bia sa. El era mereu fericit, \u00een timp ce ea era trist\u0103 toat\u0103 ziua. \u00centr-o zi, s-a \u00eent\u00e2mplat ceva nea\u0219teptat, iar dac\u0103 acel lucru nu s-ar fi \u00eent\u00e2mplat, aceast\u0103 poveste n-ar fi fost niciodat\u0103 spus\u0103.<\/p>\r\n\r\n\r\n\r\n<p class=\"wp-block-paragraph\">Cu ajutorul unor simple p\u0103pu\u0219i de lemn \u0219i c\u00e2ntece vesele, este interpretat\u0103 aceast\u0103 poveste despre p\u0103storul care este nevoit s\u0103 foloseasc\u0103 iste\u021bime \u0219i \u0219iretenie \u00eempotriva dragonului s\u0103lbatic din ad\u00e2ncul p\u0103durilor.<\/p>\r\n\r\n\r\n\r\n<p class=\"wp-block-paragraph\">Biletele se rezerv\u0103 prin intermediul site-ului bibliotecilor, iar at\u00e2t copiii, c\u00e2t \u0219i adul\u021bii trebuie s\u0103 aib\u0103 bilet.<\/p>\r\n","protected":false},"excerpt":{"rendered":"<p>Articol publicat in Halsn\u00e6s Avis la data de 12 februarie 2020.\u00a0 B\u00d8RNETEATER Vinterferien aduce teatru de p\u0103pu\u0219i pentru cei mai mici, \u00eempreun\u0103 cu adul\u021bii lor, la Biblioteca Frederiksv\u00e6rk, joi, 13 februarie. &#8222;P\u0103storul fericit&#8221; este liber inspirat dintr-o poveste popular\u0103 rom\u00e2neasc\u0103. La marginea satului, acolo unde vacile sunt l\u0103sate s\u0103 pasc\u0103 libere pe c\u00e2mp, tr\u0103ia un [&hellip;]<\/p>\n","protected":false},"author":11,"featured_media":3097,"comment_status":"open","ping_status":"closed","sticky":false,"template":"","format":"standard","meta":{"_acf_changed":false,"_themeisle_gutenberg_block_has_review":false,"_jetpack_newsletter_access":"","_jetpack_dont_email_post_to_subs":false,"_jetpack_newsletter_tier_id":0,"_jetpack_memberships_contains_paywalled_content":false,"_jetpack_feature_clip_id":0,"_jetpack_memberships_contains_paid_content":false,"footnotes":"","jetpack_post_was_ever_published":false,"_members_access_role":[],"_members_access_error":""},"categories":[878,142],"tags":[998],"class_list":["post-3091","post","type-post","status-publish","format-standard","has-post-thumbnail","category-navigarea-in-danemarca","category-povesti-nespuse","tag-arta-si-teatru"],"acf":[],"jetpack_sharing_enabled":true,"jetpack-related-posts":[{"id":3283,"url":"https:\/\/lwid.dk\/ro\/bunicul-tau-vasia\/","url_meta":{"origin":3091,"position":0},"title":"Bunicul t\u0103u Vasia","author":"Sorina Floroiu","date":"27 martie 2021","format":false,"excerpt":"Articol publicat in Folkeskolen.dk Bodil Christensen,\u00a0 la data de 27 martie 2021 Rezumat: Cartea \"Bunicul t\u0103u Vasia,\" scris\u0103 de Anna Rakhmanko \u0219i Mikkel Sommer, relateaz\u0103 povestea familiei bunicului Annei, Vasia, care a fost deportat \u00een Siberia \u00een timpul regimului sovietic. Deportarea a \u00eenceput \u00een 1941 \u00een Rom\u00e2nia, \u0219i familia a\u2026","rel":"","context":"\u00cen \u201eNavigarea \u00een Danemarca\u201d","block_context":{"text":"Navigarea \u00een Danemarca","link":"https:\/\/lwid.dk\/ro\/category\/navigarea-in-danemarca\/"},"img":{"alt_text":"","src":"https:\/\/i0.wp.com\/lwid.dk\/wp-content\/uploads\/2023\/10\/6.png?resize=350%2C200&ssl=1","width":350,"height":200,"srcset":"https:\/\/i0.wp.com\/lwid.dk\/wp-content\/uploads\/2023\/10\/6.png?resize=350%2C200&ssl=1 1x, https:\/\/i0.wp.com\/lwid.dk\/wp-content\/uploads\/2023\/10\/6.png?resize=525%2C300&ssl=1 1.5x, https:\/\/i0.wp.com\/lwid.dk\/wp-content\/uploads\/2023\/10\/6.png?resize=700%2C400&ssl=1 2x, https:\/\/i0.wp.com\/lwid.dk\/wp-content\/uploads\/2023\/10\/6.png?resize=1050%2C600&ssl=1 3x"},"classes":[]},{"id":5273,"url":"https:\/\/lwid.dk\/ro\/romanul-darius-a-economisit-de-la-momentul-in-care-a-trecut-granita-in-2011-acum-isi-indeplineste-visul-danez\/","url_meta":{"origin":3091,"position":1},"title":"Rom\u00e2nul Darius a economisit de la momentul \u00een care a trecut grani\u021ba \u00een 2011: Acum \u00ee\u0219i \u00eendepline\u0219te visul danez","author":"Sorina Floroiu","date":"15 ianuarie 2022","format":false,"excerpt":"Articol publicat in Lokalavisenassens.dk la data de 15 ianuarie 2022 Rezumat:\u00a0 Darius Bura \u0219i partenera sa au ajuns \u00een Danemarca acum zece ani, cu visul de a deschide propriul service auto. Dup\u0103 economisirea banilor \u0219i calificarea ca mecanic \u00een \u021bara natal\u0103, luni, 17 ianuarie, \u0219i-au \u00eendeplinit visul prin deschiderea DB\u2026","rel":"","context":"\u00cen \u201eNavigarea \u00een Danemarca\u201d","block_context":{"text":"Navigarea \u00een Danemarca","link":"https:\/\/lwid.dk\/ro\/category\/navigarea-in-danemarca\/"},"img":{"alt_text":"","src":"https:\/\/i0.wp.com\/lwid.dk\/wp-content\/uploads\/2023\/11\/2.-DARIUS.png?resize=350%2C200&ssl=1","width":350,"height":200,"srcset":"https:\/\/i0.wp.com\/lwid.dk\/wp-content\/uploads\/2023\/11\/2.-DARIUS.png?resize=350%2C200&ssl=1 1x, https:\/\/i0.wp.com\/lwid.dk\/wp-content\/uploads\/2023\/11\/2.-DARIUS.png?resize=525%2C300&ssl=1 1.5x, https:\/\/i0.wp.com\/lwid.dk\/wp-content\/uploads\/2023\/11\/2.-DARIUS.png?resize=700%2C400&ssl=1 2x"},"classes":[]},{"id":5415,"url":"https:\/\/lwid.dk\/ro\/cea-mai-notabila-comunitate-culturala-a-anului-este-absolut-incredibil\/","url_meta":{"origin":3091,"position":2},"title":"Cea mai notabil\u0103 Comunitate Cultural\u0103 a Anului: \u201c- Este absolut incredibil!\u201d\u2019","author":"Sorina Floroiu","date":"24 noiembrie 2022","format":false,"excerpt":"Articol publicat \u00een SkiveFolkeblad.dk la data de 24 noiembrie 2022. Rezumat: Asocia\u021bia Cultural\u0103 Danezo-Rom\u00e2n\u0103 din Skive, activ\u0103 de mai pu\u021bin de un an, a fost distins\u0103 cu premiul pentru Comunitatea Cultural\u0103 a Anului. Valentin Vorobat, pre\u0219edintele asocia\u021biei, a fost surprins de acest premiu \u0219i recunoa\u0219te c\u0103 nu se a\u0219tepta la\u2026","rel":"","context":"\u00cen \u201eNavigarea \u00een Danemarca\u201d","block_context":{"text":"Navigarea \u00een Danemarca","link":"https:\/\/lwid.dk\/ro\/category\/navigarea-in-danemarca\/"},"img":{"alt_text":"","src":"https:\/\/i0.wp.com\/lwid.dk\/wp-content\/uploads\/2023\/11\/23.png?resize=350%2C200&ssl=1","width":350,"height":200,"srcset":"https:\/\/i0.wp.com\/lwid.dk\/wp-content\/uploads\/2023\/11\/23.png?resize=350%2C200&ssl=1 1x, https:\/\/i0.wp.com\/lwid.dk\/wp-content\/uploads\/2023\/11\/23.png?resize=525%2C300&ssl=1 1.5x, https:\/\/i0.wp.com\/lwid.dk\/wp-content\/uploads\/2023\/11\/23.png?resize=700%2C400&ssl=1 2x"},"classes":[]},{"id":3138,"url":"https:\/\/lwid.dk\/ro\/dansatoare-de-top-a-gasit-un-partener-nou-in-romania-topdanser-har-fundet-ny-makker-i-rumaenien\/","url_meta":{"origin":3091,"position":3},"title":"Dansatoare de top a g\u0103sit un partener nou in Romania \/ Topdanser har fundet ny makker i Rum\u00e6nien","author":"Sorina Floroiu","date":"21 martie 2020","format":false,"excerpt":"Articol publicat in Viborg-folkeblad.dk la data de 21 martie 2022.\u00a0 Subiectul articolului: Nikita L\u00f6w Kristensen a fost f\u0103r\u0103 partener de dans de la sf\u00e2r\u0219itul toamnei, dar acum a g\u0103sit un nou partener \u00een Rom\u00e2nia. Colaborarea lor a \u00eenceput bine, iar ea crede c\u0103 cei doi pot ajunge departe \u00eempreun\u0103. Dup\u0103\u2026","rel":"","context":"\u00cen \u201eNavigarea \u00een Danemarca\u201d","block_context":{"text":"Navigarea \u00een Danemarca","link":"https:\/\/lwid.dk\/ro\/category\/navigarea-in-danemarca\/"},"img":{"alt_text":"","src":"https:\/\/i0.wp.com\/lwid.dk\/wp-content\/uploads\/2023\/10\/18.-Topdanser-har-fundet-ny-makker-i-Rumaenien.png?resize=350%2C200&ssl=1","width":350,"height":200,"srcset":"https:\/\/i0.wp.com\/lwid.dk\/wp-content\/uploads\/2023\/10\/18.-Topdanser-har-fundet-ny-makker-i-Rumaenien.png?resize=350%2C200&ssl=1 1x, https:\/\/i0.wp.com\/lwid.dk\/wp-content\/uploads\/2023\/10\/18.-Topdanser-har-fundet-ny-makker-i-Rumaenien.png?resize=525%2C300&ssl=1 1.5x, https:\/\/i0.wp.com\/lwid.dk\/wp-content\/uploads\/2023\/10\/18.-Topdanser-har-fundet-ny-makker-i-Rumaenien.png?resize=700%2C400&ssl=1 2x"},"classes":[]},{"id":4151,"url":"https:\/\/lwid.dk\/ro\/experientele-culturale-dau-aripi-de-viata\/","url_meta":{"origin":3091,"position":4},"title":"Experien\u021bele culturale dau aripi de via\u021b\u0103","author":"Sorina Floroiu","date":"11 iulie 2021","format":false,"excerpt":"Articol publicat in JydskeVestkysten Kolding (Livsstil) Side 12, la data de 11 iulie 2021 Rezumat \u00cen acest text, actri\u021ba, dramaturgul \u0219i romancierul Astrid Saalbach subliniaz\u0103 importan\u021ba experien\u021belor culturale \u00een via\u021ba sa, descriindu-le ca pe o necesitate care adaug\u0103 valoare \u0219i profunzime vie\u021bii. Ea regret\u0103 perioada \u00een care evenimentele culturale au\u2026","rel":"","context":"\u00cen \u201eCultur\u0103\u201d","block_context":{"text":"Cultur\u0103","link":"https:\/\/lwid.dk\/ro\/category\/navigarea-in-danemarca\/cultura\/"},"img":{"alt_text":"","src":"https:\/\/i0.wp.com\/lwid.dk\/wp-content\/uploads\/2023\/10\/21.png?resize=350%2C200&ssl=1","width":350,"height":200,"srcset":"https:\/\/i0.wp.com\/lwid.dk\/wp-content\/uploads\/2023\/10\/21.png?resize=350%2C200&ssl=1 1x, https:\/\/i0.wp.com\/lwid.dk\/wp-content\/uploads\/2023\/10\/21.png?resize=525%2C300&ssl=1 1.5x"},"classes":[]},{"id":2976,"url":"https:\/\/lwid.dk\/ro\/fratele-si-sora-s-au-casatorit-fiecare-cu-partenerul-ales-bror-og-soster-viet-med-hver-deres-udkarne\/","url_meta":{"origin":3091,"position":5},"title":"Fratele \u0219i sora s-au c\u0103s\u0103torit &#8211; fiecare cu partenerul ales \/ Bror og s\u00f8ster viet &#8211; med hver deres udk\u00e5rne","author":"Sorina Floroiu","date":"20 ianuarie 2020","format":false,"excerpt":"Articol publicat in fyens.dk la data de 20 januarie 2020 Subiectul articolului: Dou\u0103 cupluri inedite s-au c\u0103s\u0103torit la prim\u0103ria din Assens, fiecare frate \u0219i sor\u0103 aduc\u00e2ndu-\u0219i propriul partener. Jan \u0219i Helle, precum \u0219i Daniel \u0219i Diana, au hot\u0103r\u00e2t s\u0103-\u0219i uneasc\u0103 destinele \u00eentr-o ceremonie neobi\u0219nuit\u0103. Jan a f\u0103cut senza\u021bie purt\u00e2nd o\u2026","rel":"","context":"\u00cen \u201eNavigarea \u00een Danemarca\u201d","block_context":{"text":"Navigarea \u00een Danemarca","link":"https:\/\/lwid.dk\/ro\/category\/navigarea-in-danemarca\/"},"img":{"alt_text":"","src":"https:\/\/i0.wp.com\/lwid.dk\/wp-content\/uploads\/2023\/11\/2.-Bror-og-soster-viet.jpg?resize=350%2C200&ssl=1","width":350,"height":200},"classes":[]}],"jetpack_featured_media_url":"https:\/\/lwid.dk\/wp-content\/uploads\/2023\/10\/12.-Pastorul-fericit-1.png","_links":{"self":[{"href":"https:\/\/lwid.dk\/ro\/wp-json\/wp\/v2\/posts\/3091","targetHints":{"allow":["GET"]}}],"collection":[{"href":"https:\/\/lwid.dk\/ro\/wp-json\/wp\/v2\/posts"}],"about":[{"href":"https:\/\/lwid.dk\/ro\/wp-json\/wp\/v2\/types\/post"}],"author":[{"embeddable":true,"href":"https:\/\/lwid.dk\/ro\/wp-json\/wp\/v2\/users\/11"}],"replies":[{"embeddable":true,"href":"https:\/\/lwid.dk\/ro\/wp-json\/wp\/v2\/comments?post=3091"}],"version-history":[{"count":4,"href":"https:\/\/lwid.dk\/ro\/wp-json\/wp\/v2\/posts\/3091\/revisions"}],"predecessor-version":[{"id":28783,"href":"https:\/\/lwid.dk\/ro\/wp-json\/wp\/v2\/posts\/3091\/revisions\/28783"}],"wp:featuredmedia":[{"embeddable":true,"href":"https:\/\/lwid.dk\/ro\/wp-json\/wp\/v2\/media\/3097"}],"wp:attachment":[{"href":"https:\/\/lwid.dk\/ro\/wp-json\/wp\/v2\/media?parent=3091"}],"wp:term":[{"taxonomy":"category","embeddable":true,"href":"https:\/\/lwid.dk\/ro\/wp-json\/wp\/v2\/categories?post=3091"},{"taxonomy":"post_tag","embeddable":true,"href":"https:\/\/lwid.dk\/ro\/wp-json\/wp\/v2\/tags?post=3091"}],"curies":[{"name":"wp","href":"https:\/\/api.w.org\/{rel}","templated":true}]}}