{"id":3103,"date":"2020-03-07T09:32:00","date_gmt":"2020-03-07T08:32:00","guid":{"rendered":"https:\/\/lwid.dk\/?p=3103"},"modified":"2026-09-01T18:49:09","modified_gmt":"2026-09-01T17:49:09","slug":"proprietar-de-ferma-a-inselat-un-angajat-cu-privire-la-pensie-godsejer-snod-medarbejder-for-pension","status":"publish","type":"post","link":"https:\/\/lwid.dk\/ro\/proprietar-de-ferma-a-inselat-un-angajat-cu-privire-la-pensie-godsejer-snod-medarbejder-for-pension\/","title":{"rendered":"Proprietar de ferm\u0103 a \u00een\u0219elat un angajat cu privire la pensie \/ Godsejer sn\u00f8d medarbejder for pension"},"content":{"rendered":"\r\n<p class=\"wp-block-paragraph\">Articol publicat in Dagbladet Holstebro la data de 7 martie 2020.<\/p>\r\n\r\n\r\n\r\n<figure class=\"wp-block-image size-full\"><img loading=\"lazy\" decoding=\"async\" width=\"835\" height=\"732\" class=\"wp-image-3104\" src=\"https:\/\/lwid.dk\/wp-content\/uploads\/2023\/10\/13.-.png\" alt=\"\" srcset=\"https:\/\/lwid.dk\/wp-content\/uploads\/2023\/10\/13.-.png 835w, https:\/\/lwid.dk\/wp-content\/uploads\/2023\/10\/13.--300x263.png 300w, https:\/\/lwid.dk\/wp-content\/uploads\/2023\/10\/13.--768x673.png 768w, https:\/\/lwid.dk\/wp-content\/uploads\/2023\/10\/13.--150x131.png 150w, https:\/\/lwid.dk\/wp-content\/uploads\/2023\/10\/13.--696x610.png 696w\" sizes=\"auto, (max-width: 835px) 100vw, 835px\" \/><\/figure>\r\n\r\n\r\n\r\n<p class=\"wp-block-paragraph\"><strong>Subiectul articolului:\u00a0<\/strong><\/p>\r\n\r\n\r\n\r\n<p class=\"wp-block-paragraph\">Un angajat rom\u00e2n din agricultur\u0103 a primit o plat\u0103 retroactiv\u0103 de 100.000 de coroane daneze \u00een pensie, gra\u021bie interven\u021biei sindicatului 3F. Angajatorul a \u00eencercat s\u0103 evite obliga\u021biile prev\u0103zute de contractul colectiv de munc\u0103, dar 3F a ob\u021binut o \u00een\u021belegere prin arbitraj. Compania de\u021binut\u0103 de Niels Rauff Hansen \u0219i Mads Rauff-Bjerre, fermieri boga\u021bi din Danemarca, nu a oferit angajatului o pensie corespunz\u0103toare, de\u0219i acesta nu ocup\u0103 o func\u021bie de conducere. Rom\u00e2nul a fost mul\u021bumit de rezolvarea favorabil\u0103 a cazului \u0219i de sprijinul primit de la sindicat.<\/p>\r\n\r\n\r\n\r\n<p class=\"wp-block-paragraph\">Articol tradus:\u00a0<\/p>\r\n\r\n\r\n\r\n<p class=\"wp-block-paragraph\">AGRICULTUR\u0102 Un angajat nu a primit pensie de la unul dintre cei mai boga\u021bi fermieri de porci din Danemarca. Dar acum, 3F i-a asigurat rom\u00e2nului o plat\u0103 retroactiv\u0103.<\/p>\r\n\r\n\r\n\r\n<p class=\"wp-block-paragraph\">SKIVE: O plat\u0103 retroactiv\u0103 de 100.000 de coroane daneze pentru pensie.<\/p>\r\n\r\n\r\n\r\n<p class=\"wp-block-paragraph\">Aceasta este suma pe care a primit-o rom\u00e2nul \u00een v\u00e2rst\u0103 de 35 de ani, Mihai-Grigore Moraru.<\/p>\r\n\r\n\r\n\r\n<p class=\"wp-block-paragraph\">Plata retroactiv\u0103 se datoreaz\u0103 faptului c\u0103 sindicatul s\u0103u, 3F, a ini\u021biat un proces \u00eempotriva fostului s\u0103u angajator.<\/p>\r\n\r\n\r\n\r\n<p class=\"wp-block-paragraph\">Este vorba despre S\u00f8vang Svineproduktion A\/S, care de\u021bine o ferm\u0103 mare de porci \u00een sud-estul ora\u0219ului Skive. Acest lucru a fost raportat de revista de specialitate 3F.<\/p>\r\n\r\n\r\n\r\n<p class=\"wp-block-paragraph\">\u00cen spatele S\u00f8vang Svineproduktion A\/S se afl\u0103 proprietarul domeniului, Niels Rauff Hansen, \u0219i fiul s\u0103u, Mads Rauff-Bjerre, care sunt printre cei mai mari \u0219i mai boga\u021bi cresc\u0103tori de porci din Danemarca.<\/p>\r\n\r\n\r\n\r\n<p class=\"wp-block-paragraph\">&#8222;Credem c\u0103 angajatorul a \u00eencercat s\u0103 evite contractul colectiv de munc\u0103 \u0219i s\u0103 expun\u0103 membrul nostru la o g\u00e2ndire strict financiar\u0103. Suntem foarte mul\u021bumi\u021bi c\u0103 angajatorul nu a reu\u0219it s\u0103 \u00een\u0219ele membrul nostru cu privire la pensie&#8221;, a declarat Anders Carlsen, secretar sindical la 3F Viborg.<\/p>\r\n\r\n\r\n\r\n<p class=\"wp-block-paragraph\">Mihai-Grigore Moraru a fost angajat ca &#8222;practicant&#8221; \u00een mai 2011 \u0219i a lucrat ca atare timp de un an \u0219i jum\u0103tate la S\u00f8vang Svineproduktion A\/S.<\/p>\r\n\r\n\r\n\r\n<p class=\"wp-block-paragraph\">Ulterior, a fost angajat ca ajutor, iar apoi, la 1 octombrie 2013, a primit un post de &#8222;\u0219ef de departament&#8221;.<\/p>\r\n\r\n\r\n\r\n<p class=\"wp-block-paragraph\">Salariul a fost stabilit la 25.000 de coroane daneze pe lun\u0103, iar programul de lucru la 42 de ore pe s\u0103pt\u0103m\u00e2n\u0103.<\/p>\r\n\r\n\r\n\r\n<p class=\"wp-block-paragraph\">Dar angajatul nu a primit nicio pensie, chiar dac\u0103 S\u00f8vang Svineproduktion A\/S, \u00een calitate de membru al asocia\u021biei angajatorilor GLS-A, s-a angajat s\u0103 respecte conven\u021bia colectiv\u0103 de munc\u0103 cu 3F \u00een domeniul agricol.<\/p>\r\n\r\n\r\n\r\n<p class=\"wp-block-paragraph\">Potrivit contractului de munc\u0103, rom\u00e2nul era angajat \u00eentr-o pozi\u021bie de conducere.<\/p>\r\n\r\n\r\n\r\n<p class=\"wp-block-paragraph\">Dar \u00een realitate, nu avea nicio func\u021bie de conducere care s\u0103 justifice faptul c\u0103 nu prime\u0219te pensie conform conven\u021biei colective.<\/p>\r\n\r\n\r\n\r\n<p class=\"wp-block-paragraph\">Rom\u00e2nul a efectuat \u00een mare parte doar munc\u0103 fizic\u0103 \u00een grajdul de porci, a povestit el.<\/p>\r\n\r\n\r\n\r\n<p class=\"wp-block-paragraph\">&#8222;Simt c\u0103 am o mare responsabilitate pentru situa\u021bia \u00een care m-am aflat. Nu cuno\u0219team regulile din Danemarca \u00eenainte de a m\u0103 \u00eenscrie \u00een 3F. Nu a fost o situa\u021bie u\u0219oar\u0103&#8221;, a spus Mihai-Grigore Moraru.<\/p>\r\n\r\n\r\n\r\n<p class=\"wp-block-paragraph\">\u00cen iulie 2018, 3F a \u00eenaintat o cerere \u00een procesul \u00eempotriva S\u00f8vang Svineproduktion A\/S.<\/p>\r\n\r\n\r\n\r\n<p class=\"wp-block-paragraph\">P\u0103r\u021bile nu au reu\u0219it s\u0103 ajung\u0103 la un acord, iar \u00een septembrie 2019, 3F a intentat un proces de arbitraj profesional \u00eempotriva companiei.<\/p>\r\n\r\n\r\n\r\n<p class=\"wp-block-paragraph\">Dar procesul s-a \u00eencheiat cu o \u00een\u021belegere \u00eentre p\u0103r\u021bi.<\/p>\r\n\r\n\r\n\r\n<p class=\"wp-block-paragraph\">Directorul \u0219i principalul proprietar al S\u00f8vang Svineproduktion A\/S, Niels Rauff Hansen, a declarat c\u0103 nu are nicio comentariu cu privire la proces \u0219i la \u00een\u021belegere.<\/p>\r\n\r\n\r\n\r\n<p class=\"wp-block-paragraph\">Pe de alt\u0103 parte, Mihai-Grigore Moraru are.<\/p>\r\n\r\n\r\n\r\n<p class=\"wp-block-paragraph\">&#8222;Sunt fericit de rezultatul procesului. \u0218i sunt foarte bucuros c\u0103 procesul s-a rezolvat \u00eentr-un mod bun&#8221;, a spus el.<\/p>\r\n\r\n\r\n\r\n<p class=\"wp-block-paragraph\">&#8222;Sunt fericit de rezultatul procesului. \u0218i sunt foarte bucuros c\u0103 procesul s-a rezolvat \u00eentr-un mod bun&#8221;, a spus Mihai-Grigore Moraru, \u00een v\u00e2rst\u0103 de 35 de ani.\u00a0<\/p>\r\n","protected":false},"excerpt":{"rendered":"<p>Articol publicat in Dagbladet Holstebro la data de 7 martie 2020. Subiectul articolului:\u00a0 Un angajat rom\u00e2n din agricultur\u0103 a primit o plat\u0103 retroactiv\u0103 de 100.000 de coroane daneze \u00een pensie, gra\u021bie interven\u021biei sindicatului 3F. Angajatorul a \u00eencercat s\u0103 evite obliga\u021biile prev\u0103zute de contractul colectiv de munc\u0103, dar 3F a ob\u021binut o \u00een\u021belegere prin arbitraj. Compania [&hellip;]<\/p>\n","protected":false},"author":11,"featured_media":3104,"comment_status":"open","ping_status":"closed","sticky":false,"template":"","format":"standard","meta":{"_acf_changed":false,"_themeisle_gutenberg_block_has_review":false,"_jetpack_newsletter_access":"","_jetpack_dont_email_post_to_subs":false,"_jetpack_newsletter_tier_id":0,"_jetpack_memberships_contains_paywalled_content":false,"_jetpack_feature_clip_id":0,"_jetpack_memberships_contains_paid_content":false,"footnotes":"","jetpack_post_was_ever_published":false,"_members_access_role":[],"_members_access_error":""},"categories":[878,142],"tags":[1002,1012],"class_list":["post-3103","post","type-post","status-publish","format-standard","has-post-thumbnail","category-navigarea-in-danemarca","category-povesti-nespuse","tag-drept","tag-ocuparea-fortei-de-munca"],"acf":[],"jetpack_sharing_enabled":true,"jetpack-related-posts":[{"id":4249,"url":"https:\/\/lwid.dk\/ro\/cel-mai-mare-producator-de-lapte-din-danemarca-a-inselat-un-muncitor-roman-pentru-salarii-l-a-costat-75-000-dkk\/","url_meta":{"origin":3103,"position":0},"title":"Cel mai mare produc\u0103tor de lapte din Danemarca a \u00een\u0219elat un muncitor rom\u00e2n pentru salarii: l-a costat 75.000 DKK","author":"Sorina Floroiu","date":"7 octombrie 2021","format":false,"excerpt":"Articol publicat in Jv.dk, la data de 7 octombrie 2021 Rezumat O muncitoare agricol\u0103 rom\u00e2n\u0103, Raluca Ionescu, a c\u00e2\u0219tigat un caz \u00eempotriva celui mai mare produc\u0103tor de lapte din Danemarca, R\u00f8nhave ApS, pentru \u00eenc\u0103lcarea contractului colectiv de munc\u0103. Proprietarul companiei, J\u00f8rn Kj\u00e6r Madsen, care este \u0219i vicepre\u0219edinte al patronatului GLS-A,\u2026","rel":"","context":"\u00cen \u201eNavigarea \u00een Danemarca\u201d","block_context":{"text":"Navigarea \u00een Danemarca","link":"https:\/\/lwid.dk\/ro\/category\/navigarea-in-danemarca\/"},"img":{"alt_text":"","src":"https:\/\/i0.wp.com\/lwid.dk\/wp-content\/uploads\/2023\/10\/38.png?resize=350%2C200&ssl=1","width":350,"height":200,"srcset":"https:\/\/i0.wp.com\/lwid.dk\/wp-content\/uploads\/2023\/10\/38.png?resize=350%2C200&ssl=1 1x, https:\/\/i0.wp.com\/lwid.dk\/wp-content\/uploads\/2023\/10\/38.png?resize=525%2C300&ssl=1 1.5x, https:\/\/i0.wp.com\/lwid.dk\/wp-content\/uploads\/2023\/10\/38.png?resize=700%2C400&ssl=1 2x"},"classes":[]},{"id":3084,"url":"https:\/\/lwid.dk\/ro\/inregistrarile-secrete-dezvaluie-florin-a-fost-concediat-pentru-ca-nu-a-dorit-sa-se-retraga-din-3f-lydoptagelser-afslorerflorin-blev-fyret-da-han-ikke-ville-melde-sig-ud-af-3f\/","url_meta":{"origin":3103,"position":1},"title":"\u00cenregistr\u0103rile secrete dezv\u0103luie: Florin a fost concediat pentru c\u0103 nu a dorit s\u0103 se retrag\u0103 din 3F \/ LYDOPTAGELSER AFSL\u00d8RER:FLORIN BLEV FYRET DA HAN IKKE VILLE MELDE SIG UD AF 3F","author":"Sorina Floroiu","date":"10 februarie 2020","format":false,"excerpt":"Articol publicat in Fagbladet 3f la data de 10 februarie 2020.\u00a0 Subiectul articolului:\u00a0 \u00cen Danemarca, dreptul de a \u00eenfiin\u021ba \u0219i de a face parte din asocia\u021bii este garantat de constitu\u021bie, iar legea protejeaz\u0103 libertatea angaja\u021bilor de a se asocia \u0219i interzice angajatorilor s\u0103 ia \u00een considerare apartenen\u021ba angaja\u021bilor la o\u2026","rel":"","context":"\u00cen \u201eNavigarea \u00een Danemarca\u201d","block_context":{"text":"Navigarea \u00een Danemarca","link":"https:\/\/lwid.dk\/ro\/category\/navigarea-in-danemarca\/"},"img":{"alt_text":"","src":"https:\/\/i0.wp.com\/lwid.dk\/wp-content\/uploads\/2023\/10\/11.-Florin.png?resize=350%2C200&ssl=1","width":350,"height":200,"srcset":"https:\/\/i0.wp.com\/lwid.dk\/wp-content\/uploads\/2023\/10\/11.-Florin.png?resize=350%2C200&ssl=1 1x, https:\/\/i0.wp.com\/lwid.dk\/wp-content\/uploads\/2023\/10\/11.-Florin.png?resize=525%2C300&ssl=1 1.5x, https:\/\/i0.wp.com\/lwid.dk\/wp-content\/uploads\/2023\/10\/11.-Florin.png?resize=700%2C400&ssl=1 2x, https:\/\/i0.wp.com\/lwid.dk\/wp-content\/uploads\/2023\/10\/11.-Florin.png?resize=1050%2C600&ssl=1 3x"},"classes":[]},{"id":3208,"url":"https:\/\/lwid.dk\/ro\/byggefirmaer-misbrugte-david-firmele-de-constructii-au-profitat-de-david\/","url_meta":{"origin":3103,"position":2},"title":"Byggefirmaer misbrugte David \/ Firmele de construc\u021bii au profitat de David","author":"Sorina Floroiu","date":"16 octombrie 2020","format":false,"excerpt":"Articol publicat \u00een Piopio.dk la data de 16 octombrie 2020 Subiectul articolului: Un t\u00e2n\u0103r de 29 de ani din Rom\u00e2nia, victim\u0103 a traficului de persoane, a fost expus la amenin\u021b\u0103ri, condi\u021bii de munc\u0103 proaste \u0219i lips\u0103 de plat\u0103. Articol tradus: Un t\u00e2n\u0103r de 29 de ani, victim\u0103 a traficului de\u2026","rel":"","context":"\u00cen \u201eNavigarea \u00een Danemarca\u201d","block_context":{"text":"Navigarea \u00een Danemarca","link":"https:\/\/lwid.dk\/ro\/category\/navigarea-in-danemarca\/"},"img":{"alt_text":"","src":"https:\/\/i0.wp.com\/lwid.dk\/wp-content\/uploads\/2023\/10\/28.-byggefirma-misbrugte-David.png?resize=350%2C200&ssl=1","width":350,"height":200,"srcset":"https:\/\/i0.wp.com\/lwid.dk\/wp-content\/uploads\/2023\/10\/28.-byggefirma-misbrugte-David.png?resize=350%2C200&ssl=1 1x, https:\/\/i0.wp.com\/lwid.dk\/wp-content\/uploads\/2023\/10\/28.-byggefirma-misbrugte-David.png?resize=525%2C300&ssl=1 1.5x, https:\/\/i0.wp.com\/lwid.dk\/wp-content\/uploads\/2023\/10\/28.-byggefirma-misbrugte-David.png?resize=700%2C400&ssl=1 2x"},"classes":[]},{"id":4235,"url":"https:\/\/lwid.dk\/ro\/barbatul-din-spatele-unui-cunoscut-restaurant-italian-ajuta-un-angajat-sa-inceapa-propria-afacere\/","url_meta":{"origin":3103,"position":3},"title":"B\u0103rbatul din spatele unui cunoscut restaurant italian ajut\u0103 un angajat s\u0103 \u00eenceap\u0103 propria afacere","author":"Sorina Floroiu","date":"21 septembrie 2021","format":false,"excerpt":"Articol publicat in Jv.dk (Abonnementsomr\u00e5de), la data de 21 september 2021 Rezumat Patronul restaurantului Acqua Blu din Bl\u00e5vand, Salvatore Lalicata, originar din str\u0103in\u0103tate, a sprijinit un fost angajat, Nicu Culita Zara, \u00een a deveni independent \u0219i a prelua o pizzerie \u00een Oksb\u00f8l, Danemarca. Nicu, \u00een v\u00e2rst\u0103 de 46 de ani,\u2026","rel":"","context":"\u00cen \u201eNavigarea \u00een Danemarca\u201d","block_context":{"text":"Navigarea \u00een Danemarca","link":"https:\/\/lwid.dk\/ro\/category\/navigarea-in-danemarca\/"},"img":{"alt_text":"","src":"https:\/\/i0.wp.com\/lwid.dk\/wp-content\/uploads\/2023\/10\/35.png?resize=350%2C200&ssl=1","width":350,"height":200,"srcset":"https:\/\/i0.wp.com\/lwid.dk\/wp-content\/uploads\/2023\/10\/35.png?resize=350%2C200&ssl=1 1x, https:\/\/i0.wp.com\/lwid.dk\/wp-content\/uploads\/2023\/10\/35.png?resize=525%2C300&ssl=1 1.5x, https:\/\/i0.wp.com\/lwid.dk\/wp-content\/uploads\/2023\/10\/35.png?resize=700%2C400&ssl=1 2x"},"classes":[]},{"id":3077,"url":"https:\/\/lwid.dk\/ro\/sudor-roman-imi-doresc-sa-raman-in-danemarca-cu-familia-mea-rumaensk-svejser-jeg-vil-blive-i-danmark-med-min-familie\/","url_meta":{"origin":3103,"position":4},"title":"SUDOR ROM\u00c2N: \u00cemi doresc s\u0103 r\u0103m\u00e2n \u00een Danemarca cu familia mea \/ RUM\u00c6NSK SVEJSER: Jeg vil blive i Danmark med min familie","author":"Sorina Floroiu","date":"11 februarie 2020","format":false,"excerpt":"Articol publicat in Industri ^ Teknik la data de 11 februarie 2020.\u00a0 Subiectul articolului:\u00a0 Sudorul Cristian B\u0103lan a adus familia sa \u00een Danemarca \u0219i inten\u021bioneaz\u0103 s\u0103 r\u0103m\u00e2n\u0103 \u00een \u021bar\u0103, urm\u0103torul pas fiind achizi\u021bionarea unei case \u00een Hobro. El lucreaz\u0103 la DS St\u00e5lkonstruktion \u0219i apreciaz\u0103 lipsa de stres \u00een compara\u021bie cu\u2026","rel":"","context":"\u00cen \u201eNavigarea \u00een Danemarca\u201d","block_context":{"text":"Navigarea \u00een Danemarca","link":"https:\/\/lwid.dk\/ro\/category\/navigarea-in-danemarca\/"},"img":{"alt_text":"","src":"https:\/\/i0.wp.com\/lwid.dk\/wp-content\/uploads\/2023\/10\/10.-Sudor.png?resize=350%2C200&ssl=1","width":350,"height":200,"srcset":"https:\/\/i0.wp.com\/lwid.dk\/wp-content\/uploads\/2023\/10\/10.-Sudor.png?resize=350%2C200&ssl=1 1x, https:\/\/i0.wp.com\/lwid.dk\/wp-content\/uploads\/2023\/10\/10.-Sudor.png?resize=525%2C300&ssl=1 1.5x, https:\/\/i0.wp.com\/lwid.dk\/wp-content\/uploads\/2023\/10\/10.-Sudor.png?resize=700%2C400&ssl=1 2x"},"classes":[]},{"id":5280,"url":"https:\/\/lwid.dk\/ro\/de-la-angajat-de-curatenie-la-manager-de-spa-un-tanar-roman-in-varsta-de-24-de-ani-a-avut-o-cariera-fulgeratoare-la-hotel-fjordgarden\/","url_meta":{"origin":3103,"position":5},"title":"De la angajat de cur\u0103\u021benie la manager de spa: Un t\u00e2n\u0103r rom\u00e2n \u00een v\u00e2rst\u0103 de 24 de ani a avut o carier\u0103 fulger\u0103toare la Hotel Fjordg\u00e5rden","author":"Sorina Floroiu","date":"16 ianuarie 2022","format":false,"excerpt":"Articol publicat in DAGBLADET la data de 16 ianuarie 2022 Rezumat: Adrian Florin Pantilimon, originar din Rom\u00e2nia, \u0219i-a \u00eenceput cariera la Hotel Fjordg\u00e5rden \u00een Danemarca \u00een 2020, ocup\u00e2ndu-se ini\u021bial de cur\u0103\u021benie. Cu dorin\u021ba de a-\u0219i asuma mai multe responsabilit\u0103\u021bi, a avansat rapid, devenind terapeut \u0219i, ulterior, lider de echip\u0103 \u00een\u2026","rel":"","context":"\u00cen \u201eNavigarea \u00een Danemarca\u201d","block_context":{"text":"Navigarea \u00een Danemarca","link":"https:\/\/lwid.dk\/ro\/category\/navigarea-in-danemarca\/"},"img":{"alt_text":"","src":"https:\/\/i0.wp.com\/lwid.dk\/wp-content\/uploads\/2023\/11\/3.-KURBADCHEF.png?resize=350%2C200&ssl=1","width":350,"height":200,"srcset":"https:\/\/i0.wp.com\/lwid.dk\/wp-content\/uploads\/2023\/11\/3.-KURBADCHEF.png?resize=350%2C200&ssl=1 1x, https:\/\/i0.wp.com\/lwid.dk\/wp-content\/uploads\/2023\/11\/3.-KURBADCHEF.png?resize=525%2C300&ssl=1 1.5x, https:\/\/i0.wp.com\/lwid.dk\/wp-content\/uploads\/2023\/11\/3.-KURBADCHEF.png?resize=700%2C400&ssl=1 2x"},"classes":[]}],"jetpack_featured_media_url":"https:\/\/lwid.dk\/wp-content\/uploads\/2023\/10\/13.-.png","_links":{"self":[{"href":"https:\/\/lwid.dk\/ro\/wp-json\/wp\/v2\/posts\/3103","targetHints":{"allow":["GET"]}}],"collection":[{"href":"https:\/\/lwid.dk\/ro\/wp-json\/wp\/v2\/posts"}],"about":[{"href":"https:\/\/lwid.dk\/ro\/wp-json\/wp\/v2\/types\/post"}],"author":[{"embeddable":true,"href":"https:\/\/lwid.dk\/ro\/wp-json\/wp\/v2\/users\/11"}],"replies":[{"embeddable":true,"href":"https:\/\/lwid.dk\/ro\/wp-json\/wp\/v2\/comments?post=3103"}],"version-history":[{"count":4,"href":"https:\/\/lwid.dk\/ro\/wp-json\/wp\/v2\/posts\/3103\/revisions"}],"predecessor-version":[{"id":28782,"href":"https:\/\/lwid.dk\/ro\/wp-json\/wp\/v2\/posts\/3103\/revisions\/28782"}],"wp:featuredmedia":[{"embeddable":true,"href":"https:\/\/lwid.dk\/ro\/wp-json\/wp\/v2\/media\/3104"}],"wp:attachment":[{"href":"https:\/\/lwid.dk\/ro\/wp-json\/wp\/v2\/media?parent=3103"}],"wp:term":[{"taxonomy":"category","embeddable":true,"href":"https:\/\/lwid.dk\/ro\/wp-json\/wp\/v2\/categories?post=3103"},{"taxonomy":"post_tag","embeddable":true,"href":"https:\/\/lwid.dk\/ro\/wp-json\/wp\/v2\/tags?post=3103"}],"curies":[{"name":"wp","href":"https:\/\/api.w.org\/{rel}","templated":true}]}}