{"id":3138,"date":"2020-03-21T09:50:00","date_gmt":"2020-03-21T08:50:00","guid":{"rendered":"https:\/\/lwid.dk\/?p=3138"},"modified":"2026-09-01T18:45:51","modified_gmt":"2026-09-01T17:45:51","slug":"dansatoare-de-top-a-gasit-un-partener-nou-in-romania-topdanser-har-fundet-ny-makker-i-rumaenien","status":"publish","type":"post","link":"https:\/\/lwid.dk\/ro\/dansatoare-de-top-a-gasit-un-partener-nou-in-romania-topdanser-har-fundet-ny-makker-i-rumaenien\/","title":{"rendered":"Dansatoare de top a g\u0103sit un partener nou in Romania \/ Topdanser har fundet ny makker i Rum\u00e6nien"},"content":{"rendered":"\r\n<p class=\"wp-block-paragraph\">Articol publicat in Viborg-folkeblad.dk la data de 21 martie 2022.\u00a0<\/p>\r\n\r\n\r\n\r\n<figure class=\"wp-block-image size-full\"><img loading=\"lazy\" decoding=\"async\" width=\"916\" height=\"722\" class=\"wp-image-3139\" src=\"https:\/\/lwid.dk\/wp-content\/uploads\/2023\/10\/18.-Topdanser-har-fundet-ny-makker-i-Rumaenien.png\" alt=\"\" srcset=\"https:\/\/lwid.dk\/wp-content\/uploads\/2023\/10\/18.-Topdanser-har-fundet-ny-makker-i-Rumaenien.png 916w, https:\/\/lwid.dk\/wp-content\/uploads\/2023\/10\/18.-Topdanser-har-fundet-ny-makker-i-Rumaenien-300x236.png 300w, https:\/\/lwid.dk\/wp-content\/uploads\/2023\/10\/18.-Topdanser-har-fundet-ny-makker-i-Rumaenien-768x605.png 768w, https:\/\/lwid.dk\/wp-content\/uploads\/2023\/10\/18.-Topdanser-har-fundet-ny-makker-i-Rumaenien-150x118.png 150w, https:\/\/lwid.dk\/wp-content\/uploads\/2023\/10\/18.-Topdanser-har-fundet-ny-makker-i-Rumaenien-696x549.png 696w\" sizes=\"auto, (max-width: 916px) 100vw, 916px\" \/><\/figure>\r\n\r\n\r\n\r\n<p class=\"wp-block-paragraph\"><strong>Subiectul articolului:<\/strong><\/p>\r\n\r\n\r\n\r\n<p class=\"wp-block-paragraph\">Nikita L\u00f6w Kristensen a fost f\u0103r\u0103 partener de dans de la sf\u00e2r\u0219itul toamnei, dar acum a g\u0103sit un nou partener \u00een Rom\u00e2nia. Colaborarea lor a \u00eenceput bine, iar ea crede c\u0103 cei doi pot ajunge departe \u00eempreun\u0103. Dup\u0103 c\u00e2\u021biva ani tumultuo\u0219i, Nikita a c\u0103utat o nou\u0103 pereche de dans \u0219i acum a reu\u0219it. Ea lucreaz\u0103 \u00eempreun\u0103 cu Andrei Ghita, un dansator \u00een v\u00e2rst\u0103 de 18 ani din Rom\u00e2nia, care urmeaz\u0103 s\u0103 se mute \u00een Danemarca vara aceasta dup\u0103 ce \u00ee\u0219i \u00eencheie studiile \u00een \u021bara sa natal\u0103. Cei doi s-au g\u0103sit pe o pagin\u0103 de Facebook dedicat\u0103 dansatorilor \u00een c\u0103utarea unui partener. Nikita L\u00f6w Kristensen consider\u0103 c\u0103 aceast\u0103 colaborare poate fi promi\u021b\u0103toare \u0219i de lung\u0103 durat\u0103, av\u00e2nd multe aspecte care se potrivesc. Ea crede \u00een poten\u021bialul parteneriatului lor de a se dezvolta \u00eempreun\u0103 \u0219i sper\u0103 s\u0103 ajung\u0103 departe \u00een domeniul dansului.<\/p>\r\n\r\n\r\n\r\n<p class=\"wp-block-paragraph\"><strong>Articol tradus:<\/strong><\/p>\r\n\r\n\r\n\r\n<p class=\"wp-block-paragraph\">Nikita L\u00f6w Kristensen a fost f\u0103r\u0103 partener de dans din toamn\u0103, dar acum a g\u0103sit un nou partener \u00een Rom\u00e2nia. Colaborarea lor merge bine \u0219i ea crede c\u0103 cei doi pot ajunge departe \u00eempreun\u0103.<\/p>\r\n\r\n\r\n\r\n<p class=\"wp-block-paragraph\">Ultimii ani au fost destul de tumultuo\u0219i pentru dansatoarea local\u0103 Nikita L\u00f6w Kristensen. Mai \u00eent\u00e2i a trebuit s\u0103 \u00eentrerup\u0103 colaborarea cu Tudor Andrei, deoarece diferen\u021ba de \u00een\u0103l\u021bime era prea mare, iar \u00een toamn\u0103 s-a oprit colaborarea cu Mathias Nyborg, deoarece acesta a fost nevoit s\u0103 \u00ee\u0219i pun\u0103 cariera de dans pe pauz\u0103. De atunci, ea a c\u0103utat un nou partener de dans \u0219i acum a reu\u0219it.<\/p>\r\n\r\n\r\n\r\n<p class=\"wp-block-paragraph\">\u00cen ultimele luni, Nikita L\u00f6w Kristensen a lucrat \u00eempreun\u0103 cu Andrei Ghita, un t\u00e2n\u0103r de 18 ani din Rom\u00e2nia, care are planuri s\u0103 se mute \u00een Danemarca \u00een vara aceasta dup\u0103 ce \u00ee\u0219i va termina studiile \u00een Rom\u00e2nia. Cei doi s-au g\u0103sit pe o pagin\u0103 de Facebook dedicat\u0103 dansatorilor \u00een c\u0103utarea unui partener.<\/p>\r\n\r\n\r\n\r\n<p class=\"wp-block-paragraph\">&#8222;Am v\u0103zut un videoclip cu el \u0219i p\u0103rea foarte bun. A\u0219a c\u0103 l-am contactat \u0219i m-am prezentat. \u0218i astfel am decis s\u0103 facem un &#8222;tryout&#8221;. Antrenorii au fost de acord cu ideea, \u0219i \u00een cele din urm\u0103 am ajuns la concluzia c\u0103 putem forma un parteneriat&#8221;, spune Nikita L\u00f6w Kristensen.<\/p>\r\n\r\n\r\n\r\n<p class=\"wp-block-paragraph\">Un parteneriat de dans \u00eenseamn\u0103 multe ore de antrenament \u00eempreun\u0103 \u0219i poate fi special s\u0103 accep\u021bi asta cu o persoan\u0103 complet necunoscut\u0103.\u00a0<\/p>\r\n\r\n\r\n\r\n<p class=\"wp-block-paragraph\">&#8222;Dureaz\u0103 ceva timp s\u0103 ne cunoa\u0219tem cu adev\u0103rat, dar cred c\u0103 po\u021bi sim\u021bi destul de repede dac\u0103 exist\u0103 chimie \u00eentre noi. \u0218i chiar reu\u0219im destul de repede s\u0103 descoperim cum fiecare dintre noi se antreneaz\u0103, lucreaz\u0103 cu coregrafia \u0219i lucrurile de genul acesta&#8221;, explic\u0103 dansatoarea local\u0103, care acum crede c\u0103 a \u00eenv\u0103\u021bat cum este s\u0103 lucreze cu dansatori noi.<\/p>\r\n\r\n\r\n\r\n<p class=\"wp-block-paragraph\">&#8222;\u0218i c\u00e2nd trebuie s\u0103 petreci at\u00e2t de mult timp \u00eempreun\u0103 pentru a dansa \u0219i a te antrena, te cuno\u0219ti repede \u0219i din punct de vedere al personalit\u0103\u021bii. Sunt obi\u0219nuit\u0103 s\u0103 \u00eent\u00e2lnesc oameni noi \u0219i o iau ca pe o experien\u021b\u0103, \u0219i mi se pare interesant s\u0103 v\u0103d ce poate duce la&#8221;, spune ea.<\/p>\r\n\r\n\r\n\r\n<p class=\"wp-block-paragraph\">V\u0103d acesta ca fiind o colaborare promi\u021b\u0103toare \u0219i de durat\u0103, deoarece exist\u0103 multe aspecte care se potrivesc. Simt c\u0103 totul merge bine, a\u0219a c\u0103 m\u0103 bucur c\u0103 fac parte acum din ceva care, sper\u0103m, va dura mult timp, astfel \u00eenc\u00e2t s\u0103 ne dezvolt\u0103m cu adev\u0103rat \u00eempreun\u0103&#8221;, spune ea.<\/p>\r\n\r\n\r\n\r\n<p class=\"wp-block-paragraph\">Un parteneriat de durat\u0103<\/p>\r\n\r\n\r\n\r\n<p class=\"wp-block-paragraph\">Parteneriatul este \u00eenc\u0103 nou, dar Nikita L\u00f6w Kristensen crede c\u0103 exist\u0103 multe pe care s\u0103 construiasc\u0103 \u00een colaborarea cu t\u00e2n\u0103rul rom\u00e2n. \u00cen primul r\u00e2nd, Andrei Ghi\u021b\u0103 are aproximativ 10 centimetri \u00een\u0103l\u021bime \u00een plus fa\u021b\u0103 de Nikita L\u00f6w Kristensen, care este o fat\u0103 \u00eenalt\u0103 \u0219i a avut dificult\u0103\u021bi \u00een a g\u0103si parteneri care s\u0103 se potriveasc\u0103 \u00een\u0103l\u021bimii ei.<\/p>\r\n\r\n\r\n\r\n<p class=\"wp-block-paragraph\">&#8222;\u0218i apoi avem o bun\u0103 chimie. Ne potrivim bine ca dansatori, deoarece el este dansator de 10 dansuri. El este din Rom\u00e2nia, la fel ca mama \u0219i bunica mea, a\u0219a c\u0103 ei pot comunica \u0219i asta \u00eel face s\u0103 se simt\u0103 mai \u00een siguran\u021b\u0103 c\u00e2nd vine aici, av\u00e2nd pe cineva cu care s\u0103 vorbeasc\u0103. Deci, exist\u0103 multe lucruri care se potrivesc bine. Cred c\u0103 nu se putea fi mai potrivit&#8221;, spune Nikita L\u00f6w Kristensen, care crede c\u0103 cuplul poate ajunge departe.<\/p>\r\n\r\n\r\n\r\n<p class=\"wp-block-paragraph\">&#8222;V\u0103d acesta ca fiind un parteneriat promi\u021b\u0103tor \u0219i de durat\u0103, deoarece exist\u0103 multe aspecte care se potrivesc. Simt c\u0103 totul merge bine, a\u0219a c\u0103 m\u0103 bucur c\u0103 fac parte acum din ceva care, sper\u0103m, va dura mult timp, astfel \u00eenc\u00e2t s\u0103 ne dezvolt\u0103m cu adev\u0103rat \u00eempreun\u0103&#8221;, spune ea.<\/p>\r\n\r\n\r\n\r\n<p class=\"wp-block-paragraph\">Naveti\u0219ti cu low-cost<\/p>\r\n\r\n\r\n\r\n<p class=\"wp-block-paragraph\">Parteneriatul a \u00eenceput timid \u00een ianuarie, c\u00e2nd au \u00eenceput o perioad\u0103 de \u00eencercare. Este foarte dificil s\u0103 antrenezi dansul \u00eempreun\u0103 la distan\u021b\u0103, dar \u00een ultimele luni \u00eenainte de criza COVID-19, au reu\u0219it s\u0103 antreneze \u00eempreun\u0103 c\u00e2t de des le-a permis bugetul de a c\u0103l\u0103tori.<\/p>\r\n\r\n\r\n\r\n<p class=\"wp-block-paragraph\">&#8222;Am g\u0103sit cele mai ieftine bilete, unde am ales tot ce se putea renun\u021ba, astfel \u00eenc\u00e2t au costat aproximativ 200 de coroane pe bilet &#8211; \u0219i am avut un rucsac \u0219i ne-am descurcat \u00een felul acesta. Dar am avut s\u0103pt\u0103m\u00e2ni bune de antrenament, \u00een care am antrenat de diminea\u021ba p\u00e2n\u0103 seara &#8211; \u0219i astfel am reu\u0219it s\u0103 facem multe \u00een timp scurt&#8221;, spune Nikita L\u00f6w Kristensen, care, ca \u0219i partenerul s\u0103u rom\u00e2n nou, este \u00een acela\u0219i timp \u0219i la liceu.<\/p>\r\n\r\n\r\n\r\n<p class=\"wp-block-paragraph\">Cei doi au participat \u0219i la primul lor turneu. \u00cen Rom\u00e2nia, s-au clasat pe locul cinci la dansul standard \u0219i pe locul trei la dansul latino. &#8222;A fost cu adev\u0103rat minunat s\u0103 fiu din nou pe ringul de dans, pentru c\u0103 mi-a lipsit foarte mult&#8221;, spune ea.<\/p>\r\n\r\n\r\n\r\n<p class=\"wp-block-paragraph\">\u00cen perioada urm\u0103toare, ar fi trebuit s\u0103 participe la campionatul na\u021bional \u0219i la mai multe alte turnee, dar din cauza pandemiei de coronavirus, aceasta nu va fi posibil.<\/p>\r\n","protected":false},"excerpt":{"rendered":"<p>Articol publicat in Viborg-folkeblad.dk la data de 21 martie 2022.\u00a0 Subiectul articolului: Nikita L\u00f6w Kristensen a fost f\u0103r\u0103 partener de dans de la sf\u00e2r\u0219itul toamnei, dar acum a g\u0103sit un nou partener \u00een Rom\u00e2nia. Colaborarea lor a \u00eenceput bine, iar ea crede c\u0103 cei doi pot ajunge departe \u00eempreun\u0103. Dup\u0103 c\u00e2\u021biva ani tumultuo\u0219i, Nikita a [&hellip;]<\/p>\n","protected":false},"author":11,"featured_media":3139,"comment_status":"open","ping_status":"closed","sticky":false,"template":"","format":"standard","meta":{"_acf_changed":false,"_themeisle_gutenberg_block_has_review":false,"_jetpack_newsletter_access":"","_jetpack_dont_email_post_to_subs":false,"_jetpack_newsletter_tier_id":0,"_jetpack_memberships_contains_paywalled_content":false,"_jetpack_feature_clip_id":0,"_jetpack_memberships_contains_paid_content":false,"footnotes":"","jetpack_post_was_ever_published":false,"_members_access_role":[],"_members_access_error":""},"categories":[878,142],"tags":[998],"class_list":["post-3138","post","type-post","status-publish","format-standard","has-post-thumbnail","category-navigarea-in-danemarca","category-povesti-nespuse","tag-arta-si-teatru"],"acf":[],"jetpack_sharing_enabled":true,"jetpack-related-posts":[{"id":5273,"url":"https:\/\/lwid.dk\/ro\/romanul-darius-a-economisit-de-la-momentul-in-care-a-trecut-granita-in-2011-acum-isi-indeplineste-visul-danez\/","url_meta":{"origin":3138,"position":0},"title":"Rom\u00e2nul Darius a economisit de la momentul \u00een care a trecut grani\u021ba \u00een 2011: Acum \u00ee\u0219i \u00eendepline\u0219te visul danez","author":"Sorina Floroiu","date":"15 ianuarie 2022","format":false,"excerpt":"Articol publicat in Lokalavisenassens.dk la data de 15 ianuarie 2022 Rezumat:\u00a0 Darius Bura \u0219i partenera sa au ajuns \u00een Danemarca acum zece ani, cu visul de a deschide propriul service auto. Dup\u0103 economisirea banilor \u0219i calificarea ca mecanic \u00een \u021bara natal\u0103, luni, 17 ianuarie, \u0219i-au \u00eendeplinit visul prin deschiderea DB\u2026","rel":"","context":"\u00cen \u201eNavigarea \u00een Danemarca\u201d","block_context":{"text":"Navigarea \u00een Danemarca","link":"https:\/\/lwid.dk\/ro\/category\/navigarea-in-danemarca\/"},"img":{"alt_text":"","src":"https:\/\/i0.wp.com\/lwid.dk\/wp-content\/uploads\/2023\/11\/2.-DARIUS.png?resize=350%2C200&ssl=1","width":350,"height":200,"srcset":"https:\/\/i0.wp.com\/lwid.dk\/wp-content\/uploads\/2023\/11\/2.-DARIUS.png?resize=350%2C200&ssl=1 1x, https:\/\/i0.wp.com\/lwid.dk\/wp-content\/uploads\/2023\/11\/2.-DARIUS.png?resize=525%2C300&ssl=1 1.5x, https:\/\/i0.wp.com\/lwid.dk\/wp-content\/uploads\/2023\/11\/2.-DARIUS.png?resize=700%2C400&ssl=1 2x"},"classes":[]},{"id":5394,"url":"https:\/\/lwid.dk\/ro\/magazinul-second-hand-al-crucii-rosii-a-ajutat-o-pe-mihaela-sa-avanseze-catre-un-loc-de-munca-stabil\/","url_meta":{"origin":3138,"position":1},"title":"Magazinul second-hand al Crucii Ro\u0219ii a ajutat-o pe Mihaela s\u0103 avanseze c\u0103tre un loc de munc\u0103 stabil","author":"Sorina Floroiu","date":"26 octombrie 2022","format":false,"excerpt":"Articol publicat in Ugeavisen Grindsted la data de 26 octombrie 2022.\u00a0 Rezumat: Mihaela Dospinesco, \u00een v\u00e2rst\u0103 de 31 de ani, din Rom\u00e2nia, a venit \u00een stagiu practic la magazinul second-hand al Crucii Ro\u0219ii din Vestergade, Grindsted, c\u00e2nd a r\u0103mas \u0219omer\u0103. Voluntarii au ajutat-o cu limba, iar acum a ob\u021binut un\u2026","rel":"","context":"\u00cen \u201eNavigarea \u00een Danemarca\u201d","block_context":{"text":"Navigarea \u00een Danemarca","link":"https:\/\/lwid.dk\/ro\/category\/navigarea-in-danemarca\/"},"img":{"alt_text":"","src":"https:\/\/i0.wp.com\/lwid.dk\/wp-content\/uploads\/2023\/11\/20.-Mihaela-.png?resize=350%2C200&ssl=1","width":350,"height":200,"srcset":"https:\/\/i0.wp.com\/lwid.dk\/wp-content\/uploads\/2023\/11\/20.-Mihaela-.png?resize=350%2C200&ssl=1 1x, https:\/\/i0.wp.com\/lwid.dk\/wp-content\/uploads\/2023\/11\/20.-Mihaela-.png?resize=525%2C300&ssl=1 1.5x"},"classes":[]},{"id":4179,"url":"https:\/\/lwid.dk\/ro\/atata-timp-cat-este-de-lucru-aici-si-fiica-mea-este-bine-voi-ramane\/","url_meta":{"origin":3138,"position":2},"title":"At\u00e2ta timp c\u00e2t este de lucru aici \u0219i fiica mea este bine, voi r\u0103m\u00e2ne","author":"Sorina Floroiu","date":"31 iulie 2021","format":false,"excerpt":"Articol publicat in Information Sektion 1 Side 8, la data de 31 iulie 2021 Rezumat Viorel Oprea, un muncitor rom\u00e2n, a venit \u00een Danemarca pentru a lucra la construc\u021bia metroului din Copenhaga \u0219i s-a stabilit definitiv acolo. El are o familie \u0219i o cas\u0103 \u00een Danemarca \u0219i lucreaz\u0103 ca muncitor\u2026","rel":"","context":"\u00cen \u201eNavigarea \u00een Danemarca\u201d","block_context":{"text":"Navigarea \u00een Danemarca","link":"https:\/\/lwid.dk\/ro\/category\/navigarea-in-danemarca\/"},"img":{"alt_text":"","src":"https:\/\/i0.wp.com\/lwid.dk\/wp-content\/uploads\/2023\/10\/25.png?resize=350%2C200&ssl=1","width":350,"height":200,"srcset":"https:\/\/i0.wp.com\/lwid.dk\/wp-content\/uploads\/2023\/10\/25.png?resize=350%2C200&ssl=1 1x, https:\/\/i0.wp.com\/lwid.dk\/wp-content\/uploads\/2023\/10\/25.png?resize=525%2C300&ssl=1 1.5x"},"classes":[]},{"id":3077,"url":"https:\/\/lwid.dk\/ro\/sudor-roman-imi-doresc-sa-raman-in-danemarca-cu-familia-mea-rumaensk-svejser-jeg-vil-blive-i-danmark-med-min-familie\/","url_meta":{"origin":3138,"position":3},"title":"SUDOR ROM\u00c2N: \u00cemi doresc s\u0103 r\u0103m\u00e2n \u00een Danemarca cu familia mea \/ RUM\u00c6NSK SVEJSER: Jeg vil blive i Danmark med min familie","author":"Sorina Floroiu","date":"11 februarie 2020","format":false,"excerpt":"Articol publicat in Industri ^ Teknik la data de 11 februarie 2020.\u00a0 Subiectul articolului:\u00a0 Sudorul Cristian B\u0103lan a adus familia sa \u00een Danemarca \u0219i inten\u021bioneaz\u0103 s\u0103 r\u0103m\u00e2n\u0103 \u00een \u021bar\u0103, urm\u0103torul pas fiind achizi\u021bionarea unei case \u00een Hobro. El lucreaz\u0103 la DS St\u00e5lkonstruktion \u0219i apreciaz\u0103 lipsa de stres \u00een compara\u021bie cu\u2026","rel":"","context":"\u00cen \u201eNavigarea \u00een Danemarca\u201d","block_context":{"text":"Navigarea \u00een Danemarca","link":"https:\/\/lwid.dk\/ro\/category\/navigarea-in-danemarca\/"},"img":{"alt_text":"","src":"https:\/\/i0.wp.com\/lwid.dk\/wp-content\/uploads\/2023\/10\/10.-Sudor.png?resize=350%2C200&ssl=1","width":350,"height":200,"srcset":"https:\/\/i0.wp.com\/lwid.dk\/wp-content\/uploads\/2023\/10\/10.-Sudor.png?resize=350%2C200&ssl=1 1x, https:\/\/i0.wp.com\/lwid.dk\/wp-content\/uploads\/2023\/10\/10.-Sudor.png?resize=525%2C300&ssl=1 1.5x, https:\/\/i0.wp.com\/lwid.dk\/wp-content\/uploads\/2023\/10\/10.-Sudor.png?resize=700%2C400&ssl=1 2x"},"classes":[]},{"id":3026,"url":"https:\/\/lwid.dk\/ro\/biserica-ortodoxa-a-cumparat-casa-de-misiune-ortodoks-kirke-kobte-missionshus\/","url_meta":{"origin":3138,"position":4},"title":"Biseric\u0103 ortodox\u0103 a cump\u0103rat cas\u0103 de misiune \/ Ortodoks kirke k\u00f8bte missionshus","author":"Sorina Floroiu","date":"7 februarie 2020","format":false,"excerpt":"Articol publicat in Kristeligt Dagblad\u00a0 la data de 7 februarie 2020 Subiectul articolului: \u00cen Isenvad, l\u00e2ng\u0103 Ikast, o comunitate rom\u00e2neasc\u0103-ortodox\u0103 s-a stabilit \u00een 2010, \u00eent\u00e2mpin\u00e2nd provoc\u0103ri \u0219i obstacole, dar reu\u0219ind s\u0103 se integreze treptat \u00een comunitatea local\u0103. Dup\u0103 achizi\u021bionarea unei case de misiune \u00een 2013, au avut loc \u00eembun\u0103t\u0103\u021biri \u0219i\u2026","rel":"","context":"\u00cen \u201eNavigarea \u00een Danemarca\u201d","block_context":{"text":"Navigarea \u00een Danemarca","link":"https:\/\/lwid.dk\/ro\/category\/navigarea-in-danemarca\/"},"img":{"alt_text":"","src":"https:\/\/i0.wp.com\/lwid.dk\/wp-content\/uploads\/2023\/10\/5.-Ortodoks-kirke-1-2.jpg?resize=350%2C200&ssl=1","width":350,"height":200,"srcset":"https:\/\/i0.wp.com\/lwid.dk\/wp-content\/uploads\/2023\/10\/5.-Ortodoks-kirke-1-2.jpg?resize=350%2C200&ssl=1 1x, https:\/\/i0.wp.com\/lwid.dk\/wp-content\/uploads\/2023\/10\/5.-Ortodoks-kirke-1-2.jpg?resize=525%2C300&ssl=1 1.5x, https:\/\/i0.wp.com\/lwid.dk\/wp-content\/uploads\/2023\/10\/5.-Ortodoks-kirke-1-2.jpg?resize=700%2C400&ssl=1 2x, https:\/\/i0.wp.com\/lwid.dk\/wp-content\/uploads\/2023\/10\/5.-Ortodoks-kirke-1-2.jpg?resize=1050%2C600&ssl=1 3x, https:\/\/i0.wp.com\/lwid.dk\/wp-content\/uploads\/2023\/10\/5.-Ortodoks-kirke-1-2.jpg?resize=1400%2C800&ssl=1 4x"},"classes":[]},{"id":4275,"url":"https:\/\/lwid.dk\/ro\/incerc-cu-adevarat-sa-schimb-felul-in-care-suntem-vazuti-ca-straini\/","url_meta":{"origin":3138,"position":5},"title":"\u201e\u00cencerc cu adev\u0103rat s\u0103 schimb felul \u00een care suntem v\u0103zu\u021bi ca str\u0103ini&#8221;","author":"Sorina Floroiu","date":"20 decembrie 2021","format":false,"excerpt":"Articol publicat in Piopio.dk, la data de 20 decembrie 2021 Rezumat Aceast\u0103 poveste relateaz\u0103 experien\u021ba lui Ovidiu Nechitoi, un rom\u00e2n care a venit \u00een Danemarca \u00een 2011 pentru a lucra \u00een agricultur\u0103 \u0219i care ulterior \u0219i-a schimbat domeniul de activitate, ajung\u00e2nd s\u0103 lucreze \u00een finan\u021be. Povestea eviden\u021biaz\u0103 provoc\u0103rile \u0219i obstacolele\u2026","rel":"","context":"\u00cen \u201eNavigarea \u00een Danemarca\u201d","block_context":{"text":"Navigarea \u00een Danemarca","link":"https:\/\/lwid.dk\/ro\/category\/navigarea-in-danemarca\/"},"img":{"alt_text":"","src":"https:\/\/i0.wp.com\/lwid.dk\/wp-content\/uploads\/2023\/10\/43.png?resize=350%2C200&ssl=1","width":350,"height":200,"srcset":"https:\/\/i0.wp.com\/lwid.dk\/wp-content\/uploads\/2023\/10\/43.png?resize=350%2C200&ssl=1 1x, https:\/\/i0.wp.com\/lwid.dk\/wp-content\/uploads\/2023\/10\/43.png?resize=525%2C300&ssl=1 1.5x"},"classes":[]}],"jetpack_featured_media_url":"https:\/\/lwid.dk\/wp-content\/uploads\/2023\/10\/18.-Topdanser-har-fundet-ny-makker-i-Rumaenien.png","_links":{"self":[{"href":"https:\/\/lwid.dk\/ro\/wp-json\/wp\/v2\/posts\/3138","targetHints":{"allow":["GET"]}}],"collection":[{"href":"https:\/\/lwid.dk\/ro\/wp-json\/wp\/v2\/posts"}],"about":[{"href":"https:\/\/lwid.dk\/ro\/wp-json\/wp\/v2\/types\/post"}],"author":[{"embeddable":true,"href":"https:\/\/lwid.dk\/ro\/wp-json\/wp\/v2\/users\/11"}],"replies":[{"embeddable":true,"href":"https:\/\/lwid.dk\/ro\/wp-json\/wp\/v2\/comments?post=3138"}],"version-history":[{"count":4,"href":"https:\/\/lwid.dk\/ro\/wp-json\/wp\/v2\/posts\/3138\/revisions"}],"predecessor-version":[{"id":28777,"href":"https:\/\/lwid.dk\/ro\/wp-json\/wp\/v2\/posts\/3138\/revisions\/28777"}],"wp:featuredmedia":[{"embeddable":true,"href":"https:\/\/lwid.dk\/ro\/wp-json\/wp\/v2\/media\/3139"}],"wp:attachment":[{"href":"https:\/\/lwid.dk\/ro\/wp-json\/wp\/v2\/media?parent=3138"}],"wp:term":[{"taxonomy":"category","embeddable":true,"href":"https:\/\/lwid.dk\/ro\/wp-json\/wp\/v2\/categories?post=3138"},{"taxonomy":"post_tag","embeddable":true,"href":"https:\/\/lwid.dk\/ro\/wp-json\/wp\/v2\/tags?post=3138"}],"curies":[{"name":"wp","href":"https:\/\/api.w.org\/{rel}","templated":true}]}}