{"id":3159,"date":"2020-04-10T10:00:00","date_gmt":"2020-04-10T09:00:00","guid":{"rendered":"https:\/\/lwid.dk\/?p=3159"},"modified":"2026-09-01T18:44:38","modified_gmt":"2026-09-01T17:44:38","slug":"karen-hammer-acasa-my-home-un-film-intrigant-din-romania-karen-hammer-acasa-my-home-tankevaekkende-film-fra-rumaenien","status":"publish","type":"post","link":"https:\/\/lwid.dk\/ro\/karen-hammer-acasa-my-home-un-film-intrigant-din-romania-karen-hammer-acasa-my-home-tankevaekkende-film-fra-rumaenien\/","title":{"rendered":"Karen Hammer: &#8216;Acasa, My Home&#8217; &#8211; un film intrigant din Rom\u00e2nia \/ Karen Hammer: &#8216;Acasa, My Home&#8217; &#8211; tankev\u00e6kkende film fra Rum\u00e6nien"},"content":{"rendered":"\r\n<p class=\"wp-block-paragraph\">Articol publicat in Pov.international Karen Hammer. la data de 10 aprilie 2020<\/p>\r\n\r\n\r\n\r\n<figure class=\"wp-block-image size-large\"><img loading=\"lazy\" decoding=\"async\" width=\"1024\" height=\"742\" class=\"wp-image-3160\" src=\"https:\/\/lwid.dk\/wp-content\/uploads\/2023\/10\/21.-Acasa-My-HOME-1024x742.png\" alt=\"\" srcset=\"https:\/\/lwid.dk\/wp-content\/uploads\/2023\/10\/21.-Acasa-My-HOME-1024x742.png 1024w, https:\/\/lwid.dk\/wp-content\/uploads\/2023\/10\/21.-Acasa-My-HOME-300x217.png 300w, https:\/\/lwid.dk\/wp-content\/uploads\/2023\/10\/21.-Acasa-My-HOME-768x557.png 768w, https:\/\/lwid.dk\/wp-content\/uploads\/2023\/10\/21.-Acasa-My-HOME-150x109.png 150w, https:\/\/lwid.dk\/wp-content\/uploads\/2023\/10\/21.-Acasa-My-HOME-696x504.png 696w, https:\/\/lwid.dk\/wp-content\/uploads\/2023\/10\/21.-Acasa-My-HOME-1068x774.png 1068w, https:\/\/lwid.dk\/wp-content\/uploads\/2023\/10\/21.-Acasa-My-HOME.png 1126w\" sizes=\"auto, (max-width: 1024px) 100vw, 1024px\" \/><\/figure>\r\n\r\n\r\n\r\n<p class=\"wp-block-paragraph\">Traducere articol:\u00a0<\/p>\r\n\r\n\r\n\r\n<p class=\"wp-block-paragraph\">Del Tweet Email CPH:DOX \/\/ RECENZIE &#8211; \u201cFestivalul de film documentar din Copenhaga, CPH:DOX, ofer\u0103 oportunit\u0103\u021bi incredibile de a \u00een\u021belege mai bine lumea \u00een jurul nostru\u201d, scrie Karen Hammer, care reflect\u0103 aici asupra unui festival care a devenit digital din cauza \u00eenchiderii \u00een perioada pandemiei. Un film \u00een special a captat aten\u021bia.<\/p>\r\n\r\n\r\n\r\n<p class=\"wp-block-paragraph\">Cu toate c\u0103 festivalul a fost \u00eenchis din cauza pandemiei, totu\u0219i, exist\u0103 o selec\u021bie mare de filme din care s\u0103 alegi, \u0219i am putut studia cu mare curiozitate \u0219i o oarecare groaz\u0103 politica \u0219i implicarea Statelor Unite \u0219i Marii Britanii \u00een politica \u021b\u0103rilor din lumea a treia, cum ar fi \u00een &#8222;Coup 53&#8221; din Iran.<\/p>\r\n\r\n\r\n\r\n<p class=\"wp-block-paragraph\">Am ales s\u0103 m\u0103 uit mai atent la un mic film din Rom\u00e2nia, &#8222;Acasa, my Home&#8221;, regizat de Radu Ciorniciuc. Acesta poveste\u0219te despre familia Enache, care a locuit \u00eentr-o c\u0103su\u021b\u0103 construit\u0103 din s\u0103lcii \u00een afara Bucure\u0219tiului timp de aproape dou\u0103 decenii.<\/p>\r\n\r\n\r\n\r\n<p class=\"wp-block-paragraph\">O familie s\u0103n\u0103toas\u0103 cu o leg\u0103tur\u0103 frumoas\u0103<\/p>\r\n\r\n\r\n\r\n<p class=\"wp-block-paragraph\">Tat\u0103l familiei avea c\u00e2ndva un loc de munc\u0103 regulat \u00een ora\u0219, dar stresul \u0219i agita\u021bia au devenit prea mult pentru el, a\u0219a c\u0103 \u0219i-a mutat so\u021bia \u0219i copiii \u00een cre\u0219tere \u00eentr-un rezervare mare \u0219i izolat.\u00a0<\/p>\r\n\r\n\r\n\r\n<p class=\"wp-block-paragraph\">O societate corupt\u0103<\/p>\r\n\r\n\r\n\r\n<p class=\"wp-block-paragraph\">Autorit\u0103\u021bile nu respect\u0103 promisiunea f\u0103cut\u0103 tat\u0103lui de a-i oferi un post de paznic al naturii, ci \u00eei acuz\u0103 pe copii c\u0103 sunt murdari \u0219i mincino\u0219i. Doar Vlad se descurc\u0103 \u00eentr-o oarecare m\u0103sur\u0103, dar \u00een detrimentul leg\u0103turii str\u00e2nse dintre membrii familiei.<\/p>\r\n\r\n\r\n\r\n<p class=\"wp-block-paragraph\">&#8222;Acasa, my Home&#8221; este un film plin de contrast \u0219i foarte trist, cu cinci stele.<\/p>\r\n\r\n\r\n\r\n<p class=\"wp-block-paragraph\">La \u00eenceputul filmului vedem natura verde splendid\u0103 t\u0103iat\u0103 brusc de masivul de blocuri gri de pe cealalt\u0103 parte a autostr\u0103zii. Ora\u0219ul \u00eenghite familia, ei nu \u00een\u021beleg regulile jocului \u0219i nu pot citi. Poli\u021bia \u00eei aresteaz\u0103 pe b\u0103ie\u021bii tineri pentru c\u0103 str\u00e2ng sticle \u00een co\u0219urile de gunoi, iar tat\u0103l amenin\u021b\u0103 c\u0103 va p\u0103r\u0103si totul.<\/p>\r\n\r\n\r\n\r\n<p class=\"wp-block-paragraph\">Societatea burghez\u0103, corupt\u0103 \u0219i rasist\u0103 din Rom\u00e2nia este dezv\u0103luit\u0103 \u00een mod drastic. Nu este de mirare c\u0103 at\u00e2t de mul\u021bi rom\u00e2ni ajung s\u0103 c\u0103l\u0103toreasc\u0103 prin UE pentru a-\u0219i asigura un trai mai bun.<\/p>\r\n\r\n\r\n\r\n<p class=\"wp-block-paragraph\">&#8222;Acasa, my Home&#8221; este un film plin de contrast \u0219i foarte trist, cu cinci stele.<\/p>\r\n\r\n\r\n\r\n<p class=\"wp-block-paragraph\">Foto: CPH:DOX<\/p>\r\n","protected":false},"excerpt":{"rendered":"<p>Articol publicat in Pov.international Karen Hammer. la data de 10 aprilie 2020 Traducere articol:\u00a0 Del Tweet Email CPH:DOX \/\/ RECENZIE &#8211; \u201cFestivalul de film documentar din Copenhaga, CPH:DOX, ofer\u0103 oportunit\u0103\u021bi incredibile de a \u00een\u021belege mai bine lumea \u00een jurul nostru\u201d, scrie Karen Hammer, care reflect\u0103 aici asupra unui festival care a devenit digital din cauza [&hellip;]<\/p>\n","protected":false},"author":11,"featured_media":3160,"comment_status":"open","ping_status":"closed","sticky":false,"template":"","format":"standard","meta":{"_acf_changed":false,"_themeisle_gutenberg_block_has_review":false,"_jetpack_newsletter_access":"","_jetpack_dont_email_post_to_subs":false,"_jetpack_newsletter_tier_id":0,"_jetpack_memberships_contains_paywalled_content":false,"_jetpack_feature_clip_id":0,"_jetpack_memberships_contains_paid_content":false,"footnotes":"","jetpack_post_was_ever_published":false,"_members_access_role":[],"_members_access_error":""},"categories":[878,142],"tags":[998],"class_list":["post-3159","post","type-post","status-publish","format-standard","has-post-thumbnail","category-navigarea-in-danemarca","category-povesti-nespuse","tag-arta-si-teatru"],"acf":[],"jetpack_sharing_enabled":true,"jetpack-related-posts":[{"id":3276,"url":"https:\/\/lwid.dk\/ro\/un-roman-castiga-ursul-de-aur-la-berlin\/","url_meta":{"origin":3159,"position":0},"title":"Un rom\u00e2n c\u00e2\u0219tig\u0103 Ursul de Aur la Berlin","author":"Sorina Floroiu","date":"8 martie 2021","format":false,"excerpt":"Articol publicat in Lolland-Falsters Folketidende Sektion 2 Side 3,\u00a0 la data de 8 martie 2021 Rezumat:\u00a0 Filmul \"Babardeal\u0103 cu bucluc sau porno balamuc\" regizat de Radu Jude a c\u00e2\u0219tigat Ursul de Aur la Festivalul de Film de la Berlin (Berlinale). Filmul este o satir\u0103 despre ipocrizia social\u0103 \u00een era pandemiei,\u2026","rel":"","context":"\u00cen \u201eNavigarea \u00een Danemarca\u201d","block_context":{"text":"Navigarea \u00een Danemarca","link":"https:\/\/lwid.dk\/ro\/category\/navigarea-in-danemarca\/"},"img":{"alt_text":"","src":"https:\/\/i0.wp.com\/lwid.dk\/wp-content\/uploads\/2023\/10\/5.png?resize=350%2C200&ssl=1","width":350,"height":200,"srcset":"https:\/\/i0.wp.com\/lwid.dk\/wp-content\/uploads\/2023\/10\/5.png?resize=350%2C200&ssl=1 1x, https:\/\/i0.wp.com\/lwid.dk\/wp-content\/uploads\/2023\/10\/5.png?resize=525%2C300&ssl=1 1.5x"},"classes":[]},{"id":14251,"url":"https:\/\/lwid.dk\/ro\/perspective-asupra-stilului-de-viata-danez-saptamana-10\/","url_meta":{"origin":3159,"position":1},"title":"Perspective asupra stilului de via\u021b\u0103 danez &#8211; S\u0103pt\u0103m\u00e2na 10","author":"Catalina Anapios","date":"10 martie 2024","format":false,"excerpt":"Miercuri, 13 martie, va fi prima zi a CPH:DOX, festivalul anual de filme documentare din Copenhaga. Cu 12 zile de proiec\u021bii \u0219i activit\u0103\u021bi, evenimentul aduce oameni \u00eempreun\u0103 pentru una dintre categoriile culturale favorite din Danemarca: filmul. C\u00e2t de multe \u0219tii despre asta? \u00cen iunie 1896, \u00een R\u00e5dhuspladsen din Copenhaga a\u2026","rel":"","context":"\u00cen \u201eNavigarea \u00een Danemarca\u201d","block_context":{"text":"Navigarea \u00een Danemarca","link":"https:\/\/lwid.dk\/ro\/category\/navigarea-in-danemarca\/"},"img":{"alt_text":"Viata de zi cu zi in Danemarca Last Week in Denmark","src":"https:\/\/i0.wp.com\/lwid.dk\/wp-content\/uploads\/2023\/12\/Viata-de-zi-cu-zi-in-Danemarca.jpg?resize=350%2C200&ssl=1","width":350,"height":200,"srcset":"https:\/\/i0.wp.com\/lwid.dk\/wp-content\/uploads\/2023\/12\/Viata-de-zi-cu-zi-in-Danemarca.jpg?resize=350%2C200&ssl=1 1x, https:\/\/i0.wp.com\/lwid.dk\/wp-content\/uploads\/2023\/12\/Viata-de-zi-cu-zi-in-Danemarca.jpg?resize=525%2C300&ssl=1 1.5x"},"classes":[]},{"id":3124,"url":"https:\/\/lwid.dk\/ro\/imi-amintesc-in-gusturi-si-arome-jeg-husker-i-smage-og-dufte\/","url_meta":{"origin":3159,"position":2},"title":"\u00cemi amintesc in gusturi \u0219i arome \/ Jeg husker i smage og dufte","author":"Sorina Floroiu","date":"15 martie 2020","format":false,"excerpt":"Articol publicat in Viborg Stifts Folkeblad la data de 15 martie 2020. Subiectul articolului:\u00a0 Maria Opris s-a n\u0103scut \u00een Rom\u00e2nia, s-a mutat \u00een Italia cu tat\u0103l s\u0103u c\u00e2nd era bebelu\u0219 \u0219i apoi s-a \u00eentors la mama sa rom\u00e2nc\u0103 c\u00e2nd avea \u0219ase ani. Ast\u0103zi, ea administreaz\u0103 restaurantul Down Under din Tinghallen.\u2026","rel":"","context":"\u00cen \u201eNavigarea \u00een Danemarca\u201d","block_context":{"text":"Navigarea \u00een Danemarca","link":"https:\/\/lwid.dk\/ro\/category\/navigarea-in-danemarca\/"},"img":{"alt_text":"","src":"https:\/\/i0.wp.com\/lwid.dk\/wp-content\/uploads\/2023\/10\/16.-Jeg-husker-i-smage-og-dufte.png?resize=350%2C200&ssl=1","width":350,"height":200,"srcset":"https:\/\/i0.wp.com\/lwid.dk\/wp-content\/uploads\/2023\/10\/16.-Jeg-husker-i-smage-og-dufte.png?resize=350%2C200&ssl=1 1x, https:\/\/i0.wp.com\/lwid.dk\/wp-content\/uploads\/2023\/10\/16.-Jeg-husker-i-smage-og-dufte.png?resize=525%2C300&ssl=1 1.5x"},"classes":[]},{"id":5377,"url":"https:\/\/lwid.dk\/ro\/ionut-si-prietenii-sai-castiga-intre-10-000-si-30-000-adunand-sticle-la-festivalul-roskilde\/","url_meta":{"origin":3159,"position":3},"title":"Ionut \u0219i prietenii s\u0103i c\u00e2\u0219tig\u0103 \u00eentre 10.000 \u0219i 30.000 adun\u00e2nd sticle la Festivalul Roskilde","author":"Sorina Floroiu","date":"29 iunie 2022","format":false,"excerpt":"Articol publicat \u00een BT.dk\u00a0 la data de 29 iunie 2022. Articol integral: Ionut, \u00een v\u00e2rst\u0103 de 24 de ani, din Rom\u00e2nia, este unul dintre numero\u0219ii colectori de sticle care au venit \u00een Danemarca \u00een aceast\u0103 s\u0103pt\u0103m\u00e2n\u0103 cu un singur scop: s\u0103 c\u00e2\u0219tige bani pentru restul verii. Pentru majoritatea participan\u021bilor la\u2026","rel":"","context":"\u00cen \u201eNavigarea \u00een Danemarca\u201d","block_context":{"text":"Navigarea \u00een Danemarca","link":"https:\/\/lwid.dk\/ro\/category\/navigarea-in-danemarca\/"},"img":{"alt_text":"","src":"https:\/\/i0.wp.com\/lwid.dk\/wp-content\/uploads\/2023\/11\/17.-IONUT-OG-HANS-VENNER.png?resize=350%2C200&ssl=1","width":350,"height":200,"srcset":"https:\/\/i0.wp.com\/lwid.dk\/wp-content\/uploads\/2023\/11\/17.-IONUT-OG-HANS-VENNER.png?resize=350%2C200&ssl=1 1x, https:\/\/i0.wp.com\/lwid.dk\/wp-content\/uploads\/2023\/11\/17.-IONUT-OG-HANS-VENNER.png?resize=525%2C300&ssl=1 1.5x, https:\/\/i0.wp.com\/lwid.dk\/wp-content\/uploads\/2023\/11\/17.-IONUT-OG-HANS-VENNER.png?resize=700%2C400&ssl=1 2x"},"classes":[]},{"id":4261,"url":"https:\/\/lwid.dk\/ro\/calatoria-studentilor-de-balet-in-romania-anulata-acum-romanii-predau-in-danemarca\/","url_meta":{"origin":3159,"position":4},"title":"C\u0103l\u0103toria studen\u021bilor de balet \u00een Rom\u00e2nia anulat\u0103: Acum rom\u00e2nii predau \u00een Danemarca","author":"Sorina Floroiu","date":"1 noiembrie 2021","format":false,"excerpt":"Articol publicat in JydskeVestkysten Esbjerg Sektion 2 (Esbjerg), la data de 1 noiembrie 2021 Rezumat Elevii de balet urmau s\u0103 c\u0103l\u0103toreasc\u0103 \u00een Rom\u00e2nia pentru lec\u021bii, dar din cauza unor probleme, excursia a fost anulat\u0103. Cu toate acestea, ace\u0219tia au beneficiat de 44 de lec\u021bii \u00een fiecare zi de la dansatori\u2026","rel":"","context":"\u00cen \u201eNavigarea \u00een Danemarca\u201d","block_context":{"text":"Navigarea \u00een Danemarca","link":"https:\/\/lwid.dk\/ro\/category\/navigarea-in-danemarca\/"},"img":{"alt_text":"","src":"https:\/\/i0.wp.com\/lwid.dk\/wp-content\/uploads\/2023\/10\/40.png?resize=350%2C200&ssl=1","width":350,"height":200},"classes":[]},{"id":3166,"url":"https:\/\/lwid.dk\/ro\/cei-mai-liberi-oameni-din-lume-det-frieste-folk-i-verden\/","url_meta":{"origin":3159,"position":5},"title":"Cei mai liberi oameni din lume \/ Det frieste folk i verden","author":"Sorina Floroiu","date":"30 aprilie 2020","format":false,"excerpt":"Articol publicat in Weekendavisen,dk la data de 30 aprilie 2020 Subiectul articolului: Dup\u0103 o mul\u021bime de apeluri \u0219i c\u0103ut\u0103ri, Raluca \u0219i Razvan au redus op\u021biunile de c\u0103l\u0103torie la Belarus \u0219i Suedia. Fiind obosi\u021bi de restric\u021biile impuse \u00een Rom\u00e2nia din cauza pandemiei, au ales s\u0103 mearg\u0103 \u00een Suedia, unde se bucur\u0103\u2026","rel":"","context":"\u00cen \u201eNavigarea \u00een Danemarca\u201d","block_context":{"text":"Navigarea \u00een Danemarca","link":"https:\/\/lwid.dk\/ro\/category\/navigarea-in-danemarca\/"},"img":{"alt_text":"","src":"https:\/\/i0.wp.com\/lwid.dk\/wp-content\/uploads\/2023\/10\/22.-Det-frieste-folk-verden.png?resize=350%2C200&ssl=1","width":350,"height":200,"srcset":"https:\/\/i0.wp.com\/lwid.dk\/wp-content\/uploads\/2023\/10\/22.-Det-frieste-folk-verden.png?resize=350%2C200&ssl=1 1x, https:\/\/i0.wp.com\/lwid.dk\/wp-content\/uploads\/2023\/10\/22.-Det-frieste-folk-verden.png?resize=525%2C300&ssl=1 1.5x, https:\/\/i0.wp.com\/lwid.dk\/wp-content\/uploads\/2023\/10\/22.-Det-frieste-folk-verden.png?resize=700%2C400&ssl=1 2x, https:\/\/i0.wp.com\/lwid.dk\/wp-content\/uploads\/2023\/10\/22.-Det-frieste-folk-verden.png?resize=1050%2C600&ssl=1 3x, https:\/\/i0.wp.com\/lwid.dk\/wp-content\/uploads\/2023\/10\/22.-Det-frieste-folk-verden.png?resize=1400%2C800&ssl=1 4x"},"classes":[]}],"jetpack_featured_media_url":"https:\/\/lwid.dk\/wp-content\/uploads\/2023\/10\/21.-Acasa-My-HOME.png","_links":{"self":[{"href":"https:\/\/lwid.dk\/ro\/wp-json\/wp\/v2\/posts\/3159","targetHints":{"allow":["GET"]}}],"collection":[{"href":"https:\/\/lwid.dk\/ro\/wp-json\/wp\/v2\/posts"}],"about":[{"href":"https:\/\/lwid.dk\/ro\/wp-json\/wp\/v2\/types\/post"}],"author":[{"embeddable":true,"href":"https:\/\/lwid.dk\/ro\/wp-json\/wp\/v2\/users\/11"}],"replies":[{"embeddable":true,"href":"https:\/\/lwid.dk\/ro\/wp-json\/wp\/v2\/comments?post=3159"}],"version-history":[{"count":3,"href":"https:\/\/lwid.dk\/ro\/wp-json\/wp\/v2\/posts\/3159\/revisions"}],"predecessor-version":[{"id":28774,"href":"https:\/\/lwid.dk\/ro\/wp-json\/wp\/v2\/posts\/3159\/revisions\/28774"}],"wp:featuredmedia":[{"embeddable":true,"href":"https:\/\/lwid.dk\/ro\/wp-json\/wp\/v2\/media\/3160"}],"wp:attachment":[{"href":"https:\/\/lwid.dk\/ro\/wp-json\/wp\/v2\/media?parent=3159"}],"wp:term":[{"taxonomy":"category","embeddable":true,"href":"https:\/\/lwid.dk\/ro\/wp-json\/wp\/v2\/categories?post=3159"},{"taxonomy":"post_tag","embeddable":true,"href":"https:\/\/lwid.dk\/ro\/wp-json\/wp\/v2\/tags?post=3159"}],"curies":[{"name":"wp","href":"https:\/\/api.w.org\/{rel}","templated":true}]}}