{"id":3208,"date":"2020-10-16T10:24:00","date_gmt":"2020-10-16T09:24:00","guid":{"rendered":"https:\/\/lwid.dk\/?p=3208"},"modified":"2026-09-01T18:41:19","modified_gmt":"2026-09-01T17:41:19","slug":"byggefirmaer-misbrugte-david-firmele-de-constructii-au-profitat-de-david","status":"publish","type":"post","link":"https:\/\/lwid.dk\/ro\/byggefirmaer-misbrugte-david-firmele-de-constructii-au-profitat-de-david\/","title":{"rendered":"Byggefirmaer misbrugte David \/ Firmele de construc\u021bii au profitat de David"},"content":{"rendered":"\r\n<p class=\"wp-block-paragraph\">Articol publicat \u00een Piopio.dk la data de 16 octombrie 2020<\/p>\r\n\r\n\r\n\r\n<figure class=\"wp-block-image size-full\"><img loading=\"lazy\" decoding=\"async\" width=\"729\" height=\"751\" class=\"wp-image-3209\" src=\"https:\/\/lwid.dk\/wp-content\/uploads\/2023\/10\/28.-byggefirma-misbrugte-David.png\" alt=\"\" srcset=\"https:\/\/lwid.dk\/wp-content\/uploads\/2023\/10\/28.-byggefirma-misbrugte-David.png 729w, https:\/\/lwid.dk\/wp-content\/uploads\/2023\/10\/28.-byggefirma-misbrugte-David-291x300.png 291w, https:\/\/lwid.dk\/wp-content\/uploads\/2023\/10\/28.-byggefirma-misbrugte-David-150x155.png 150w, https:\/\/lwid.dk\/wp-content\/uploads\/2023\/10\/28.-byggefirma-misbrugte-David-300x309.png 300w, https:\/\/lwid.dk\/wp-content\/uploads\/2023\/10\/28.-byggefirma-misbrugte-David-696x717.png 696w\" sizes=\"auto, (max-width: 729px) 100vw, 729px\" \/><\/figure>\r\n\r\n\r\n\r\n<p class=\"wp-block-paragraph\">Subiectul articolului:<\/p>\r\n\r\n\r\n\r\n<p class=\"wp-block-paragraph\">Un t\u00e2n\u0103r de 29 de ani din Rom\u00e2nia, victim\u0103 a traficului de persoane, a fost expus la amenin\u021b\u0103ri, condi\u021bii de munc\u0103 proaste \u0219i lips\u0103 de plat\u0103.<\/p>\r\n\r\n\r\n\r\n<p class=\"wp-block-paragraph\">Articol tradus:<\/p>\r\n\r\n\r\n\r\n<p class=\"wp-block-paragraph\">Un t\u00e2n\u0103r de 29 de ani, victim\u0103 a traficului de persoane, a fost expus la amenin\u021b\u0103ri, condi\u021bii de munc\u0103 proaste \u0219i lips\u0103 de plat\u0103.<\/p>\r\n\r\n\r\n\r\n<p class=\"wp-block-paragraph\">Trei firme daneze de construc\u021bii diferite au exploatat for\u021ba de munc\u0103 ieftin\u0103 a lui David, \u00een v\u00e2rst\u0103 de 29 de ani, din Rom\u00e2nia. El nu a primit niciodat\u0103 salariul de la prima sa loca\u021bie de munc\u0103. \u0218eful s\u0103u de la a doua loca\u021bie de munc\u0103 l-a amenin\u021bat atunci c\u00e2nd a men\u021bionat c\u0103 va face o pl\u00e2ngere la sindicatul local. Iar al treilea angajator al lui David l-a presat s\u0103 fac\u0103 munc\u0103 nedeclarat\u0103 f\u0103r\u0103 plat\u0103.<\/p>\r\n\r\n\r\n\r\n<p class=\"wp-block-paragraph\">Proiectul a fost realizat de cercet\u0103torii Marlene Spanger \u0219i Sophia D\u00f6rffer Hvalkof, care au intervievat 100 de migran\u021bi, sindicate \u0219i institu\u021bii de \u00eenv\u0103\u021b\u0103m\u00e2nt. Ei contureaz\u0103 o imagine \u00een care criminalitatea \u00een domeniul muncii reprezint\u0103 o cale u\u0219oar\u0103 pentru angajatori de a ob\u021bine bani rapid.<\/p>\r\n\r\n\r\n\r\n<p class=\"wp-block-paragraph\">David a ajuns \u00een Danemarca \u00een 2015, c\u00e2nd i s-a oferit un loc de munc\u0103 \u00een Jutland prin intermediul unei cuno\u0219tin\u021be din Rom\u00e2nia, care deja avea un loc de munc\u0103 \u00een \u021bar\u0103. Dup\u0103 mai pu\u021bin de o lun\u0103, angajatorul s\u0103u a fost arestat de poli\u021bie sub acuza\u021bia de furt, iar David nu a fost pl\u0103tit niciodat\u0103 pentru munca sa.<\/p>\r\n\r\n\r\n\r\n<p class=\"wp-block-paragraph\">C\u00e2nd a fost angajat \u00eentr-un alt loc de munc\u0103 \u00een Aalborg, angajatorul a spus c\u0103 ei vor avea grij\u0103 de \u00eenregistrarea necesar\u0103, inclusiv deschiderea unui cont bancar pentru plata salariului.<\/p>\r\n\r\n\r\n\r\n<p class=\"wp-block-paragraph\">David lucra 11 ore pe zi, de luni p\u00e2n\u0103 s\u00e2mb\u0103t\u0103. Dar dup\u0103 un timp, David \u0219i-a dat seama c\u0103 nu primea suficient salariu pentru orele pe care le lucra.<\/p>\r\n\r\n\r\n\r\n<p class=\"wp-block-paragraph\">La scurt timp dup\u0103 aceea, David a primit brusc vestea c\u0103 a fost concediat \u0219i c\u0103 avea jum\u0103tate de zi s\u0103 p\u0103r\u0103seasc\u0103 apartamentul \u00een care firma \u00eel caza. Poli\u021bia a fost chemat\u0103, iar c\u00e2nd David a cerut o explica\u021bie, i s-a spus c\u0103 nu \u00eel pot ajuta.<\/p>\r\n\r\n\r\n\r\n<p class=\"wp-block-paragraph\">Pu\u021bin timp dup\u0103 ce David a fost dat afar\u0103 din apartament, s-a \u00eent\u00e2lnit cu \u0219eful firmei. David i-a spus \u0219efului c\u0103 inten\u021bioneaz\u0103 s\u0103 contacteze filiala local\u0103 a sindicatului 3F pentru a se pl\u00e2nge de firm\u0103. Acest lucru l-a determinat pe fostul \u0219ef s\u0103 \u00eel amenin\u021be pe David. El i-a subliniat lui David c\u0103 se va asigura c\u0103 acesta nu va putea r\u0103m\u00e2ne \u00een Aalborg dac\u0103 \u00ee\u0219i duce la cap\u0103t pl\u00e2ngerea.<\/p>\r\n\r\n\r\n\r\n<p class=\"wp-block-paragraph\">Ulterior, un nou angajator i-a oferit lui David un loc de munc\u0103 \u00een Sj\u00e6lland. \u0218i acest angajator a promis c\u0103 firma va avea grij\u0103 de diversele \u00eenregistr\u0103ri.<\/p>\r\n\r\n\r\n\r\n<p class=\"wp-block-paragraph\">Firma avea un proiect pe un \u0219antier de construc\u021bii, unde David trebuia s\u0103 izoleze case \u0219i s\u0103 lucreze cu fibr\u0103 de sticl\u0103. Dar David nu a primit m\u0103nu\u0219i de lucru sau alte instrumente p\u00e2n\u0103 c\u00e2nd s-a pl\u00e2ns unuia dintre lideri.<\/p>\r\n\r\n\r\n\r\n<p class=\"wp-block-paragraph\">\u00centr-o zi pe \u0219antier, angaja\u021bii au fost informa\u021bi c\u0103 autorit\u0103\u021bile vor veni \u00een vizit\u0103:<\/p>\r\n\r\n\r\n\r\n<p class=\"wp-block-paragraph\">&#8222;Atunci am fost chema\u021bi \u00een fa\u021ba cabanei \u0219i ni s-a dat un contract de angajare&#8230; \u0218i c\u00e2nd am v\u0103zut contractul meu de angajare, am v\u0103zut c\u0103 acolo scrie 125-140 coroane pe or\u0103. Totul era fals. Pentru to\u021bi rom\u00e2nii. Dup\u0103 ce verificarea s-a \u00eencheiat, ne-au luat \u00eenapoi contractele,&#8221; a povestit David cercet\u0103torilor din proiect \u00eentr-un interviu.<\/p>\r\n\r\n\r\n\r\n<p class=\"wp-block-paragraph\">Dup\u0103 ce verificarea s-a \u00eencheiat, ne-au luat \u00eenapoi contractele.<\/p>\r\n\r\n\r\n\r\n<p class=\"wp-block-paragraph\">David nu v\u0103zuse niciodat\u0103 contractul de angajare \u00eenainte \u0219i a avut doar timp s\u0103 vad\u0103 c\u0103 salariul era mult mai mare dec\u00e2t ceea ce el \u0219i ceilal\u021bi angaja\u021bi primeau \u00een realitate. David era pl\u0103tit \u00een numerar pentru munca sa \u00een firm\u0103 \u0219i nu i s-a virat niciodat\u0103 salariul \u00eentr-un cont bancar personal.<\/p>\r\n\r\n\r\n\r\n<p class=\"wp-block-paragraph\">Firma l-a trimis pe David \u00een diverse locuri din Danemarca pentru scurte misiuni &#8211; adesea la adrese private. Aceste misiuni constau \u00een totul, de la vopsirea p\u00e2n\u0103 la renovarea complet\u0103 a caselor.<\/p>\r\n\r\n\r\n\r\n<p class=\"wp-block-paragraph\">C\u00e2nd renova case private, David era adesea pl\u0103tit mult mai pu\u021bin dec\u00e2t echivalentul salariului lunar cu norm\u0103 \u00eentreag\u0103 pentru meseria\u0219i.<\/p>\r\n\r\n\r\n\r\n<p class=\"wp-block-paragraph\">Alteori, David nu primea deloc bani. \u00cen schimb, i se spunea mereu c\u0103 \u00eei vor fi pl\u0103ti\u021bi mai t\u00e2rziu, cum ar fi atunci c\u00e2nd a renovat o cas\u0103 privat\u0103 \u00een Sj\u00e6lland:<\/p>\r\n\r\n\r\n\r\n<p class=\"wp-block-paragraph\">&#8222;Tot timpul c\u00e2t am fost \u00een acea cas\u0103, am primit doar 1500 de coroane [de la angajator] \u00een acea perioad\u0103. Maxim o lun\u0103 \u00een cas\u0103. C\u00e2nd am \u00eentrebat de bani, mi s-a spus mereu &#8216;m\u00e2ine, m\u00e2ine, m\u00e2ine&#8217;,&#8221; a povestit David.<\/p>\r\n\r\n\r\n\r\n<p class=\"wp-block-paragraph\">C\u00e2nd David a men\u021bionat c\u0103 va contacta autoritatea fiscal\u0103 pentru a ob\u021bine informa\u021bii despre salariul s\u0103u, a fost amenin\u021bat de unul dintre angajatori.<\/p>\r\n\r\n\r\n\r\n<p class=\"wp-block-paragraph\">La final, firma a ajuns s\u0103 \u00eei datoreze lui David salarii pentru mai multe luni, iar el a fost concediat f\u0103r\u0103 preaviz \u0219i i s-a cerut s\u0103 p\u0103r\u0103seasc\u0103 casa \u00een care locuia f\u0103r\u0103 a primi salariul.<\/p>\r\n\r\n\r\n\r\n<p class=\"wp-block-paragraph\">Ulterior, David a contactat poli\u021bia \u0219i sindicatul, ceea ce a dus la deschiderea unui dosar \u00een care David a fost recunoscut ca victim\u0103 a traficului de persoane de c\u0103tre Centrul pentru Combaterea Traficului de Persoane.<\/p>\r\n\r\n\r\n\r\n<p class=\"wp-block-paragraph\">Conform cercet\u0103torilor, povestea lui David demonstreaz\u0103 c\u0103 angajatorii pot exploata re\u021binerea informa\u021biilor pentru a presa muncitorii str\u0103ini.<\/p>\r\n\r\n\r\n\r\n<p class=\"wp-block-paragraph\">\u00cenregistrarea oficial\u0103 a lui David \u00een sistem a fost folosit\u0103 pentru a acoperi munca nedeclarat\u0103 pe care o efectua \u0219i pentru care nu era pl\u0103tit.<\/p>\r\n\r\n\r\n\r\n<p class=\"wp-block-paragraph\">\u00cen plus, angajatorii din povestea lui David sunt motiva\u021bi de angajarea de for\u021b\u0103 de munc\u0103 ieftin\u0103, indiferent de conven\u021biile colective.<\/p>\r\n\r\n\r\n\r\n<p class=\"wp-block-paragraph\">Ei au v\u0103zut o oportunitate de a exploata munca lui David, deoarece putea fi folosit pentru alte sarcini pe care angajatorii au omis s\u0103 le \u00eenregistreze oficial \u00een cadrul autorit\u0103\u021bii fiscale. Astfel, puteau pl\u0103ti lui David un salariu sc\u0103zut sau niciun salariu, f\u0103r\u0103 ca autorit\u0103\u021bile s\u0103 afle de acest lucru.<\/p>\r\n","protected":false},"excerpt":{"rendered":"<p>Articol publicat \u00een Piopio.dk la data de 16 octombrie 2020 Subiectul articolului: Un t\u00e2n\u0103r de 29 de ani din Rom\u00e2nia, victim\u0103 a traficului de persoane, a fost expus la amenin\u021b\u0103ri, condi\u021bii de munc\u0103 proaste \u0219i lips\u0103 de plat\u0103. Articol tradus: Un t\u00e2n\u0103r de 29 de ani, victim\u0103 a traficului de persoane, a fost expus la [&hellip;]<\/p>\n","protected":false},"author":11,"featured_media":3209,"comment_status":"open","ping_status":"closed","sticky":false,"template":"","format":"standard","meta":{"_acf_changed":false,"_themeisle_gutenberg_block_has_review":false,"_jetpack_newsletter_access":"","_jetpack_dont_email_post_to_subs":false,"_jetpack_newsletter_tier_id":0,"_jetpack_memberships_contains_paywalled_content":false,"_jetpack_feature_clip_id":0,"_jetpack_memberships_contains_paid_content":false,"footnotes":"","jetpack_post_was_ever_published":false,"_members_access_role":[],"_members_access_error":""},"categories":[878,142],"tags":[1012],"class_list":["post-3208","post","type-post","status-publish","format-standard","has-post-thumbnail","category-navigarea-in-danemarca","category-povesti-nespuse","tag-ocuparea-fortei-de-munca"],"acf":[],"jetpack_sharing_enabled":true,"jetpack-related-posts":[{"id":5287,"url":"https:\/\/lwid.dk\/ro\/romanii-salveaza-afacerea-din-criza-locurilor-de-munca-dupa-anul-cel-mai-salbatic\/","url_meta":{"origin":3208,"position":0},"title":"Rom\u00e2nii salveaz\u0103 afacerea din criza locurilor de munc\u0103 dup\u0103 &#8222;anul cel mai s\u0103lbatic&#8221;","author":"Sorina Floroiu","date":"21 ianuarie 2022","format":false,"excerpt":"Articol publicat in Metal-Supply.dk la data de 21 ianuarie 2022 Rezumat:\u00a0 \u00centr-un an tumultuos marcat de pandemia de COVID-19, HAI Horsens, o companie danez\u0103 de familie specializat\u0103 \u00een prelucrarea suprafe\u021belor de aluminiu, a avut dificult\u0103\u021bi cu lipsa de for\u021b\u0103 de munc\u0103. Dup\u0103 concedierea a aproximativ o treime din angaja\u021bi, compania\u2026","rel":"","context":"\u00cen \u201eNavigarea \u00een Danemarca\u201d","block_context":{"text":"Navigarea \u00een Danemarca","link":"https:\/\/lwid.dk\/ro\/category\/navigarea-in-danemarca\/"},"img":{"alt_text":"","src":"https:\/\/i0.wp.com\/lwid.dk\/wp-content\/uploads\/2023\/11\/4.-RUMAENERE-REDDER.png?resize=350%2C200&ssl=1","width":350,"height":200,"srcset":"https:\/\/i0.wp.com\/lwid.dk\/wp-content\/uploads\/2023\/11\/4.-RUMAENERE-REDDER.png?resize=350%2C200&ssl=1 1x, https:\/\/i0.wp.com\/lwid.dk\/wp-content\/uploads\/2023\/11\/4.-RUMAENERE-REDDER.png?resize=525%2C300&ssl=1 1.5x"},"classes":[]},{"id":3077,"url":"https:\/\/lwid.dk\/ro\/sudor-roman-imi-doresc-sa-raman-in-danemarca-cu-familia-mea-rumaensk-svejser-jeg-vil-blive-i-danmark-med-min-familie\/","url_meta":{"origin":3208,"position":1},"title":"SUDOR ROM\u00c2N: \u00cemi doresc s\u0103 r\u0103m\u00e2n \u00een Danemarca cu familia mea \/ RUM\u00c6NSK SVEJSER: Jeg vil blive i Danmark med min familie","author":"Sorina Floroiu","date":"11 februarie 2020","format":false,"excerpt":"Articol publicat in Industri ^ Teknik la data de 11 februarie 2020.\u00a0 Subiectul articolului:\u00a0 Sudorul Cristian B\u0103lan a adus familia sa \u00een Danemarca \u0219i inten\u021bioneaz\u0103 s\u0103 r\u0103m\u00e2n\u0103 \u00een \u021bar\u0103, urm\u0103torul pas fiind achizi\u021bionarea unei case \u00een Hobro. El lucreaz\u0103 la DS St\u00e5lkonstruktion \u0219i apreciaz\u0103 lipsa de stres \u00een compara\u021bie cu\u2026","rel":"","context":"\u00cen \u201eNavigarea \u00een Danemarca\u201d","block_context":{"text":"Navigarea \u00een Danemarca","link":"https:\/\/lwid.dk\/ro\/category\/navigarea-in-danemarca\/"},"img":{"alt_text":"","src":"https:\/\/i0.wp.com\/lwid.dk\/wp-content\/uploads\/2023\/10\/10.-Sudor.png?resize=350%2C200&ssl=1","width":350,"height":200,"srcset":"https:\/\/i0.wp.com\/lwid.dk\/wp-content\/uploads\/2023\/10\/10.-Sudor.png?resize=350%2C200&ssl=1 1x, https:\/\/i0.wp.com\/lwid.dk\/wp-content\/uploads\/2023\/10\/10.-Sudor.png?resize=525%2C300&ssl=1 1.5x, https:\/\/i0.wp.com\/lwid.dk\/wp-content\/uploads\/2023\/10\/10.-Sudor.png?resize=700%2C400&ssl=1 2x"},"classes":[]},{"id":4165,"url":"https:\/\/lwid.dk\/ro\/nu-uita-sa-le-multumesti-polonezilor-si-romanilor\/","url_meta":{"origin":3208,"position":2},"title":"Nu uita s\u0103 le mul\u021bume\u0219ti polonezilor \u0219i rom\u00e2nilor","author":"Sorina Floroiu","date":"29 iulie 2021","format":false,"excerpt":"Articol publicat in Berlingske Sektion 1 Side 2, la data de 29 iulie 2021 Rezumat Ministrul Ocup\u0103rii For\u021bei de Munc\u0103 din Danemarca, Peter Hummelgaard, a s\u0103rb\u0103torit cre\u0219terea ocup\u0103rii for\u021bei de munc\u0103 \u00een \u021bar\u0103, afirm\u00e2nd c\u0103 politica de criz\u0103 a func\u021bionat bine. Cu toate acestea, un editorial subliniaz\u0103 c\u0103 aceast\u0103 cre\u0219tere\u2026","rel":"","context":"\u00cen \u201eNavigarea \u00een Danemarca\u201d","block_context":{"text":"Navigarea \u00een Danemarca","link":"https:\/\/lwid.dk\/ro\/category\/navigarea-in-danemarca\/"},"img":{"alt_text":"","src":"https:\/\/i0.wp.com\/lwid.dk\/wp-content\/uploads\/2023\/10\/23-1.png?resize=350%2C200&ssl=1","width":350,"height":200,"srcset":"https:\/\/i0.wp.com\/lwid.dk\/wp-content\/uploads\/2023\/10\/23-1.png?resize=350%2C200&ssl=1 1x, https:\/\/i0.wp.com\/lwid.dk\/wp-content\/uploads\/2023\/10\/23-1.png?resize=525%2C300&ssl=1 1.5x"},"classes":[]},{"id":2992,"url":"https:\/\/lwid.dk\/ro\/romanul-viorel-locuieste-si-lucreaza-in-danemarca-dar-primeste-un-salariu-mai-mic-decat-colegii-sai-danezi-rumaenske-viorel-bor-og-arbejder-i-danmark-men-far-lavere-lon-end-sine-danske-kollegaer\/","url_meta":{"origin":3208,"position":3},"title":"Rom\u00e2nul Viorel locuie\u0219te \u0219i lucreaz\u0103 \u00een Danemarca &#8211; dar prime\u0219te un salariu mai mic dec\u00e2t colegii s\u0103i danezi \/ Rum\u00e6nske Viorel bor og arbejder i Danmark &#8211; men f\u00e5r lavere l\u00f8n end sine danske kollegaer","author":"Sorina Floroiu","date":"3 februarie 2020","format":false,"excerpt":"Articol publicat in DR.dk la data de 3 februarie 2020 Traducere: Rom\u00e2nul Viorel locuie\u0219te \u0219i lucreaz\u0103 \u00een Danemarca - dar prime\u0219te un salariu mai mic dec\u00e2t colegii s\u0103i danezi Salariul minim este un punct crucial de disput\u0103 \u00een negocierile contractuale. Viorel Oprea este originar din Rom\u00e2nia \u0219i locuie\u0219te \u00eempreun\u0103 cu\u2026","rel":"","context":"\u00cen \u201eNavigarea \u00een Danemarca\u201d","block_context":{"text":"Navigarea \u00een Danemarca","link":"https:\/\/lwid.dk\/ro\/category\/navigarea-in-danemarca\/"},"img":{"alt_text":"","src":"https:\/\/i0.wp.com\/lwid.dk\/wp-content\/uploads\/2023\/11\/4.-Rumaenske-Viorel.jpg?resize=350%2C200&ssl=1","width":350,"height":200,"srcset":"https:\/\/i0.wp.com\/lwid.dk\/wp-content\/uploads\/2023\/11\/4.-Rumaenske-Viorel.jpg?resize=350%2C200&ssl=1 1x, https:\/\/i0.wp.com\/lwid.dk\/wp-content\/uploads\/2023\/11\/4.-Rumaenske-Viorel.jpg?resize=525%2C300&ssl=1 1.5x, https:\/\/i0.wp.com\/lwid.dk\/wp-content\/uploads\/2023\/11\/4.-Rumaenske-Viorel.jpg?resize=700%2C400&ssl=1 2x, https:\/\/i0.wp.com\/lwid.dk\/wp-content\/uploads\/2023\/11\/4.-Rumaenske-Viorel.jpg?resize=1050%2C600&ssl=1 3x, https:\/\/i0.wp.com\/lwid.dk\/wp-content\/uploads\/2023\/11\/4.-Rumaenske-Viorel.jpg?resize=1400%2C800&ssl=1 4x"},"classes":[]},{"id":3248,"url":"https:\/\/lwid.dk\/ro\/industria-striga-dupa-tehnicieni-in-industrie\/","url_meta":{"origin":3208,"position":4},"title":"Industria strig\u0103 dup\u0103 tehnicieni \u00een industrie","author":"Sorina Floroiu","date":"5 februarie 2021","format":false,"excerpt":"Articol publicat in Og Maskinindustrien Sektion 1 Side 7 Eskil Mann S\u00f8rensen la data de 5 februarie 2021 Rezumat: Companiile din Danemarca se confrunt\u0103 cu dificult\u0103\u021bi \u00een g\u0103sirea de tehnicieni, cu o criz\u0103 accentuat\u0103 \u00een Vestjylland. KP Components \u00eencearc\u0103 s\u0103 rezolve aceast\u0103 problem\u0103 prin angajarea de tehnicieni rom\u00e2ni. Din zece\u2026","rel":"","context":"\u00cen \u201eNavigarea \u00een Danemarca\u201d","block_context":{"text":"Navigarea \u00een Danemarca","link":"https:\/\/lwid.dk\/ro\/category\/navigarea-in-danemarca\/"},"img":{"alt_text":"","src":"https:\/\/i0.wp.com\/lwid.dk\/wp-content\/uploads\/2023\/10\/1.-Industria-striga-dupa-tehnicieni-industriali.png?resize=350%2C200&ssl=1","width":350,"height":200,"srcset":"https:\/\/i0.wp.com\/lwid.dk\/wp-content\/uploads\/2023\/10\/1.-Industria-striga-dupa-tehnicieni-industriali.png?resize=350%2C200&ssl=1 1x, https:\/\/i0.wp.com\/lwid.dk\/wp-content\/uploads\/2023\/10\/1.-Industria-striga-dupa-tehnicieni-industriali.png?resize=525%2C300&ssl=1 1.5x"},"classes":[]},{"id":5394,"url":"https:\/\/lwid.dk\/ro\/magazinul-second-hand-al-crucii-rosii-a-ajutat-o-pe-mihaela-sa-avanseze-catre-un-loc-de-munca-stabil\/","url_meta":{"origin":3208,"position":5},"title":"Magazinul second-hand al Crucii Ro\u0219ii a ajutat-o pe Mihaela s\u0103 avanseze c\u0103tre un loc de munc\u0103 stabil","author":"Sorina Floroiu","date":"26 octombrie 2022","format":false,"excerpt":"Articol publicat in Ugeavisen Grindsted la data de 26 octombrie 2022.\u00a0 Rezumat: Mihaela Dospinesco, \u00een v\u00e2rst\u0103 de 31 de ani, din Rom\u00e2nia, a venit \u00een stagiu practic la magazinul second-hand al Crucii Ro\u0219ii din Vestergade, Grindsted, c\u00e2nd a r\u0103mas \u0219omer\u0103. Voluntarii au ajutat-o cu limba, iar acum a ob\u021binut un\u2026","rel":"","context":"\u00cen \u201eNavigarea \u00een Danemarca\u201d","block_context":{"text":"Navigarea \u00een Danemarca","link":"https:\/\/lwid.dk\/ro\/category\/navigarea-in-danemarca\/"},"img":{"alt_text":"","src":"https:\/\/i0.wp.com\/lwid.dk\/wp-content\/uploads\/2023\/11\/20.-Mihaela-.png?resize=350%2C200&ssl=1","width":350,"height":200,"srcset":"https:\/\/i0.wp.com\/lwid.dk\/wp-content\/uploads\/2023\/11\/20.-Mihaela-.png?resize=350%2C200&ssl=1 1x, https:\/\/i0.wp.com\/lwid.dk\/wp-content\/uploads\/2023\/11\/20.-Mihaela-.png?resize=525%2C300&ssl=1 1.5x"},"classes":[]}],"jetpack_featured_media_url":"https:\/\/lwid.dk\/wp-content\/uploads\/2023\/10\/28.-byggefirma-misbrugte-David.png","_links":{"self":[{"href":"https:\/\/lwid.dk\/ro\/wp-json\/wp\/v2\/posts\/3208","targetHints":{"allow":["GET"]}}],"collection":[{"href":"https:\/\/lwid.dk\/ro\/wp-json\/wp\/v2\/posts"}],"about":[{"href":"https:\/\/lwid.dk\/ro\/wp-json\/wp\/v2\/types\/post"}],"author":[{"embeddable":true,"href":"https:\/\/lwid.dk\/ro\/wp-json\/wp\/v2\/users\/11"}],"replies":[{"embeddable":true,"href":"https:\/\/lwid.dk\/ro\/wp-json\/wp\/v2\/comments?post=3208"}],"version-history":[{"count":3,"href":"https:\/\/lwid.dk\/ro\/wp-json\/wp\/v2\/posts\/3208\/revisions"}],"predecessor-version":[{"id":28766,"href":"https:\/\/lwid.dk\/ro\/wp-json\/wp\/v2\/posts\/3208\/revisions\/28766"}],"wp:featuredmedia":[{"embeddable":true,"href":"https:\/\/lwid.dk\/ro\/wp-json\/wp\/v2\/media\/3209"}],"wp:attachment":[{"href":"https:\/\/lwid.dk\/ro\/wp-json\/wp\/v2\/media?parent=3208"}],"wp:term":[{"taxonomy":"category","embeddable":true,"href":"https:\/\/lwid.dk\/ro\/wp-json\/wp\/v2\/categories?post=3208"},{"taxonomy":"post_tag","embeddable":true,"href":"https:\/\/lwid.dk\/ro\/wp-json\/wp\/v2\/tags?post=3208"}],"curies":[{"name":"wp","href":"https:\/\/api.w.org\/{rel}","templated":true}]}}