{"id":3215,"date":"2020-11-24T10:27:00","date_gmt":"2020-11-24T09:27:00","guid":{"rendered":"https:\/\/lwid.dk\/?p=3215"},"modified":"2026-09-01T18:39:32","modified_gmt":"2026-09-01T17:39:32","slug":"soren-este-gata-sa-ofere-ajutor-de-craciun-familiilor-sarace-din-romania-soren-er-klar-med-julehjaelp-til-fattige-familier-i-rumaenien","status":"publish","type":"post","link":"https:\/\/lwid.dk\/ro\/soren-este-gata-sa-ofere-ajutor-de-craciun-familiilor-sarace-din-romania-soren-er-klar-med-julehjaelp-til-fattige-familier-i-rumaenien\/","title":{"rendered":"S\u00f8ren este gata s\u0103 ofere ajutor de Cr\u0103ciun familiilor s\u0103race din Rom\u00e2nia \/ S\u00f8ren er klar med julehj\u00e6lp til fattige familier i Rum\u00e6nien"},"content":{"rendered":"\r\n<p class=\"wp-block-paragraph\">Articol publicat in Ugeavisen Vejle la data de 24 noiembrie 2020.\u00a0<\/p>\r\n\r\n\r\n\r\n<figure class=\"wp-block-image size-full\"><img loading=\"lazy\" decoding=\"async\" width=\"557\" height=\"376\" class=\"wp-image-3216\" src=\"https:\/\/lwid.dk\/wp-content\/uploads\/2023\/10\/29.-Soren.png\" alt=\"\" srcset=\"https:\/\/lwid.dk\/wp-content\/uploads\/2023\/10\/29.-Soren.png 557w, https:\/\/lwid.dk\/wp-content\/uploads\/2023\/10\/29.-Soren-300x203.png 300w, https:\/\/lwid.dk\/wp-content\/uploads\/2023\/10\/29.-Soren-150x101.png 150w\" sizes=\"auto, (max-width: 557px) 100vw, 557px\" \/><\/figure>\r\n\r\n\r\n\r\n<p class=\"wp-block-paragraph\">Subiectul articolului:<\/p>\r\n\r\n\r\n\r\n<p class=\"wp-block-paragraph\">Organiza\u021bia AKO, Activi Kristnes Omsorgsarbejde, a trimis primele dou\u0103 camioane cu ajutoare c\u0103tre familiile s\u0103race din nord-estul Rom\u00e2niei, inclusiv haine de iarn\u0103 \u0219i cadouri de Cr\u0103ciun. De asemenea, planific\u0103 s\u0103 trimit\u0103 \u00eenc\u0103 trei camioane \u00een zon\u0103. AKO lucreaz\u0103 \u00een mod constant pentru a oferi asisten\u021b\u0103 \u0219i dezvoltare familiilor defavorizate din Rom\u00e2nia. S\u00f8ren Viftrup, pre\u0219edintele organiza\u021biei, subliniaz\u0103 importan\u021ba bucuriei v\u0103zute \u00een ochii copiilor care vor primi pantofi \u0219i \u00eenc\u0103l\u021b\u0103minte nou\u0103 de Cr\u0103ciun. AKO prime\u0219te sprijin de la peste 200 de tricotaje realizate manual \u0219i \u00eencurajeaz\u0103 dona\u021biile de haine \u0219i cadouri \u00een timpul t\u00e2rgului de Cr\u0103ciun organizat \u00een magazinul second-hand din Ny N\u00f8rup.<\/p>\r\n\r\n\r\n\r\n<p class=\"wp-block-paragraph\">Articol tradus:\u00a0<\/p>\r\n\r\n\r\n\r\n<p class=\"wp-block-paragraph\">AKO, lucr\u0103tori cre\u0219tini activi \u00een domeniul asisten\u021bei sociale, a trimis primele dou\u0103 camioane \u0219i are \u00een plan s\u0103 trimit\u0103 \u00eenc\u0103 trei camioane c\u0103tre col\u021bul nord-estic al Rom\u00e2niei cu haine calde \u0219i cadouri de Cr\u0103ciun.<\/p>\r\n\r\n\r\n\r\n<p class=\"wp-block-paragraph\">VEJLE: \u00cen ciuda pandemiei de COVID-19, ajutorul de Cr\u0103ciun pentru familiile s\u0103race din Rom\u00e2nia nu a fost redus.<\/p>\r\n\r\n\r\n\r\n<p class=\"wp-block-paragraph\">Dimpotriv\u0103. \u0218i conform lui S\u00f8ren Viftrup, pre\u0219edintele lucr\u0103torilor cre\u0219tini activi \u00een domeniul asisten\u021bei sociale de pe Vardevej din Vejle, primele dou\u0103 camioane au plecat din Danemarca cu destina\u021bia Rom\u00e2nia.<\/p>\r\n\r\n\r\n\r\n<p class=\"wp-block-paragraph\">Trei camioane suplimentare vor pleca, astfel \u00eenc\u00e2t s\u0103 poat\u0103 ajunge \u00een col\u021bul nord-estic al Rom\u00e2niei \u00eenainte de Cr\u0103ciun.<\/p>\r\n\r\n\r\n\r\n<p class=\"wp-block-paragraph\">&#8222;Plec\u0103m cu mobilier, haine, \u00eenc\u0103l\u021b\u0103minte \u0219i cadouri de Cr\u0103ciun.&#8221;<\/p>\r\n\r\n\r\n\r\n<p class=\"wp-block-paragraph\">Copiii care merg \u00een jurul cu \u0219erve\u021bele \u0219i saci de plastic pe picioare vor putea s\u0103 \u00eent\u00e2mpine Cr\u0103ciunul cu pantofi \u0219i cizme noi, asta face munca voluntar\u0103 special\u0103, de a vedea bucuria din ochii lor, explic\u0103 S\u00f8ren Viftrup.<\/p>\r\n\r\n\r\n\r\n<p class=\"wp-block-paragraph\">El a fost implicat \u00een organizarea transporturilor timp de 22 de ani \u0219i a vizitat personal peste 100 de sate de-a lungul anilor.<\/p>\r\n\r\n\r\n\r\n<p class=\"wp-block-paragraph\">Filialele locale AKO lucreaz\u0103 pe tot parcursul anului pentru a oferi ajutor de urgen\u021b\u0103 \u0219i dezvoltare pentru numeroasele familii s\u0103race cu copii.<\/p>\r\n\r\n\r\n\r\n<p class=\"wp-block-paragraph\">&#8222;Anul acesta, ne a\u0219tept\u0103m s\u0103 putem distribui co\u0219uri cu alimente pentru sute de familii \u0219i cadouri de Cr\u0103ciun pentru mii de copii&#8221;, spune S\u00f8ren Viftrup.<\/p>\r\n\r\n\r\n\r\n<p class=\"wp-block-paragraph\">El men\u021bioneaz\u0103 c\u0103 transporturile includ, de asemenea, \u00eembr\u0103c\u0103minte de iarn\u0103, pulovere tricotate manual \u0219i c\u0103ciuli, m\u0103nu\u0219i \u0219i \u0219osete pentru rom\u00e2ni.<\/p>\r\n\r\n\r\n\r\n<p class=\"wp-block-paragraph\">&#8222;Peste 200 de doamne tricoteaz\u0103 \u00een fiecare an \u00eentr-un mod remarcabil. \u0218i oamenii au \u00een\u021beles c\u0103 suntem dispu\u0219i s\u0103 primim haine, \u00eenc\u0103l\u021b\u0103minte \u0219i cadouri de Cr\u0103ciun aici pe Vardevej&#8221;, spune pre\u0219edintele, \u00eencuraj\u00e2ndu-i s\u0103 viziteze t\u00e2rgul de Cr\u0103ciun al asocia\u021biei \u00een magazinul second-hand din Ny N\u00f8rup.<\/p>\r\n\r\n\r\n\r\n<p class=\"wp-block-paragraph\">FACTS: SPRIJINI\u021aI CU UN CADOU DE CR\u0102CIUN<\/p>\r\n\r\n\r\n\r\n<p class=\"wp-block-paragraph\">Dac\u0103 dori\u021bi s\u0103 sprijini\u021bi Aktive Kristnes Omsorgsarbejde cu un cadou de Cr\u0103ciun sau cu haine uzate, pute\u021bi contacta AKO la telefon 23952386 sau 30429951.<\/p>\r\n\r\n\r\n\r\n<p class=\"wp-block-paragraph\">Exist\u0103, de asemenea, posibilitatea de a dona o sum\u0103 de bani. Pute\u021bi face acest lucru pe site-ul web<a href=\"http:\/\/www.ako.dk\/\"> www.ako.dk<\/a>. Vizita\u021bi \u0219i t\u00e2rgul de Cr\u0103ciun la AKO Genbrug din Ny N\u00f8rup. T\u00e2rgul de Cr\u0103ciun va avea loc s\u00e2mb\u0103t\u0103, 28 noiembrie, \u00eentre orele 10 \u0219i 14.<\/p>\r\n\r\n\r\n\r\n<p class=\"wp-block-paragraph\">S\u00f8ren Viftrup, pre\u0219edintele Aktive Kristnes Omsorgsarbejde, a contribuit timp de peste dou\u0103 decenii la str\u00e2ngerea de fonduri pentru familiile s\u0103race din col\u021bul nord-estic al Rom\u00e2niei. Foto: Flemming Larsen S\u00f8ren Viftrup a fost implicat \u00een organizarea transporturilor timp de 22 de ani \u0219i a vizitat personal peste 100 de sate de-a lungul anilor. Foto privat<\/p>\r\n","protected":false},"excerpt":{"rendered":"<p>Articol publicat in Ugeavisen Vejle la data de 24 noiembrie 2020.\u00a0 Subiectul articolului: Organiza\u021bia AKO, Activi Kristnes Omsorgsarbejde, a trimis primele dou\u0103 camioane cu ajutoare c\u0103tre familiile s\u0103race din nord-estul Rom\u00e2niei, inclusiv haine de iarn\u0103 \u0219i cadouri de Cr\u0103ciun. De asemenea, planific\u0103 s\u0103 trimit\u0103 \u00eenc\u0103 trei camioane \u00een zon\u0103. AKO lucreaz\u0103 \u00een mod constant pentru [&hellip;]<\/p>\n","protected":false},"author":11,"featured_media":3216,"comment_status":"open","ping_status":"closed","sticky":false,"template":"","format":"standard","meta":{"_acf_changed":false,"_themeisle_gutenberg_block_has_review":false,"_jetpack_newsletter_access":"","_jetpack_dont_email_post_to_subs":false,"_jetpack_newsletter_tier_id":0,"_jetpack_memberships_contains_paywalled_content":false,"_jetpack_feature_clip_id":0,"_jetpack_memberships_contains_paid_content":false,"footnotes":"","jetpack_post_was_ever_published":false,"_members_access_role":[],"_members_access_error":""},"categories":[878,142],"tags":[1001,1005],"class_list":["post-3215","post","type-post","status-publish","format-standard","has-post-thumbnail","category-navigarea-in-danemarca","category-povesti-nespuse","tag-diversitate-si-incluziune","tag-implicare"],"acf":[],"jetpack_sharing_enabled":true,"jetpack-related-posts":[{"id":4144,"url":"https:\/\/lwid.dk\/ro\/ambasadorul-a-fost-vigilent-la-poarta-gradinii-din-bucuresti\/","url_meta":{"origin":3215,"position":0},"title":"Ambasadorul a fost \u201evigilent la poarta gr\u0103dinii\u201d din Bucure\u0219ti","author":"Sorina Floroiu","date":"8 iulie 2021","format":false,"excerpt":"Articol publicat in Kristeligt Dagblad Sektion 1 Side 5, la data de 8 iulie 2021 Rezumat Danemarca a cump\u0103rat cu succes 1,17 milioane de doze de vaccin Pfizer-BioNTech din Rom\u00e2nia, ini\u021biativa \u00eencep\u00e2nd cu o \u00eent\u00e2lnire neplanificat\u0103 \u00een iunie. Ambasadorul Danemarcei \u00een Rom\u00e2nia, S\u00f8ren Jensen, a remarcat o sc\u0103dere a num\u0103rului\u2026","rel":"","context":"\u00cen \u201eNavigarea \u00een Danemarca\u201d","block_context":{"text":"Navigarea \u00een Danemarca","link":"https:\/\/lwid.dk\/ro\/category\/navigarea-in-danemarca\/"},"img":{"alt_text":"","src":"https:\/\/i0.wp.com\/lwid.dk\/wp-content\/uploads\/2023\/10\/20-1.png?resize=350%2C200&ssl=1","width":350,"height":200},"classes":[]},{"id":4130,"url":"https:\/\/lwid.dk\/ro\/asa-a-pus-mana-danemarca-de-117-milioane-de-vaccinuri-din-romania-a-fost-prima-tara-care-a-cerut\/","url_meta":{"origin":3215,"position":1},"title":"A\u0219a a pus m\u00e2na Danemarca pe 1,17 milioane de vaccinuri din Rom\u00e2nia: \u201eA fost prima \u021bar\u0103 care a cerut\u201d","author":"Sorina Floroiu","date":"30 iunie 2021","format":false,"excerpt":"Articol publicat \u00een DR.dk Jakob Busk Olsen Cecilie Kallestrup, la data de 30 iunie 2021 Rezumat\u00a0 Danemarca a ob\u021binut cu succes un acord pentru achizi\u021bionarea a 1,17 milioane de doze de vaccin Pfizer\/BioNTech din Rom\u00e2nia. \u00cenceputul negocierilor a avut loc \u00een iunie, c\u00e2nd ministrul S\u0103n\u0103t\u0103\u021bii din Rom\u00e2nia, Ioana Mih\u0103il\u0103, a\u2026","rel":"","context":"\u00cen \u201eNavigarea \u00een Danemarca\u201d","block_context":{"text":"Navigarea \u00een Danemarca","link":"https:\/\/lwid.dk\/ro\/category\/navigarea-in-danemarca\/"},"img":{"alt_text":"","src":"https:\/\/i0.wp.com\/lwid.dk\/wp-content\/uploads\/2023\/10\/18.-Ro-saelger-vacciner-til-DK.png?resize=350%2C200&ssl=1","width":350,"height":200,"srcset":"https:\/\/i0.wp.com\/lwid.dk\/wp-content\/uploads\/2023\/10\/18.-Ro-saelger-vacciner-til-DK.png?resize=350%2C200&ssl=1 1x, https:\/\/i0.wp.com\/lwid.dk\/wp-content\/uploads\/2023\/10\/18.-Ro-saelger-vacciner-til-DK.png?resize=525%2C300&ssl=1 1.5x, https:\/\/i0.wp.com\/lwid.dk\/wp-content\/uploads\/2023\/10\/18.-Ro-saelger-vacciner-til-DK.png?resize=700%2C400&ssl=1 2x"},"classes":[]},{"id":4282,"url":"https:\/\/lwid.dk\/ro\/fiica-adolescenta-a-luat-decizia-si-si-a-adunat-familia-de-romani-la-skagen\/","url_meta":{"origin":3215,"position":2},"title":"Fiica adolescent\u0103 a luat decizia &#8211; \u0219i \u0219i-a adunat familia de rom\u00e2ni la Skagen","author":"Sorina Floroiu","date":"23 decembrie 2021","format":false,"excerpt":"Articol publicat in Politiken Sektion 1 Side 8, la data de 23 decembrie 2021 Rezumat Articolul descrie experien\u021ba familiei de rom\u00e2ni Cristian din Skagen, Danemarca, \u0219i modul \u00een care municipalitatea Frederikshavn ajut\u0103 familiile str\u0103ine s\u0103 se stabileasc\u0103 \u00een zon\u0103 pentru a acoperi lipsa de for\u021b\u0103 de munc\u0103. Articolul subliniaz\u0103 faptul\u2026","rel":"","context":"\u00cen \u201eNavigarea \u00een Danemarca\u201d","block_context":{"text":"Navigarea \u00een Danemarca","link":"https:\/\/lwid.dk\/ro\/category\/navigarea-in-danemarca\/"},"img":{"alt_text":"","src":"https:\/\/i0.wp.com\/lwid.dk\/wp-content\/uploads\/2023\/10\/44.png?resize=350%2C200&ssl=1","width":350,"height":200},"classes":[]},{"id":3229,"url":"https:\/\/lwid.dk\/ro\/modet-med-rumaeniens-umenneskelighed-aendrede-mit-liv-intalnirea-cu-cruzimea-din-romania-mi-a-schimbat-viata\/","url_meta":{"origin":3215,"position":3},"title":"\u00a0M\u00f8det med Rum\u00e6niens umenneskelighed \u00e6ndrede mit liv \/ \u00cent\u00e2lnirea cu cruzimea din Rom\u00e2nia mi-a schimbat via\u021ba","author":"Sorina Floroiu","date":"20 noiembrie 2020","format":false,"excerpt":"Articol publicat i Kristeligt Dagblad la data de 20 noiembrie 2020 Subiectul articolului:\u00a0 Psihiatru pediatric, Bente Rich, a fost una dintre primele daneze care au v\u0103zut condi\u021biile dificile \u00een care tr\u0103iau copiii \u0219i adul\u021bii neglija\u021bi din institu\u021biile din Rom\u00e2nia sub regimul lui Ceau\u0219escu. Experien\u021ba ei a determinat-o s\u0103 se dedice\u2026","rel":"","context":"\u00cen \u201eNavigarea \u00een Danemarca\u201d","block_context":{"text":"Navigarea \u00een Danemarca","link":"https:\/\/lwid.dk\/ro\/category\/navigarea-in-danemarca\/"},"img":{"alt_text":"","src":"https:\/\/i0.wp.com\/lwid.dk\/wp-content\/uploads\/2023\/10\/31.-.png?resize=350%2C200&ssl=1","width":350,"height":200},"classes":[]},{"id":3070,"url":"https:\/\/lwid.dk\/ro\/catalin-intentioneaza-sa-si-cumpere-o-casa-si-sa-ramana-la-fabrica-de-prelucrare-a-lemnului-catalin-vil-kobe-hus-og-blive-pa-spanfabrikken\/","url_meta":{"origin":3215,"position":4},"title":"C\u0103t\u0103lin inten\u021bioneaz\u0103 s\u0103-\u0219i cumpere o cas\u0103 \u0219i s\u0103 r\u0103m\u00e2n\u0103 la fabrica de prelucrare a lemnului \/ C\u0103t\u0103lin vil k\u00f8be hus og blive p\u00e5 sp\u00e5nfabrikken","author":"Sorina Floroiu","date":"11 februarie 2020","format":false,"excerpt":"Articol publicat in Industri & Teknik la data de 11 februarie 2020 Subiectul articolului:\u00a0 C\u0103t\u0103lin Mih\u0103i\u021b\u0103 Sp\u0103taru, \u00een v\u00e2rst\u0103 de 30 de ani, este un operator rom\u00e2n pasionat de munca sa la Silkeborg Sp\u00e5ntagning \u0219i \u00ee\u0219i dore\u0219te s\u0103-\u0219i cumpere o cas\u0103 \u00een afara ora\u0219ului Silkeborg. Desi nu are o preg\u0103tire\u2026","rel":"","context":"\u00cen \u201eNavigarea \u00een Danemarca\u201d","block_context":{"text":"Navigarea \u00een Danemarca","link":"https:\/\/lwid.dk\/ro\/category\/navigarea-in-danemarca\/"},"img":{"alt_text":"","src":"https:\/\/i0.wp.com\/lwid.dk\/wp-content\/uploads\/2023\/10\/9.-Catalin-1.png?resize=350%2C200&ssl=1","width":350,"height":200,"srcset":"https:\/\/i0.wp.com\/lwid.dk\/wp-content\/uploads\/2023\/10\/9.-Catalin-1.png?resize=350%2C200&ssl=1 1x, https:\/\/i0.wp.com\/lwid.dk\/wp-content\/uploads\/2023\/10\/9.-Catalin-1.png?resize=525%2C300&ssl=1 1.5x, https:\/\/i0.wp.com\/lwid.dk\/wp-content\/uploads\/2023\/10\/9.-Catalin-1.png?resize=700%2C400&ssl=1 2x"},"classes":[]},{"id":5301,"url":"https:\/\/lwid.dk\/ro\/gabriel-a-transformat-garajul-sau-intr-un-centru-de-ajutor-de-urgenta-oamenii-vin-cu-lucruri-pe-care-le-au-adunat-din-tot-aarhus-ul\/","url_meta":{"origin":3215,"position":5},"title":"Gabriel a transformat garajul s\u0103u \u00eentr-un centru de ajutor de urgen\u021b\u0103: &#8211; Oamenii vin cu lucruri pe care le-au adunat din tot Aarhus-ul","author":"Sorina Floroiu","date":"28 februarie 2022","format":false,"excerpt":"Articol publicat in Stiften.dk la data de 28 februarie 2022.\u00a0 Rezumat:\u00a0 Gabriel Denisov, originar din Rom\u00e2nia, a lansat o campanie pe Facebook \u0219i a reu\u0219it s\u0103 umple garajul s\u0103u cu haine \u0219i juc\u0103rii pentru refugia\u021bii ucraineni. Se preg\u0103te\u0219te s\u0103 trimit\u0103 prima tran\u0219\u0103 de ajutor la grani\u021ba ucrainean\u0103 \u00een aceast\u0103 vineri.\u2026","rel":"","context":"\u00cen \u201eNavigarea \u00een Danemarca\u201d","block_context":{"text":"Navigarea \u00een Danemarca","link":"https:\/\/lwid.dk\/ro\/category\/navigarea-in-danemarca\/"},"img":{"alt_text":"","src":"https:\/\/i0.wp.com\/lwid.dk\/wp-content\/uploads\/2023\/11\/7.-GABRIEL.png?resize=350%2C200&ssl=1","width":350,"height":200,"srcset":"https:\/\/i0.wp.com\/lwid.dk\/wp-content\/uploads\/2023\/11\/7.-GABRIEL.png?resize=350%2C200&ssl=1 1x, https:\/\/i0.wp.com\/lwid.dk\/wp-content\/uploads\/2023\/11\/7.-GABRIEL.png?resize=525%2C300&ssl=1 1.5x, https:\/\/i0.wp.com\/lwid.dk\/wp-content\/uploads\/2023\/11\/7.-GABRIEL.png?resize=700%2C400&ssl=1 2x"},"classes":[]}],"jetpack_featured_media_url":"https:\/\/lwid.dk\/wp-content\/uploads\/2023\/10\/29.-Soren.png","_links":{"self":[{"href":"https:\/\/lwid.dk\/ro\/wp-json\/wp\/v2\/posts\/3215","targetHints":{"allow":["GET"]}}],"collection":[{"href":"https:\/\/lwid.dk\/ro\/wp-json\/wp\/v2\/posts"}],"about":[{"href":"https:\/\/lwid.dk\/ro\/wp-json\/wp\/v2\/types\/post"}],"author":[{"embeddable":true,"href":"https:\/\/lwid.dk\/ro\/wp-json\/wp\/v2\/users\/11"}],"replies":[{"embeddable":true,"href":"https:\/\/lwid.dk\/ro\/wp-json\/wp\/v2\/comments?post=3215"}],"version-history":[{"count":3,"href":"https:\/\/lwid.dk\/ro\/wp-json\/wp\/v2\/posts\/3215\/revisions"}],"predecessor-version":[{"id":28763,"href":"https:\/\/lwid.dk\/ro\/wp-json\/wp\/v2\/posts\/3215\/revisions\/28763"}],"wp:featuredmedia":[{"embeddable":true,"href":"https:\/\/lwid.dk\/ro\/wp-json\/wp\/v2\/media\/3216"}],"wp:attachment":[{"href":"https:\/\/lwid.dk\/ro\/wp-json\/wp\/v2\/media?parent=3215"}],"wp:term":[{"taxonomy":"category","embeddable":true,"href":"https:\/\/lwid.dk\/ro\/wp-json\/wp\/v2\/categories?post=3215"},{"taxonomy":"post_tag","embeddable":true,"href":"https:\/\/lwid.dk\/ro\/wp-json\/wp\/v2\/tags?post=3215"}],"curies":[{"name":"wp","href":"https:\/\/api.w.org\/{rel}","templated":true}]}}