{"id":3236,"date":"2020-12-23T10:38:00","date_gmt":"2020-12-23T09:38:00","guid":{"rendered":"https:\/\/lwid.dk\/?p=3236"},"modified":"2026-09-01T18:39:21","modified_gmt":"2026-09-01T17:39:21","slug":"kommunal-accept-af-internationalt-projekt","status":"publish","type":"post","link":"https:\/\/lwid.dk\/ro\/kommunal-accept-af-internationalt-projekt\/","title":{"rendered":"Kommunal accept af internationalt projekt"},"content":{"rendered":"\r\n<p class=\"wp-block-paragraph\">Articol publicat in Aars Avis la data de 23 decembrie 2020<\/p>\r\n\r\n\r\n\r\n<figure class=\"wp-block-image size-full\"><img loading=\"lazy\" decoding=\"async\" width=\"528\" height=\"735\" class=\"wp-image-3242\" src=\"https:\/\/lwid.dk\/wp-content\/uploads\/2023\/10\/32.-Internationalt-projekt-1.png\" alt=\"\" srcset=\"https:\/\/lwid.dk\/wp-content\/uploads\/2023\/10\/32.-Internationalt-projekt-1.png 528w, https:\/\/lwid.dk\/wp-content\/uploads\/2023\/10\/32.-Internationalt-projekt-1-216x300.png 216w, https:\/\/lwid.dk\/wp-content\/uploads\/2023\/10\/32.-Internationalt-projekt-1-150x209.png 150w, https:\/\/lwid.dk\/wp-content\/uploads\/2023\/10\/32.-Internationalt-projekt-1-300x418.png 300w\" sizes=\"auto, (max-width: 528px) 100vw, 528px\" \/><\/figure>\r\n\r\n\r\n\r\n<p class=\"wp-block-paragraph\">Subiectul articolului:<\/p>\r\n\r\n\r\n\r\n<p class=\"wp-block-paragraph\">Politicienii din Vesthimmerland, Danemarca, doresc s\u0103 atrag\u0103 \u0219i s\u0103 integreze mai bine comunitatea rom\u00e2neasc\u0103 \u00een via\u021ba local\u0103. Proiectul &#8222;\u00cent\u00e2lnirea cu interna\u021bionalii&#8221; prime\u0219te sus\u021binere financiar\u0103 pentru a se desf\u0103\u0219ura timp de 18 luni. Obiectivul acestuia este de a consolida comunit\u0103\u021bile locale \u0219i de a spori implicarea rom\u00e2nilor \u00een afaceri \u0219i activit\u0103\u021bi sociale \u0219i culturale. Exist\u0103 deja exemple pozitive de integrare a rom\u00e2nilor \u00een comunit\u0103\u021bi, dar este necesar\u0103 o abordare mai concret\u0103 \u0219i o planificare adaptat\u0103 la fiecare zon\u0103 \u00een parte. Prin acest proiect, se dore\u0219te crearea unor ini\u021biative \u0219i leg\u0103turi comune care s\u0103 sprijine \u0219i s\u0103 consolideze comunit\u0103\u021bile rom\u00e2ne\u0219ti din Danemarca.<\/p>\r\n\r\n\r\n\r\n<p class=\"wp-block-paragraph\">Articol tradus:\u00a0<\/p>\r\n\r\n\r\n\r\n<p class=\"wp-block-paragraph\">&#8222;\u00cent\u00e2lnirea cu interna\u021bionalii&#8221; poate \u00eencepe \u00een 2021.<\/p>\r\n\r\n\r\n\r\n<p class=\"wp-block-paragraph\">VESTHIMMERLAND: Politicienii locali din Vesthimmerland sunt foarte interesa\u021bi de stabilirea \u0219i integrarea str\u0103inilor. Acest lucru s-a eviden\u021biat atunci c\u00e2nd consiliul municipal a trebuit s\u0103 decid\u0103 asupra unei aloc\u0103ri suplimentare \u0219i cheltuieli de 350.000 de coroane pentru proiectul &#8222;\u00cent\u00e2lnirea cu interna\u021bionalii&#8221;.<\/p>\r\n\r\n\r\n\r\n<p class=\"wp-block-paragraph\">&#8222;Poate deveni un proiect bun&#8221;, a spus Kirsten Moesgaard de la Vesthimmerlandslisten.<\/p>\r\n\r\n\r\n\r\n<p class=\"wp-block-paragraph\">&#8222;Avem mul\u021bi str\u0103ini care locuiesc aici.&#8221;, a ad\u0103ugat ea.<\/p>\r\n\r\n\r\n\r\n<p class=\"wp-block-paragraph\">Niels Heeb\u00f8ll (SF) a subliniat, \u00een felul s\u0103u, c\u0103 nu era complet mul\u021bumit de propunere.<\/p>\r\n\r\n\r\n\r\n<p class=\"wp-block-paragraph\">&#8222;Mi-e team\u0103 c\u0103 va fi un proiect \u00een care se vor pune multe bilete colorate pe un panou de anun\u021buri, f\u0103r\u0103 a se avansa mai departe.<\/p>\r\n\r\n\r\n\r\n<p class=\"wp-block-paragraph\">De ce s-a propus s\u0103 se fac\u0103 mai \u00eent\u00e2i ateliere \u0219i un catalog de idei, c\u00e2nd s-a decis deja c\u0103, \u00een punctul patru, totul va culmina cu un eveniment cultural, \u00een care comunitatea local\u0103, danez\u0103 \u0219i str\u0103in\u0103, s\u0103 se \u00eent\u00e2lneasc\u0103. De ce nu putem \u00eencepe direct cu punctul patru?&#8221;, a \u00eentrebat Niels Heeb\u00f8ll.<\/p>\r\n\r\n\r\n\r\n<p class=\"wp-block-paragraph\">Consolidarea la nivel local<\/p>\r\n\r\n\r\n\r\n<p class=\"wp-block-paragraph\">Proiectul are ca scop consolidarea comunit\u0103\u021bilor locale \u0219i a afacerilor locale prin accentuarea reten\u021biei \u0219i atragerii for\u021bei de munc\u0103 interna\u021bionale.<\/p>\r\n\r\n\r\n\r\n<p class=\"wp-block-paragraph\">&#8222;Pot spune cu bucurie c\u0103 \u00een Vegger deja se \u00eent\u00e2mpl\u0103 ceva. Aici s-au v\u00e2ndut cinci case str\u0103inilor&#8221;, a spus Asger Andersen (S). El a fost completat de Per Bisgaard (V) \u0219i Rasmus Vetter (S), care au povestit c\u0103 \u00een Aalestrup locuiesc mul\u021bi rom\u00e2ni.<\/p>\r\n\r\n\r\n\r\n<p class=\"wp-block-paragraph\">&#8222;Vecinii mei lucreaz\u0103 local, dar nu vorbesc danez\u0103 \u0219i nu particip\u0103 la via\u021ba asocia\u021biilor. Ar trebui s\u0103 fie implica\u021bi \u00een comunitatea local\u0103&#8221;, a spus Rasmus Vetter.<\/p>\r\n\r\n\r\n\r\n<p class=\"wp-block-paragraph\">Func\u021bioneaz\u0103 mai bine<\/p>\r\n\r\n\r\n\r\n<p class=\"wp-block-paragraph\">Per Bisgaard a men\u021bionat un grup de rom\u00e2ni cu educa\u021bie academic\u0103.<\/p>\r\n\r\n\r\n\r\n<p class=\"wp-block-paragraph\">Ace\u0219tia se integreaz\u0103 mai bine \u00een comunitate.<\/p>\r\n\r\n\r\n\r\n<p class=\"wp-block-paragraph\">Dar acum sunt pe cale s\u0103 fie trimi\u0219i acas\u0103 pentru c\u0103 au lucrat \u00een cresc\u0103torii de vidre \u0219i nu mai au locuri de munc\u0103.<\/p>\r\n\r\n\r\n\r\n<p class=\"wp-block-paragraph\">&#8222;Putem face ceva \u00een aceast\u0103 privin\u021b\u0103?&#8221;, a \u00eentrebat Per Bisgaard, f\u0103r\u0103 a primi un r\u0103spuns.<\/p>\r\n\r\n\r\n\r\n<p class=\"wp-block-paragraph\">Dar asta este exact ceea ce proiectul trebuie s\u0103 abordeze.<\/p>\r\n\r\n\r\n\r\n<p class=\"wp-block-paragraph\">Proiectul &#8222;\u00cent\u00e2lnirea cu interna\u021bionalii&#8221; are ca scop consolidarea comunit\u0103\u021bilor locale \u0219i a afacerilor locale prin accentuarea reten\u021biei \u0219i atragerii for\u021bei de munc\u0103 interna\u021bionale.<\/p>\r\n\r\n\r\n\r\n<p class=\"wp-block-paragraph\">Exist\u0103 un poten\u021bial mare de dezvoltare prin g\u00e2ndirea \u00een termeni de reten\u021bie \u0219i integrare a cet\u0103\u021benilor str\u0103ini care lucreaz\u0103 \u0219i locuiesc \u00een Vesthimmerland, deoarece ace\u0219tia pot contribui la \u00eembun\u0103t\u0103\u021birea oportunit\u0103\u021bilor de cre\u0219tere a zonei locale &#8211; at\u00e2t pentru companii, c\u00e2t \u0219i \u00een ceea ce prive\u0219te \u0219colile, cluburile de timp liber \u0219i alte activit\u0103\u021bi sociale \u0219i culturale.<\/p>\r\n\r\n\r\n\r\n<p class=\"wp-block-paragraph\">Prim\u0103ria dore\u0219te s\u0103 creeze \u0219i s\u0103 ini\u021bieze noi forme de comunit\u0103\u021bi locale.<\/p>\r\n\r\n\r\n\r\n<p class=\"wp-block-paragraph\">Proiectul se bazeaz\u0103 pe angajamentul popular care exist\u0103 deja \u00een sate \u0219i se construie\u0219te, printre altele, pe proiecte existente (Go Vest \u0219i \u00cent\u00e2lnirea cu localnicii). Pentru a asigura proprietatea proiectului \u00een r\u00e2ndul grupurilor \u021bint\u0103, obiectivul este de a crea un spa\u021biu liber\/cadru \u00een care grupurile \u021bint\u0103 s\u0103-\u0219i aduc\u0103 propriile idei, experien\u021be \u0219i cuno\u0219tin\u021be \u0219i s\u0103 poat\u0103 forma \u00eempreun\u0103 un plan de dezvoltare personalizat pentru fiecare zon\u0103.<\/p>\r\n\r\n\r\n\r\n<p class=\"wp-block-paragraph\">Acest lucru va oferi un teren fertil pentru ini\u021biative \u0219i coeziune comun\u0103 care pot contribui la consolidarea micilor comunit\u0103\u021bi locale.<\/p>\r\n\r\n\r\n\r\n<p class=\"wp-block-paragraph\">Proiectul are o durat\u0103 de 18 luni \u0219i, \u00een cazul \u00een care prime\u0219te sprijin din Fondul pentru Zone Rurale, poate \u00eencepe la 1 ianuarie.<\/p>\r\n\r\n\r\n\r\n<p class=\"wp-block-paragraph\">Proiectul are un buget total de 498.802,41 coroane.<\/p>\r\n\r\n\r\n\r\n<p class=\"wp-block-paragraph\">Politicienii au trebuit s\u0103 decid\u0103 cu privire la o subven\u021bie de 350.000 de coroane din Fondul pentru Zone Rurale, ceea ce ar presupune \u0219i o finan\u021bare proprie de 129.601,42 coroane.<\/p>\r\n\r\n\r\n\r\n<p class=\"wp-block-paragraph\">Acum, &#8222;\u00cent\u00e2lnirea cu interna\u021bionalii&#8221; poate \u00eencepe, deoarece politicienii au dat und\u0103 verde proiectului.<\/p>\r\n","protected":false},"excerpt":{"rendered":"<p>Articol publicat in Aars Avis la data de 23 decembrie 2020 Subiectul articolului: Politicienii din Vesthimmerland, Danemarca, doresc s\u0103 atrag\u0103 \u0219i s\u0103 integreze mai bine comunitatea rom\u00e2neasc\u0103 \u00een via\u021ba local\u0103. Proiectul &#8222;\u00cent\u00e2lnirea cu interna\u021bionalii&#8221; prime\u0219te sus\u021binere financiar\u0103 pentru a se desf\u0103\u0219ura timp de 18 luni. Obiectivul acestuia este de a consolida comunit\u0103\u021bile locale \u0219i de [&hellip;]<\/p>\n","protected":false},"author":11,"featured_media":3242,"comment_status":"open","ping_status":"closed","sticky":false,"template":"","format":"standard","meta":{"_acf_changed":false,"_themeisle_gutenberg_block_has_review":false,"_jetpack_newsletter_access":"","_jetpack_dont_email_post_to_subs":false,"_jetpack_newsletter_tier_id":0,"_jetpack_memberships_contains_paywalled_content":false,"_jetpack_feature_clip_id":0,"_jetpack_memberships_contains_paid_content":false,"footnotes":"","jetpack_post_was_ever_published":false,"_members_access_role":[],"_members_access_error":""},"categories":[878,142],"tags":[398,1001],"class_list":["post-3236","post","type-post","status-publish","format-standard","has-post-thumbnail","category-navigarea-in-danemarca","category-povesti-nespuse","tag-afaceri","tag-diversitate-si-incluziune"],"acf":[],"jetpack_sharing_enabled":true,"jetpack-related-posts":[{"id":3300,"url":"https:\/\/lwid.dk\/ro\/in-trei-ani-firma-lui-stefan-a-avut-o-cifra-de-afaceri-de-16-milioane-dkk\/","url_meta":{"origin":3236,"position":0},"title":"\u00cen trei ani, firma lui Stefan a avut o cifr\u0103 de afaceri de 16 milioane DKK","author":"Sorina Floroiu","date":"10 aprilie 2021","format":false,"excerpt":"Articol publicat in\u00a0 B.dk Fie Dandanell, la data de 10 aprilie 2021 Rom\u00e2nul Stefan Polexe, \u00een v\u00e2rst\u0103 de 28 de ani, a fondat compania Novor\u00e9sum\u00e9 \u00een camera sa de c\u0103min \u00een 2016. Trei ani mai t\u00e2rziu, a avut o cifr\u0103 de afaceri de 16 milioane DKK. Rom\u00e2nul \u0218tefan Polexe a\u2026","rel":"","context":"\u00cen \u201eNavigarea \u00een Danemarca\u201d","block_context":{"text":"Navigarea \u00een Danemarca","link":"https:\/\/lwid.dk\/ro\/category\/navigarea-in-danemarca\/"},"img":{"alt_text":"","src":"https:\/\/i0.wp.com\/lwid.dk\/wp-content\/uploads\/2023\/10\/7.-Stefans-virksomhed-.png?resize=350%2C200&ssl=1","width":350,"height":200,"srcset":"https:\/\/i0.wp.com\/lwid.dk\/wp-content\/uploads\/2023\/10\/7.-Stefans-virksomhed-.png?resize=350%2C200&ssl=1 1x, https:\/\/i0.wp.com\/lwid.dk\/wp-content\/uploads\/2023\/10\/7.-Stefans-virksomhed-.png?resize=525%2C300&ssl=1 1.5x, https:\/\/i0.wp.com\/lwid.dk\/wp-content\/uploads\/2023\/10\/7.-Stefans-virksomhed-.png?resize=700%2C400&ssl=1 2x"},"classes":[]},{"id":11686,"url":"https:\/\/lwid.dk\/ro\/sanatatea-romanilor-din-danemarca\/","url_meta":{"origin":3236,"position":1},"title":"S\u0103n\u0103tatea rom\u00e2nilor din Danemarca","author":"Alina Racila","date":"12 februarie 2024","format":false,"excerpt":"Ideea de a scrie despre unul dintre cele mai mari grupuri minoritare din Danemarca a venit ca o dorin\u021b\u0103 de a face lumin\u0103 asupra cine este acest grup de cet\u0103\u021beni, ce activit\u0103\u021bi principale, caracteristicile sociale, etnice \u0219i tradi\u021bionale apar\u021bin cet\u0103\u021benilor \u0219i ce ar putea fi important de \u0219tiut despre s\u0103n\u0103tatea\u2026","rel":"","context":"\u00cen \u201eGhiduri practice\u201d","block_context":{"text":"Ghiduri practice","link":"https:\/\/lwid.dk\/ro\/category\/navigarea-in-danemarca\/ghiduri-practice\/"},"img":{"alt_text":"","src":"https:\/\/i0.wp.com\/lwid.dk\/wp-content\/uploads\/2023\/12\/Add-a-subtitle.jpg?resize=350%2C200&ssl=1","width":350,"height":200,"srcset":"https:\/\/i0.wp.com\/lwid.dk\/wp-content\/uploads\/2023\/12\/Add-a-subtitle.jpg?resize=350%2C200&ssl=1 1x, https:\/\/i0.wp.com\/lwid.dk\/wp-content\/uploads\/2023\/12\/Add-a-subtitle.jpg?resize=525%2C300&ssl=1 1.5x"},"classes":[]},{"id":4165,"url":"https:\/\/lwid.dk\/ro\/nu-uita-sa-le-multumesti-polonezilor-si-romanilor\/","url_meta":{"origin":3236,"position":2},"title":"Nu uita s\u0103 le mul\u021bume\u0219ti polonezilor \u0219i rom\u00e2nilor","author":"Sorina Floroiu","date":"29 iulie 2021","format":false,"excerpt":"Articol publicat in Berlingske Sektion 1 Side 2, la data de 29 iulie 2021 Rezumat Ministrul Ocup\u0103rii For\u021bei de Munc\u0103 din Danemarca, Peter Hummelgaard, a s\u0103rb\u0103torit cre\u0219terea ocup\u0103rii for\u021bei de munc\u0103 \u00een \u021bar\u0103, afirm\u00e2nd c\u0103 politica de criz\u0103 a func\u021bionat bine. Cu toate acestea, un editorial subliniaz\u0103 c\u0103 aceast\u0103 cre\u0219tere\u2026","rel":"","context":"\u00cen \u201eNavigarea \u00een Danemarca\u201d","block_context":{"text":"Navigarea \u00een Danemarca","link":"https:\/\/lwid.dk\/ro\/category\/navigarea-in-danemarca\/"},"img":{"alt_text":"","src":"https:\/\/i0.wp.com\/lwid.dk\/wp-content\/uploads\/2023\/10\/23-1.png?resize=350%2C200&ssl=1","width":350,"height":200,"srcset":"https:\/\/i0.wp.com\/lwid.dk\/wp-content\/uploads\/2023\/10\/23-1.png?resize=350%2C200&ssl=1 1x, https:\/\/i0.wp.com\/lwid.dk\/wp-content\/uploads\/2023\/10\/23-1.png?resize=525%2C300&ssl=1 1.5x"},"classes":[]},{"id":3269,"url":"https:\/\/lwid.dk\/ro\/un-roman-in-varsta-de-31-de-ani-tocmai-a-deschis-un-mini-supermarket-in-horsens\/","url_meta":{"origin":3236,"position":3},"title":"Un rom\u00e2n \u00een v\u00e2rst\u0103 de 31 de ani tocmai a deschis un mini-supermarket \u00een Horsens","author":"Sorina Floroiu","date":"19 februarie 2021","format":false,"excerpt":"Articol publicat in Stiften.dk (\u00c5rhus Stiftstidende) Thomas Baden S\u00f8rensen,\u00a0 la data de 19 februarie 2021 Rezumat: Lucian Cojocaru, cu experien\u021b\u0103 anterioar\u0103 \u00een Silkeborg \u0219i Hammel, a deschis recent un mic supermarket \u00een Kattesund, Horsens, cu accent pe produse din Rom\u00e2nia. Oferta sa include vinuri, b\u0103uturi, conserve, carne, br\u00e2nzeturi \u0219i dulciuri\u2026","rel":"","context":"\u00cen \u201eNavigarea \u00een Danemarca\u201d","block_context":{"text":"Navigarea \u00een Danemarca","link":"https:\/\/lwid.dk\/ro\/category\/navigarea-in-danemarca\/"},"img":{"alt_text":"","src":"https:\/\/i0.wp.com\/lwid.dk\/wp-content\/uploads\/2023\/10\/4.-mini-supermarked.png?resize=350%2C200&ssl=1","width":350,"height":200,"srcset":"https:\/\/i0.wp.com\/lwid.dk\/wp-content\/uploads\/2023\/10\/4.-mini-supermarked.png?resize=350%2C200&ssl=1 1x, https:\/\/i0.wp.com\/lwid.dk\/wp-content\/uploads\/2023\/10\/4.-mini-supermarked.png?resize=525%2C300&ssl=1 1.5x, https:\/\/i0.wp.com\/lwid.dk\/wp-content\/uploads\/2023\/10\/4.-mini-supermarked.png?resize=700%2C400&ssl=1 2x"},"classes":[]},{"id":3201,"url":"https:\/\/lwid.dk\/ro\/zsolt-in-varsta-de-19-ani-din-romania-studiaza-in-danemarca-su-este-necesar-19-arige-zsolt-fra-rumaenien-laeser-i-danmark-su-er-nodvendigt\/","url_meta":{"origin":3236,"position":4},"title":"Zsolt, \u00een v\u00e2rst\u0103 de 19 ani, din Rom\u00e2nia, studiaz\u0103 \u00een Danemarca: SU este necesar \/ 19-\u00e5rige Zsolt fra Rum\u00e6nien l\u00e6ser i Danmark: SU er n\u00f8dvendigt","author":"Sorina Floroiu","date":"29 septembrie 2020","format":false,"excerpt":"Articol publicat \u00een Berlingske la data de 29 septembrie 2020\u00a0 Subiectul articolului: Zsolt Kozma, un t\u00e2n\u0103r rom\u00e2n \u00een v\u00e2rst\u0103 de 19 ani, prime\u0219te ajutor financiar pentru studii (SU) \u00een timp ce studiaz\u0103 la KEA \u00een Copenhaga ca cet\u0103\u021bean al Uniunii Europene. Pentru a beneficia de acest ajutor financiar, el trebuie\u2026","rel":"","context":"\u00cen \u201eNavigarea \u00een Danemarca\u201d","block_context":{"text":"Navigarea \u00een Danemarca","link":"https:\/\/lwid.dk\/ro\/category\/navigarea-in-danemarca\/"},"img":{"alt_text":"","src":"https:\/\/i0.wp.com\/lwid.dk\/wp-content\/uploads\/2023\/10\/27.-Zsoltpng.png?resize=350%2C200&ssl=1","width":350,"height":200,"srcset":"https:\/\/i0.wp.com\/lwid.dk\/wp-content\/uploads\/2023\/10\/27.-Zsoltpng.png?resize=350%2C200&ssl=1 1x, https:\/\/i0.wp.com\/lwid.dk\/wp-content\/uploads\/2023\/10\/27.-Zsoltpng.png?resize=525%2C300&ssl=1 1.5x"},"classes":[]},{"id":13449,"url":"https:\/\/lwid.dk\/ro\/coltul-antreprenorului-saptamana-8\/","url_meta":{"origin":3236,"position":5},"title":"Col\u021bul antreprenorului &#8211; S\u0103pt\u0103m\u00e2na 8","author":"Anda Macovei","date":"25 februarie 2024","format":false,"excerpt":"Pentru interna\u021bionalii care doresc s\u0103 \u00ee\u0219i \u00eenceap\u0103 propria afacere \u00een Danemarca: Particip\u0103 la cursul de 4 ateliere organizat de Institutul pentru Dezvoltare Aalborg \u00een Billund, pentru a \u00eenv\u0103\u021ba pas cu pas cum s\u0103 \u00ee\u021bi cl\u0103de\u0219ti afacerea. Participarea este gratuit\u0103. \u00censcrie-te aici. Pentru tinerii sub 41 de ani care doresc o\u2026","rel":"","context":"\u00cen \u201eNavigarea \u00een Danemarca\u201d","block_context":{"text":"Navigarea \u00een Danemarca","link":"https:\/\/lwid.dk\/ro\/category\/navigarea-in-danemarca\/"},"img":{"alt_text":"Coltul antreprenorului Last Week in Denmark","src":"https:\/\/i0.wp.com\/lwid.dk\/wp-content\/uploads\/2024\/01\/coltul_antreprenorului_last_week_in_denmark.jpg?resize=350%2C200&ssl=1","width":350,"height":200,"srcset":"https:\/\/i0.wp.com\/lwid.dk\/wp-content\/uploads\/2024\/01\/coltul_antreprenorului_last_week_in_denmark.jpg?resize=350%2C200&ssl=1 1x, https:\/\/i0.wp.com\/lwid.dk\/wp-content\/uploads\/2024\/01\/coltul_antreprenorului_last_week_in_denmark.jpg?resize=525%2C300&ssl=1 1.5x"},"classes":[]}],"jetpack_featured_media_url":"https:\/\/lwid.dk\/wp-content\/uploads\/2023\/10\/32.-Internationalt-projekt-1.png","_links":{"self":[{"href":"https:\/\/lwid.dk\/ro\/wp-json\/wp\/v2\/posts\/3236","targetHints":{"allow":["GET"]}}],"collection":[{"href":"https:\/\/lwid.dk\/ro\/wp-json\/wp\/v2\/posts"}],"about":[{"href":"https:\/\/lwid.dk\/ro\/wp-json\/wp\/v2\/types\/post"}],"author":[{"embeddable":true,"href":"https:\/\/lwid.dk\/ro\/wp-json\/wp\/v2\/users\/11"}],"replies":[{"embeddable":true,"href":"https:\/\/lwid.dk\/ro\/wp-json\/wp\/v2\/comments?post=3236"}],"version-history":[{"count":3,"href":"https:\/\/lwid.dk\/ro\/wp-json\/wp\/v2\/posts\/3236\/revisions"}],"predecessor-version":[{"id":28762,"href":"https:\/\/lwid.dk\/ro\/wp-json\/wp\/v2\/posts\/3236\/revisions\/28762"}],"wp:featuredmedia":[{"embeddable":true,"href":"https:\/\/lwid.dk\/ro\/wp-json\/wp\/v2\/media\/3242"}],"wp:attachment":[{"href":"https:\/\/lwid.dk\/ro\/wp-json\/wp\/v2\/media?parent=3236"}],"wp:term":[{"taxonomy":"category","embeddable":true,"href":"https:\/\/lwid.dk\/ro\/wp-json\/wp\/v2\/categories?post=3236"},{"taxonomy":"post_tag","embeddable":true,"href":"https:\/\/lwid.dk\/ro\/wp-json\/wp\/v2\/tags?post=3236"}],"curies":[{"name":"wp","href":"https:\/\/api.w.org\/{rel}","templated":true}]}}