{"id":3255,"date":"2021-02-13T10:53:00","date_gmt":"2021-02-13T09:53:00","guid":{"rendered":"https:\/\/lwid.dk\/?p=3255"},"modified":"2026-09-01T18:38:28","modified_gmt":"2026-09-01T17:38:28","slug":"testam-masina-ieftina-de-la-dacia-face-un-pas-semnificativ-inainte-este-insa-suficient-de-ieftina","status":"publish","type":"post","link":"https:\/\/lwid.dk\/ro\/testam-masina-ieftina-de-la-dacia-face-un-pas-semnificativ-inainte-este-insa-suficient-de-ieftina\/","title":{"rendered":"Test\u0103m: Ma\u0219ina ieftin\u0103 de la Dacia face un pas semnificativ \u00eenainte. Este \u00eens\u0103 suficient de ieftin\u0103?"},"content":{"rendered":"\r\n<p class=\"wp-block-paragraph\">Articol publicat in Amtsavisen.dk (Randers Amtsavis) Jens H\u00f8y og Christian Schacht,\u00a0 la data de 13 februarie 2021<\/p>\r\n\r\n\r\n\r\n<figure class=\"wp-block-image size-full\"><img loading=\"lazy\" decoding=\"async\" width=\"644\" height=\"708\" class=\"wp-image-3256\" src=\"https:\/\/lwid.dk\/wp-content\/uploads\/2023\/10\/2.-Dacia.png\" alt=\"\" srcset=\"https:\/\/lwid.dk\/wp-content\/uploads\/2023\/10\/2.-Dacia.png 644w, https:\/\/lwid.dk\/wp-content\/uploads\/2023\/10\/2.-Dacia-273x300.png 273w, https:\/\/lwid.dk\/wp-content\/uploads\/2023\/10\/2.-Dacia-150x165.png 150w, https:\/\/lwid.dk\/wp-content\/uploads\/2023\/10\/2.-Dacia-300x330.png 300w\" sizes=\"auto, (max-width: 644px) 100vw, 644px\" \/><\/figure>\r\n\r\n\r\n\r\n<p class=\"wp-block-paragraph\">Rezumat:\u00a0<\/p>\r\n\r\n\r\n\r\n<p class=\"wp-block-paragraph\">A treia genera\u021bie a modelului Dacia Sandero a fost \u00eembun\u0103t\u0103\u021bit\u0103 tehnic, dar pre\u021burile nu mai sunt la fel de mici ca \u00een trecut. \u00cen 2013, Dacia a fost lansat\u0103 \u00een Danemarca cu un accent pe pre\u021buri foarte reduse, dar acum se confrunt\u0103 cu o concuren\u021b\u0103 puternic\u0103 \u00een clasa mini. Cu toate acestea, noul Sandero ofer\u0103 tehnologie modern\u0103 \u0219i un nivel mai bun de siguran\u021b\u0103, \u00eemprumutate de la Renault Clio \u0219i Renault Captur.\u00a0<\/p>\r\n\r\n\r\n\r\n<p class=\"wp-block-paragraph\">Vestea bun\u0103 pentru cei interesa\u021bi de pre\u021buri reduse la ma\u0219ini: A treia genera\u021bie a modelului Dacia Sandero a fost \u00eembun\u0103t\u0103\u021bit\u0103 \u00een toate aspectele tehnice. Cu toate acestea, pre\u021burile nu mai sunt la fel de mici ca \u00een trecut.<\/p>\r\n\r\n\r\n\r\n<p class=\"wp-block-paragraph\">Siguran\u021b\u0103 slab\u0103 \u0219i solu\u021bii \u00eenvechite ambalate \u00een materiale extrem de ieftine, dar la un pre\u021b aproape incredibil de redus. A\u0219a ar\u0103ta lumea \u00een prim\u0103vara anului 2013, c\u00e2nd Dacia a fost lansat\u0103 \u00een Danemarca.<\/p>\r\n\r\n\r\n\r\n<p class=\"wp-block-paragraph\">Brandurile consacrate priveau cu indulgen\u021b\u0103 Dacia Lodgy, care putea s\u0103 \u00eencadreze \u0219apte persoane, dar clien\u021bii au reac\u021bionat rapid.<\/p>\r\n\r\n\r\n\r\n<p class=\"wp-block-paragraph\">\u00cen schimb, Dacia Sandero nu a avut niciodat\u0103 acela\u0219i succes \u00een \u021bar\u0103, pentru c\u0103, chiar dac\u0103 pre\u021burile au fost mici, nu au fost suficient de mici pentru a asigura modelului o mare popularitate. Recenziile negative \u0219i concuren\u021ba puternic\u0103 din clasa mini, \u00een care, printre altele, Citro\u00ebn C3 a f\u0103cut concuren\u021b\u0103 acestui mic automobil rom\u00e2nesc, iar modelul nu a reu\u0219it cu adev\u0103rat s\u0103 se impun\u0103.<\/p>\r\n\r\n\r\n\r\n<p class=\"wp-block-paragraph\">Acum, se \u00eencearc\u0103 din nou, dar de aceast\u0103 dat\u0103 avem de-a face cu o ma\u0219in\u0103 mult mai bun\u0103, cu tehnologie modern\u0103 \u0219i un nivel mai ridicat de siguran\u021b\u0103. Tehnologia din Dacia Sandero provine de la noile modele Renault Clio \u0219i Renault Captur.<\/p>\r\n\r\n\r\n\r\n<p class=\"wp-block-paragraph\">\u00cen schimb, aceasta \u00eenseamn\u0103 sf\u00e2r\u0219itul pentru popularul Logan MCV, care a fost mult timp cea mai ieftin\u0103 ma\u0219in\u0103 de familie din Danemarca, \u0219i totodat\u0103 \u00eenseamn\u0103 cre\u0219terea pre\u021burilor.<\/p>\r\n\r\n\r\n\r\n<p class=\"wp-block-paragraph\">Astfel, cel mai ieftin Sandero cost\u0103 119.990 de coroane daneze, \u00een timp ce varianta recomandat\u0103 este cu 17.000 de coroane mai scump\u0103, dar include, printre altele, un sistem de aer condi\u021bionat \u00een pre\u021b, iar diferen\u021ba p\u00e2n\u0103 la un Citro\u00ebn C3 bine echipat este de doar 3.000 de coroane.<\/p>\r\n","protected":false},"excerpt":{"rendered":"<p>Articol publicat in Amtsavisen.dk (Randers Amtsavis) Jens H\u00f8y og Christian Schacht,\u00a0 la data de 13 februarie 2021 Rezumat:\u00a0 A treia genera\u021bie a modelului Dacia Sandero a fost \u00eembun\u0103t\u0103\u021bit\u0103 tehnic, dar pre\u021burile nu mai sunt la fel de mici ca \u00een trecut. \u00cen 2013, Dacia a fost lansat\u0103 \u00een Danemarca cu un accent pe pre\u021buri foarte [&hellip;]<\/p>\n","protected":false},"author":11,"featured_media":3256,"comment_status":"open","ping_status":"closed","sticky":false,"template":"","format":"standard","meta":{"_acf_changed":false,"_themeisle_gutenberg_block_has_review":false,"_jetpack_newsletter_access":"","_jetpack_dont_email_post_to_subs":false,"_jetpack_newsletter_tier_id":0,"_jetpack_memberships_contains_paywalled_content":false,"_jetpack_feature_clip_id":0,"_jetpack_memberships_contains_paid_content":false,"footnotes":"","jetpack_post_was_ever_published":false,"_members_access_role":[],"_members_access_error":""},"categories":[878,142],"tags":[1019,1020],"class_list":["post-3255","post","type-post","status-publish","format-standard","has-post-thumbnail","category-navigarea-in-danemarca","category-povesti-nespuse","tag-tehnologie","tag-transport"],"acf":[],"jetpack_sharing_enabled":true,"jetpack-related-posts":[{"id":13437,"url":"https:\/\/lwid.dk\/ro\/3-modele-de-taxare-potentiale-pentru-emisiile-de-co2-in-agricultura\/","url_meta":{"origin":3255,"position":0},"title":"3 modele de taxare poten\u021biale pentru emisiile de CO2 \u00een agricultur\u0103","author":"Anda Macovei","date":"25 februarie 2024","format":false,"excerpt":"Comitetul de exper\u021bi \u00eens\u0103rcinat cu g\u0103sirea unei solu\u021bii pentru a reduce nivelul de emisii de CO2 \u00een agricultur\u0103 a propus 3 modele poten\u021biale. Toate acestea vor ajuta Danemarca s\u0103 ating\u0103 obiectivele climatice din 2030. Cea mai important\u0103 \u00eentrebare \u00een acest moment este cine \u00ee\u0219i va asuma costurile: fermierii sau contribuabilii.\u00a0\u2026","rel":"","context":"\u00cen \u201eNavigarea \u00een Danemarca\u201d","block_context":{"text":"Navigarea \u00een Danemarca","link":"https:\/\/lwid.dk\/ro\/category\/navigarea-in-danemarca\/"},"img":{"alt_text":"Propuneri si idei legislative Last Week in Denmark","src":"https:\/\/i0.wp.com\/lwid.dk\/wp-content\/uploads\/2023\/12\/Propuneri-si-idei-legislative-1.jpg?resize=350%2C200&ssl=1","width":350,"height":200,"srcset":"https:\/\/i0.wp.com\/lwid.dk\/wp-content\/uploads\/2023\/12\/Propuneri-si-idei-legislative-1.jpg?resize=350%2C200&ssl=1 1x, https:\/\/i0.wp.com\/lwid.dk\/wp-content\/uploads\/2023\/12\/Propuneri-si-idei-legislative-1.jpg?resize=525%2C300&ssl=1 1.5x"},"classes":[]},{"id":5342,"url":"https:\/\/lwid.dk\/ro\/sibiu-tysk-kulturby-midt-i-rumaenien\/","url_meta":{"origin":3255,"position":1},"title":"Sibiu, tysk kulturby midt i Rum\u00e6nien","author":"Sorina Floroiu","date":"7 mai 2022","format":false,"excerpt":"Articol publicat in Midtjyllands Avis, in data de 7 mai 2022. Rezumat: \u00cen ciuda faptului c\u0103 mul\u021bi danezi aleg s\u0103 c\u0103l\u0103toreasc\u0103 \u00een destina\u021bii tradi\u021bionale precum Paris, Roma sau Barcelona \u00een timpul vacan\u021bei de Pa\u0219te, autorul \u0219i familia sa fac o excursie \u00een Sibiu, Rom\u00e2nia. Observ\u0103 c\u0103 sunt pu\u021bini danezi etnici\u2026","rel":"","context":"\u00cen \u201eNavigarea \u00een Danemarca\u201d","block_context":{"text":"Navigarea \u00een Danemarca","link":"https:\/\/lwid.dk\/ro\/category\/navigarea-in-danemarca\/"},"img":{"alt_text":"","src":"https:\/\/i0.wp.com\/lwid.dk\/wp-content\/uploads\/2023\/11\/12.-SIBIU.png?resize=350%2C200&ssl=1","width":350,"height":200,"srcset":"https:\/\/i0.wp.com\/lwid.dk\/wp-content\/uploads\/2023\/11\/12.-SIBIU.png?resize=350%2C200&ssl=1 1x, https:\/\/i0.wp.com\/lwid.dk\/wp-content\/uploads\/2023\/11\/12.-SIBIU.png?resize=525%2C300&ssl=1 1.5x, https:\/\/i0.wp.com\/lwid.dk\/wp-content\/uploads\/2023\/11\/12.-SIBIU.png?resize=700%2C400&ssl=1 2x, https:\/\/i0.wp.com\/lwid.dk\/wp-content\/uploads\/2023\/11\/12.-SIBIU.png?resize=1050%2C600&ssl=1 3x"},"classes":[]},{"id":4235,"url":"https:\/\/lwid.dk\/ro\/barbatul-din-spatele-unui-cunoscut-restaurant-italian-ajuta-un-angajat-sa-inceapa-propria-afacere\/","url_meta":{"origin":3255,"position":2},"title":"B\u0103rbatul din spatele unui cunoscut restaurant italian ajut\u0103 un angajat s\u0103 \u00eenceap\u0103 propria afacere","author":"Sorina Floroiu","date":"21 septembrie 2021","format":false,"excerpt":"Articol publicat in Jv.dk (Abonnementsomr\u00e5de), la data de 21 september 2021 Rezumat Patronul restaurantului Acqua Blu din Bl\u00e5vand, Salvatore Lalicata, originar din str\u0103in\u0103tate, a sprijinit un fost angajat, Nicu Culita Zara, \u00een a deveni independent \u0219i a prelua o pizzerie \u00een Oksb\u00f8l, Danemarca. Nicu, \u00een v\u00e2rst\u0103 de 46 de ani,\u2026","rel":"","context":"\u00cen \u201eNavigarea \u00een Danemarca\u201d","block_context":{"text":"Navigarea \u00een Danemarca","link":"https:\/\/lwid.dk\/ro\/category\/navigarea-in-danemarca\/"},"img":{"alt_text":"","src":"https:\/\/i0.wp.com\/lwid.dk\/wp-content\/uploads\/2023\/10\/35.png?resize=350%2C200&ssl=1","width":350,"height":200,"srcset":"https:\/\/i0.wp.com\/lwid.dk\/wp-content\/uploads\/2023\/10\/35.png?resize=350%2C200&ssl=1 1x, https:\/\/i0.wp.com\/lwid.dk\/wp-content\/uploads\/2023\/10\/35.png?resize=525%2C300&ssl=1 1.5x, https:\/\/i0.wp.com\/lwid.dk\/wp-content\/uploads\/2023\/10\/35.png?resize=700%2C400&ssl=1 2x"},"classes":[]},{"id":5408,"url":"https:\/\/lwid.dk\/ro\/elev-la-agricultura-a-ramas-in-danemarca\/","url_meta":{"origin":3255,"position":3},"title":"Elev la agricultur\u0103 a r\u0103mas \u00een Danemarca","author":"Sorina Floroiu","date":"2 noiembrie 2022","format":false,"excerpt":"Articol publicat \u00een Aars Avis la data de 2 noiembrie 2022 Rezumat: Elena Comandaru, elev\u0103 la agricultur\u0103 \u00een Ia\u0219i, Rom\u00e2nia, s-a mutat \u00een Danemarca \u00een 2008. Cu o experien\u021b\u0103 ini\u021bial\u0103 dificil\u0103 \u0219i \u00eendoieli cu privire la decizia de a r\u0103m\u00e2ne, ea a ales s\u0103 continue la \u0219coala de agricultur\u0103 Borris,\u2026","rel":"","context":"\u00cen \u201eNavigarea \u00een Danemarca\u201d","block_context":{"text":"Navigarea \u00een Danemarca","link":"https:\/\/lwid.dk\/ro\/category\/navigarea-in-danemarca\/"},"img":{"alt_text":"","src":"https:\/\/i0.wp.com\/lwid.dk\/wp-content\/uploads\/2023\/11\/22.-Landsbrug-elev-blev-i-Danmark.png?resize=350%2C200&ssl=1","width":350,"height":200},"classes":[]},{"id":14251,"url":"https:\/\/lwid.dk\/ro\/perspective-asupra-stilului-de-viata-danez-saptamana-10\/","url_meta":{"origin":3255,"position":4},"title":"Perspective asupra stilului de via\u021b\u0103 danez &#8211; S\u0103pt\u0103m\u00e2na 10","author":"Catalina Anapios","date":"10 martie 2024","format":false,"excerpt":"Miercuri, 13 martie, va fi prima zi a CPH:DOX, festivalul anual de filme documentare din Copenhaga. Cu 12 zile de proiec\u021bii \u0219i activit\u0103\u021bi, evenimentul aduce oameni \u00eempreun\u0103 pentru una dintre categoriile culturale favorite din Danemarca: filmul. C\u00e2t de multe \u0219tii despre asta? \u00cen iunie 1896, \u00een R\u00e5dhuspladsen din Copenhaga a\u2026","rel":"","context":"\u00cen \u201eNavigarea \u00een Danemarca\u201d","block_context":{"text":"Navigarea \u00een Danemarca","link":"https:\/\/lwid.dk\/ro\/category\/navigarea-in-danemarca\/"},"img":{"alt_text":"Viata de zi cu zi in Danemarca Last Week in Denmark","src":"https:\/\/i0.wp.com\/lwid.dk\/wp-content\/uploads\/2023\/12\/Viata-de-zi-cu-zi-in-Danemarca.jpg?resize=350%2C200&ssl=1","width":350,"height":200,"srcset":"https:\/\/i0.wp.com\/lwid.dk\/wp-content\/uploads\/2023\/12\/Viata-de-zi-cu-zi-in-Danemarca.jpg?resize=350%2C200&ssl=1 1x, https:\/\/i0.wp.com\/lwid.dk\/wp-content\/uploads\/2023\/12\/Viata-de-zi-cu-zi-in-Danemarca.jpg?resize=525%2C300&ssl=1 1.5x"},"classes":[]},{"id":4214,"url":"https:\/\/lwid.dk\/ro\/bucuresti-pentru-cei-care-viziteaza-pentru-prima-data\/","url_meta":{"origin":3255,"position":5},"title":"Bucure\u0219ti &#8211; pentru cei care viziteaz\u0103 pentru prima dat\u0103","author":"Sorina Floroiu","date":"21 august 2021","format":false,"excerpt":"Articol publicat in Midtjyllands Avis Sektion 2 (Weekend), la data de 21 august 2021 Rezumat: Autorul c\u0103l\u0103toriei \u00een Rom\u00e2nia prezint\u0103 o experien\u021b\u0103 mixt\u0103 \u00een \u021bar\u0103, subliniind necunoa\u0219terea acesteia de c\u0103tre danezi, dar eviden\u021biind ospitalitatea, frumuse\u021bea naturii, istoria politic\u0103 interesant\u0103 \u0219i costurile reduse. A vizitat Rom\u00e2nia de mai multe ori \u0219i\u2026","rel":"","context":"\u00cen \u201eNavigarea \u00een Danemarca\u201d","block_context":{"text":"Navigarea \u00een Danemarca","link":"https:\/\/lwid.dk\/ro\/category\/navigarea-in-danemarca\/"},"img":{"alt_text":"","src":"https:\/\/i0.wp.com\/lwid.dk\/wp-content\/uploads\/2023\/10\/32.png?resize=350%2C200&ssl=1","width":350,"height":200},"classes":[]}],"jetpack_featured_media_url":"https:\/\/lwid.dk\/wp-content\/uploads\/2023\/10\/2.-Dacia.png","_links":{"self":[{"href":"https:\/\/lwid.dk\/ro\/wp-json\/wp\/v2\/posts\/3255","targetHints":{"allow":["GET"]}}],"collection":[{"href":"https:\/\/lwid.dk\/ro\/wp-json\/wp\/v2\/posts"}],"about":[{"href":"https:\/\/lwid.dk\/ro\/wp-json\/wp\/v2\/types\/post"}],"author":[{"embeddable":true,"href":"https:\/\/lwid.dk\/ro\/wp-json\/wp\/v2\/users\/11"}],"replies":[{"embeddable":true,"href":"https:\/\/lwid.dk\/ro\/wp-json\/wp\/v2\/comments?post=3255"}],"version-history":[{"count":3,"href":"https:\/\/lwid.dk\/ro\/wp-json\/wp\/v2\/posts\/3255\/revisions"}],"predecessor-version":[{"id":28760,"href":"https:\/\/lwid.dk\/ro\/wp-json\/wp\/v2\/posts\/3255\/revisions\/28760"}],"wp:featuredmedia":[{"embeddable":true,"href":"https:\/\/lwid.dk\/ro\/wp-json\/wp\/v2\/media\/3256"}],"wp:attachment":[{"href":"https:\/\/lwid.dk\/ro\/wp-json\/wp\/v2\/media?parent=3255"}],"wp:term":[{"taxonomy":"category","embeddable":true,"href":"https:\/\/lwid.dk\/ro\/wp-json\/wp\/v2\/categories?post=3255"},{"taxonomy":"post_tag","embeddable":true,"href":"https:\/\/lwid.dk\/ro\/wp-json\/wp\/v2\/tags?post=3255"}],"curies":[{"name":"wp","href":"https:\/\/api.w.org\/{rel}","templated":true}]}}