{"id":3262,"date":"2021-02-15T10:54:00","date_gmt":"2021-02-15T09:54:00","guid":{"rendered":"https:\/\/lwid.dk\/?p=3262"},"modified":"2026-09-01T18:37:48","modified_gmt":"2026-09-01T17:37:48","slug":"intamplate-la-aceasta-data","status":"publish","type":"post","link":"https:\/\/lwid.dk\/ro\/intamplate-la-aceasta-data\/","title":{"rendered":"\u00cent\u00e2mplate la aceast\u0103 dat\u0103"},"content":{"rendered":"\r\n<p class=\"wp-block-paragraph\">Articol publicat in Lolland-Falsters Folketidende Sektion 2 (MANDAG) Side 5,\u00a0 la data de 15 februarie 2021<\/p>\r\n\r\n\r\n\r\n<figure class=\"wp-block-image size-full\"><img loading=\"lazy\" decoding=\"async\" width=\"530\" height=\"732\" class=\"wp-image-3263\" src=\"https:\/\/lwid.dk\/wp-content\/uploads\/2023\/10\/3.-Dato-.png\" alt=\"\" srcset=\"https:\/\/lwid.dk\/wp-content\/uploads\/2023\/10\/3.-Dato-.png 530w, https:\/\/lwid.dk\/wp-content\/uploads\/2023\/10\/3.-Dato--217x300.png 217w, https:\/\/lwid.dk\/wp-content\/uploads\/2023\/10\/3.-Dato--150x207.png 150w, https:\/\/lwid.dk\/wp-content\/uploads\/2023\/10\/3.-Dato--300x414.png 300w\" sizes=\"auto, (max-width: 530px) 100vw, 530px\" \/><\/figure>\r\n\r\n\r\n\r\n<p class=\"wp-block-paragraph\">Rezumat: articolul enumer\u0103 o serie de evenimente memorabile din data de 15 februarie de\/a lungul anilor, printre care \u0219i \u00eencoronarea regelui Ferdinand, dup\u0103 ce Transilvania, Basarabia \u0219i Bucovina au devenit teritorii rom\u00e2ne\u0219ti.<\/p>\r\n\r\n\r\n\r\n<p class=\"wp-block-paragraph\">Evenimente:<\/p>\r\n\r\n\r\n\r\n<p class=\"wp-block-paragraph\">1988 &#8211; Fizicianul american Richard Phillips Feynman a murit la v\u00e2rsta de 69 de ani. A contribuit la dezvoltarea teoriei cuantelor electrodinamicii \u0219i a avut un rol important \u00een investigarea exploziei navetei spa\u021biale Challenger \u00een 1986. A fost laureat al Premiului Nobel \u00een 1965.<\/p>\r\n\r\n\r\n\r\n<p class=\"wp-block-paragraph\">1959 &#8211; Partidul Socialist Popular a fost \u00eenfiin\u021bat de fo\u0219ti membri ai Partidului Comunist Danez, cu scopul de a promova socialismul non-revolu\u021bionar \u00een Danemarca \u0219i de a sus\u021bine dezarmarea \u0219i neutralitatea.<\/p>\r\n\r\n\r\n\r\n<p class=\"wp-block-paragraph\">1922 &#8211; Ferdinand a fost \u00eencoronat &#8222;regele tuturor rom\u00e2nilor&#8221; la Alba Iulia, dup\u0103 ce Transilvania, Basarabia \u0219i Bucovina au devenit teritorii rom\u00e2ne\u0219ti.<\/p>\r\n\r\n\r\n\r\n<p class=\"wp-block-paragraph\">1902 &#8211; Omul politic danez \u0219i redactorul Viggo H\u00f8rup a murit la v\u00e2rsta de 60 de ani. A fost membru al Parlamentului pentru partidul Venstre \u00een perioada 1876-1892. A fondat \u00eempreun\u0103 cu Edvard Brandes ziarul Politiken, devenind \u0219i redactor \u0219ef. Ideile lui H\u00f8rup au inspirat formarea partidului Venstre Radical.<\/p>\r\n\r\n\r\n\r\n<p class=\"wp-block-paragraph\">1899 &#8211; \u00cemp\u0103ratul rus Nicolae al II-lea a decis c\u0103 legile finlandeze care ar putea avea relevan\u021b\u0103 pentru \u00eentregul imperiu rus trebuie s\u0103 fie emise de \u00eemp\u0103rat \u0219i nu de parlamentul finlandez. Astfel, \u00eemp\u0103ratul putea s\u0103 conduc\u0103 f\u0103r\u0103 a lua \u00een considerare parlamentul finlandez.<\/p>\r\n\r\n\r\n\r\n<p class=\"wp-block-paragraph\">1864 &#8211; Conteul danez \u0219i omul politic Adam Wilhelm Moltke a murit la v\u00e2rsta de 78 de ani. A fost liderul primului guvern constitu\u021bional danez, cunoscut sub numele de Martsministeriet, \u0219i a avut un rol important \u00een tranzi\u021bia de la monarhia absolut\u0103 la democra\u021bie.<\/p>\r\n","protected":false},"excerpt":{"rendered":"<p>Articol publicat in Lolland-Falsters Folketidende Sektion 2 (MANDAG) Side 5,\u00a0 la data de 15 februarie 2021 Rezumat: articolul enumer\u0103 o serie de evenimente memorabile din data de 15 februarie de\/a lungul anilor, printre care \u0219i \u00eencoronarea regelui Ferdinand, dup\u0103 ce Transilvania, Basarabia \u0219i Bucovina au devenit teritorii rom\u00e2ne\u0219ti. Evenimente: 1988 &#8211; Fizicianul american Richard Phillips [&hellip;]<\/p>\n","protected":false},"author":11,"featured_media":3263,"comment_status":"open","ping_status":"closed","sticky":false,"template":"","format":"standard","meta":{"_acf_changed":false,"_themeisle_gutenberg_block_has_review":false,"_jetpack_newsletter_access":"","_jetpack_dont_email_post_to_subs":false,"_jetpack_newsletter_tier_id":0,"_jetpack_memberships_contains_paywalled_content":false,"_jetpack_feature_clip_id":0,"_jetpack_memberships_contains_paid_content":false,"footnotes":"","jetpack_post_was_ever_published":false,"_members_access_role":[],"_members_access_error":""},"categories":[878,142],"tags":[1008],"class_list":["post-3262","post","type-post","status-publish","format-standard","has-post-thumbnail","category-navigarea-in-danemarca","category-povesti-nespuse","tag-istorie"],"acf":[],"jetpack_sharing_enabled":true,"jetpack-related-posts":[{"id":5415,"url":"https:\/\/lwid.dk\/ro\/cea-mai-notabila-comunitate-culturala-a-anului-este-absolut-incredibil\/","url_meta":{"origin":3262,"position":0},"title":"Cea mai notabil\u0103 Comunitate Cultural\u0103 a Anului: \u201c- Este absolut incredibil!\u201d\u2019","author":"Sorina Floroiu","date":"24 noiembrie 2022","format":false,"excerpt":"Articol publicat \u00een SkiveFolkeblad.dk la data de 24 noiembrie 2022. Rezumat: Asocia\u021bia Cultural\u0103 Danezo-Rom\u00e2n\u0103 din Skive, activ\u0103 de mai pu\u021bin de un an, a fost distins\u0103 cu premiul pentru Comunitatea Cultural\u0103 a Anului. Valentin Vorobat, pre\u0219edintele asocia\u021biei, a fost surprins de acest premiu \u0219i recunoa\u0219te c\u0103 nu se a\u0219tepta la\u2026","rel":"","context":"\u00cen \u201eNavigarea \u00een Danemarca\u201d","block_context":{"text":"Navigarea \u00een Danemarca","link":"https:\/\/lwid.dk\/ro\/category\/navigarea-in-danemarca\/"},"img":{"alt_text":"","src":"https:\/\/i0.wp.com\/lwid.dk\/wp-content\/uploads\/2023\/11\/23.png?resize=350%2C200&ssl=1","width":350,"height":200,"srcset":"https:\/\/i0.wp.com\/lwid.dk\/wp-content\/uploads\/2023\/11\/23.png?resize=350%2C200&ssl=1 1x, https:\/\/i0.wp.com\/lwid.dk\/wp-content\/uploads\/2023\/11\/23.png?resize=525%2C300&ssl=1 1.5x, https:\/\/i0.wp.com\/lwid.dk\/wp-content\/uploads\/2023\/11\/23.png?resize=700%2C400&ssl=1 2x"},"classes":[]},{"id":3056,"url":"https:\/\/lwid.dk\/ro\/jurnalist-publica-o-carte-despre-europa-de-est-journalist-udgiver-bog-om-osteuropa\/","url_meta":{"origin":3262,"position":1},"title":"Jurnalist public\u0103 o carte despre Europa de Est \/ Journalist udgiver bog om \u00d8steuropa","author":"Sorina Floroiu","date":"7 februarie 2020","format":false,"excerpt":"Articol publicat in Skive Folkeblad la data de 7 februarie 2020 Subiectul articolului:\u00a0 Jurnalistul Thue Grum-Schwensen a lansat o carte despre experien\u021bele din Europa de Est, \u00een care se exploreaz\u0103 \u0219i se poveste\u0219te despre persoane \u0219i evenimente din mai multe \u021b\u0103ri, inclusiv din Rom\u00e2nia. Cartea pune accent pe diversitatea politic\u0103\u2026","rel":"","context":"\u00cen \u201eNavigarea \u00een Danemarca\u201d","block_context":{"text":"Navigarea \u00een Danemarca","link":"https:\/\/lwid.dk\/ro\/category\/navigarea-in-danemarca\/"},"img":{"alt_text":"","src":"https:\/\/i0.wp.com\/lwid.dk\/wp-content\/uploads\/2023\/10\/7.-Journalister.png?resize=350%2C200&ssl=1","width":350,"height":200,"srcset":"https:\/\/i0.wp.com\/lwid.dk\/wp-content\/uploads\/2023\/10\/7.-Journalister.png?resize=350%2C200&ssl=1 1x, https:\/\/i0.wp.com\/lwid.dk\/wp-content\/uploads\/2023\/10\/7.-Journalister.png?resize=525%2C300&ssl=1 1.5x, https:\/\/i0.wp.com\/lwid.dk\/wp-content\/uploads\/2023\/10\/7.-Journalister.png?resize=700%2C400&ssl=1 2x"},"classes":[]},{"id":16104,"url":"https:\/\/lwid.dk\/ro\/perspective-asupra-stilului-de-viata-danez-saptamana-20\/","url_meta":{"origin":3262,"position":2},"title":"Perspective asupra stilului de via\u021b\u0103 danez &#8211; S\u0103pt\u0103m\u00e2na 20","author":"Catalina Anapios","date":"19 mai 2024","format":false,"excerpt":"Luni, \u00een data de 20 mai, vom celebra s\u0103rb\u0103toarea na\u021bional\u0103 numit\u0103 Pinse (Rusaliile sau a doua zi de Rusalii). S\u0103rb\u0103toarea are loc la 50 de zile dup\u0103 Pa\u0219ti, c\u00e2nd cre\u0219tinii \u00ee\u0219i reamintesc c\u0103 Duhul Sf\u00e2nt a venit la ucenicii lui Isus \u0219i le-a dat posibilitatea de a vorbi \u201etoate limbile\u201d.\u2026","rel":"","context":"\u00cen \u201eNavigarea \u00een Danemarca\u201d","block_context":{"text":"Navigarea \u00een Danemarca","link":"https:\/\/lwid.dk\/ro\/category\/navigarea-in-danemarca\/"},"img":{"alt_text":"Viata de zi cu zi in Danemarca Last Week in Denmark","src":"https:\/\/i0.wp.com\/lwid.dk\/wp-content\/uploads\/2023\/12\/Viata-de-zi-cu-zi-in-Danemarca.jpg?resize=350%2C200&ssl=1","width":350,"height":200,"srcset":"https:\/\/i0.wp.com\/lwid.dk\/wp-content\/uploads\/2023\/12\/Viata-de-zi-cu-zi-in-Danemarca.jpg?resize=350%2C200&ssl=1 1x, https:\/\/i0.wp.com\/lwid.dk\/wp-content\/uploads\/2023\/12\/Viata-de-zi-cu-zi-in-Danemarca.jpg?resize=525%2C300&ssl=1 1.5x"},"classes":[]},{"id":5287,"url":"https:\/\/lwid.dk\/ro\/romanii-salveaza-afacerea-din-criza-locurilor-de-munca-dupa-anul-cel-mai-salbatic\/","url_meta":{"origin":3262,"position":3},"title":"Rom\u00e2nii salveaz\u0103 afacerea din criza locurilor de munc\u0103 dup\u0103 &#8222;anul cel mai s\u0103lbatic&#8221;","author":"Sorina Floroiu","date":"21 ianuarie 2022","format":false,"excerpt":"Articol publicat in Metal-Supply.dk la data de 21 ianuarie 2022 Rezumat:\u00a0 \u00centr-un an tumultuos marcat de pandemia de COVID-19, HAI Horsens, o companie danez\u0103 de familie specializat\u0103 \u00een prelucrarea suprafe\u021belor de aluminiu, a avut dificult\u0103\u021bi cu lipsa de for\u021b\u0103 de munc\u0103. Dup\u0103 concedierea a aproximativ o treime din angaja\u021bi, compania\u2026","rel":"","context":"\u00cen \u201eNavigarea \u00een Danemarca\u201d","block_context":{"text":"Navigarea \u00een Danemarca","link":"https:\/\/lwid.dk\/ro\/category\/navigarea-in-danemarca\/"},"img":{"alt_text":"","src":"https:\/\/i0.wp.com\/lwid.dk\/wp-content\/uploads\/2023\/11\/4.-RUMAENERE-REDDER.png?resize=350%2C200&ssl=1","width":350,"height":200,"srcset":"https:\/\/i0.wp.com\/lwid.dk\/wp-content\/uploads\/2023\/11\/4.-RUMAENERE-REDDER.png?resize=350%2C200&ssl=1 1x, https:\/\/i0.wp.com\/lwid.dk\/wp-content\/uploads\/2023\/11\/4.-RUMAENERE-REDDER.png?resize=525%2C300&ssl=1 1.5x"},"classes":[]},{"id":5443,"url":"https:\/\/lwid.dk\/ro\/vezi-imaginile-romani-din-intreaga-danemarca-au-sarbatorit-ziua-nationala-la-skive\/","url_meta":{"origin":3262,"position":4},"title":"Vezi imaginile: Rom\u00e2ni din \u00eentreaga Danemarca au s\u0103rb\u0103torit Ziua Na\u021bional\u0103 la Skive","author":"Sorina Floroiu","date":"3 decembrie 2022","format":false,"excerpt":"Articol publicat \u00een SkiveFolkeblad.dk la data de 3 decembrie 2022.\u00a0 Rezumat: Teatrul Skive a fost plin ochi s\u00e2mb\u0103ta \u00eentreag\u0103, cu ocazia celebr\u0103rii Zilei Na\u021bionale a Rom\u00e2niei de c\u0103tre Asocia\u021bia Cultural\u0103 Danezo-Rom\u00e2n\u0103. Aproximativ 250-300 de rom\u00e2ni din toat\u0103 Danemarca au umplut constant teatrul \u00een timpul evenimentului festiv. Pre\u0219edintele asocia\u021biei, Valentin Vorobat,\u2026","rel":"","context":"\u00cen \u201eCultur\u0103\u201d","block_context":{"text":"Cultur\u0103","link":"https:\/\/lwid.dk\/ro\/category\/navigarea-in-danemarca\/cultura\/"},"img":{"alt_text":"","src":"https:\/\/i0.wp.com\/lwid.dk\/wp-content\/uploads\/2023\/11\/27.-.png?resize=350%2C200&ssl=1","width":350,"height":200,"srcset":"https:\/\/i0.wp.com\/lwid.dk\/wp-content\/uploads\/2023\/11\/27.-.png?resize=350%2C200&ssl=1 1x, https:\/\/i0.wp.com\/lwid.dk\/wp-content\/uploads\/2023\/11\/27.-.png?resize=525%2C300&ssl=1 1.5x"},"classes":[]},{"id":705,"url":"https:\/\/lwid.dk\/evenimentul-seara-culturii-romane-in-tonder\/","url_meta":{"origin":3262,"position":5},"title":"Evenimentul \u201dSeara culturii rom\u00e2ne\u201d \u00een\u00a0T\u00f8nder","author":"Alina Racila","date":"14 mai 2022","format":false,"excerpt":"\u201eSeara culturii rom\u00e2ne\u201d este evenimentul pe care am reu\u0219it s\u0103 \u00eel organizez, \u00een data de\u00a08 octombrie 2021, cu ajutorul a\u00a016 voluntari\u00a0rom\u00e2ni. Unii voluntari locuiesc \u00een comuna T\u00f8nder, iar al\u021bii au parcurs sute de kilometri, venind din comunele: Esbjerg, Herning, S\u00f8nderborg \u0219i Copenhaga. Ini\u021bial, am g\u00e2ndit acest eveniment cultural, ca un\u2026","rel":"","context":"Articol similar","block_context":{"text":"Articol similar","link":""},"img":{"alt_text":"","src":"https:\/\/i0.wp.com\/substackcdn.com\/image\/fetch\/w_1456%2Cc_limit%2Cf_auto%2Cq_auto%3Agood%2Cfl_progressive%3Asteep\/https%3A%2F%2Fbucketeer-e05bbc84-baa3-437e-9518-adb32be77984.s3.amazonaws.com%2Fpublic%2Fimages%2F2e37522b-dd46-4d95-9ee7-1dd66945eb25_2048x1366.jpeg?resize=350%2C200&ssl=1","width":350,"height":200,"srcset":"https:\/\/i0.wp.com\/substackcdn.com\/image\/fetch\/w_1456%2Cc_limit%2Cf_auto%2Cq_auto%3Agood%2Cfl_progressive%3Asteep\/https%3A%2F%2Fbucketeer-e05bbc84-baa3-437e-9518-adb32be77984.s3.amazonaws.com%2Fpublic%2Fimages%2F2e37522b-dd46-4d95-9ee7-1dd66945eb25_2048x1366.jpeg?resize=350%2C200&ssl=1 1x, https:\/\/i0.wp.com\/substackcdn.com\/image\/fetch\/w_1456%2Cc_limit%2Cf_auto%2Cq_auto%3Agood%2Cfl_progressive%3Asteep\/https%3A%2F%2Fbucketeer-e05bbc84-baa3-437e-9518-adb32be77984.s3.amazonaws.com%2Fpublic%2Fimages%2F2e37522b-dd46-4d95-9ee7-1dd66945eb25_2048x1366.jpeg?resize=525%2C300&ssl=1 1.5x, https:\/\/i0.wp.com\/substackcdn.com\/image\/fetch\/w_1456%2Cc_limit%2Cf_auto%2Cq_auto%3Agood%2Cfl_progressive%3Asteep\/https%3A%2F%2Fbucketeer-e05bbc84-baa3-437e-9518-adb32be77984.s3.amazonaws.com%2Fpublic%2Fimages%2F2e37522b-dd46-4d95-9ee7-1dd66945eb25_2048x1366.jpeg?resize=700%2C400&ssl=1 2x"},"classes":[]}],"jetpack_featured_media_url":"https:\/\/lwid.dk\/wp-content\/uploads\/2023\/10\/3.-Dato-.png","_links":{"self":[{"href":"https:\/\/lwid.dk\/ro\/wp-json\/wp\/v2\/posts\/3262","targetHints":{"allow":["GET"]}}],"collection":[{"href":"https:\/\/lwid.dk\/ro\/wp-json\/wp\/v2\/posts"}],"about":[{"href":"https:\/\/lwid.dk\/ro\/wp-json\/wp\/v2\/types\/post"}],"author":[{"embeddable":true,"href":"https:\/\/lwid.dk\/ro\/wp-json\/wp\/v2\/users\/11"}],"replies":[{"embeddable":true,"href":"https:\/\/lwid.dk\/ro\/wp-json\/wp\/v2\/comments?post=3262"}],"version-history":[{"count":3,"href":"https:\/\/lwid.dk\/ro\/wp-json\/wp\/v2\/posts\/3262\/revisions"}],"predecessor-version":[{"id":28759,"href":"https:\/\/lwid.dk\/ro\/wp-json\/wp\/v2\/posts\/3262\/revisions\/28759"}],"wp:featuredmedia":[{"embeddable":true,"href":"https:\/\/lwid.dk\/ro\/wp-json\/wp\/v2\/media\/3263"}],"wp:attachment":[{"href":"https:\/\/lwid.dk\/ro\/wp-json\/wp\/v2\/media?parent=3262"}],"wp:term":[{"taxonomy":"category","embeddable":true,"href":"https:\/\/lwid.dk\/ro\/wp-json\/wp\/v2\/categories?post=3262"},{"taxonomy":"post_tag","embeddable":true,"href":"https:\/\/lwid.dk\/ro\/wp-json\/wp\/v2\/tags?post=3262"}],"curies":[{"name":"wp","href":"https:\/\/api.w.org\/{rel}","templated":true}]}}