{"id":3276,"date":"2021-03-08T11:02:00","date_gmt":"2021-03-08T10:02:00","guid":{"rendered":"https:\/\/lwid.dk\/?p=3276"},"modified":"2026-09-01T18:34:50","modified_gmt":"2026-09-01T17:34:50","slug":"un-roman-castiga-ursul-de-aur-la-berlin","status":"publish","type":"post","link":"https:\/\/lwid.dk\/ro\/un-roman-castiga-ursul-de-aur-la-berlin\/","title":{"rendered":"Un rom\u00e2n c\u00e2\u0219tig\u0103 Ursul de Aur la Berlin"},"content":{"rendered":"\r\n<p class=\"wp-block-paragraph\">Articol publicat in Lolland-Falsters Folketidende Sektion 2 Side 3,\u00a0 la data de 8 martie 2021<\/p>\r\n\r\n\r\n\r\n<figure class=\"wp-block-image size-full\"><img loading=\"lazy\" decoding=\"async\" width=\"537\" height=\"737\" class=\"wp-image-3277\" src=\"https:\/\/lwid.dk\/wp-content\/uploads\/2023\/10\/5.png\" alt=\"\" srcset=\"https:\/\/lwid.dk\/wp-content\/uploads\/2023\/10\/5.png 537w, https:\/\/lwid.dk\/wp-content\/uploads\/2023\/10\/5-219x300.png 219w, https:\/\/lwid.dk\/wp-content\/uploads\/2023\/10\/5-150x206.png 150w, https:\/\/lwid.dk\/wp-content\/uploads\/2023\/10\/5-300x412.png 300w\" sizes=\"auto, (max-width: 537px) 100vw, 537px\" \/><\/figure>\r\n\r\n\r\n\r\n<p class=\"wp-block-paragraph\">Rezumat:\u00a0<\/p>\r\n\r\n\r\n\r\n<p class=\"wp-block-paragraph\">Filmul &#8222;Babardeal\u0103 cu bucluc sau porno balamuc&#8221; regizat de Radu Jude a c\u00e2\u0219tigat Ursul de Aur la Festivalul de Film de la Berlin (Berlinale). Filmul este o satir\u0103 despre ipocrizia social\u0103 \u00een era pandemiei, urm\u0103rind o \u00eenv\u0103\u021b\u0103toare care \u00eencearc\u0103 s\u0103 limiteze daunele dup\u0103 ce un film sexual cu ea este postat pe internet. Festivalul Berlinale din acest an s-a desf\u0103\u0219urat \u00een mare parte online din cauza pandemiei, iar premiul pentru cea mai bun\u0103 actri\u021b\u0103, acordat pentru prima dat\u0103 \u00een mod gender-neutral, a mers la actri\u021ba german\u0103 Maren Eggert pentru rolul din filmul SF &#8222;I&#8217;m Your Man&#8221;. Regizorul israelian Nadav Lapid, care a anun\u021bat c\u00e2\u0219tig\u0103torul Ursului de Aur, a descris filmul lui Jude drept &#8222;o oper\u0103 rar\u0103 \u0219i esen\u021bial\u0103 \u00een art\u0103&#8221;. Radu Jude a mai fost premiat la Berlin \u00een urm\u0103 cu 6 ani cu Ursul de Argint pentru filmul &#8222;Aferim&#8221;. Filmul s\u0103u &#8222;Babardeal\u0103 cu bucluc sau porno balamuc\u201d exploreaz\u0103 tema obscenit\u0103\u021bii \u0219i invit\u0103 spectatorii s\u0103 compare obscenitatea dintr-un film porno amator cu obscenitatea din jurul lor \u0219i din istoria recent\u0103.<\/p>\r\n","protected":false},"excerpt":{"rendered":"<p>Articol publicat in Lolland-Falsters Folketidende Sektion 2 Side 3,\u00a0 la data de 8 martie 2021 Rezumat:\u00a0 Filmul &#8222;Babardeal\u0103 cu bucluc sau porno balamuc&#8221; regizat de Radu Jude a c\u00e2\u0219tigat Ursul de Aur la Festivalul de Film de la Berlin (Berlinale). Filmul este o satir\u0103 despre ipocrizia social\u0103 \u00een era pandemiei, urm\u0103rind o \u00eenv\u0103\u021b\u0103toare care \u00eencearc\u0103 [&hellip;]<\/p>\n","protected":false},"author":11,"featured_media":3277,"comment_status":"open","ping_status":"closed","sticky":false,"template":"","format":"standard","meta":{"_acf_changed":false,"_themeisle_gutenberg_block_has_review":false,"_jetpack_newsletter_access":"","_jetpack_dont_email_post_to_subs":false,"_jetpack_newsletter_tier_id":0,"_jetpack_memberships_contains_paywalled_content":false,"_jetpack_feature_clip_id":0,"_jetpack_memberships_contains_paid_content":false,"footnotes":"","jetpack_post_was_ever_published":false,"_members_access_role":[],"_members_access_error":""},"categories":[878,142],"tags":[998],"class_list":["post-3276","post","type-post","status-publish","format-standard","has-post-thumbnail","category-navigarea-in-danemarca","category-povesti-nespuse","tag-arta-si-teatru"],"acf":[],"jetpack_sharing_enabled":true,"jetpack-related-posts":[{"id":14251,"url":"https:\/\/lwid.dk\/ro\/perspective-asupra-stilului-de-viata-danez-saptamana-10\/","url_meta":{"origin":3276,"position":0},"title":"Perspective asupra stilului de via\u021b\u0103 danez &#8211; S\u0103pt\u0103m\u00e2na 10","author":"Catalina Anapios","date":"10 martie 2024","format":false,"excerpt":"Miercuri, 13 martie, va fi prima zi a CPH:DOX, festivalul anual de filme documentare din Copenhaga. Cu 12 zile de proiec\u021bii \u0219i activit\u0103\u021bi, evenimentul aduce oameni \u00eempreun\u0103 pentru una dintre categoriile culturale favorite din Danemarca: filmul. C\u00e2t de multe \u0219tii despre asta? \u00cen iunie 1896, \u00een R\u00e5dhuspladsen din Copenhaga a\u2026","rel":"","context":"\u00cen \u201eNavigarea \u00een Danemarca\u201d","block_context":{"text":"Navigarea \u00een Danemarca","link":"https:\/\/lwid.dk\/ro\/category\/navigarea-in-danemarca\/"},"img":{"alt_text":"Viata de zi cu zi in Danemarca Last Week in Denmark","src":"https:\/\/i0.wp.com\/lwid.dk\/wp-content\/uploads\/2023\/12\/Viata-de-zi-cu-zi-in-Danemarca.jpg?resize=350%2C200&ssl=1","width":350,"height":200,"srcset":"https:\/\/i0.wp.com\/lwid.dk\/wp-content\/uploads\/2023\/12\/Viata-de-zi-cu-zi-in-Danemarca.jpg?resize=350%2C200&ssl=1 1x, https:\/\/i0.wp.com\/lwid.dk\/wp-content\/uploads\/2023\/12\/Viata-de-zi-cu-zi-in-Danemarca.jpg?resize=525%2C300&ssl=1 1.5x"},"classes":[]},{"id":3159,"url":"https:\/\/lwid.dk\/ro\/karen-hammer-acasa-my-home-un-film-intrigant-din-romania-karen-hammer-acasa-my-home-tankevaekkende-film-fra-rumaenien\/","url_meta":{"origin":3276,"position":1},"title":"Karen Hammer: &#8216;Acasa, My Home&#8217; &#8211; un film intrigant din Rom\u00e2nia \/ Karen Hammer: &#8216;Acasa, My Home&#8217; &#8211; tankev\u00e6kkende film fra Rum\u00e6nien","author":"Sorina Floroiu","date":"10 aprilie 2020","format":false,"excerpt":"Articol publicat in Pov.international Karen Hammer. la data de 10 aprilie 2020 Traducere articol:\u00a0 Del Tweet Email CPH:DOX \/\/ RECENZIE - \u201cFestivalul de film documentar din Copenhaga, CPH:DOX, ofer\u0103 oportunit\u0103\u021bi incredibile de a \u00een\u021belege mai bine lumea \u00een jurul nostru\u201d, scrie Karen Hammer, care reflect\u0103 aici asupra unui festival care\u2026","rel":"","context":"\u00cen \u201eNavigarea \u00een Danemarca\u201d","block_context":{"text":"Navigarea \u00een Danemarca","link":"https:\/\/lwid.dk\/ro\/category\/navigarea-in-danemarca\/"},"img":{"alt_text":"","src":"https:\/\/i0.wp.com\/lwid.dk\/wp-content\/uploads\/2023\/10\/21.-Acasa-My-HOME.png?resize=350%2C200&ssl=1","width":350,"height":200,"srcset":"https:\/\/i0.wp.com\/lwid.dk\/wp-content\/uploads\/2023\/10\/21.-Acasa-My-HOME.png?resize=350%2C200&ssl=1 1x, https:\/\/i0.wp.com\/lwid.dk\/wp-content\/uploads\/2023\/10\/21.-Acasa-My-HOME.png?resize=525%2C300&ssl=1 1.5x, https:\/\/i0.wp.com\/lwid.dk\/wp-content\/uploads\/2023\/10\/21.-Acasa-My-HOME.png?resize=700%2C400&ssl=1 2x, https:\/\/i0.wp.com\/lwid.dk\/wp-content\/uploads\/2023\/10\/21.-Acasa-My-HOME.png?resize=1050%2C600&ssl=1 3x"},"classes":[]},{"id":3145,"url":"https:\/\/lwid.dk\/ro\/colectiv-thriller-ul-jurnalistic-dezvaluitor-este-o-must-see-collective-afslorende-journalistisk-samfundsthriller-er-et-must-see\/","url_meta":{"origin":3276,"position":2},"title":"&#8216;Colectiv&#8217;: Thriller-ul jurnalistic dezv\u0103luitor este o must-see\/ &#8216;Collective&#8217;: Afsl\u00f8rende journalistisk samfundsthriller er et must-see","author":"Sorina Floroiu","date":"30 martie 2020","format":false,"excerpt":"Articol publicat in Soundvenue.com la data de 30 martie 2020. Subiectul articolului: Collective este un film documentar care dezv\u0103luie corup\u021bia \u0219i deficien\u021bele sistemului de s\u0103n\u0103tate din Rom\u00e2nia. Dup\u0103 incendiul tragic de la clubul Colectiv din Bucure\u0219ti, \u00een care au murit 27 de tineri \u0219i au fost r\u0103ni\u021bi al\u021bi 180, un\u2026","rel":"","context":"\u00cen \u201eNavigarea \u00een Danemarca\u201d","block_context":{"text":"Navigarea \u00een Danemarca","link":"https:\/\/lwid.dk\/ro\/category\/navigarea-in-danemarca\/"},"img":{"alt_text":"","src":"https:\/\/i0.wp.com\/lwid.dk\/wp-content\/uploads\/2023\/10\/19.-Colectiv.png?resize=350%2C200&ssl=1","width":350,"height":200,"srcset":"https:\/\/i0.wp.com\/lwid.dk\/wp-content\/uploads\/2023\/10\/19.-Colectiv.png?resize=350%2C200&ssl=1 1x, https:\/\/i0.wp.com\/lwid.dk\/wp-content\/uploads\/2023\/10\/19.-Colectiv.png?resize=525%2C300&ssl=1 1.5x, https:\/\/i0.wp.com\/lwid.dk\/wp-content\/uploads\/2023\/10\/19.-Colectiv.png?resize=700%2C400&ssl=1 2x, https:\/\/i0.wp.com\/lwid.dk\/wp-content\/uploads\/2023\/10\/19.-Colectiv.png?resize=1050%2C600&ssl=1 3x, https:\/\/i0.wp.com\/lwid.dk\/wp-content\/uploads\/2023\/10\/19.-Colectiv.png?resize=1400%2C800&ssl=1 4x"},"classes":[]},{"id":5392,"url":"https:\/\/lwid.dk\/ro\/de-bine-si-de-rau-ursii-brunii-romani\/","url_meta":{"origin":3276,"position":3},"title":"De bine \u0219i de r\u0103u: Ur\u0219ii bruni rom\u00e2ni","author":"Sorina Floroiu","date":"1 septembrie 2022","format":false,"excerpt":"Articol publicat \u00een J\u00e6ger Sektion 1 la data de 1 septembrie 2022.\u00a0 Rezumat: Articol integral: \u00cen 2016, c\u00e2nd Rom\u00e2nia a interzis v\u00e2n\u0103toarea de ur\u0219i bruni, s-a deschis calea pentru o cre\u0219tere constant\u0103 a conflictelor dintre oameni \u0219i acest mare pr\u0103d\u0103tor. Ur\u0219ii bruni sunt r\u0103sp\u00e2ndi\u021bi \u00een zone extinse de pe emisfera\u2026","rel":"","context":"\u00cen \u201eNavigarea \u00een Danemarca\u201d","block_context":{"text":"Navigarea \u00een Danemarca","link":"https:\/\/lwid.dk\/ro\/category\/navigarea-in-danemarca\/"},"img":{"alt_text":"","src":"","width":0,"height":0},"classes":[]},{"id":5377,"url":"https:\/\/lwid.dk\/ro\/ionut-si-prietenii-sai-castiga-intre-10-000-si-30-000-adunand-sticle-la-festivalul-roskilde\/","url_meta":{"origin":3276,"position":4},"title":"Ionut \u0219i prietenii s\u0103i c\u00e2\u0219tig\u0103 \u00eentre 10.000 \u0219i 30.000 adun\u00e2nd sticle la Festivalul Roskilde","author":"Sorina Floroiu","date":"29 iunie 2022","format":false,"excerpt":"Articol publicat \u00een BT.dk\u00a0 la data de 29 iunie 2022. Articol integral: Ionut, \u00een v\u00e2rst\u0103 de 24 de ani, din Rom\u00e2nia, este unul dintre numero\u0219ii colectori de sticle care au venit \u00een Danemarca \u00een aceast\u0103 s\u0103pt\u0103m\u00e2n\u0103 cu un singur scop: s\u0103 c\u00e2\u0219tige bani pentru restul verii. Pentru majoritatea participan\u021bilor la\u2026","rel":"","context":"\u00cen \u201eNavigarea \u00een Danemarca\u201d","block_context":{"text":"Navigarea \u00een Danemarca","link":"https:\/\/lwid.dk\/ro\/category\/navigarea-in-danemarca\/"},"img":{"alt_text":"","src":"https:\/\/i0.wp.com\/lwid.dk\/wp-content\/uploads\/2023\/11\/17.-IONUT-OG-HANS-VENNER.png?resize=350%2C200&ssl=1","width":350,"height":200,"srcset":"https:\/\/i0.wp.com\/lwid.dk\/wp-content\/uploads\/2023\/11\/17.-IONUT-OG-HANS-VENNER.png?resize=350%2C200&ssl=1 1x, https:\/\/i0.wp.com\/lwid.dk\/wp-content\/uploads\/2023\/11\/17.-IONUT-OG-HANS-VENNER.png?resize=525%2C300&ssl=1 1.5x, https:\/\/i0.wp.com\/lwid.dk\/wp-content\/uploads\/2023\/11\/17.-IONUT-OG-HANS-VENNER.png?resize=700%2C400&ssl=1 2x"},"classes":[]},{"id":15894,"url":"https:\/\/lwid.dk\/ro\/perspective-asupra-stilului-de-viata-danez-saptamana-16\/","url_meta":{"origin":3276,"position":5},"title":"Perspective asupra stilului de via\u021b\u0103 danez &#8211; S\u0103pt\u0103m\u00e2na 16","author":"Catalina Anapios","date":"21 aprilie 2024","format":false,"excerpt":"\u00cen 2024 se marcheaz\u0103 primul an din 1686 \u00een care Ziua Marii Rug\u0103ciuni (Store bededag) nu va fi s\u0103rb\u0103torit\u0103 ca s\u0103rb\u0103toare public\u0103 \u00een Danemarca. Data cade de obicei \u00een a patra vineri dup\u0103 Duminica Pa\u0219telui \u0219i este destinat\u0103 ca o zi pentru poc\u0103in\u021b\u0103, rug\u0103ciune \u0219i post. Anul trecut, guvernul condus\u2026","rel":"","context":"\u00cen \u201eNavigarea \u00een Danemarca\u201d","block_context":{"text":"Navigarea \u00een Danemarca","link":"https:\/\/lwid.dk\/ro\/category\/navigarea-in-danemarca\/"},"img":{"alt_text":"Viata de zi cu zi in Danemarca Last Week in Denmark","src":"https:\/\/i0.wp.com\/lwid.dk\/wp-content\/uploads\/2023\/12\/Viata-de-zi-cu-zi-in-Danemarca.jpg?resize=350%2C200&ssl=1","width":350,"height":200,"srcset":"https:\/\/i0.wp.com\/lwid.dk\/wp-content\/uploads\/2023\/12\/Viata-de-zi-cu-zi-in-Danemarca.jpg?resize=350%2C200&ssl=1 1x, https:\/\/i0.wp.com\/lwid.dk\/wp-content\/uploads\/2023\/12\/Viata-de-zi-cu-zi-in-Danemarca.jpg?resize=525%2C300&ssl=1 1.5x"},"classes":[]}],"jetpack_featured_media_url":"https:\/\/lwid.dk\/wp-content\/uploads\/2023\/10\/5.png","_links":{"self":[{"href":"https:\/\/lwid.dk\/ro\/wp-json\/wp\/v2\/posts\/3276","targetHints":{"allow":["GET"]}}],"collection":[{"href":"https:\/\/lwid.dk\/ro\/wp-json\/wp\/v2\/posts"}],"about":[{"href":"https:\/\/lwid.dk\/ro\/wp-json\/wp\/v2\/types\/post"}],"author":[{"embeddable":true,"href":"https:\/\/lwid.dk\/ro\/wp-json\/wp\/v2\/users\/11"}],"replies":[{"embeddable":true,"href":"https:\/\/lwid.dk\/ro\/wp-json\/wp\/v2\/comments?post=3276"}],"version-history":[{"count":3,"href":"https:\/\/lwid.dk\/ro\/wp-json\/wp\/v2\/posts\/3276\/revisions"}],"predecessor-version":[{"id":28757,"href":"https:\/\/lwid.dk\/ro\/wp-json\/wp\/v2\/posts\/3276\/revisions\/28757"}],"wp:featuredmedia":[{"embeddable":true,"href":"https:\/\/lwid.dk\/ro\/wp-json\/wp\/v2\/media\/3277"}],"wp:attachment":[{"href":"https:\/\/lwid.dk\/ro\/wp-json\/wp\/v2\/media?parent=3276"}],"wp:term":[{"taxonomy":"category","embeddable":true,"href":"https:\/\/lwid.dk\/ro\/wp-json\/wp\/v2\/categories?post=3276"},{"taxonomy":"post_tag","embeddable":true,"href":"https:\/\/lwid.dk\/ro\/wp-json\/wp\/v2\/tags?post=3276"}],"curies":[{"name":"wp","href":"https:\/\/api.w.org\/{rel}","templated":true}]}}