{"id":3283,"date":"2021-03-27T12:03:00","date_gmt":"2021-03-27T11:03:00","guid":{"rendered":"https:\/\/lwid.dk\/?p=3283"},"modified":"2026-09-01T18:34:39","modified_gmt":"2026-09-01T17:34:39","slug":"bunicul-tau-vasia","status":"publish","type":"post","link":"https:\/\/lwid.dk\/ro\/bunicul-tau-vasia\/","title":{"rendered":"Bunicul t\u0103u Vasia"},"content":{"rendered":"\r\n<figure class=\"wp-block-image size-large\"><img loading=\"lazy\" decoding=\"async\" width=\"1024\" height=\"679\" class=\"wp-image-3294\" src=\"https:\/\/lwid.dk\/wp-content\/uploads\/2023\/10\/6-1-1024x679.png\" alt=\"\" srcset=\"https:\/\/lwid.dk\/wp-content\/uploads\/2023\/10\/6-1-1024x679.png 1024w, https:\/\/lwid.dk\/wp-content\/uploads\/2023\/10\/6-1-300x199.png 300w, https:\/\/lwid.dk\/wp-content\/uploads\/2023\/10\/6-1-768x509.png 768w, https:\/\/lwid.dk\/wp-content\/uploads\/2023\/10\/6-1-150x100.png 150w, https:\/\/lwid.dk\/wp-content\/uploads\/2023\/10\/6-1-696x462.png 696w, https:\/\/lwid.dk\/wp-content\/uploads\/2023\/10\/6-1-1068x708.png 1068w, https:\/\/lwid.dk\/wp-content\/uploads\/2023\/10\/6-1.png 1218w\" sizes=\"auto, (max-width: 1024px) 100vw, 1024px\" \/><\/figure>\r\n\r\n\r\n\r\n<p class=\"wp-block-paragraph\">Articol publicat in Folkeskolen.dk Bodil Christensen,\u00a0 la data de 27 martie 2021<\/p>\r\n\r\n\r\n\r\n<p class=\"wp-block-paragraph\">Rezumat: Cartea &#8222;Bunicul t\u0103u Vasia,&#8221; scris\u0103 de Anna Rakhmanko \u0219i Mikkel Sommer, relateaz\u0103 povestea familiei bunicului Annei, Vasia, care a fost deportat \u00een Siberia \u00een timpul regimului sovietic. Deportarea a \u00eenceput \u00een 1941 \u00een Rom\u00e2nia, \u0219i familia a trecut prin condi\u021bii groaznice \u0219i lipsuri \u00een timpul c\u0103l\u0103toriei. Cartea ilustreaz\u0103 brutalitatea regimului totalitar \u0219i importan\u021ba con\u0219tientiz\u0103rii acestor evenimente istorice pentru a evita repetarea lor. Este o poveste cutremur\u0103toare despre supravie\u021buire \u0219i rezisten\u021ba uman\u0103 \u00een fa\u021ba adversit\u0103\u021bilor extreme.<\/p>\r\n\r\n\r\n\r\n<p class=\"wp-block-paragraph\">Este important s\u0103 vorbim despre evenimentele din istoria lumii care nu trebuie s\u0103 se repete niciodat\u0103. Este important de \u0219tiut c\u0103 sistemele totalitare \u0219i-au folosit puterea pentru a subjuga \u0219i a subjugat pe oricine nu s-a conformat.<\/p>\r\n\r\n\r\n\r\n<p class=\"wp-block-paragraph\">O voce critic\u0103 ar fi deportat\u0103 \u00een Siberia \u00eenghe\u021bat\u0103 \u00eempreun\u0103 cu familia. Orice abatere de la cerin\u021bele puterii a fost \u00eent\u00e2mpinat\u0103 cu exercitarea total\u0103 \u0219i f\u0103r\u0103 chip a puterii. Anna Rakhmanko \u0219i Mikkel Sommer le-au pus o fa\u021b\u0103 rom\u00e2nilor deporta\u021bi. Ar fi putut fi lituanieni, moldoveni, germani sau orice alt popor. Aici, \u00een &#8221;Bunicul t\u0103u Vasia&#8221;, ochii bl\u00e2nzi ai lui Vasia se uit\u0103 la cititor dintr-o fotografie care arat\u0103 un t\u00e2n\u0103r cu voin\u021b\u0103 de via\u021b\u0103.<\/p>\r\n\r\n\r\n\r\n<p class=\"wp-block-paragraph\">Bunicul t\u0103u Vasia<\/p>\r\n\r\n\r\n\r\n<p class=\"wp-block-paragraph\">&#8221;Noaptea am aprins o lamp\u0103 cu kerosen \u00een col\u021bul nostru. Am pres\u0103rat sare pe fitil ca sa ard\u0103 mai mult \u0219i s\u0103 putem lucra p\u00e2n\u0103 c\u00e2nd totul se va fi terminat&#8221;.<\/p>\r\n\r\n\r\n\r\n<p class=\"wp-block-paragraph\">Anna Rakhmanko \u0219i Mikkel Sommer au creat \u00eempreun\u0103 un roman grafic cu titlul: &#8221;Bunicul t\u0103u Vasia&#8221;. Este o poveste captivant\u0103 \u0219i crud\u0103. Anna Rakhmanko are o poz\u0103 cu ea din anul 1988, unde st\u0103 dulce \u0219i z\u00e2mbind cu un fotograf. Anna este \u00eembr\u0103cat\u0103 \u00eentr-un costum de l\u00e2n\u0103 f\u0103cut din p\u0103r de la c\u00e2inele bunicului ei. Povestea costumului de l\u00e2n\u0103 al c\u00e2inelui este cea care deschide cartea. &#8221;A\u0219a \u00eemi amintesc de bunicul meu Vasia. Cu c\u00e2inele lui uria\u0219 \u0219i mereu \u00eenconjurat de flori. A folosit p\u0103rul gros de la c\u00e2ine ca s\u0103-mi fac\u0103 un costum de l\u00e2n\u0103.&#8221; un loc \u00een care permafrostul a f\u0103cut totul tare \u0219i rece. Mai t\u00e2rziu, Anna a primit povestea de la sora mai mic\u0103 a bunicului, Ljuba, care \u00een 2019 a povestit povestea familiei \u0219i mai ales a bunicului Annei, Vasia. Totul a \u00eenceput pe 12 iunie 1941 \u00een Rom\u00e2nia, \u00een satul Aristovka, aflat sub control sovietic.<\/p>\r\n\r\n\r\n\r\n<p class=\"wp-block-paragraph\">Familia \u0219i to\u021bi ceilal\u021bi s\u0103teni sunt transporta\u021bi \u00een vagoane cu trenul de vite departe de zona de origine. F\u0103r\u0103 m\u00e2ncare, f\u0103r\u0103 toalete, f\u0103r\u0103 mult\u0103 ap\u0103, sunt condu\u0219i prin cea mai mare parte a Europei de Est. P\u00e2n\u0103 \u00een toamn\u0103 au ajuns la Antipajuta din regiunea Taz. Se afl\u0103 la est de Portul Novij, la est de Salekhard \u0219i la est \u0219i la nord de cea mai mare parte a acestuia. Tat\u0103l lui Vasia \u0219i Ljuba moare, iar mama lor r\u0103m\u00e2ne singur\u0103 s\u0103 \u00eentre\u021bin\u0103 familia. Se descurc\u0103 tricot\u00e2nd plase de pescuit, iar Vasia se al\u0103tur\u0103 la pescuit. Ei trebuie s\u0103 se descurce cu ra\u021biile slabe. Mama \u0219i Ljuba lucreaz\u0103 pentru ni\u0219te localnici \u0219i: \u201e\u00cen plat\u0103 ne-au dat cur\u0103\u021b\u0103toare de cartofi, pe care mama noastr\u0103 le utiliza la pr\u0103jit cl\u0103tite \u00een ulei de pe\u0219te cu pu\u021bin\u0103 t\u0103r\u00e2\u021be ad\u0103ugate. \u00cenc\u0103 mai simt gust am\u0103r\u0103ciunea lor \u00een gur\u0103&#8221;.<\/p>\r\n\r\n\r\n\r\n<p class=\"wp-block-paragraph\">C\u00e2nd se termin\u0103 al Doilea R\u0103zboi Mondial, familia a\u0219teapt\u0103 s\u0103 poat\u0103 veni acas\u0103, dar nu vine nicio permisiune, iar anii trec. Vasia devine sus\u021bin\u0103torul familiei ca pescar, Ljuba merge la \u0219coal\u0103, iar familia ajunge s\u0103 locuiasc\u0103 \u00eentr-o cas\u0103 separat\u0103 cu dou\u0103 familii \u00eentr-un mod mai obi\u0219nuit dec\u00e2t \u00een \u200b\u200bcazarma de internare cu care erau obi\u0219nui\u021bi. Iat\u0103 toate na\u021bionalit\u0103\u021bile: ru\u0219i, germani, rom\u00e2ni, t\u0103tari, lituanieni \u0219i moldoveni: &#8221;Nimeni nu era du\u0219manul unul altuia &#8211; ne ajutam cu to\u021bii &#8211; ca o mare familie. O mare familie nefericit\u0103.&#8221;<\/p>\r\n\r\n\r\n\r\n<p class=\"wp-block-paragraph\">Dup\u0103 mul\u021bi ani, \u0219i numai c\u00e2nd Vasia are o familie \u0219i patru copii, au voie s\u0103 se \u00eentoarc\u0103 acas\u0103. Vasia se \u00eentoarce acas\u0103, dar deja dup\u0103 un an s-a re\u00eentors \u00eentr-un mic sat siberian Berezovo. Nu era nimic acas\u0103 \u00een Rom\u00e2nia care \u00eel a\u0219tepta.<\/p>\r\n\r\n\r\n\r\n<p class=\"wp-block-paragraph\">Deportarea evreilor \u00een timpul celui de-al Doilea R\u0103zboi Mondial este o strategie binecunoscut\u0103 din dorin\u021ba nazi\u0219tilor de a avea zone ariene pure. Deportarea a fost, de asemenea, una dintre strategiile de represiune utilizate pe scar\u0103 larg\u0103 \u00een Uniunea Sovietic\u0103 de atunci. \u00cenapoi \u00een ora\u0219ul natal al lui Vasia, p\u0103rin\u021bii lui \u0219i copiii lor au fost deporta\u021bi ca \u201econtrarevolu\u021bionari \u0219i na\u021bionali\u0219ti\u201d sau pur \u0219i simplu ca \u201eelemente nedorite\u201d. Istoricii cred c\u0103 \u00een jur de 1,2 milioane de oameni au fost deporta\u021bi \u00een anii 1941-1942. Abia dup\u0103 moartea lui Stalin \u00een 1954, deporta\u021bii au avut ocazia s\u0103 se deplaseze \u0219i s\u0103 se stabileasc\u0103 mai liber.<\/p>\r\n\r\n\r\n\r\n<p class=\"wp-block-paragraph\">Este o poveste \u0219ocant\u0103 spus\u0103 de Anna Rakhmanko \u0219i Mikkel Sommer (\u0219i Ljuba). Imaginile de la sf\u00e2r\u0219itul c\u0103r\u021bii documenteaz\u0103 ceea ce sa \u00eent\u00e2mplat, dar povestea lui Ljuba din desenele lui Mikkel Sommer \u0219i cuvintele Annei Rukhmanko o fac o poveste \u00eenfrico\u0219\u0103toare \u0219i permanent rece.<\/p>\r\n\r\n\r\n\r\n<p class=\"wp-block-paragraph\">Erau mereu \u00eenfometa\u021bi: &#8221;M\u00e2ncam t\u0103r\u00e2\u021be \u0219i uneori ne d\u0103deau cartofi usca\u021bi sau congela\u021bi. Aceast\u0103 compozi\u021bie de t\u0103r\u00e2\u021be era \u00een brichete. Abia mai t\u00e2rziu am aflat c\u0103 era hran\u0103 concentrat\u0103 pentru animale. Noi, copiii, le-am luat de la p\u0103rin\u021bii no\u0219tri. Dup\u0103 ce le-am m\u00e2ncat, ne-am b\u0103tut \u0219i ni s-au umflat burticile foarte tare. Apoi am c\u0103utat iarb\u0103 cu r\u0103d\u0103cini albe, care ar putea ameliora durerile de stomac&#8221;.<\/p>\r\n\r\n\r\n\r\n<p class=\"wp-block-paragraph\">Este important s\u0103 vorbim despre evenimentele din istoria lumii care nu trebuie s\u0103 se repete niciodat\u0103. Este important de \u0219tiut c\u0103 sistemele totalitare \u0219i-au folosit puterea pentru a subjuga \u0219i au subjugat pe oricine nu s-a conformat. O voce critic\u0103 ar fi deportat\u0103 \u00een Siberiarece \u00eempreun\u0103 cu familia. Orice abatere de la cerin\u021bele puterii a fost \u00eent\u00e2mpinat\u0103 cu exercitarea total\u0103 \u0219i f\u0103r\u0103 chip a puterii.\u00a0<\/p>\r\n\r\n\r\n\r\n<p class=\"wp-block-paragraph\">Anna Rakhmanko \u0219i Mikkel Somm<\/p>\r\n","protected":false},"excerpt":{"rendered":"<p>Articol publicat in Folkeskolen.dk Bodil Christensen,\u00a0 la data de 27 martie 2021 Rezumat: Cartea &#8222;Bunicul t\u0103u Vasia,&#8221; scris\u0103 de Anna Rakhmanko \u0219i Mikkel Sommer, relateaz\u0103 povestea familiei bunicului Annei, Vasia, care a fost deportat \u00een Siberia \u00een timpul regimului sovietic. Deportarea a \u00eenceput \u00een 1941 \u00een Rom\u00e2nia, \u0219i familia a trecut prin condi\u021bii groaznice \u0219i [&hellip;]<\/p>\n","protected":false},"author":11,"featured_media":3284,"comment_status":"open","ping_status":"closed","sticky":false,"template":"","format":"standard","meta":{"_acf_changed":false,"_themeisle_gutenberg_block_has_review":false,"_jetpack_newsletter_access":"","_jetpack_dont_email_post_to_subs":false,"_jetpack_newsletter_tier_id":0,"_jetpack_memberships_contains_paywalled_content":false,"_jetpack_feature_clip_id":0,"_jetpack_memberships_contains_paid_content":false,"footnotes":"","jetpack_post_was_ever_published":false,"_members_access_role":[],"_members_access_error":""},"categories":[878,142],"tags":[998],"class_list":["post-3283","post","type-post","status-publish","format-standard","has-post-thumbnail","category-navigarea-in-danemarca","category-povesti-nespuse","tag-arta-si-teatru"],"acf":[],"jetpack_sharing_enabled":true,"jetpack-related-posts":[{"id":3056,"url":"https:\/\/lwid.dk\/ro\/jurnalist-publica-o-carte-despre-europa-de-est-journalist-udgiver-bog-om-osteuropa\/","url_meta":{"origin":3283,"position":0},"title":"Jurnalist public\u0103 o carte despre Europa de Est \/ Journalist udgiver bog om \u00d8steuropa","author":"Sorina Floroiu","date":"7 februarie 2020","format":false,"excerpt":"Articol publicat in Skive Folkeblad la data de 7 februarie 2020 Subiectul articolului:\u00a0 Jurnalistul Thue Grum-Schwensen a lansat o carte despre experien\u021bele din Europa de Est, \u00een care se exploreaz\u0103 \u0219i se poveste\u0219te despre persoane \u0219i evenimente din mai multe \u021b\u0103ri, inclusiv din Rom\u00e2nia. Cartea pune accent pe diversitatea politic\u0103\u2026","rel":"","context":"\u00cen \u201eNavigarea \u00een Danemarca\u201d","block_context":{"text":"Navigarea \u00een Danemarca","link":"https:\/\/lwid.dk\/ro\/category\/navigarea-in-danemarca\/"},"img":{"alt_text":"","src":"https:\/\/i0.wp.com\/lwid.dk\/wp-content\/uploads\/2023\/10\/7.-Journalister.png?resize=350%2C200&ssl=1","width":350,"height":200,"srcset":"https:\/\/i0.wp.com\/lwid.dk\/wp-content\/uploads\/2023\/10\/7.-Journalister.png?resize=350%2C200&ssl=1 1x, https:\/\/i0.wp.com\/lwid.dk\/wp-content\/uploads\/2023\/10\/7.-Journalister.png?resize=525%2C300&ssl=1 1.5x, https:\/\/i0.wp.com\/lwid.dk\/wp-content\/uploads\/2023\/10\/7.-Journalister.png?resize=700%2C400&ssl=1 2x"},"classes":[]},{"id":3194,"url":"https:\/\/lwid.dk\/ro\/ultima-data-cand-am-fost-in-danemarca-o-vara-intreaga-a-fost-in-82-sidst-jeg-var-i-danmark-en-hel-sommer-var-i-82\/","url_meta":{"origin":3283,"position":1},"title":"Ultima dat\u0103 c\u00e2nd am fost \u00een Danemarca o var\u0103 \u00eentreag\u0103 a fost in \u00b482 \/ Sidst jeg var i Danmark en hel sommer var i &#8216; 82","author":"Sorina Floroiu","date":"15 iulie 2020","format":false,"excerpt":"Articol publicat in Nordvestnyt Kalundborg la data de 15 iulie 2020 Subiectul articolului: Autorul vorbe\u0219te despre amintirea unei vacan\u021be \u00een Rom\u00e2nia \u00een copil\u0103rie, \u00eenso\u021bit de bunici. Men\u021bioneaz\u0103 zborul prin Alpi \u0219i g\u00e2ndurile despre muncitorii iugoslavi. Discut\u0103 despre ultima var\u0103 petrecut\u0103 \u00een Danemarca \u0219i planurile de vacan\u021b\u0103 actuale \u00een Bornholm.\u00a0 Articol\u2026","rel":"","context":"\u00cen \u201eNavigarea \u00een Danemarca\u201d","block_context":{"text":"Navigarea \u00een Danemarca","link":"https:\/\/lwid.dk\/ro\/category\/navigarea-in-danemarca\/"},"img":{"alt_text":"","src":"https:\/\/i0.wp.com\/lwid.dk\/wp-content\/uploads\/2023\/10\/26.-Sidst-da-jeg-var-i-Danmark.png?resize=350%2C200&ssl=1","width":350,"height":200,"srcset":"https:\/\/i0.wp.com\/lwid.dk\/wp-content\/uploads\/2023\/10\/26.-Sidst-da-jeg-var-i-Danmark.png?resize=350%2C200&ssl=1 1x, https:\/\/i0.wp.com\/lwid.dk\/wp-content\/uploads\/2023\/10\/26.-Sidst-da-jeg-var-i-Danmark.png?resize=525%2C300&ssl=1 1.5x"},"classes":[]},{"id":721,"url":"https:\/\/lwid.dk\/sarcina-si-nasterea-partea-a-treia\/","url_meta":{"origin":3283,"position":2},"title":"Sarcina \u0219i na\u0219terea &#8211; partea a treia","author":"Alina Racila","date":"14 mai 2022","format":false,"excerpt":"C\u00e2nd anun\u021bi oficial c\u0103 e\u0219ti \u00eens\u0103rcinat\u0103 \u0219i ce faci dac\u0103 te \u00eemboln\u0103ve\u0219ti \u0219i nu mai po\u021bi munci \u00een aceea\u0219i m\u0103sur\u0103? Ai aflat c\u0103 e\u0219ti \u00eens\u0103rcinat\u0103 \u0219i probabil ai decis s\u0103 discu\u021bi \u00eent\u00e2i cu partenerul t\u0103u \u0219i\/sau medicul t\u0103u, \u00eenainte de a anun\u021ba restul membrilor familiei despre fericitul eveniment.\u00a0 Dac\u0103 e\u0219ti\u2026","rel":"","context":"Articol similar","block_context":{"text":"Articol similar","link":""},"img":{"alt_text":"","src":"","width":0,"height":0},"classes":[]},{"id":3269,"url":"https:\/\/lwid.dk\/ro\/un-roman-in-varsta-de-31-de-ani-tocmai-a-deschis-un-mini-supermarket-in-horsens\/","url_meta":{"origin":3283,"position":3},"title":"Un rom\u00e2n \u00een v\u00e2rst\u0103 de 31 de ani tocmai a deschis un mini-supermarket \u00een Horsens","author":"Sorina Floroiu","date":"19 februarie 2021","format":false,"excerpt":"Articol publicat in Stiften.dk (\u00c5rhus Stiftstidende) Thomas Baden S\u00f8rensen,\u00a0 la data de 19 februarie 2021 Rezumat: Lucian Cojocaru, cu experien\u021b\u0103 anterioar\u0103 \u00een Silkeborg \u0219i Hammel, a deschis recent un mic supermarket \u00een Kattesund, Horsens, cu accent pe produse din Rom\u00e2nia. Oferta sa include vinuri, b\u0103uturi, conserve, carne, br\u00e2nzeturi \u0219i dulciuri\u2026","rel":"","context":"\u00cen \u201eNavigarea \u00een Danemarca\u201d","block_context":{"text":"Navigarea \u00een Danemarca","link":"https:\/\/lwid.dk\/ro\/category\/navigarea-in-danemarca\/"},"img":{"alt_text":"","src":"https:\/\/i0.wp.com\/lwid.dk\/wp-content\/uploads\/2023\/10\/4.-mini-supermarked.png?resize=350%2C200&ssl=1","width":350,"height":200,"srcset":"https:\/\/i0.wp.com\/lwid.dk\/wp-content\/uploads\/2023\/10\/4.-mini-supermarked.png?resize=350%2C200&ssl=1 1x, https:\/\/i0.wp.com\/lwid.dk\/wp-content\/uploads\/2023\/10\/4.-mini-supermarked.png?resize=525%2C300&ssl=1 1.5x, https:\/\/i0.wp.com\/lwid.dk\/wp-content\/uploads\/2023\/10\/4.-mini-supermarked.png?resize=700%2C400&ssl=1 2x"},"classes":[]},{"id":729,"url":"https:\/\/lwid.dk\/partea-7-teme-tabu-in-timpul-sarcinii-avortul-spontan-sau-decesul-intrauterin-al-fatului\/","url_meta":{"origin":3283,"position":4},"title":"Partea 7: teme tabu \u00een timpul sarcinii: avortul spontan sau decesul intrauterin al f\u0103tului","author":"Alina Racila","date":"14 mai 2022","format":false,"excerpt":"Tema dat\u0103 este una dintre cele mai dificile de discutat\/scris, fiind o tem\u0103 tabu \u00een cultura rom\u00e2neasc\u0103. Aflarea ve\u015ftii \u00eentr-o \u021bar\u0103 a c\u0103rui sistem medical, limb\u0103 \u0219i cultur\u0103 \u00eenc\u0103 nu le cuno\u0219ti pe deplin, poate face ca teama pierderii copilului s\u0103 devin\u0103 mult mai dificil\u0103. Am ales s\u0103 scriu \u0219i\u2026","rel":"","context":"Articol similar","block_context":{"text":"Articol similar","link":""},"img":{"alt_text":"","src":"","width":0,"height":0},"classes":[]},{"id":5356,"url":"https:\/\/lwid.dk\/ro\/mircea-cartarescu-nu-credeam-ca-voi-vedea-vreodata-altceva-in-afara-granitelor-romaniei\/","url_meta":{"origin":3283,"position":5},"title":"Mircea C\u0103rt\u0103rescu: &#8222;Nu credeam c\u0103 voi vedea vreodat\u0103 altceva in afara grani\u021belor Rom\u00e2niei.&#8221;","author":"Sorina Floroiu","date":"20 mai 2022","format":false,"excerpt":"Articol publicat in Information.dk la data de 20 mai 2022. Rezumat: Mircea C\u0103rt\u0103rescu este o voce semnificativ\u0103 \u00een literatura european\u0103, iar romanul s\u0103u, \"Solenoide,\" va fi lansat \u00een limba danez\u0103 \u00een luna mai. \u00centr-un interviu cu Information.dk, autorul discut\u0103 despre Bucure\u0219tiul s\u0103u, integritatea artistic\u0103 \u0219i jurnale. C\u0103rt\u0103rescu, n\u0103scut \u00een 1956\u2026","rel":"","context":"\u00cen \u201eCultur\u0103\u201d","block_context":{"text":"Cultur\u0103","link":"https:\/\/lwid.dk\/ro\/category\/navigarea-in-danemarca\/cultura\/"},"img":{"alt_text":"","src":"https:\/\/i0.wp.com\/lwid.dk\/wp-content\/uploads\/2023\/11\/14.-MIRCEA-CARTARESCU.png?resize=350%2C200&ssl=1","width":350,"height":200,"srcset":"https:\/\/i0.wp.com\/lwid.dk\/wp-content\/uploads\/2023\/11\/14.-MIRCEA-CARTARESCU.png?resize=350%2C200&ssl=1 1x, https:\/\/i0.wp.com\/lwid.dk\/wp-content\/uploads\/2023\/11\/14.-MIRCEA-CARTARESCU.png?resize=525%2C300&ssl=1 1.5x, https:\/\/i0.wp.com\/lwid.dk\/wp-content\/uploads\/2023\/11\/14.-MIRCEA-CARTARESCU.png?resize=700%2C400&ssl=1 2x, https:\/\/i0.wp.com\/lwid.dk\/wp-content\/uploads\/2023\/11\/14.-MIRCEA-CARTARESCU.png?resize=1050%2C600&ssl=1 3x"},"classes":[]}],"jetpack_featured_media_url":"https:\/\/lwid.dk\/wp-content\/uploads\/2023\/10\/6.png","_links":{"self":[{"href":"https:\/\/lwid.dk\/ro\/wp-json\/wp\/v2\/posts\/3283","targetHints":{"allow":["GET"]}}],"collection":[{"href":"https:\/\/lwid.dk\/ro\/wp-json\/wp\/v2\/posts"}],"about":[{"href":"https:\/\/lwid.dk\/ro\/wp-json\/wp\/v2\/types\/post"}],"author":[{"embeddable":true,"href":"https:\/\/lwid.dk\/ro\/wp-json\/wp\/v2\/users\/11"}],"replies":[{"embeddable":true,"href":"https:\/\/lwid.dk\/ro\/wp-json\/wp\/v2\/comments?post=3283"}],"version-history":[{"count":2,"href":"https:\/\/lwid.dk\/ro\/wp-json\/wp\/v2\/posts\/3283\/revisions"}],"predecessor-version":[{"id":28756,"href":"https:\/\/lwid.dk\/ro\/wp-json\/wp\/v2\/posts\/3283\/revisions\/28756"}],"wp:featuredmedia":[{"embeddable":true,"href":"https:\/\/lwid.dk\/ro\/wp-json\/wp\/v2\/media\/3284"}],"wp:attachment":[{"href":"https:\/\/lwid.dk\/ro\/wp-json\/wp\/v2\/media?parent=3283"}],"wp:term":[{"taxonomy":"category","embeddable":true,"href":"https:\/\/lwid.dk\/ro\/wp-json\/wp\/v2\/categories?post=3283"},{"taxonomy":"post_tag","embeddable":true,"href":"https:\/\/lwid.dk\/ro\/wp-json\/wp\/v2\/tags?post=3283"}],"curies":[{"name":"wp","href":"https:\/\/api.w.org\/{rel}","templated":true}]}}