{"id":3300,"date":"2021-04-10T12:06:00","date_gmt":"2021-04-10T11:06:00","guid":{"rendered":"https:\/\/lwid.dk\/?p=3300"},"modified":"2026-09-01T18:34:28","modified_gmt":"2026-09-01T17:34:28","slug":"in-trei-ani-firma-lui-stefan-a-avut-o-cifra-de-afaceri-de-16-milioane-dkk","status":"publish","type":"post","link":"https:\/\/lwid.dk\/ro\/in-trei-ani-firma-lui-stefan-a-avut-o-cifra-de-afaceri-de-16-milioane-dkk\/","title":{"rendered":"\u00cen trei ani, firma lui Stefan a avut o cifr\u0103 de afaceri de 16 milioane DKK"},"content":{"rendered":"\r\n<figure class=\"wp-block-image size-full\"><img loading=\"lazy\" decoding=\"async\" width=\"788\" height=\"625\" class=\"wp-image-3301\" src=\"https:\/\/lwid.dk\/wp-content\/uploads\/2023\/10\/7.-Stefans-virksomhed-.png\" alt=\"\" srcset=\"https:\/\/lwid.dk\/wp-content\/uploads\/2023\/10\/7.-Stefans-virksomhed-.png 788w, https:\/\/lwid.dk\/wp-content\/uploads\/2023\/10\/7.-Stefans-virksomhed--300x238.png 300w, https:\/\/lwid.dk\/wp-content\/uploads\/2023\/10\/7.-Stefans-virksomhed--768x609.png 768w, https:\/\/lwid.dk\/wp-content\/uploads\/2023\/10\/7.-Stefans-virksomhed--150x119.png 150w, https:\/\/lwid.dk\/wp-content\/uploads\/2023\/10\/7.-Stefans-virksomhed--696x552.png 696w\" sizes=\"auto, (max-width: 788px) 100vw, 788px\" \/><\/figure>\r\n\r\n\r\n\r\n<p class=\"wp-block-paragraph\">Articol publicat in\u00a0 B.dk Fie Dandanell, la data de 10 aprilie 2021<\/p>\r\n\r\n\r\n\r\n<p class=\"wp-block-paragraph\">Rom\u00e2nul Stefan Polexe, \u00een v\u00e2rst\u0103 de 28 de ani, a fondat compania Novor\u00e9sum\u00e9 \u00een camera sa de c\u0103min \u00een 2016. Trei ani mai t\u00e2rziu, a avut o cifr\u0103 de afaceri de 16 milioane DKK.<\/p>\r\n\r\n\r\n\r\n<p class=\"wp-block-paragraph\">Rom\u00e2nul \u0218tefan Polexe a venit \u00een Danemarca s\u0103 studieze, iar la 23 de ani s-a a\u0219ezat cu tovar\u0103\u0219ii s\u0103i \u0219i s-a \u00eentrebat de ce prietenii lor califica\u021bi nu au primit joburile pe care le c\u0103utau. Acest lucru i-a determinat s\u0103 \u00eenfiin\u021beze Novor\u00e9sum\u00e9.<\/p>\r\n\r\n\r\n\r\n<p class=\"wp-block-paragraph\">Novor\u00e9sum\u00e9 este o platform\u0103 care \u00eei ajut\u0103 pe cei care caut\u0103 un loc de munc\u0103 s\u0103 creeze un CV profesional. Ast\u0103zi, \u0218tefan Polexe este directorul general al companiei.<\/p>\r\n\r\n\r\n\r\n<p class=\"wp-block-paragraph\">\u201e\u00cenc\u0103 de la \u00eenceput, c\u00e2nd biroul nostru era \u00eenc\u0103 o camer\u0103 de c\u0103min, a condus compania cu un calm stoic \u0219i o abordare flexibil\u0103. Pe m\u0103sur\u0103 ce compania s-a dezvoltat \u0219i a crescut, \u0218tefan a \u00eenv\u0103\u021bat noi stiluri de management, pe care le-a combinat \u0219i adaptat \u00een moduri noi pentru a se potrivi diferitelor faze ale cre\u0219terii companiei\u201d, spun co-fondatorii s\u0103i, Andrei Kurtuy \u0219i Christian Letai.<\/p>\r\n","protected":false},"excerpt":{"rendered":"<p>Articol publicat in\u00a0 B.dk Fie Dandanell, la data de 10 aprilie 2021 Rom\u00e2nul Stefan Polexe, \u00een v\u00e2rst\u0103 de 28 de ani, a fondat compania Novor\u00e9sum\u00e9 \u00een camera sa de c\u0103min \u00een 2016. Trei ani mai t\u00e2rziu, a avut o cifr\u0103 de afaceri de 16 milioane DKK. Rom\u00e2nul \u0218tefan Polexe a venit \u00een Danemarca s\u0103 studieze, [&hellip;]<\/p>\n","protected":false},"author":11,"featured_media":3301,"comment_status":"open","ping_status":"closed","sticky":false,"template":"","format":"standard","meta":{"_acf_changed":false,"_themeisle_gutenberg_block_has_review":false,"_jetpack_newsletter_access":"","_jetpack_dont_email_post_to_subs":false,"_jetpack_newsletter_tier_id":0,"_jetpack_memberships_contains_paywalled_content":false,"_jetpack_feature_clip_id":0,"_jetpack_memberships_contains_paid_content":false,"footnotes":"","jetpack_post_was_ever_published":false,"_members_access_role":[],"_members_access_error":""},"categories":[878,142],"tags":[398,1006],"class_list":["post-3300","post","type-post","status-publish","format-standard","has-post-thumbnail","category-navigarea-in-danemarca","category-povesti-nespuse","tag-afaceri","tag-interviuri"],"acf":[],"jetpack_sharing_enabled":true,"jetpack-related-posts":[{"id":3335,"url":"https:\/\/lwid.dk\/ro\/andrei-pavel-preia-functia-de-director-general-al-ingleby-farms\/","url_meta":{"origin":3300,"position":0},"title":"Andrei Pavel preia func\u021bia de director general al Ingleby Farms","author":"Sorina Floroiu","date":"3 iunie 2021","format":false,"excerpt":"Articol publicat in Agriwatch.dk Thomas R\u00f8nsholdt M\u00f8rch, la data de 3 iunie 2021 Rezumat: Hans Henrik Koefoed, \u00een v\u00e2rst\u0103 de 65 de ani, pred\u0103 func\u021bia de director general al grupului agricol interna\u021bional Ingleby c\u0103tre rom\u00e2nul Andrei Pavel, \u00een v\u00e2rst\u0103 de 39 de ani, marc\u00e2nd o schimbare genera\u021bional\u0103 dup\u0103 16 ani\u2026","rel":"","context":"\u00cen \u201eNavigarea \u00een Danemarca\u201d","block_context":{"text":"Navigarea \u00een Danemarca","link":"https:\/\/lwid.dk\/ro\/category\/navigarea-in-danemarca\/"},"img":{"alt_text":"","src":"https:\/\/i0.wp.com\/lwid.dk\/wp-content\/uploads\/2023\/10\/12.png?resize=350%2C200&ssl=1","width":350,"height":200,"srcset":"https:\/\/i0.wp.com\/lwid.dk\/wp-content\/uploads\/2023\/10\/12.png?resize=350%2C200&ssl=1 1x, https:\/\/i0.wp.com\/lwid.dk\/wp-content\/uploads\/2023\/10\/12.png?resize=525%2C300&ssl=1 1.5x"},"classes":[]},{"id":21903,"url":"https:\/\/lwid.dk\/ro\/fotbal-solidaritate-si-speranta-evenimentul-impreuna-putem-reusi\/","url_meta":{"origin":3300,"position":1},"title":"Fotbal, solidaritate \u0219i speran\u021b\u0103 &#8211; Evenimentul \u201e\u00cempreun\u0103 putem reu\u0219i\u201d","author":"Sebastian Florian","date":"16 august 2025","format":false,"excerpt":"S\u00e2mb\u0103t\u0103, 23 august, pe terenul de fotbal din Tvingstrup, Horsens, comunitatea rom\u00e2neasc\u0103 din Danemarca se adun\u0103 pentru o zi de fotbal, voie bun\u0103 \u0219i solidaritate, \u00een sprijinul unei cauze nobile: str\u00e2ngerea de fonduri pentru opera\u021bia lui \u0218tefan, un b\u0103ie\u021bel de doar 4 ani \u0219i 8 luni care sufer\u0103 de epilepsie\u2026","rel":"","context":"\u00cen \u201eNavigarea \u00een Danemarca\u201d","block_context":{"text":"Navigarea \u00een Danemarca","link":"https:\/\/lwid.dk\/ro\/category\/navigarea-in-danemarca\/"},"img":{"alt_text":"","src":"https:\/\/i0.wp.com\/lwid.dk\/wp-content\/uploads\/2025\/08\/unnamed-12.png?resize=350%2C200&ssl=1","width":350,"height":200},"classes":[]},{"id":13449,"url":"https:\/\/lwid.dk\/ro\/coltul-antreprenorului-saptamana-8\/","url_meta":{"origin":3300,"position":2},"title":"Col\u021bul antreprenorului &#8211; S\u0103pt\u0103m\u00e2na 8","author":"Anda Macovei","date":"25 februarie 2024","format":false,"excerpt":"Pentru interna\u021bionalii care doresc s\u0103 \u00ee\u0219i \u00eenceap\u0103 propria afacere \u00een Danemarca: Particip\u0103 la cursul de 4 ateliere organizat de Institutul pentru Dezvoltare Aalborg \u00een Billund, pentru a \u00eenv\u0103\u021ba pas cu pas cum s\u0103 \u00ee\u021bi cl\u0103de\u0219ti afacerea. Participarea este gratuit\u0103. \u00censcrie-te aici. Pentru tinerii sub 41 de ani care doresc o\u2026","rel":"","context":"\u00cen \u201eNavigarea \u00een Danemarca\u201d","block_context":{"text":"Navigarea \u00een Danemarca","link":"https:\/\/lwid.dk\/ro\/category\/navigarea-in-danemarca\/"},"img":{"alt_text":"Coltul antreprenorului Last Week in Denmark","src":"https:\/\/i0.wp.com\/lwid.dk\/wp-content\/uploads\/2024\/01\/coltul_antreprenorului_last_week_in_denmark.jpg?resize=350%2C200&ssl=1","width":350,"height":200,"srcset":"https:\/\/i0.wp.com\/lwid.dk\/wp-content\/uploads\/2024\/01\/coltul_antreprenorului_last_week_in_denmark.jpg?resize=350%2C200&ssl=1 1x, https:\/\/i0.wp.com\/lwid.dk\/wp-content\/uploads\/2024\/01\/coltul_antreprenorului_last_week_in_denmark.jpg?resize=525%2C300&ssl=1 1.5x"},"classes":[]},{"id":5273,"url":"https:\/\/lwid.dk\/ro\/romanul-darius-a-economisit-de-la-momentul-in-care-a-trecut-granita-in-2011-acum-isi-indeplineste-visul-danez\/","url_meta":{"origin":3300,"position":3},"title":"Rom\u00e2nul Darius a economisit de la momentul \u00een care a trecut grani\u021ba \u00een 2011: Acum \u00ee\u0219i \u00eendepline\u0219te visul danez","author":"Sorina Floroiu","date":"15 ianuarie 2022","format":false,"excerpt":"Articol publicat in Lokalavisenassens.dk la data de 15 ianuarie 2022 Rezumat:\u00a0 Darius Bura \u0219i partenera sa au ajuns \u00een Danemarca acum zece ani, cu visul de a deschide propriul service auto. Dup\u0103 economisirea banilor \u0219i calificarea ca mecanic \u00een \u021bara natal\u0103, luni, 17 ianuarie, \u0219i-au \u00eendeplinit visul prin deschiderea DB\u2026","rel":"","context":"\u00cen \u201eNavigarea \u00een Danemarca\u201d","block_context":{"text":"Navigarea \u00een Danemarca","link":"https:\/\/lwid.dk\/ro\/category\/navigarea-in-danemarca\/"},"img":{"alt_text":"","src":"https:\/\/i0.wp.com\/lwid.dk\/wp-content\/uploads\/2023\/11\/2.-DARIUS.png?resize=350%2C200&ssl=1","width":350,"height":200,"srcset":"https:\/\/i0.wp.com\/lwid.dk\/wp-content\/uploads\/2023\/11\/2.-DARIUS.png?resize=350%2C200&ssl=1 1x, https:\/\/i0.wp.com\/lwid.dk\/wp-content\/uploads\/2023\/11\/2.-DARIUS.png?resize=525%2C300&ssl=1 1.5x, https:\/\/i0.wp.com\/lwid.dk\/wp-content\/uploads\/2023\/11\/2.-DARIUS.png?resize=700%2C400&ssl=1 2x"},"classes":[]},{"id":5313,"url":"https:\/\/lwid.dk\/ro\/la-2-000-km-distanta-de-familia-sa-oana-deicu-a-avut-o-idee-acum-a-scos-firma-de-familie-infiintata-in-1913-din-criza-locurilor-de-munca\/","url_meta":{"origin":3300,"position":4},"title":"La 2.000 km distan\u021b\u0103 de familia sa, Oana Deicu a avut o idee: acum a scos firma de familie \u00eenfiin\u021bat\u0103 \u00een 1913 din criza locurilor de munc\u0103","author":"Sorina Floroiu","date":"14 martie 2022","format":false,"excerpt":"Articol publicat in Jyllands-posten.dk la data de 14 martie 2022.\u00a0 (Acesta este un extras) \u00cen timpul crizei corona, compania de familie a concediat aproape fiecare al treilea angajat. Oana Deicu a fost destul de timid\u0103 c\u00e2nd a venit \u00een Danemarca \u00een 2015. Ea c\u0103l\u0103torise la 2.000 de kilometri dep\u0103rtare de\u2026","rel":"","context":"\u00cen \u201eNavigarea \u00een Danemarca\u201d","block_context":{"text":"Navigarea \u00een Danemarca","link":"https:\/\/lwid.dk\/ro\/category\/navigarea-in-danemarca\/"},"img":{"alt_text":"","src":"https:\/\/i0.wp.com\/lwid.dk\/wp-content\/uploads\/2023\/11\/8.-Oana-Deicu-.png?resize=350%2C200&ssl=1","width":350,"height":200,"srcset":"https:\/\/i0.wp.com\/lwid.dk\/wp-content\/uploads\/2023\/11\/8.-Oana-Deicu-.png?resize=350%2C200&ssl=1 1x, https:\/\/i0.wp.com\/lwid.dk\/wp-content\/uploads\/2023\/11\/8.-Oana-Deicu-.png?resize=525%2C300&ssl=1 1.5x, https:\/\/i0.wp.com\/lwid.dk\/wp-content\/uploads\/2023\/11\/8.-Oana-Deicu-.png?resize=700%2C400&ssl=1 2x"},"classes":[]},{"id":2992,"url":"https:\/\/lwid.dk\/ro\/romanul-viorel-locuieste-si-lucreaza-in-danemarca-dar-primeste-un-salariu-mai-mic-decat-colegii-sai-danezi-rumaenske-viorel-bor-og-arbejder-i-danmark-men-far-lavere-lon-end-sine-danske-kollegaer\/","url_meta":{"origin":3300,"position":5},"title":"Rom\u00e2nul Viorel locuie\u0219te \u0219i lucreaz\u0103 \u00een Danemarca &#8211; dar prime\u0219te un salariu mai mic dec\u00e2t colegii s\u0103i danezi \/ Rum\u00e6nske Viorel bor og arbejder i Danmark &#8211; men f\u00e5r lavere l\u00f8n end sine danske kollegaer","author":"Sorina Floroiu","date":"3 februarie 2020","format":false,"excerpt":"Articol publicat in DR.dk la data de 3 februarie 2020 Traducere: Rom\u00e2nul Viorel locuie\u0219te \u0219i lucreaz\u0103 \u00een Danemarca - dar prime\u0219te un salariu mai mic dec\u00e2t colegii s\u0103i danezi Salariul minim este un punct crucial de disput\u0103 \u00een negocierile contractuale. Viorel Oprea este originar din Rom\u00e2nia \u0219i locuie\u0219te \u00eempreun\u0103 cu\u2026","rel":"","context":"\u00cen \u201eNavigarea \u00een Danemarca\u201d","block_context":{"text":"Navigarea \u00een Danemarca","link":"https:\/\/lwid.dk\/ro\/category\/navigarea-in-danemarca\/"},"img":{"alt_text":"","src":"https:\/\/i0.wp.com\/lwid.dk\/wp-content\/uploads\/2023\/11\/4.-Rumaenske-Viorel.jpg?resize=350%2C200&ssl=1","width":350,"height":200,"srcset":"https:\/\/i0.wp.com\/lwid.dk\/wp-content\/uploads\/2023\/11\/4.-Rumaenske-Viorel.jpg?resize=350%2C200&ssl=1 1x, https:\/\/i0.wp.com\/lwid.dk\/wp-content\/uploads\/2023\/11\/4.-Rumaenske-Viorel.jpg?resize=525%2C300&ssl=1 1.5x, https:\/\/i0.wp.com\/lwid.dk\/wp-content\/uploads\/2023\/11\/4.-Rumaenske-Viorel.jpg?resize=700%2C400&ssl=1 2x, https:\/\/i0.wp.com\/lwid.dk\/wp-content\/uploads\/2023\/11\/4.-Rumaenske-Viorel.jpg?resize=1050%2C600&ssl=1 3x, https:\/\/i0.wp.com\/lwid.dk\/wp-content\/uploads\/2023\/11\/4.-Rumaenske-Viorel.jpg?resize=1400%2C800&ssl=1 4x"},"classes":[]}],"jetpack_featured_media_url":"https:\/\/lwid.dk\/wp-content\/uploads\/2023\/10\/7.-Stefans-virksomhed-.png","_links":{"self":[{"href":"https:\/\/lwid.dk\/ro\/wp-json\/wp\/v2\/posts\/3300","targetHints":{"allow":["GET"]}}],"collection":[{"href":"https:\/\/lwid.dk\/ro\/wp-json\/wp\/v2\/posts"}],"about":[{"href":"https:\/\/lwid.dk\/ro\/wp-json\/wp\/v2\/types\/post"}],"author":[{"embeddable":true,"href":"https:\/\/lwid.dk\/ro\/wp-json\/wp\/v2\/users\/11"}],"replies":[{"embeddable":true,"href":"https:\/\/lwid.dk\/ro\/wp-json\/wp\/v2\/comments?post=3300"}],"version-history":[{"count":3,"href":"https:\/\/lwid.dk\/ro\/wp-json\/wp\/v2\/posts\/3300\/revisions"}],"predecessor-version":[{"id":28755,"href":"https:\/\/lwid.dk\/ro\/wp-json\/wp\/v2\/posts\/3300\/revisions\/28755"}],"wp:featuredmedia":[{"embeddable":true,"href":"https:\/\/lwid.dk\/ro\/wp-json\/wp\/v2\/media\/3301"}],"wp:attachment":[{"href":"https:\/\/lwid.dk\/ro\/wp-json\/wp\/v2\/media?parent=3300"}],"wp:term":[{"taxonomy":"category","embeddable":true,"href":"https:\/\/lwid.dk\/ro\/wp-json\/wp\/v2\/categories?post=3300"},{"taxonomy":"post_tag","embeddable":true,"href":"https:\/\/lwid.dk\/ro\/wp-json\/wp\/v2\/tags?post=3300"}],"curies":[{"name":"wp","href":"https:\/\/api.w.org\/{rel}","templated":true}]}}