{"id":3314,"date":"2021-05-08T12:18:00","date_gmt":"2021-05-08T11:18:00","guid":{"rendered":"https:\/\/lwid.dk\/?p=3314"},"modified":"2026-09-01T18:32:43","modified_gmt":"2026-09-01T17:32:43","slug":"romanca-doreste-sa-intre-in-politica","status":"publish","type":"post","link":"https:\/\/lwid.dk\/ro\/romanca-doreste-sa-intre-in-politica\/","title":{"rendered":"Rom\u00e2nc\u0103 dore\u0219te s\u0103 intre \u00een politic\u0103"},"content":{"rendered":"\r\n<figure class=\"wp-block-image size-full\"><img loading=\"lazy\" decoding=\"async\" width=\"537\" height=\"374\" class=\"wp-image-3315\" src=\"https:\/\/lwid.dk\/wp-content\/uploads\/2023\/10\/9.-.png\" alt=\"\" srcset=\"https:\/\/lwid.dk\/wp-content\/uploads\/2023\/10\/9.-.png 537w, https:\/\/lwid.dk\/wp-content\/uploads\/2023\/10\/9.--300x209.png 300w, https:\/\/lwid.dk\/wp-content\/uploads\/2023\/10\/9.--150x104.png 150w\" sizes=\"auto, (max-width: 537px) 100vw, 537px\" \/><\/figure>\r\n\r\n\r\n\r\n<p class=\"wp-block-paragraph\">Articol publicat in\u00a0 Nordjyske Thy-Mors Sektion 1 Side 4, la data de 8 mai 2021<\/p>\r\n\r\n\r\n\r\n<p class=\"wp-block-paragraph\">ALEGERI: Dup\u0103 14 ani \u00een Danemarca, Florina Elena Temes, Hvidbjerg, este preg\u0103tit\u0103 s\u0103 \u00eencerce politica municipal\u0103 la Mors pentru Socialdemokratiet. Absolvent\u0103 \u00een contabilitate \u0219i management de la Universitatea din Bucure\u0219ti. \u00cen prezent lucreaz\u0103 ca asistent\u0103 de cur\u0103\u021benie. Pentru alegerile municipale, Florina Elena Teres va lupta pentru solifificarea comunit\u0103\u021bii, acces egal pe pia\u021ba muncii, turism \u0219i accesibilitate la natur\u0103.<\/p>\r\n","protected":false},"excerpt":{"rendered":"<p>Articol publicat in\u00a0 Nordjyske Thy-Mors Sektion 1 Side 4, la data de 8 mai 2021 ALEGERI: Dup\u0103 14 ani \u00een Danemarca, Florina Elena Temes, Hvidbjerg, este preg\u0103tit\u0103 s\u0103 \u00eencerce politica municipal\u0103 la Mors pentru Socialdemokratiet. Absolvent\u0103 \u00een contabilitate \u0219i management de la Universitatea din Bucure\u0219ti. \u00cen prezent lucreaz\u0103 ca asistent\u0103 de cur\u0103\u021benie. Pentru alegerile municipale, [&hellip;]<\/p>\n","protected":false},"author":11,"featured_media":3315,"comment_status":"open","ping_status":"closed","sticky":false,"template":"","format":"standard","meta":{"_acf_changed":false,"_themeisle_gutenberg_block_has_review":false,"_jetpack_newsletter_access":"","_jetpack_dont_email_post_to_subs":false,"_jetpack_newsletter_tier_id":0,"_jetpack_memberships_contains_paywalled_content":false,"_jetpack_feature_clip_id":0,"_jetpack_memberships_contains_paid_content":false,"footnotes":"","jetpack_post_was_ever_published":false,"_members_access_role":[],"_members_access_error":""},"categories":[878,142],"tags":[1001,249],"class_list":["post-3314","post","type-post","status-publish","format-standard","has-post-thumbnail","category-navigarea-in-danemarca","category-povesti-nespuse","tag-diversitate-si-incluziune","tag-politica"],"acf":[],"jetpack_sharing_enabled":true,"jetpack-related-posts":[{"id":5408,"url":"https:\/\/lwid.dk\/ro\/elev-la-agricultura-a-ramas-in-danemarca\/","url_meta":{"origin":3314,"position":0},"title":"Elev la agricultur\u0103 a r\u0103mas \u00een Danemarca","author":"Sorina Floroiu","date":"2 noiembrie 2022","format":false,"excerpt":"Articol publicat \u00een Aars Avis la data de 2 noiembrie 2022 Rezumat: Elena Comandaru, elev\u0103 la agricultur\u0103 \u00een Ia\u0219i, Rom\u00e2nia, s-a mutat \u00een Danemarca \u00een 2008. Cu o experien\u021b\u0103 ini\u021bial\u0103 dificil\u0103 \u0219i \u00eendoieli cu privire la decizia de a r\u0103m\u00e2ne, ea a ales s\u0103 continue la \u0219coala de agricultur\u0103 Borris,\u2026","rel":"","context":"\u00cen \u201eNavigarea \u00een Danemarca\u201d","block_context":{"text":"Navigarea \u00een Danemarca","link":"https:\/\/lwid.dk\/ro\/category\/navigarea-in-danemarca\/"},"img":{"alt_text":"","src":"https:\/\/i0.wp.com\/lwid.dk\/wp-content\/uploads\/2023\/11\/22.-Landsbrug-elev-blev-i-Danmark.png?resize=350%2C200&ssl=1","width":350,"height":200},"classes":[]},{"id":4108,"url":"https:\/\/lwid.dk\/ro\/contele-dracula-trebuie-sa-i-ademeneasca-pe-romani-sa-se-vaccineze-dar-elena-prefera-sa-moara-natural-decat-sa-si-faca-vaccinul\/","url_meta":{"origin":3314,"position":1},"title":"Contele Dracula trebuie s\u0103-i ademeneasc\u0103 pe rom\u00e2ni s\u0103 se vaccineze &#8211; dar Elena prefer\u0103 s\u0103 \u201emoar\u0103 natural\u201d dec\u00e2t s\u0103-\u0219i fac\u0103 vaccinul","author":"Sorina Floroiu","date":"24 iunie 2021","format":false,"excerpt":"Articol publicat in DR, la data de 24 iunie 2021 Timp de zeci de ani, turi\u0219tii de aproape \u0219i de departe au vizitat Castelul Bran din mun\u021bii Transilvaniei Rom\u00e2niei pentru a-i arunca o privire contelui Dracula care suge s\u00e2ngele. Dar dac\u0103 vizita\u021bi legendarul castel ast\u0103zi, exist\u0103 o \u0219ans\u0103 mai mare\u2026","rel":"","context":"\u00cen \u201eNavigarea \u00een Danemarca\u201d","block_context":{"text":"Navigarea \u00een Danemarca","link":"https:\/\/lwid.dk\/ro\/category\/navigarea-in-danemarca\/"},"img":{"alt_text":"","src":"https:\/\/i0.wp.com\/lwid.dk\/wp-content\/uploads\/2023\/10\/17.-DRACULA-corona.png?resize=350%2C200&ssl=1","width":350,"height":200,"srcset":"https:\/\/i0.wp.com\/lwid.dk\/wp-content\/uploads\/2023\/10\/17.-DRACULA-corona.png?resize=350%2C200&ssl=1 1x, https:\/\/i0.wp.com\/lwid.dk\/wp-content\/uploads\/2023\/10\/17.-DRACULA-corona.png?resize=525%2C300&ssl=1 1.5x"},"classes":[]},{"id":5422,"url":"https:\/\/lwid.dk\/ro\/valentin-din-romania-este-indragostit-de-spiritul-de-voluntariat-din-danemarca\/","url_meta":{"origin":3314,"position":2},"title":"Valentin din Rom\u00e2nia este \u00eendr\u0103gostit de spiritul de voluntariat din Danemarca","author":"Sorina Floroiu","date":"25 noiembrie 2022","format":false,"excerpt":"Articol publicat \u00een Skive Folkeblad la data de 25 noiembrie 2022.\u00a0 Rezumat: Valentin Vorobat, aflat \u00een Danemarca de 12 ani, a fost atras de voluntariat, implic\u00e2ndu-se activ \u00een diverse organiza\u021bii \u0219i activit\u0103\u021bi comunitare. El consider\u0103 c\u0103 prin exemplul s\u0103u poate inspira \u0219i al\u021bi rom\u00e2ni s\u0103 participe la via\u021ba comunitar\u0103 din\u2026","rel":"","context":"\u00cen \u201eNavigarea \u00een Danemarca\u201d","block_context":{"text":"Navigarea \u00een Danemarca","link":"https:\/\/lwid.dk\/ro\/category\/navigarea-in-danemarca\/"},"img":{"alt_text":"","src":"https:\/\/i0.wp.com\/lwid.dk\/wp-content\/uploads\/2023\/11\/24.-Valentin.png?resize=350%2C200&ssl=1","width":350,"height":200,"srcset":"https:\/\/i0.wp.com\/lwid.dk\/wp-content\/uploads\/2023\/11\/24.-Valentin.png?resize=350%2C200&ssl=1 1x, https:\/\/i0.wp.com\/lwid.dk\/wp-content\/uploads\/2023\/11\/24.-Valentin.png?resize=525%2C300&ssl=1 1.5x, https:\/\/i0.wp.com\/lwid.dk\/wp-content\/uploads\/2023\/11\/24.-Valentin.png?resize=700%2C400&ssl=1 2x"},"classes":[]},{"id":16059,"url":"https:\/\/lwid.dk\/ro\/perspective-asupra-stilului-de-viata-danez-saptamana-19\/","url_meta":{"origin":3314,"position":3},"title":"Perspective asupra stilului de via\u021b\u0103 danez &#8211; S\u0103pt\u0103m\u00e2na 19","author":"Catalina Anapios","date":"12 mai 2024","format":false,"excerpt":"Gl\u00e6delig mors dag! Pentru Danemarca, Ziua Mamei este s\u0103rb\u0103torit\u0103 \u00eentotdeauna \u00een a 2-a duminic\u0103 a lunii mai, care anul acesta cade pe 12 mai. Aceast\u0103 dat\u0103 coincide cu prima Zi a Mamei din 1929, c\u00e2nd ofi\u021berul Christian Svenningsen a importat s\u0103rb\u0103toarea din Statele Unite. Ini\u021bial, inten\u021bia a fost de a\u2026","rel":"","context":"\u00cen \u201eNavigarea \u00een Danemarca\u201d","block_context":{"text":"Navigarea \u00een Danemarca","link":"https:\/\/lwid.dk\/ro\/category\/navigarea-in-danemarca\/"},"img":{"alt_text":"Viata de zi cu zi in Danemarca Last Week in Denmark","src":"https:\/\/i0.wp.com\/lwid.dk\/wp-content\/uploads\/2023\/12\/Viata-de-zi-cu-zi-in-Danemarca.jpg?resize=350%2C200&ssl=1","width":350,"height":200,"srcset":"https:\/\/i0.wp.com\/lwid.dk\/wp-content\/uploads\/2023\/12\/Viata-de-zi-cu-zi-in-Danemarca.jpg?resize=350%2C200&ssl=1 1x, https:\/\/i0.wp.com\/lwid.dk\/wp-content\/uploads\/2023\/12\/Viata-de-zi-cu-zi-in-Danemarca.jpg?resize=525%2C300&ssl=1 1.5x"},"classes":[]},{"id":3201,"url":"https:\/\/lwid.dk\/ro\/zsolt-in-varsta-de-19-ani-din-romania-studiaza-in-danemarca-su-este-necesar-19-arige-zsolt-fra-rumaenien-laeser-i-danmark-su-er-nodvendigt\/","url_meta":{"origin":3314,"position":4},"title":"Zsolt, \u00een v\u00e2rst\u0103 de 19 ani, din Rom\u00e2nia, studiaz\u0103 \u00een Danemarca: SU este necesar \/ 19-\u00e5rige Zsolt fra Rum\u00e6nien l\u00e6ser i Danmark: SU er n\u00f8dvendigt","author":"Sorina Floroiu","date":"29 septembrie 2020","format":false,"excerpt":"Articol publicat \u00een Berlingske la data de 29 septembrie 2020\u00a0 Subiectul articolului: Zsolt Kozma, un t\u00e2n\u0103r rom\u00e2n \u00een v\u00e2rst\u0103 de 19 ani, prime\u0219te ajutor financiar pentru studii (SU) \u00een timp ce studiaz\u0103 la KEA \u00een Copenhaga ca cet\u0103\u021bean al Uniunii Europene. Pentru a beneficia de acest ajutor financiar, el trebuie\u2026","rel":"","context":"\u00cen \u201eNavigarea \u00een Danemarca\u201d","block_context":{"text":"Navigarea \u00een Danemarca","link":"https:\/\/lwid.dk\/ro\/category\/navigarea-in-danemarca\/"},"img":{"alt_text":"","src":"https:\/\/i0.wp.com\/lwid.dk\/wp-content\/uploads\/2023\/10\/27.-Zsoltpng.png?resize=350%2C200&ssl=1","width":350,"height":200,"srcset":"https:\/\/i0.wp.com\/lwid.dk\/wp-content\/uploads\/2023\/10\/27.-Zsoltpng.png?resize=350%2C200&ssl=1 1x, https:\/\/i0.wp.com\/lwid.dk\/wp-content\/uploads\/2023\/10\/27.-Zsoltpng.png?resize=525%2C300&ssl=1 1.5x"},"classes":[]},{"id":739,"url":"https:\/\/lwid.dk\/partea-12-ce-cetatenie-are-bebelusul-tau-descriere-pas-cu-pas-pentru-actele-necesare-bebelusului-nascut-in-danemarca\/","url_meta":{"origin":3314,"position":5},"title":"Partea 12: ce cet\u0103\u021benie are bebelu\u0219ul t\u0103u? Descriere pas cu pas pentru actele necesare bebelu\u0219ului n\u0103scut \u00een Danemarca","author":"Alina Racila","date":"14 mai 2022","format":false,"excerpt":"S-a n\u0103scut \u0219i bebelu\u0219ul nostru \u0219i a ap\u0103rut o \u00eentrebare serioas\u0103: cum \u00eei facem actele? Ei bine, o s\u0103 descriu pas cu pas cum s\u0103-i faci actele unui copil n\u0103scut \u00een Danemarca, care nu este cet\u0103\u021bean danez, dar are cet\u0103\u021benia unui stat din UE. Urmeaz\u0103 linkurile din descriere.\u00a0 1. copiii\u2026","rel":"","context":"Articol similar","block_context":{"text":"Articol similar","link":""},"img":{"alt_text":"","src":"","width":0,"height":0},"classes":[]}],"jetpack_featured_media_url":"https:\/\/lwid.dk\/wp-content\/uploads\/2023\/10\/9.-.png","_links":{"self":[{"href":"https:\/\/lwid.dk\/ro\/wp-json\/wp\/v2\/posts\/3314","targetHints":{"allow":["GET"]}}],"collection":[{"href":"https:\/\/lwid.dk\/ro\/wp-json\/wp\/v2\/posts"}],"about":[{"href":"https:\/\/lwid.dk\/ro\/wp-json\/wp\/v2\/types\/post"}],"author":[{"embeddable":true,"href":"https:\/\/lwid.dk\/ro\/wp-json\/wp\/v2\/users\/11"}],"replies":[{"embeddable":true,"href":"https:\/\/lwid.dk\/ro\/wp-json\/wp\/v2\/comments?post=3314"}],"version-history":[{"count":3,"href":"https:\/\/lwid.dk\/ro\/wp-json\/wp\/v2\/posts\/3314\/revisions"}],"predecessor-version":[{"id":28753,"href":"https:\/\/lwid.dk\/ro\/wp-json\/wp\/v2\/posts\/3314\/revisions\/28753"}],"wp:featuredmedia":[{"embeddable":true,"href":"https:\/\/lwid.dk\/ro\/wp-json\/wp\/v2\/media\/3315"}],"wp:attachment":[{"href":"https:\/\/lwid.dk\/ro\/wp-json\/wp\/v2\/media?parent=3314"}],"wp:term":[{"taxonomy":"category","embeddable":true,"href":"https:\/\/lwid.dk\/ro\/wp-json\/wp\/v2\/categories?post=3314"},{"taxonomy":"post_tag","embeddable":true,"href":"https:\/\/lwid.dk\/ro\/wp-json\/wp\/v2\/tags?post=3314"}],"curies":[{"name":"wp","href":"https:\/\/api.w.org\/{rel}","templated":true}]}}