{"id":3321,"date":"2021-06-08T12:20:00","date_gmt":"2021-06-08T11:20:00","guid":{"rendered":"https:\/\/lwid.dk\/?p=3321"},"modified":"2026-09-01T18:24:12","modified_gmt":"2026-09-01T17:24:12","slug":"roman-lider-la-ferma-de-porci-m-am-integrat-bine-in-danemarca","status":"publish","type":"post","link":"https:\/\/lwid.dk\/ro\/roman-lider-la-ferma-de-porci-m-am-integrat-bine-in-danemarca\/","title":{"rendered":"Rom\u00e2n \/ lider la ferm\u0103 de porci. M-am integrat bine in Danemarca"},"content":{"rendered":"\r\n<figure class=\"wp-block-image size-full\"><img loading=\"lazy\" decoding=\"async\" width=\"946\" height=\"804\" class=\"wp-image-3322\" src=\"https:\/\/lwid.dk\/wp-content\/uploads\/2023\/10\/10.png\" alt=\"\" srcset=\"https:\/\/lwid.dk\/wp-content\/uploads\/2023\/10\/10.png 946w, https:\/\/lwid.dk\/wp-content\/uploads\/2023\/10\/10-300x255.png 300w, https:\/\/lwid.dk\/wp-content\/uploads\/2023\/10\/10-768x653.png 768w, https:\/\/lwid.dk\/wp-content\/uploads\/2023\/10\/10-150x127.png 150w, https:\/\/lwid.dk\/wp-content\/uploads\/2023\/10\/10-696x592.png 696w\" sizes=\"auto, (max-width: 946px) 100vw, 946px\" \/><\/figure>\r\n\r\n\r\n\r\n<p class=\"wp-block-paragraph\">Articol publicat in LandbrugsAvisen.dk Morten Thomsen, la data de 8 iunie 2021<\/p>\r\n\r\n\r\n\r\n<p class=\"wp-block-paragraph\">Catalin Mihai Panaite a venit \u00een Danemarca din Rom\u00e2nia \u00een 2007. In 2009 a fost angajat la Aage Lauritzen. Ast\u0103zi, el este director de opera\u021biuni pentru \u0219ase angaja\u021bi \u0219i produc\u021bie de purcei mari \u0219i porci de \u00eengr\u0103\u0219at.<\/p>\r\n\r\n\r\n\r\n<p class=\"wp-block-paragraph\">C\u0103t\u0103lin Mihai Panaite este director de opera\u021biuni a trei propriet\u0103\u021bi cu porci de \u00eengr\u0103\u0219at cu un total de \u0219ase angaja\u021bi, to\u021bi venind din Rom\u00e2nia. C\u00e2\u021biva dintre ei sunt prietenii sau cunoscu\u021bii lui.<\/p>\r\n\r\n\r\n\r\n<p class=\"wp-block-paragraph\">\u201ePoate fi un act de echilibru a decide asupra prietenilor cuiva, dar \u00eentotdeauna \u00eencep prin a afirma c\u0103 eu sunt cel care decid\u201d, spune el cu o sclipire \u00een ochi.<\/p>\r\n\r\n\r\n\r\n<p class=\"wp-block-paragraph\">Se \u00eent\u00e2lnesc la 07 \u0219i distribuie echipajul pe cele trei propriet\u0103\u021bi dup\u0103 cum este necesar. C\u00e2nd vine vorba de livrarea porcilor de \u00eengr\u0103\u0219at, ace\u0219tia depind de momentul \u00een care camionerul colecteaz\u0103 porcii.<\/p>\r\n\r\n\r\n\r\n<p class=\"wp-block-paragraph\">\u201eDe multe ori sun la departamentul de transport s\u0103 aflu c\u00e2nd ridic\u0103 porcii. Este de mare importan\u021b\u0103 pentru planificarea noastr\u0103&#8217;, spune el.<\/p>\r\n\r\n\r\n\r\n<p class=\"wp-block-paragraph\">C\u0103t\u0103lin Mihai Panaite nu are preg\u0103tire oficial\u0103 \u00een agricultur\u0103, dar \u00eenva\u021b\u0103 de la angajatorul s\u0103u, Aage Lauritzen, \u0219i c\u00e2nd \u00eel viziteaz\u0103 medicul veterinar.<\/p>\r\n\r\n\r\n\r\n<p class=\"wp-block-paragraph\">Lu\u00e2nd \u00een considerare cump\u0103rarea unei case<\/p>\r\n\r\n\r\n\r\n<p class=\"wp-block-paragraph\">Pe l\u00e2ng\u0103 sarcinile obi\u0219nuite, trebuie s\u0103 existe \u00eentotdeauna timp pentru a v\u0103 ocupa de repara\u021bii.<\/p>\r\n\r\n\r\n\r\n<p class=\"wp-block-paragraph\">\u201e\u00cemi place s\u0103 repar sistemele de alimentare \u0219i este foarte important s\u0103 func\u021bioneze tot timpul\u201d, subliniaz\u0103 el.<\/p>\r\n\r\n\r\n\r\n<p class=\"wp-block-paragraph\">Are flerul tehnic \u0219i interesul pentru mecanic\u0103 de la tat\u0103l s\u0103u, care lucra ca electrician.<\/p>\r\n\r\n\r\n\r\n<p class=\"wp-block-paragraph\">Daneza lui este acum at\u00e2t de bun\u0103 \u00eenc\u00e2t gestioneaz\u0103 majoritatea conversa\u021biilor telefonice \u00een danez\u0103.<\/p>\r\n\r\n\r\n\r\n<p class=\"wp-block-paragraph\">Nu are nicio preg\u0103tire \u00een produc\u021bia de porci \u00een afar\u0103 de cursul de medicin\u0103, dar nici nu crede c\u0103 \u00eei lipse\u0219te.<\/p>\r\n\r\n\r\n\r\n<p class=\"wp-block-paragraph\">\u201eAm primit o preg\u0103tire bun\u0103 de la colegii mei de aici \u0219i discut continuu despre produc\u021bie cu Aage \u0219i cu medicul veterinar\u201d, explic\u0103 el.<\/p>\r\n\r\n\r\n\r\n<p class=\"wp-block-paragraph\">El subliniaz\u0103 stabilitatea \u00een angajare \u0219i sarcinile variate din via\u021ba de zi cu zi.<\/p>\r\n\r\n\r\n\r\n<p class=\"wp-block-paragraph\">\u201eAm ambele p\u0103r\u021bi aici, la Aage. \u00cemi pot imagina foarte bine c\u0103 voi r\u0103m\u00e2ne aici mul\u021bi ani&#8217;, spune el.<\/p>\r\n\r\n\r\n\r\n<p class=\"wp-block-paragraph\">\u00cen prezent, el \u0219i so\u021bia lui se g\u00e2ndesc s\u0103 cumpere o cas\u0103 \u00een loc s\u0103 o \u00eenchirieze.<\/p>\r\n","protected":false},"excerpt":{"rendered":"<p>Articol publicat in LandbrugsAvisen.dk Morten Thomsen, la data de 8 iunie 2021 Catalin Mihai Panaite a venit \u00een Danemarca din Rom\u00e2nia \u00een 2007. In 2009 a fost angajat la Aage Lauritzen. Ast\u0103zi, el este director de opera\u021biuni pentru \u0219ase angaja\u021bi \u0219i produc\u021bie de purcei mari \u0219i porci de \u00eengr\u0103\u0219at. C\u0103t\u0103lin Mihai Panaite este director de [&hellip;]<\/p>\n","protected":false},"author":11,"featured_media":3322,"comment_status":"open","ping_status":"closed","sticky":false,"template":"","format":"standard","meta":{"_acf_changed":false,"_themeisle_gutenberg_block_has_review":false,"_jetpack_newsletter_access":"","_jetpack_dont_email_post_to_subs":false,"_jetpack_newsletter_tier_id":0,"_jetpack_memberships_contains_paywalled_content":false,"_jetpack_feature_clip_id":0,"_jetpack_memberships_contains_paid_content":false,"footnotes":"","jetpack_post_was_ever_published":false,"_members_access_role":[],"_members_access_error":""},"categories":[878,142],"tags":[1001,1012],"class_list":["post-3321","post","type-post","status-publish","format-standard","has-post-thumbnail","category-navigarea-in-danemarca","category-povesti-nespuse","tag-diversitate-si-incluziune","tag-ocuparea-fortei-de-munca"],"acf":[],"jetpack_sharing_enabled":true,"jetpack-related-posts":[{"id":4186,"url":"https:\/\/lwid.dk\/ro\/cum-sa-va-integrati-angajatii-din-strainatate\/","url_meta":{"origin":3321,"position":0},"title":"Cum s\u0103 v\u0103 integra\u021bi angaja\u021bii din str\u0103in\u0103tate","author":"Sorina Floroiu","date":"5 august 2021","format":false,"excerpt":"Articol publicat in Vsp.lf.dk (Videncenter for Svineproduktion), la data de 5 august 2021 O mare parte dintre produc\u0103torii danezi de porci angajeaz\u0103 deja angaja\u021bi interna\u021bionali - \u0219i unii se uit\u0103 la Ucraina \u0219i Rom\u00e2nia, printre altele, atunci c\u00e2nd au nevoie s\u0103 recruteze angaja\u021bi. Dar cum integrezi rapid ace\u0219ti angaja\u021bi la\u2026","rel":"","context":"\u00cen \u201eNavigarea \u00een Danemarca\u201d","block_context":{"text":"Navigarea \u00een Danemarca","link":"https:\/\/lwid.dk\/ro\/category\/navigarea-in-danemarca\/"},"img":{"alt_text":"","src":"https:\/\/i0.wp.com\/lwid.dk\/wp-content\/uploads\/2023\/10\/26.png?resize=350%2C200&ssl=1","width":350,"height":200,"srcset":"https:\/\/i0.wp.com\/lwid.dk\/wp-content\/uploads\/2023\/10\/26.png?resize=350%2C200&ssl=1 1x, https:\/\/i0.wp.com\/lwid.dk\/wp-content\/uploads\/2023\/10\/26.png?resize=525%2C300&ssl=1 1.5x, https:\/\/i0.wp.com\/lwid.dk\/wp-content\/uploads\/2023\/10\/26.png?resize=700%2C400&ssl=1 2x, https:\/\/i0.wp.com\/lwid.dk\/wp-content\/uploads\/2023\/10\/26.png?resize=1050%2C600&ssl=1 3x"},"classes":[]},{"id":3103,"url":"https:\/\/lwid.dk\/ro\/proprietar-de-ferma-a-inselat-un-angajat-cu-privire-la-pensie-godsejer-snod-medarbejder-for-pension\/","url_meta":{"origin":3321,"position":1},"title":"Proprietar de ferm\u0103 a \u00een\u0219elat un angajat cu privire la pensie \/ Godsejer sn\u00f8d medarbejder for pension","author":"Sorina Floroiu","date":"7 martie 2020","format":false,"excerpt":"Articol publicat in Dagbladet Holstebro la data de 7 martie 2020. Subiectul articolului:\u00a0 Un angajat rom\u00e2n din agricultur\u0103 a primit o plat\u0103 retroactiv\u0103 de 100.000 de coroane daneze \u00een pensie, gra\u021bie interven\u021biei sindicatului 3F. Angajatorul a \u00eencercat s\u0103 evite obliga\u021biile prev\u0103zute de contractul colectiv de munc\u0103, dar 3F a ob\u021binut\u2026","rel":"","context":"\u00cen \u201eNavigarea \u00een Danemarca\u201d","block_context":{"text":"Navigarea \u00een Danemarca","link":"https:\/\/lwid.dk\/ro\/category\/navigarea-in-danemarca\/"},"img":{"alt_text":"","src":"https:\/\/i0.wp.com\/lwid.dk\/wp-content\/uploads\/2023\/10\/13.-.png?resize=350%2C200&ssl=1","width":350,"height":200,"srcset":"https:\/\/i0.wp.com\/lwid.dk\/wp-content\/uploads\/2023\/10\/13.-.png?resize=350%2C200&ssl=1 1x, https:\/\/i0.wp.com\/lwid.dk\/wp-content\/uploads\/2023\/10\/13.-.png?resize=525%2C300&ssl=1 1.5x, https:\/\/i0.wp.com\/lwid.dk\/wp-content\/uploads\/2023\/10\/13.-.png?resize=700%2C400&ssl=1 2x"},"classes":[]},{"id":5408,"url":"https:\/\/lwid.dk\/ro\/elev-la-agricultura-a-ramas-in-danemarca\/","url_meta":{"origin":3321,"position":2},"title":"Elev la agricultur\u0103 a r\u0103mas \u00een Danemarca","author":"Sorina Floroiu","date":"2 noiembrie 2022","format":false,"excerpt":"Articol publicat \u00een Aars Avis la data de 2 noiembrie 2022 Rezumat: Elena Comandaru, elev\u0103 la agricultur\u0103 \u00een Ia\u0219i, Rom\u00e2nia, s-a mutat \u00een Danemarca \u00een 2008. Cu o experien\u021b\u0103 ini\u021bial\u0103 dificil\u0103 \u0219i \u00eendoieli cu privire la decizia de a r\u0103m\u00e2ne, ea a ales s\u0103 continue la \u0219coala de agricultur\u0103 Borris,\u2026","rel":"","context":"\u00cen \u201eNavigarea \u00een Danemarca\u201d","block_context":{"text":"Navigarea \u00een Danemarca","link":"https:\/\/lwid.dk\/ro\/category\/navigarea-in-danemarca\/"},"img":{"alt_text":"","src":"https:\/\/i0.wp.com\/lwid.dk\/wp-content\/uploads\/2023\/11\/22.-Landsbrug-elev-blev-i-Danmark.png?resize=350%2C200&ssl=1","width":350,"height":200},"classes":[]},{"id":4282,"url":"https:\/\/lwid.dk\/ro\/fiica-adolescenta-a-luat-decizia-si-si-a-adunat-familia-de-romani-la-skagen\/","url_meta":{"origin":3321,"position":3},"title":"Fiica adolescent\u0103 a luat decizia &#8211; \u0219i \u0219i-a adunat familia de rom\u00e2ni la Skagen","author":"Sorina Floroiu","date":"23 decembrie 2021","format":false,"excerpt":"Articol publicat in Politiken Sektion 1 Side 8, la data de 23 decembrie 2021 Rezumat Articolul descrie experien\u021ba familiei de rom\u00e2ni Cristian din Skagen, Danemarca, \u0219i modul \u00een care municipalitatea Frederikshavn ajut\u0103 familiile str\u0103ine s\u0103 se stabileasc\u0103 \u00een zon\u0103 pentru a acoperi lipsa de for\u021b\u0103 de munc\u0103. Articolul subliniaz\u0103 faptul\u2026","rel":"","context":"\u00cen \u201eNavigarea \u00een Danemarca\u201d","block_context":{"text":"Navigarea \u00een Danemarca","link":"https:\/\/lwid.dk\/ro\/category\/navigarea-in-danemarca\/"},"img":{"alt_text":"","src":"https:\/\/i0.wp.com\/lwid.dk\/wp-content\/uploads\/2023\/10\/44.png?resize=350%2C200&ssl=1","width":350,"height":200},"classes":[]},{"id":3063,"url":"https:\/\/lwid.dk\/ro\/specialistii-romani-asigura-productia-in-silkeborg-rumaenske-fagfolk-sikrer-produktionen-i-silkeborg\/","url_meta":{"origin":3321,"position":4},"title":"Speciali\u0219tii rom\u00e2ni asigur\u0103 produc\u021bia \u00een Silkeborg \/ Rum\u00e6nske fagfolk sikrer produktionen i Silkeborg","author":"Sorina Floroiu","date":"11 februarie 2020","format":false,"excerpt":"Articol publicat in Industri & Teknik la data de 11 februarie 2020 Subiect articol\u00a0 \u00cen Silkeborg Sp\u00e5ntagning, \u0219ase din cei 35 de angaja\u021bi sunt rom\u00e2ni, asigur\u00e2nd produc\u021bia \u00eentr-un moment de penurie de tehnicieni industriali. Rom\u00e2nii sunt aprecia\u021bi pentru abilit\u0103\u021bile lor tehnice \u0219i pentru faptul c\u0103 sunt dedica\u021bi \u0219i eficien\u021bi \u00een\u2026","rel":"","context":"\u00cen \u201eNavigarea \u00een Danemarca\u201d","block_context":{"text":"Navigarea \u00een Danemarca","link":"https:\/\/lwid.dk\/ro\/category\/navigarea-in-danemarca\/"},"img":{"alt_text":"","src":"https:\/\/i0.wp.com\/lwid.dk\/wp-content\/uploads\/2023\/10\/8.-Rumaenske-fagfolk-sikrer-produktionen.png?resize=350%2C200&ssl=1","width":350,"height":200,"srcset":"https:\/\/i0.wp.com\/lwid.dk\/wp-content\/uploads\/2023\/10\/8.-Rumaenske-fagfolk-sikrer-produktionen.png?resize=350%2C200&ssl=1 1x, https:\/\/i0.wp.com\/lwid.dk\/wp-content\/uploads\/2023\/10\/8.-Rumaenske-fagfolk-sikrer-produktionen.png?resize=525%2C300&ssl=1 1.5x, https:\/\/i0.wp.com\/lwid.dk\/wp-content\/uploads\/2023\/10\/8.-Rumaenske-fagfolk-sikrer-produktionen.png?resize=700%2C400&ssl=1 2x"},"classes":[]},{"id":3070,"url":"https:\/\/lwid.dk\/ro\/catalin-intentioneaza-sa-si-cumpere-o-casa-si-sa-ramana-la-fabrica-de-prelucrare-a-lemnului-catalin-vil-kobe-hus-og-blive-pa-spanfabrikken\/","url_meta":{"origin":3321,"position":5},"title":"C\u0103t\u0103lin inten\u021bioneaz\u0103 s\u0103-\u0219i cumpere o cas\u0103 \u0219i s\u0103 r\u0103m\u00e2n\u0103 la fabrica de prelucrare a lemnului \/ C\u0103t\u0103lin vil k\u00f8be hus og blive p\u00e5 sp\u00e5nfabrikken","author":"Sorina Floroiu","date":"11 februarie 2020","format":false,"excerpt":"Articol publicat in Industri & Teknik la data de 11 februarie 2020 Subiectul articolului:\u00a0 C\u0103t\u0103lin Mih\u0103i\u021b\u0103 Sp\u0103taru, \u00een v\u00e2rst\u0103 de 30 de ani, este un operator rom\u00e2n pasionat de munca sa la Silkeborg Sp\u00e5ntagning \u0219i \u00ee\u0219i dore\u0219te s\u0103-\u0219i cumpere o cas\u0103 \u00een afara ora\u0219ului Silkeborg. Desi nu are o preg\u0103tire\u2026","rel":"","context":"\u00cen \u201eNavigarea \u00een Danemarca\u201d","block_context":{"text":"Navigarea \u00een Danemarca","link":"https:\/\/lwid.dk\/ro\/category\/navigarea-in-danemarca\/"},"img":{"alt_text":"","src":"https:\/\/i0.wp.com\/lwid.dk\/wp-content\/uploads\/2023\/10\/9.-Catalin-1.png?resize=350%2C200&ssl=1","width":350,"height":200,"srcset":"https:\/\/i0.wp.com\/lwid.dk\/wp-content\/uploads\/2023\/10\/9.-Catalin-1.png?resize=350%2C200&ssl=1 1x, https:\/\/i0.wp.com\/lwid.dk\/wp-content\/uploads\/2023\/10\/9.-Catalin-1.png?resize=525%2C300&ssl=1 1.5x, https:\/\/i0.wp.com\/lwid.dk\/wp-content\/uploads\/2023\/10\/9.-Catalin-1.png?resize=700%2C400&ssl=1 2x"},"classes":[]}],"jetpack_featured_media_url":"https:\/\/lwid.dk\/wp-content\/uploads\/2023\/10\/10.png","_links":{"self":[{"href":"https:\/\/lwid.dk\/ro\/wp-json\/wp\/v2\/posts\/3321","targetHints":{"allow":["GET"]}}],"collection":[{"href":"https:\/\/lwid.dk\/ro\/wp-json\/wp\/v2\/posts"}],"about":[{"href":"https:\/\/lwid.dk\/ro\/wp-json\/wp\/v2\/types\/post"}],"author":[{"embeddable":true,"href":"https:\/\/lwid.dk\/ro\/wp-json\/wp\/v2\/users\/11"}],"replies":[{"embeddable":true,"href":"https:\/\/lwid.dk\/ro\/wp-json\/wp\/v2\/comments?post=3321"}],"version-history":[{"count":2,"href":"https:\/\/lwid.dk\/ro\/wp-json\/wp\/v2\/posts\/3321\/revisions"}],"predecessor-version":[{"id":28749,"href":"https:\/\/lwid.dk\/ro\/wp-json\/wp\/v2\/posts\/3321\/revisions\/28749"}],"wp:featuredmedia":[{"embeddable":true,"href":"https:\/\/lwid.dk\/ro\/wp-json\/wp\/v2\/media\/3322"}],"wp:attachment":[{"href":"https:\/\/lwid.dk\/ro\/wp-json\/wp\/v2\/media?parent=3321"}],"wp:term":[{"taxonomy":"category","embeddable":true,"href":"https:\/\/lwid.dk\/ro\/wp-json\/wp\/v2\/categories?post=3321"},{"taxonomy":"post_tag","embeddable":true,"href":"https:\/\/lwid.dk\/ro\/wp-json\/wp\/v2\/tags?post=3321"}],"curies":[{"name":"wp","href":"https:\/\/api.w.org\/{rel}","templated":true}]}}