{"id":3328,"date":"2021-06-02T12:22:00","date_gmt":"2021-06-02T11:22:00","guid":{"rendered":"https:\/\/lwid.dk\/?p=3328"},"modified":"2026-09-01T18:24:57","modified_gmt":"2026-09-01T17:24:57","slug":"candidat-international-candideaza-la-alegerile-pentru-consiliul-municipal","status":"publish","type":"post","link":"https:\/\/lwid.dk\/ro\/candidat-international-candideaza-la-alegerile-pentru-consiliul-municipal\/","title":{"rendered":"Candidat interna\u021bional candideaz\u0103 la alegerile pentru consiliul municipal"},"content":{"rendered":"\r\n<figure class=\"wp-block-image size-full\"><img loading=\"lazy\" decoding=\"async\" width=\"272\" height=\"498\" class=\"wp-image-3329\" src=\"https:\/\/lwid.dk\/wp-content\/uploads\/2023\/10\/11.png\" alt=\"\" srcset=\"https:\/\/lwid.dk\/wp-content\/uploads\/2023\/10\/11.png 272w, https:\/\/lwid.dk\/wp-content\/uploads\/2023\/10\/11-164x300.png 164w, https:\/\/lwid.dk\/wp-content\/uploads\/2023\/10\/11-150x275.png 150w\" sizes=\"auto, (max-width: 272px) 100vw, 272px\" \/><\/figure>\r\n\r\n\r\n\r\n<p class=\"wp-block-paragraph\">Articol publicat in\u00a0 Aars Avis Sektion 1 Side 43, la data de 2 iunie 2021<\/p>\r\n\r\n\r\n\r\n<p class=\"wp-block-paragraph\">Rezumat:<\/p>\r\n\r\n\r\n\r\n<p class=\"wp-block-paragraph\">Andreea Bianca Buz\u0103, \u00een v\u00e2rst\u0103 de 25 de ani, este un candidat pentru alegerile municipale din Vesthimmerland \u0219i este pasionat\u0103 de munca sa. Ea locuie\u0219te \u00een Hornum \u0219i lucreaz\u0103 ca manager de proiect digital \u00een Viborg. De\u0219i a tr\u0103it \u00een Danemarca doar de \u0219ase ani, s-a integrat bine \u00een societatea danez\u0103 \u0219i vorbe\u0219te fluent daneza. A fost implicat\u0103 \u00een munca voluntar\u0103 \u00een Aalborg \u00eenc\u0103 de la sosirea sa \u00een Danemarca \u0219i a colaborat cu diverse asocia\u021bii \u0219i ONG-uri. Andreea este licen\u021biat\u0103 \u00een Dezvoltarea Conceptelor Digitale \u0219i a fost distins\u0103 cu Premiul UCN la absolvire pentru contribu\u021bia sa. Ea se concentreaz\u0103 pe integrarea str\u0103inilor \u0219i pe dezvoltarea comunit\u0103\u021bii locale \u00een Vesthimmerland, subliniind importan\u021ba \u00eenv\u0103\u021b\u0103rii limbii daneze \u0219i sus\u021bin\u00e2nd achizi\u021bionarea local\u0103.<\/p>\r\n\r\n\r\n\r\n<p class=\"wp-block-paragraph\">Andreea Bianca Buz\u0103 este pasionat\u0103 de munca ei.<\/p>\r\n\r\n\r\n\r\n<p class=\"wp-block-paragraph\">HORNUM: Andreea Bianca Buz\u0103, \u00een v\u00e2rst\u0103 de 25 de ani, locuie\u0219te \u00een Hornum \u0219i candideaz\u0103 la viitoarele alegeri municipale din municipiul Vesthimmerland pentru social-democra\u021bi.<\/p>\r\n\r\n\r\n\r\n<p class=\"wp-block-paragraph\">Este pasionat\u0103 de lucrul cu oamenii \u0219i, datorit\u0103 experien\u021bei sale interna\u021bionale, poate contribui la perspective complet noi asupra activit\u0103\u021bii consiliului municipal din municipalitatea Vesthimmerlands. Andreea Bianca Buz\u0103 locuie\u0219te \u00een Hornum \u0219i lucreaz\u0103 ca manager de proiect digital \u00eentr-o companie mic\u0103 din Viborg.<\/p>\r\n\r\n\r\n\r\n<p class=\"wp-block-paragraph\">De\u0219i locuie\u0219te \u00een Danemarca doar de \u0219ase ani, s-a integrat bine \u0219i vorbe\u0219te excelent danez\u0103.<\/p>\r\n\r\n\r\n\r\n<p class=\"wp-block-paragraph\">\u201c- Chiar \u00eenainte de a m\u0103 muta \u00een Danemarca, am \u00eenceput s\u0103 caut oportunit\u0103\u021bi de munc\u0103 voluntar\u0103 \u00een Aalborg, unde am putut s\u0103 contribui, dar \u0219i \u00een mare m\u0103sur\u0103 s\u0103 cunosc societatea danez\u0103. Chiar a doua zi dup\u0103 sosirea mea, am devenit voluntar la un mic festival de muzic\u0103 din Aalborg\u201d, spune Andreea Bianca Buza.<\/p>\r\n\r\n\r\n\r\n<p class=\"wp-block-paragraph\">Astfel, s\u0103m\u00e2n\u021ba a fost depus\u0103 de mul\u021bi ani ca voluntar \u00een diverse asocia\u021bii \u0219i ONG-uri. \u00cen acela\u0219i timp, ea a devenit licen\u021biat\u0103 profesional\u0103 \u00een Dezvoltarea Conceptelor Digitale, cu studii \u00een Design \u0219i Comunicare Multimedia la Universitatea de \u0218tiin\u021be Aplicate UCN. \u00cen primul an la universitate, ea a lansat Creative Lab \u00eempreun\u0103 cu doi colegi studen\u021bi. Scopul a fost de a construi o punte \u00eentre studen\u021bii danezi \u0219i interna\u021bionali de la UCN. Din 2018 p\u00e2n\u0103 \u00een 2020, a fost \u0219i voluntar\u0103 la cada cu hidromasaj Hjerterumet din Aalborg.<\/p>\r\n\r\n\r\n\r\n<p class=\"wp-block-paragraph\">Aici a lucrat, printre altele, cu rom\u00e2nii f\u0103r\u0103 ad\u0103post care tocmai sosiser\u0103 \u00een Danemarca s\u0103-\u0219i caute de lucru.<\/p>\r\n\r\n\r\n\r\n<p class=\"wp-block-paragraph\">\u00cen timpul studiilor, Andreea Bianca Buz\u0103 s-a implicat ca reprezentant al colegilor s\u0103i \u00een Consiliul Studen\u021bilor, iar la absolvirea ca designer multimedia \u0219i dezvoltator de concept digital i s-a acordat Premiul UCN, care se acord\u0103 studentului care s-a remarcat pe parcursul cursului.<\/p>\r\n\r\n\r\n\r\n<p class=\"wp-block-paragraph\">Andreea Bianca Buz\u0103 este pasionat\u0103 de lucrul cu \u0219i pentru oameni. Accentul ei politic este pe integrarea str\u0103inilor \u0219i pe crearea unui viitor durabil.<\/p>\r\n\r\n\r\n\r\n<p class=\"wp-block-paragraph\">\u201c- Cred c\u0103 primul \u0219i cel mai important pas pentru a fi bine integrat \u00een societatea danez\u0103 este s\u0103 \u00eenve\u021bi s\u0103 vorbe\u0219ti danez\u0103.<\/p>\r\n\r\n\r\n\r\n<p class=\"wp-block-paragraph\">\u00cen plus, cred c\u0103 oportunit\u0103\u021bile de a cump\u0103ra la nivel local \u00een Vesthimmerland sunt bogate.<\/p>\r\n\r\n\r\n\r\n<p class=\"wp-block-paragraph\">De aceea a\u0219 dori s\u0103 ajut la dezvoltarea comunit\u0103\u021bii locale\u201d, explic\u0103 ea.<\/p>\r\n\r\n\r\n\r\n<p class=\"wp-block-paragraph\">Pre\u0219edintele grupului \u0219i candidatul principal, Asger Andersen, este \u00eenc\u00e2ntat de faptul c\u0103 Social-democra\u021bia din Vesthimmerland are un candidat puternic, dinamic, interna\u021bional al\u0103turi de Andreea.<\/p>\r\n","protected":false},"excerpt":{"rendered":"<p>Articol publicat in\u00a0 Aars Avis Sektion 1 Side 43, la data de 2 iunie 2021 Rezumat: Andreea Bianca Buz\u0103, \u00een v\u00e2rst\u0103 de 25 de ani, este un candidat pentru alegerile municipale din Vesthimmerland \u0219i este pasionat\u0103 de munca sa. Ea locuie\u0219te \u00een Hornum \u0219i lucreaz\u0103 ca manager de proiect digital \u00een Viborg. De\u0219i a tr\u0103it [&hellip;]<\/p>\n","protected":false},"author":11,"featured_media":5816,"comment_status":"open","ping_status":"closed","sticky":false,"template":"","format":"standard","meta":{"_acf_changed":false,"_themeisle_gutenberg_block_has_review":false,"_jetpack_newsletter_access":"","_jetpack_dont_email_post_to_subs":false,"_jetpack_newsletter_tier_id":0,"_jetpack_memberships_contains_paywalled_content":false,"_jetpack_feature_clip_id":0,"_jetpack_memberships_contains_paid_content":false,"footnotes":"","jetpack_post_was_ever_published":false,"_members_access_role":[],"_members_access_error":""},"categories":[878,142],"tags":[1005,249],"class_list":["post-3328","post","type-post","status-publish","format-standard","has-post-thumbnail","category-navigarea-in-danemarca","category-povesti-nespuse","tag-implicare","tag-politica"],"acf":[],"jetpack_sharing_enabled":true,"jetpack-related-posts":[{"id":4193,"url":"https:\/\/lwid.dk\/ro\/din-moldova-cu-dragoste-alina-si-denis-s-au-mutat-intr-o-casa-incendiata-iar-acum-candideaza-la-alegerile-municipale\/","url_meta":{"origin":3328,"position":0},"title":"Din Moldova cu dragoste: Alina \u0219i Denis s-au mutat \u00eentr-o cas\u0103 incendiat\u0103, iar acum candideaz\u0103 la alegerile municipale","author":"Sorina Floroiu","date":"3 august 2021","format":false,"excerpt":"Articol publicat in\u00a0 Jv.dk (Abonnementsomr\u00e5de) Mikkel Hausted Hanse, la data de 3 august 2021 Rezumat Alina \u0219i Denis R\u0103cil\u0103, originari din Moldova, s-au mutat \u00een Branderup, Danemarca, dup\u0103 ce au vizitat \u021bara \u00een luna de miere \u00een 2014. Ini\u021bial au lucrat ca asisten\u021bi agricoli \u0219i, ulterior, au cump\u0103rat o cas\u0103\u2026","rel":"","context":"\u00cen \u201eNavigarea \u00een Danemarca\u201d","block_context":{"text":"Navigarea \u00een Danemarca","link":"https:\/\/lwid.dk\/ro\/category\/navigarea-in-danemarca\/"},"img":{"alt_text":"","src":"https:\/\/i0.wp.com\/lwid.dk\/wp-content\/uploads\/2023\/10\/27.png?resize=350%2C200&ssl=1","width":350,"height":200,"srcset":"https:\/\/i0.wp.com\/lwid.dk\/wp-content\/uploads\/2023\/10\/27.png?resize=350%2C200&ssl=1 1x, https:\/\/i0.wp.com\/lwid.dk\/wp-content\/uploads\/2023\/10\/27.png?resize=525%2C300&ssl=1 1.5x, https:\/\/i0.wp.com\/lwid.dk\/wp-content\/uploads\/2023\/10\/27.png?resize=700%2C400&ssl=1 2x"},"classes":[]},{"id":3173,"url":"https:\/\/lwid.dk\/ro\/andreea-este-exemplul-cel-bun\/","url_meta":{"origin":3328,"position":1},"title":"Andreea este exemplul cel bun","author":"Sorina Floroiu","date":"6 iunie 2020","format":false,"excerpt":"Articol publicat in Dagbladet Ringk\u00f8bing-Skjern la data de 6 iunie. Subiectul articolului: Andreea N\u00f8rskov a primit cet\u0103\u021benia danez\u0103 \u00een Ziua Constitu\u021biei, dup\u0103 ce a sus\u021binut examenul de cet\u0103\u021benie \u0219i a semnat c\u0103 va respecta constitu\u021bia danez\u0103. Ea s-a mutat \u00een Vester Tim datorit\u0103 iubirii \u0219i a reu\u0219it s\u0103-\u0219i construiasc\u0103 o\u2026","rel":"","context":"\u00cen \u201eNavigarea \u00een Danemarca\u201d","block_context":{"text":"Navigarea \u00een Danemarca","link":"https:\/\/lwid.dk\/ro\/category\/navigarea-in-danemarca\/"},"img":{"alt_text":"","src":"https:\/\/i0.wp.com\/lwid.dk\/wp-content\/uploads\/2023\/10\/23.-Andreea-er-det-gode-eksempel.png?resize=350%2C200&ssl=1","width":350,"height":200,"srcset":"https:\/\/i0.wp.com\/lwid.dk\/wp-content\/uploads\/2023\/10\/23.-Andreea-er-det-gode-eksempel.png?resize=350%2C200&ssl=1 1x, https:\/\/i0.wp.com\/lwid.dk\/wp-content\/uploads\/2023\/10\/23.-Andreea-er-det-gode-eksempel.png?resize=525%2C300&ssl=1 1.5x, https:\/\/i0.wp.com\/lwid.dk\/wp-content\/uploads\/2023\/10\/23.-Andreea-er-det-gode-eksempel.png?resize=700%2C400&ssl=1 2x, https:\/\/i0.wp.com\/lwid.dk\/wp-content\/uploads\/2023\/10\/23.-Andreea-er-det-gode-eksempel.png?resize=1050%2C600&ssl=1 3x"},"classes":[]},{"id":4172,"url":"https:\/\/lwid.dk\/ro\/moartea-lui-david-i-a-dat-lui-ioan-romanul-impulsul-final-spre-politica\/","url_meta":{"origin":3328,"position":2},"title":"Moartea lui David i-a dat lui Ioan rom\u00e2nul impulsul final spre politic\u0103","author":"Sorina Floroiu","date":"31 iulie 2021","format":false,"excerpt":"Articol publicat in Randers Amtsavis Sektion 1 Side 14, la data de 31 iulie 2021 Rezumat Ioan Rusu, un cet\u0103\u021bean rom\u00e2n din Danemarca, candideaz\u0103 pentru consiliul regional din Regiunea Iutlanda Central\u0103. El \u0219i so\u021bia sa, Daniela, au trecut prin pierderea fiului lor nou-n\u0103scut \u00een februarie, ceea ce l-a motivat pe\u2026","rel":"","context":"\u00cen \u201eNavigarea \u00een Danemarca\u201d","block_context":{"text":"Navigarea \u00een Danemarca","link":"https:\/\/lwid.dk\/ro\/category\/navigarea-in-danemarca\/"},"img":{"alt_text":"","src":"https:\/\/i0.wp.com\/lwid.dk\/wp-content\/uploads\/2023\/10\/24.png?resize=350%2C200&ssl=1","width":350,"height":200,"srcset":"https:\/\/i0.wp.com\/lwid.dk\/wp-content\/uploads\/2023\/10\/24.png?resize=350%2C200&ssl=1 1x, https:\/\/i0.wp.com\/lwid.dk\/wp-content\/uploads\/2023\/10\/24.png?resize=525%2C300&ssl=1 1.5x"},"classes":[]},{"id":4282,"url":"https:\/\/lwid.dk\/ro\/fiica-adolescenta-a-luat-decizia-si-si-a-adunat-familia-de-romani-la-skagen\/","url_meta":{"origin":3328,"position":3},"title":"Fiica adolescent\u0103 a luat decizia &#8211; \u0219i \u0219i-a adunat familia de rom\u00e2ni la Skagen","author":"Sorina Floroiu","date":"23 decembrie 2021","format":false,"excerpt":"Articol publicat in Politiken Sektion 1 Side 8, la data de 23 decembrie 2021 Rezumat Articolul descrie experien\u021ba familiei de rom\u00e2ni Cristian din Skagen, Danemarca, \u0219i modul \u00een care municipalitatea Frederikshavn ajut\u0103 familiile str\u0103ine s\u0103 se stabileasc\u0103 \u00een zon\u0103 pentru a acoperi lipsa de for\u021b\u0103 de munc\u0103. Articolul subliniaz\u0103 faptul\u2026","rel":"","context":"\u00cen \u201eNavigarea \u00een Danemarca\u201d","block_context":{"text":"Navigarea \u00een Danemarca","link":"https:\/\/lwid.dk\/ro\/category\/navigarea-in-danemarca\/"},"img":{"alt_text":"","src":"https:\/\/i0.wp.com\/lwid.dk\/wp-content\/uploads\/2023\/10\/44.png?resize=350%2C200&ssl=1","width":350,"height":200},"classes":[]},{"id":2967,"url":"https:\/\/lwid.dk\/ro\/danemarca-ii-ofera-dianei-mai-multe-oportunitati-danmark-giver-diana-bedre-muligheder\/","url_meta":{"origin":3328,"position":4},"title":"Danemarca \u00eei ofer\u0103 Dianei mai multe oportunit\u0103\u021bi \/ Danmark giver Diana bedre muligheder","author":"Sorina Floroiu","date":"3 ianuarie 2020","format":false,"excerpt":"Articol publicat in Magasinet Hyo la 3 ianuarie 2020 Subiectul articolului:\u00a0 Diana Vl\u0103deanu, \u00een v\u00e2rst\u0103 de 23 de ani din Rom\u00e2nia, a venit \u00een Danemarca pentru a studia \u0219i lucra \u00een industria agricol\u0103. Ea a g\u0103sit oportunit\u0103\u021bi mai bune \u00een Danemarca dec\u00e2t \u00een \u021bara natal\u0103. Prin intermediul AgroJob, a fost\u2026","rel":"","context":"\u00cen \u201eNavigarea \u00een Danemarca\u201d","block_context":{"text":"Navigarea \u00een Danemarca","link":"https:\/\/lwid.dk\/ro\/category\/navigarea-in-danemarca\/"},"img":{"alt_text":"","src":"https:\/\/i0.wp.com\/lwid.dk\/wp-content\/uploads\/2023\/10\/1.-Danmark-giver-Diana-bedre-muligheder-e1697727104268.png?resize=350%2C200&ssl=1","width":350,"height":200,"srcset":"https:\/\/i0.wp.com\/lwid.dk\/wp-content\/uploads\/2023\/10\/1.-Danmark-giver-Diana-bedre-muligheder-e1697727104268.png?resize=350%2C200&ssl=1 1x, https:\/\/i0.wp.com\/lwid.dk\/wp-content\/uploads\/2023\/10\/1.-Danmark-giver-Diana-bedre-muligheder-e1697727104268.png?resize=525%2C300&ssl=1 1.5x, https:\/\/i0.wp.com\/lwid.dk\/wp-content\/uploads\/2023\/10\/1.-Danmark-giver-Diana-bedre-muligheder-e1697727104268.png?resize=700%2C400&ssl=1 2x, https:\/\/i0.wp.com\/lwid.dk\/wp-content\/uploads\/2023\/10\/1.-Danmark-giver-Diana-bedre-muligheder-e1697727104268.png?resize=1050%2C600&ssl=1 3x"},"classes":[]},{"id":5394,"url":"https:\/\/lwid.dk\/ro\/magazinul-second-hand-al-crucii-rosii-a-ajutat-o-pe-mihaela-sa-avanseze-catre-un-loc-de-munca-stabil\/","url_meta":{"origin":3328,"position":5},"title":"Magazinul second-hand al Crucii Ro\u0219ii a ajutat-o pe Mihaela s\u0103 avanseze c\u0103tre un loc de munc\u0103 stabil","author":"Sorina Floroiu","date":"26 octombrie 2022","format":false,"excerpt":"Articol publicat in Ugeavisen Grindsted la data de 26 octombrie 2022.\u00a0 Rezumat: Mihaela Dospinesco, \u00een v\u00e2rst\u0103 de 31 de ani, din Rom\u00e2nia, a venit \u00een stagiu practic la magazinul second-hand al Crucii Ro\u0219ii din Vestergade, Grindsted, c\u00e2nd a r\u0103mas \u0219omer\u0103. Voluntarii au ajutat-o cu limba, iar acum a ob\u021binut un\u2026","rel":"","context":"\u00cen \u201eNavigarea \u00een Danemarca\u201d","block_context":{"text":"Navigarea \u00een Danemarca","link":"https:\/\/lwid.dk\/ro\/category\/navigarea-in-danemarca\/"},"img":{"alt_text":"","src":"https:\/\/i0.wp.com\/lwid.dk\/wp-content\/uploads\/2023\/11\/20.-Mihaela-.png?resize=350%2C200&ssl=1","width":350,"height":200,"srcset":"https:\/\/i0.wp.com\/lwid.dk\/wp-content\/uploads\/2023\/11\/20.-Mihaela-.png?resize=350%2C200&ssl=1 1x, https:\/\/i0.wp.com\/lwid.dk\/wp-content\/uploads\/2023\/11\/20.-Mihaela-.png?resize=525%2C300&ssl=1 1.5x"},"classes":[]}],"jetpack_featured_media_url":"https:\/\/lwid.dk\/wp-content\/uploads\/2023\/10\/11-1.png","_links":{"self":[{"href":"https:\/\/lwid.dk\/ro\/wp-json\/wp\/v2\/posts\/3328","targetHints":{"allow":["GET"]}}],"collection":[{"href":"https:\/\/lwid.dk\/ro\/wp-json\/wp\/v2\/posts"}],"about":[{"href":"https:\/\/lwid.dk\/ro\/wp-json\/wp\/v2\/types\/post"}],"author":[{"embeddable":true,"href":"https:\/\/lwid.dk\/ro\/wp-json\/wp\/v2\/users\/11"}],"replies":[{"embeddable":true,"href":"https:\/\/lwid.dk\/ro\/wp-json\/wp\/v2\/comments?post=3328"}],"version-history":[{"count":3,"href":"https:\/\/lwid.dk\/ro\/wp-json\/wp\/v2\/posts\/3328\/revisions"}],"predecessor-version":[{"id":28752,"href":"https:\/\/lwid.dk\/ro\/wp-json\/wp\/v2\/posts\/3328\/revisions\/28752"}],"wp:featuredmedia":[{"embeddable":true,"href":"https:\/\/lwid.dk\/ro\/wp-json\/wp\/v2\/media\/5816"}],"wp:attachment":[{"href":"https:\/\/lwid.dk\/ro\/wp-json\/wp\/v2\/media?parent=3328"}],"wp:term":[{"taxonomy":"category","embeddable":true,"href":"https:\/\/lwid.dk\/ro\/wp-json\/wp\/v2\/categories?post=3328"},{"taxonomy":"post_tag","embeddable":true,"href":"https:\/\/lwid.dk\/ro\/wp-json\/wp\/v2\/tags?post=3328"}],"curies":[{"name":"wp","href":"https:\/\/api.w.org\/{rel}","templated":true}]}}