{"id":3335,"date":"2021-06-03T12:26:00","date_gmt":"2021-06-03T11:26:00","guid":{"rendered":"https:\/\/lwid.dk\/?p=3335"},"modified":"2026-09-01T18:24:37","modified_gmt":"2026-09-01T17:24:37","slug":"andrei-pavel-preia-functia-de-director-general-al-ingleby-farms","status":"publish","type":"post","link":"https:\/\/lwid.dk\/ro\/andrei-pavel-preia-functia-de-director-general-al-ingleby-farms\/","title":{"rendered":"Andrei Pavel preia func\u021bia de director general al Ingleby Farms"},"content":{"rendered":"\r\n<figure class=\"wp-block-image size-full\"><img loading=\"lazy\" decoding=\"async\" width=\"564\" height=\"682\" class=\"wp-image-3336\" src=\"https:\/\/lwid.dk\/wp-content\/uploads\/2023\/10\/12.png\" alt=\"\" srcset=\"https:\/\/lwid.dk\/wp-content\/uploads\/2023\/10\/12.png 564w, https:\/\/lwid.dk\/wp-content\/uploads\/2023\/10\/12-248x300.png 248w, https:\/\/lwid.dk\/wp-content\/uploads\/2023\/10\/12-150x181.png 150w, https:\/\/lwid.dk\/wp-content\/uploads\/2023\/10\/12-300x363.png 300w\" sizes=\"auto, (max-width: 564px) 100vw, 564px\" \/><\/figure>\r\n\r\n\r\n\r\n<p class=\"wp-block-paragraph\">Articol publicat in Agriwatch.dk Thomas R\u00f8nsholdt M\u00f8rch, la data de 3 iunie 2021<\/p>\r\n\r\n\r\n\r\n<p class=\"wp-block-paragraph\">Rezumat:<\/p>\r\n\r\n\r\n\r\n<p class=\"wp-block-paragraph\">Hans Henrik Koefoed, \u00een v\u00e2rst\u0103 de 65 de ani, pred\u0103 func\u021bia de director general al grupului agricol interna\u021bional Ingleby c\u0103tre rom\u00e2nul Andrei Pavel, \u00een v\u00e2rst\u0103 de 39 de ani, marc\u00e2nd o schimbare genera\u021bional\u0103 dup\u0103 16 ani de conducere. Cu o viziune pentru 2030, compania \u00ee\u0219i propune s\u0103 fie liber\u0103 de pesticide sintetice \u0219i s\u0103 contribuie pozitiv la clim\u0103 prin m\u0103suri precum cre\u0219terea p\u0103durilor \u0219i acumularea de carbon \u00een sol. Koefoed subliniaz\u0103 c\u0103 agricultura danez\u0103 este bine echipat\u0103 \u0219i \u00eencurajeaz\u0103 spiritul antreprenorial \u0219i explorarea oportunit\u0103\u021bilor din acest sector.<\/p>\r\n\r\n\r\n\r\n<p class=\"wp-block-paragraph\">Cu 170 de zile de c\u0103l\u0103torie pe an, Hans Henrik Koefoed a avut multe responsabilit\u0103\u021bi \u00een calitate de director general al grupului agricol interna\u021bional Ingleby. Acum pred\u0103 \u0219tafeta \u0219i se uit\u0103 \u00eenapoi la cei 16 ani, timp \u00een care compania \u0219i-a dublat suprafa\u021ba \u0219i a construit o organiza\u021bie de c\u00e2teva mii de angaja\u021bi.<\/p>\r\n\r\n\r\n\r\n<p class=\"wp-block-paragraph\">Un v\u00e2n\u0103tor de talente suedez a pus m\u00e2na pe Hans Henrik Koefoed \u00een 2005.<\/p>\r\n\r\n\r\n\r\n<p class=\"wp-block-paragraph\">I s-a oferit \u0219i a acceptat postul de director general al companiei agricole interna\u021bionale Ingleby Farms, care de\u021binea la acea vreme aproximativ 24.000 de hectare.<\/p>\r\n\r\n\r\n\r\n<p class=\"wp-block-paragraph\">Acum &#8211; 16 ani mai t\u00e2rziu &#8211; grupul de\u021bine peste 100.000 de hectare r\u0103sp\u00e2ndite \u00een nou\u0103 \u021b\u0103ri, patru continente \u0219i 45 de ferme.<\/p>\r\n\r\n\r\n\r\n<p class=\"wp-block-paragraph\">\u201eNu a fost inten\u021bia de la \u00eenceput, dar poate c\u0103 am avut un pic de v\u00e2nt \u00een spate \u00een ceea ce prive\u0219te achizi\u021bionarea acelor ferme\u201d, spune modest Hans Henrik Koefoed despre dezvoltarea la care a fost la conducere.<\/p>\r\n\r\n\r\n\r\n<p class=\"wp-block-paragraph\">Danezul \u00een v\u00e2rst\u0103 de 65 de ani pred\u0103 acum \u0219tafeta rom\u00e2nului Andrei Pavel, \u00een v\u00e2rst\u0103 de 39 de ani, \u00eentr-o schimbare genera\u021bional\u0103 care este planificat\u0103 de un an \u0219i jum\u0103tate. \u00cen acela\u0219i timp, Hans Henrik Koefoed preia func\u021bia de pre\u0219edinte al consiliului de administra\u021bie al companiei de la 1 iulie.<\/p>\r\n\r\n\r\n\r\n<p class=\"wp-block-paragraph\">&#8222;C\u00e2nd e\u0219ti director general, e\u0219ti 24\/7, iar la v\u00e2rsta mea este potrivit s\u0103 transfer mai departe sarcina. Avem o echip\u0103 puternic\u0103 \u0219i t\u00e2n\u0103r\u0103 \u0219i suntem foarte plini de speran\u021b\u0103 \u00een viitor&#8221;, evalueaz\u0103 directorul, care nu s-a plictisit \u00een rol.<\/p>\r\n\r\n\r\n\r\n<p class=\"wp-block-paragraph\">&#8222;Ziua mea a \u00eenceput la ora 5 diminea\u021ba, discut\u00e2nd cu angaja\u021bii din Australia \u0219i Noua Zeeland\u0103. \u00cen cei 16 ani am c\u0103l\u0103torit aproximativ 170 de zile pe an, a\u0219a c\u0103 e frumos s\u0103 am pu\u021bin mai mult timp pentru alte lucruri.&#8221;<\/p>\r\n\r\n\r\n\r\n<p class=\"wp-block-paragraph\">Viitorul lui Ingleby<\/p>\r\n\r\n\r\n\r\n<p class=\"wp-block-paragraph\">\u00cen timp ce ultimii 16 ani au prezentat achizi\u021bii semnificative, strategia c\u0103tre 2030 este de a optimiza zonele actuale.<\/p>\r\n\r\n\r\n\r\n<p class=\"wp-block-paragraph\">&#8222;Ne consolid\u0103m toat\u0103 agricultura. Dren\u0103m, calim\u0103m, construim sisteme de irigare \u0219i \u00eembun\u0103t\u0103\u021bim solul. Avem o viziune pentru 2030 \u00een care vrem s\u0103 fim liberi de pesticide sintetice. Cheltuim multe resurse pentru asta&#8221;, spune Hans Henrik Koefoed.\u00a0<\/p>\r\n\r\n\r\n\r\n<p class=\"wp-block-paragraph\">El spune c\u0103 ambi\u021bia Ingleby Farms este s\u0103 fie pozitiv\u0103 pentru clim\u0103 p\u00e2n\u0103 \u00een 2030. Acest lucru trebuie realizat, printre altele, prin cre\u0219terea p\u0103durilor \u0219i acumularea de carbon \u00een sol.<\/p>\r\n\r\n\r\n\r\n<p class=\"wp-block-paragraph\">&#8222;Folosim deja foarte mult Agricultura de Conservare, dar ne-am dori s\u0103 facem asta \u00een toate zonele. Aratul este un pic ceva danez. Nu o faci at\u00e2t de mult \u00een alt\u0103 parte&#8221;, spune Hans Henrik Koefoed.<\/p>\r\n\r\n\r\n\r\n<p class=\"wp-block-paragraph\">El eviden\u021biaz\u0103 California, unde compania cultiv\u0103 fistic, ca fiind cea mai avantajoas\u0103 din punct de vedere economic \u00een perioada \u00een care a fost director.<\/p>\r\n\r\n\r\n\r\n<p class=\"wp-block-paragraph\">Cum a\u021bi ales diferitele ferme care sunt r\u0103sp\u00e2ndite \u00een \u00eentreaga lume?<\/p>\r\n\r\n\r\n\r\n<p class=\"wp-block-paragraph\">&#8222;Lucr\u0103m constant \u00een cercetare \u0219i dezvoltare. Avem o re\u021bea larg\u0103, a\u0219a c\u0103 suntem mereu \u00een preajma oportunit\u0103\u021bilor.&#8221;<\/p>\r\n\r\n\r\n\r\n<p class=\"wp-block-paragraph\">Agricultura danez\u0103 merge bine<\/p>\r\n\r\n\r\n\r\n<p class=\"wp-block-paragraph\">\u00cen ciuda faptului c\u0103 Ingleby Farms are sediul \u00een Danemarca, compania nu s-a g\u00e2ndit niciodat\u0103 s\u0103 cumpere terenuri agricole \u00een \u021bar\u0103 din cauza pre\u021burilor ridicate ale terenurilor.<\/p>\r\n\r\n\r\n\r\n<p class=\"wp-block-paragraph\">Cu viziunea sa interna\u021bional\u0103 larg\u0103, Hans Henrik Koefoed are o idee clar\u0103 despre cum se descurc\u0103 agricultura danez\u0103 \u00een competi\u021bia interna\u021bional\u0103.<\/p>\r\n\r\n\r\n\r\n<p class=\"wp-block-paragraph\">\u201eAgricultura danez\u0103 este bine echipat\u0103. Fermierii no\u0219tri sunt califica\u021bi \u0219i avem cercet\u0103tori fantastici de califica\u021bi. Exist\u0103 o leg\u0103tur\u0103 bun\u0103 \u00eentre agricultura practic\u0103 \u0219i cercetarea \u0219tiin\u021bific\u0103. \u00cen multe privin\u021be, Danemarca, \u00eempreun\u0103 cu \u021a\u0103rile de Jos, sunt \u021b\u0103ri lider, \u0219i asta este, de asemenea, de ce am situat sediul central \u00een Danemarca\u201d, spune Hans Henrik Koefoed, care are \u0219i sfaturi pentru sector:<\/p>\r\n\r\n\r\n\r\n<p class=\"wp-block-paragraph\">&#8222;Este important s\u0103 avem un spirit antreprenorial \u0219i s\u0103 \u00eendr\u0103znim s\u0103 \u00eencerc\u0103m lucrurile. Agricultura se confrunt\u0103 cu oportunit\u0103\u021bi fantastice, iar Danemarca este \u00eenzestrat\u0103 cu unele dintre cele mai bune terenuri agricole din lume&#8221;, conchide Hans Henrik Koefoed.<\/p>\r\n\r\n\r\n\r\n<p class=\"wp-block-paragraph\">&#8216;<\/p>\r\n\r\n\r\n\r\n<p class=\"wp-block-paragraph\">DESPRE FERME INGLEBY<\/p>\r\n\r\n\r\n\r\n<p class=\"wp-block-paragraph\">Ingleby Farms de\u021bine terenuri agricole \u00een nou\u0103 \u021b\u0103ri de pe patru continente.<\/p>\r\n\r\n\r\n\r\n<p class=\"wp-block-paragraph\">Compania are bovine \u0219i ovine \u0219i cultiv\u0103 47 de culturi diferite, inclusiv fructe, nuci, fructe de p\u0103dure \u0219i culturi tradi\u021bionale de c\u00e2mp.<\/p>\r\n\r\n\r\n\r\n<p class=\"wp-block-paragraph\">Ingleby administreaz\u0103 peste 100.000 de hectare, dintre care 29 la sut\u0103. sunt protejate activ ca habitate naturale, din care 2,5 la sut\u0103 precum lacuri \u0219i zone de ap\u0103.<\/p>\r\n\r\n\r\n\r\n<p class=\"wp-block-paragraph\">Compania are sediul central \u00een K\u00f8ge \u0219i peste 2.500 de angaja\u021bi \u00een \u00eentregul grup.<\/p>\r\n\r\n\r\n\r\n<p class=\"wp-block-paragraph\">\u00cen conturile pentru 2019\/20, care au fost puternic afectate de corona, compania a avut un rezultat Ebitda de 10,7 milioane DKK. dolar \u0219i o cifr\u0103 de afaceri de 130,9 milioane. dolar.<\/p>\r\n\r\n\r\n\r\n<p class=\"wp-block-paragraph\">Proprietarul Ingleby Farms &amp; Forests este filantropul Lisbet Rausing, mo\u0219tenitorul lui Hans Rausing, care a fondat marea companie de carton de lapte Tetra Pak.<\/p>\r\n","protected":false},"excerpt":{"rendered":"<p>Articol publicat in Agriwatch.dk Thomas R\u00f8nsholdt M\u00f8rch, la data de 3 iunie 2021 Rezumat: Hans Henrik Koefoed, \u00een v\u00e2rst\u0103 de 65 de ani, pred\u0103 func\u021bia de director general al grupului agricol interna\u021bional Ingleby c\u0103tre rom\u00e2nul Andrei Pavel, \u00een v\u00e2rst\u0103 de 39 de ani, marc\u00e2nd o schimbare genera\u021bional\u0103 dup\u0103 16 ani de conducere. Cu o viziune [&hellip;]<\/p>\n","protected":false},"author":11,"featured_media":3336,"comment_status":"open","ping_status":"closed","sticky":false,"template":"","format":"standard","meta":{"_acf_changed":false,"_themeisle_gutenberg_block_has_review":false,"_jetpack_newsletter_access":"","_jetpack_dont_email_post_to_subs":false,"_jetpack_newsletter_tier_id":0,"_jetpack_memberships_contains_paywalled_content":false,"_jetpack_feature_clip_id":0,"_jetpack_memberships_contains_paid_content":false,"footnotes":"","jetpack_post_was_ever_published":false,"_members_access_role":[],"_members_access_error":""},"categories":[878,142],"tags":[536,1012],"class_list":["post-3335","post","type-post","status-publish","format-standard","has-post-thumbnail","category-navigarea-in-danemarca","category-povesti-nespuse","tag-agricultura-si-ferma","tag-ocuparea-fortei-de-munca"],"acf":[],"jetpack_sharing_enabled":true,"jetpack-related-posts":[{"id":697,"url":"https:\/\/lwid.dk\/cresa-si-conditiile-meteo\/","url_meta":{"origin":3335,"position":0},"title":"Cre\u0219a \u0219i condi\u021biile meteo\u00a0","author":"Alina Racila","date":"14 mai 2022","format":false,"excerpt":"Vremea este rareori un impediment pentru activit\u0103\u021bile normale ale copila\u0219ilor la cre\u0219\u0103, acestea fiind \u00een mare parte organizate afar\u0103. Danezii pun accent mare pe activit\u0103\u021bile \u00een aer liber de la o v\u00e2rst\u0103 fraged\u0103, practic din momentul c\u00e2nd copilul se na\u0219te. De aceea, copiii dorm afar\u0103, \u00een c\u0103ru\u021b, p\u00e2n\u0103 la temperatura\u2026","rel":"","context":"Articol similar","block_context":{"text":"Articol similar","link":""},"img":{"alt_text":"","src":"","width":0,"height":0},"classes":[]},{"id":3070,"url":"https:\/\/lwid.dk\/ro\/catalin-intentioneaza-sa-si-cumpere-o-casa-si-sa-ramana-la-fabrica-de-prelucrare-a-lemnului-catalin-vil-kobe-hus-og-blive-pa-spanfabrikken\/","url_meta":{"origin":3335,"position":1},"title":"C\u0103t\u0103lin inten\u021bioneaz\u0103 s\u0103-\u0219i cumpere o cas\u0103 \u0219i s\u0103 r\u0103m\u00e2n\u0103 la fabrica de prelucrare a lemnului \/ C\u0103t\u0103lin vil k\u00f8be hus og blive p\u00e5 sp\u00e5nfabrikken","author":"Sorina Floroiu","date":"11 februarie 2020","format":false,"excerpt":"Articol publicat in Industri & Teknik la data de 11 februarie 2020 Subiectul articolului:\u00a0 C\u0103t\u0103lin Mih\u0103i\u021b\u0103 Sp\u0103taru, \u00een v\u00e2rst\u0103 de 30 de ani, este un operator rom\u00e2n pasionat de munca sa la Silkeborg Sp\u00e5ntagning \u0219i \u00ee\u0219i dore\u0219te s\u0103-\u0219i cumpere o cas\u0103 \u00een afara ora\u0219ului Silkeborg. Desi nu are o preg\u0103tire\u2026","rel":"","context":"\u00cen \u201eNavigarea \u00een Danemarca\u201d","block_context":{"text":"Navigarea \u00een Danemarca","link":"https:\/\/lwid.dk\/ro\/category\/navigarea-in-danemarca\/"},"img":{"alt_text":"","src":"https:\/\/i0.wp.com\/lwid.dk\/wp-content\/uploads\/2023\/10\/9.-Catalin-1.png?resize=350%2C200&ssl=1","width":350,"height":200,"srcset":"https:\/\/i0.wp.com\/lwid.dk\/wp-content\/uploads\/2023\/10\/9.-Catalin-1.png?resize=350%2C200&ssl=1 1x, https:\/\/i0.wp.com\/lwid.dk\/wp-content\/uploads\/2023\/10\/9.-Catalin-1.png?resize=525%2C300&ssl=1 1.5x, https:\/\/i0.wp.com\/lwid.dk\/wp-content\/uploads\/2023\/10\/9.-Catalin-1.png?resize=700%2C400&ssl=1 2x"},"classes":[]},{"id":3300,"url":"https:\/\/lwid.dk\/ro\/in-trei-ani-firma-lui-stefan-a-avut-o-cifra-de-afaceri-de-16-milioane-dkk\/","url_meta":{"origin":3335,"position":2},"title":"\u00cen trei ani, firma lui Stefan a avut o cifr\u0103 de afaceri de 16 milioane DKK","author":"Sorina Floroiu","date":"10 aprilie 2021","format":false,"excerpt":"Articol publicat in\u00a0 B.dk Fie Dandanell, la data de 10 aprilie 2021 Rom\u00e2nul Stefan Polexe, \u00een v\u00e2rst\u0103 de 28 de ani, a fondat compania Novor\u00e9sum\u00e9 \u00een camera sa de c\u0103min \u00een 2016. Trei ani mai t\u00e2rziu, a avut o cifr\u0103 de afaceri de 16 milioane DKK. Rom\u00e2nul \u0218tefan Polexe a\u2026","rel":"","context":"\u00cen \u201eNavigarea \u00een Danemarca\u201d","block_context":{"text":"Navigarea \u00een Danemarca","link":"https:\/\/lwid.dk\/ro\/category\/navigarea-in-danemarca\/"},"img":{"alt_text":"","src":"https:\/\/i0.wp.com\/lwid.dk\/wp-content\/uploads\/2023\/10\/7.-Stefans-virksomhed-.png?resize=350%2C200&ssl=1","width":350,"height":200,"srcset":"https:\/\/i0.wp.com\/lwid.dk\/wp-content\/uploads\/2023\/10\/7.-Stefans-virksomhed-.png?resize=350%2C200&ssl=1 1x, https:\/\/i0.wp.com\/lwid.dk\/wp-content\/uploads\/2023\/10\/7.-Stefans-virksomhed-.png?resize=525%2C300&ssl=1 1.5x, https:\/\/i0.wp.com\/lwid.dk\/wp-content\/uploads\/2023\/10\/7.-Stefans-virksomhed-.png?resize=700%2C400&ssl=1 2x"},"classes":[]},{"id":5394,"url":"https:\/\/lwid.dk\/ro\/magazinul-second-hand-al-crucii-rosii-a-ajutat-o-pe-mihaela-sa-avanseze-catre-un-loc-de-munca-stabil\/","url_meta":{"origin":3335,"position":3},"title":"Magazinul second-hand al Crucii Ro\u0219ii a ajutat-o pe Mihaela s\u0103 avanseze c\u0103tre un loc de munc\u0103 stabil","author":"Sorina Floroiu","date":"26 octombrie 2022","format":false,"excerpt":"Articol publicat in Ugeavisen Grindsted la data de 26 octombrie 2022.\u00a0 Rezumat: Mihaela Dospinesco, \u00een v\u00e2rst\u0103 de 31 de ani, din Rom\u00e2nia, a venit \u00een stagiu practic la magazinul second-hand al Crucii Ro\u0219ii din Vestergade, Grindsted, c\u00e2nd a r\u0103mas \u0219omer\u0103. Voluntarii au ajutat-o cu limba, iar acum a ob\u021binut un\u2026","rel":"","context":"\u00cen \u201eNavigarea \u00een Danemarca\u201d","block_context":{"text":"Navigarea \u00een Danemarca","link":"https:\/\/lwid.dk\/ro\/category\/navigarea-in-danemarca\/"},"img":{"alt_text":"","src":"https:\/\/i0.wp.com\/lwid.dk\/wp-content\/uploads\/2023\/11\/20.-Mihaela-.png?resize=350%2C200&ssl=1","width":350,"height":200,"srcset":"https:\/\/i0.wp.com\/lwid.dk\/wp-content\/uploads\/2023\/11\/20.-Mihaela-.png?resize=350%2C200&ssl=1 1x, https:\/\/i0.wp.com\/lwid.dk\/wp-content\/uploads\/2023\/11\/20.-Mihaela-.png?resize=525%2C300&ssl=1 1.5x"},"classes":[]},{"id":725,"url":"https:\/\/lwid.dk\/partea-5-tratamentul-pentru-fertilitate-sarcina-cu-ajutorul-donatorului-si-sau-a-mamei-surogat-adoptie\/","url_meta":{"origin":3335,"position":4},"title":"Partea 5: tratamentul pentru fertilitate, sarcina cu ajutorul donatorului \u0219i \/sau a mamei surogat, adop\u0163ie.","author":"Alina Racila","date":"14 mai 2022","format":false,"excerpt":"\u00cen Danemarca, femeile care \u00ee\u0219i doresc s\u0103 r\u0103m\u00e2n\u0103 gravide, dar dup\u0103 minimum 1-2 ani pentru femei cu v\u00e2rsta sub 30-35 ani \u0219i \u00bd an pentru femeile cu varsta de peste 35 ani, de \u00eencerc\u0103ri prin metoda tradi\u021bional\u0103 nu reu\u0219esc, se pot adresa medicului de familie, care le poate \u00eendruma c\u0103tre\u00a0tratamentul\u2026","rel":"","context":"Articol similar","block_context":{"text":"Articol similar","link":""},"img":{"alt_text":"","src":"","width":0,"height":0},"classes":[]},{"id":741,"url":"https:\/\/lwid.dk\/partea-13-acasa-cu-bebelusul\/","url_meta":{"origin":3335,"position":5},"title":"Partea 13: acas\u0103, cu bebelu\u0219ul","author":"Alina Racila","date":"14 mai 2022","format":false,"excerpt":"Felicit\u0103ri! Acum ai venit acas\u0103 cu bebelu\u0219ul t\u0103u micu\u021b! Ce urmeaz\u0103? 1. Dac\u0103 partenerul t\u0103u \u00eenc\u0103 nu a f\u0103cut-o, acum e timpul s\u0103 discuta\u021bi despre concediul de \u00eengrijire al bebelu\u0219ului pentru tat\u0103 (\"f\u00e6dreorlov\"). P\u00e2n\u0103 la data de 2 august 2022, vei putea folosi modelul prezent de concediu post natal, adic\u0103,\u2026","rel":"","context":"Articol similar","block_context":{"text":"Articol similar","link":""},"img":{"alt_text":"","src":"","width":0,"height":0},"classes":[]}],"jetpack_featured_media_url":"https:\/\/lwid.dk\/wp-content\/uploads\/2023\/10\/12.png","_links":{"self":[{"href":"https:\/\/lwid.dk\/ro\/wp-json\/wp\/v2\/posts\/3335","targetHints":{"allow":["GET"]}}],"collection":[{"href":"https:\/\/lwid.dk\/ro\/wp-json\/wp\/v2\/posts"}],"about":[{"href":"https:\/\/lwid.dk\/ro\/wp-json\/wp\/v2\/types\/post"}],"author":[{"embeddable":true,"href":"https:\/\/lwid.dk\/ro\/wp-json\/wp\/v2\/users\/11"}],"replies":[{"embeddable":true,"href":"https:\/\/lwid.dk\/ro\/wp-json\/wp\/v2\/comments?post=3335"}],"version-history":[{"count":2,"href":"https:\/\/lwid.dk\/ro\/wp-json\/wp\/v2\/posts\/3335\/revisions"}],"predecessor-version":[{"id":28750,"href":"https:\/\/lwid.dk\/ro\/wp-json\/wp\/v2\/posts\/3335\/revisions\/28750"}],"wp:featuredmedia":[{"embeddable":true,"href":"https:\/\/lwid.dk\/ro\/wp-json\/wp\/v2\/media\/3336"}],"wp:attachment":[{"href":"https:\/\/lwid.dk\/ro\/wp-json\/wp\/v2\/media?parent=3335"}],"wp:term":[{"taxonomy":"category","embeddable":true,"href":"https:\/\/lwid.dk\/ro\/wp-json\/wp\/v2\/categories?post=3335"},{"taxonomy":"post_tag","embeddable":true,"href":"https:\/\/lwid.dk\/ro\/wp-json\/wp\/v2\/tags?post=3335"}],"curies":[{"name":"wp","href":"https:\/\/api.w.org\/{rel}","templated":true}]}}