{"id":3342,"date":"2021-06-24T12:27:00","date_gmt":"2021-06-24T11:27:00","guid":{"rendered":"https:\/\/lwid.dk\/?p=3342"},"modified":"2026-09-01T18:23:55","modified_gmt":"2026-09-01T17:23:55","slug":"castelul-lui-dracula-din-transilvania-ofera-gratuit-vaccin-covid-19","status":"publish","type":"post","link":"https:\/\/lwid.dk\/ro\/castelul-lui-dracula-din-transilvania-ofera-gratuit-vaccin-covid-19\/","title":{"rendered":"\u201eCastelul lui Dracula\u201d din Transilvania ofer\u0103 gratuit vaccin Covid-19"},"content":{"rendered":"\r\n<figure class=\"wp-block-image size-full\"><img loading=\"lazy\" decoding=\"async\" width=\"488\" height=\"728\" class=\"wp-image-3343\" src=\"https:\/\/lwid.dk\/wp-content\/uploads\/2023\/10\/13.-DACIA-SUCCES.png\" alt=\"\" srcset=\"https:\/\/lwid.dk\/wp-content\/uploads\/2023\/10\/13.-DACIA-SUCCES.png 488w, https:\/\/lwid.dk\/wp-content\/uploads\/2023\/10\/13.-DACIA-SUCCES-201x300.png 201w, https:\/\/lwid.dk\/wp-content\/uploads\/2023\/10\/13.-DACIA-SUCCES-150x224.png 150w, https:\/\/lwid.dk\/wp-content\/uploads\/2023\/10\/13.-DACIA-SUCCES-300x448.png 300w\" sizes=\"auto, (max-width: 488px) 100vw, 488px\" \/><\/figure>\r\n\r\n\r\n\r\n<p class=\"wp-block-paragraph\">Articol publicat in DR P3 Nyhederne, la data de 24 iunie 2021<\/p>\r\n\r\n\r\n\r\n<p class=\"wp-block-paragraph\">Mult\u0103 putere european\u0103 va fi concentrat\u0103 \u00eentr-un loc foarte mic \u00een urm\u0103toarele c\u00e2teva zile, summitul UE. Aici \u0219efii de stat vor vorbi despre cum decurge lupta \u00eempotriva virusului corona \u0219i ce putem \u00eenv\u0103\u021ba din pandemie. Printre altele, ei trebuie s\u0103 discute \u0219i ce se poate face pentru ca UE s\u0103 ating\u0103 obiectivul ca 70% dintre europeni s\u0103 fie vaccina\u021bi \u00eenainte de sf\u00e2r\u0219itul verii. Pentru c\u0103, \u00een timp ce Europa de Vest se descurc\u0103 destul de bine, partea de est a uniunii este pu\u021bin mai dificil\u0103 \u0219i, \u00eentr-un fel, pute\u021bi trage fire c\u0103tre fictivul \u00eensetat de s\u00e2nge Conte Dracula.\u00a0<\/p>\r\n\r\n\r\n\r\n<p class=\"wp-block-paragraph\">Am vizitat pur \u0219i simplu Castelul Contelui Dracula. Da, am f\u0103cut asta, pentru c\u0103 a fost transformat \u00eentr-un centru de vaccinare, pentru c\u0103 exact, a\u0219a cum spune\u021bi, au fost ni\u0219te probleme \u00een a face ca oamenii s\u0103 se vaccineze, mai ales \u00een partea de est a Europei \u0219i \u00een Rom\u00e2nia. Prin urmare, este foarte lent. De aceea, acum sunt tenta\u021bi cu un vaccin gratuit \u0219i o intrare gratuit\u0103 \u00een pivni\u021ba torturii. Acest lucru a devenit o atrac\u021bie turistic\u0103 plus atmosfera de vaccin, atrag oamenii.\u00a0 \u0218i pur \u0219i simplu pentru c\u0103 RD reprezint\u0103 mai pu\u021bin de 30% din popula\u021bia rom\u00e2neasc\u0103 \u00een acest moment, care \u0219i-a permis vaccinarea, se lupt\u0103 cu tot ce pot pentru a aduce oamenii la bord pentru asta.\u00a0<\/p>\r\n\r\n\r\n\r\n<p class=\"wp-block-paragraph\">Sper\u0103m ca infec\u021bia va deveni mai pu\u021bin r\u0103sp\u00e2ndit\u0103 peste tot \u0219i, prin urmare, ne-am dori s\u0103 ni se al\u0103ture toat\u0103 lumea, inclusiv cei din Europa de Est.<\/p>\r\n","protected":false},"excerpt":{"rendered":"<p>Articol publicat in DR P3 Nyhederne, la data de 24 iunie 2021 Mult\u0103 putere european\u0103 va fi concentrat\u0103 \u00eentr-un loc foarte mic \u00een urm\u0103toarele c\u00e2teva zile, summitul UE. Aici \u0219efii de stat vor vorbi despre cum decurge lupta \u00eempotriva virusului corona \u0219i ce putem \u00eenv\u0103\u021ba din pandemie. Printre altele, ei trebuie s\u0103 discute \u0219i ce [&hellip;]<\/p>\n","protected":false},"author":11,"featured_media":3343,"comment_status":"open","ping_status":"closed","sticky":false,"template":"","format":"standard","meta":{"_acf_changed":false,"_themeisle_gutenberg_block_has_review":false,"_jetpack_newsletter_access":"","_jetpack_dont_email_post_to_subs":false,"_jetpack_newsletter_tier_id":0,"_jetpack_memberships_contains_paywalled_content":false,"_jetpack_feature_clip_id":0,"_jetpack_memberships_contains_paid_content":false,"footnotes":"","jetpack_post_was_ever_published":false,"_members_access_role":[],"_members_access_error":""},"categories":[878,992],"tags":[268],"class_list":["post-3342","post","type-post","status-publish","format-standard","has-post-thumbnail","category-navigarea-in-danemarca","category-societate","tag-sanatate-si-bunastare"],"acf":[],"jetpack_sharing_enabled":true,"jetpack-related-posts":[{"id":4108,"url":"https:\/\/lwid.dk\/ro\/contele-dracula-trebuie-sa-i-ademeneasca-pe-romani-sa-se-vaccineze-dar-elena-prefera-sa-moara-natural-decat-sa-si-faca-vaccinul\/","url_meta":{"origin":3342,"position":0},"title":"Contele Dracula trebuie s\u0103-i ademeneasc\u0103 pe rom\u00e2ni s\u0103 se vaccineze &#8211; dar Elena prefer\u0103 s\u0103 \u201emoar\u0103 natural\u201d dec\u00e2t s\u0103-\u0219i fac\u0103 vaccinul","author":"Sorina Floroiu","date":"24 iunie 2021","format":false,"excerpt":"Articol publicat in DR, la data de 24 iunie 2021 Timp de zeci de ani, turi\u0219tii de aproape \u0219i de departe au vizitat Castelul Bran din mun\u021bii Transilvaniei Rom\u00e2niei pentru a-i arunca o privire contelui Dracula care suge s\u00e2ngele. Dar dac\u0103 vizita\u021bi legendarul castel ast\u0103zi, exist\u0103 o \u0219ans\u0103 mai mare\u2026","rel":"","context":"\u00cen \u201eNavigarea \u00een Danemarca\u201d","block_context":{"text":"Navigarea \u00een Danemarca","link":"https:\/\/lwid.dk\/ro\/category\/navigarea-in-danemarca\/"},"img":{"alt_text":"","src":"https:\/\/i0.wp.com\/lwid.dk\/wp-content\/uploads\/2023\/10\/17.-DRACULA-corona.png?resize=350%2C200&ssl=1","width":350,"height":200,"srcset":"https:\/\/i0.wp.com\/lwid.dk\/wp-content\/uploads\/2023\/10\/17.-DRACULA-corona.png?resize=350%2C200&ssl=1 1x, https:\/\/i0.wp.com\/lwid.dk\/wp-content\/uploads\/2023\/10\/17.-DRACULA-corona.png?resize=525%2C300&ssl=1 1.5x"},"classes":[]},{"id":4228,"url":"https:\/\/lwid.dk\/ro\/in-vizita-la-contele-insetat-de-sange-dracula\/","url_meta":{"origin":3342,"position":1},"title":"\u00cen vizit\u0103 la contele \u00eensetat de s\u00e2nge, Dracula","author":"Sorina Floroiu","date":"4 septembrie 2021","format":false,"excerpt":"Articol publicat in Midtjyllands Avis Sektion 2, la data de 4 septembrie 2021 Rezumat: O familie din Danemarca tr\u0103ie\u0219te o serie de evenimente diverse, inclusiv un concert clasic, o alert\u0103 cu privire la un urs, o experien\u021b\u0103 cu \u021buic\u0103 \u0219i o vizit\u0103 la castelul Contelui Dracula \u00een ora\u0219ul medieval Bra\u0219ov.\u2026","rel":"","context":"\u00cen \u201eNavigarea \u00een Danemarca\u201d","block_context":{"text":"Navigarea \u00een Danemarca","link":"https:\/\/lwid.dk\/ro\/category\/navigarea-in-danemarca\/"},"img":{"alt_text":"","src":"https:\/\/i0.wp.com\/lwid.dk\/wp-content\/uploads\/2023\/10\/34.png?resize=350%2C200&ssl=1","width":350,"height":200},"classes":[]},{"id":15894,"url":"https:\/\/lwid.dk\/ro\/perspective-asupra-stilului-de-viata-danez-saptamana-16\/","url_meta":{"origin":3342,"position":2},"title":"Perspective asupra stilului de via\u021b\u0103 danez &#8211; S\u0103pt\u0103m\u00e2na 16","author":"Catalina Anapios","date":"21 aprilie 2024","format":false,"excerpt":"\u00cen 2024 se marcheaz\u0103 primul an din 1686 \u00een care Ziua Marii Rug\u0103ciuni (Store bededag) nu va fi s\u0103rb\u0103torit\u0103 ca s\u0103rb\u0103toare public\u0103 \u00een Danemarca. Data cade de obicei \u00een a patra vineri dup\u0103 Duminica Pa\u0219telui \u0219i este destinat\u0103 ca o zi pentru poc\u0103in\u021b\u0103, rug\u0103ciune \u0219i post. Anul trecut, guvernul condus\u2026","rel":"","context":"\u00cen \u201eNavigarea \u00een Danemarca\u201d","block_context":{"text":"Navigarea \u00een Danemarca","link":"https:\/\/lwid.dk\/ro\/category\/navigarea-in-danemarca\/"},"img":{"alt_text":"Viata de zi cu zi in Danemarca Last Week in Denmark","src":"https:\/\/i0.wp.com\/lwid.dk\/wp-content\/uploads\/2023\/12\/Viata-de-zi-cu-zi-in-Danemarca.jpg?resize=350%2C200&ssl=1","width":350,"height":200,"srcset":"https:\/\/i0.wp.com\/lwid.dk\/wp-content\/uploads\/2023\/12\/Viata-de-zi-cu-zi-in-Danemarca.jpg?resize=350%2C200&ssl=1 1x, https:\/\/i0.wp.com\/lwid.dk\/wp-content\/uploads\/2023\/12\/Viata-de-zi-cu-zi-in-Danemarca.jpg?resize=525%2C300&ssl=1 1.5x"},"classes":[]},{"id":3201,"url":"https:\/\/lwid.dk\/ro\/zsolt-in-varsta-de-19-ani-din-romania-studiaza-in-danemarca-su-este-necesar-19-arige-zsolt-fra-rumaenien-laeser-i-danmark-su-er-nodvendigt\/","url_meta":{"origin":3342,"position":3},"title":"Zsolt, \u00een v\u00e2rst\u0103 de 19 ani, din Rom\u00e2nia, studiaz\u0103 \u00een Danemarca: SU este necesar \/ 19-\u00e5rige Zsolt fra Rum\u00e6nien l\u00e6ser i Danmark: SU er n\u00f8dvendigt","author":"Sorina Floroiu","date":"29 septembrie 2020","format":false,"excerpt":"Articol publicat \u00een Berlingske la data de 29 septembrie 2020\u00a0 Subiectul articolului: Zsolt Kozma, un t\u00e2n\u0103r rom\u00e2n \u00een v\u00e2rst\u0103 de 19 ani, prime\u0219te ajutor financiar pentru studii (SU) \u00een timp ce studiaz\u0103 la KEA \u00een Copenhaga ca cet\u0103\u021bean al Uniunii Europene. Pentru a beneficia de acest ajutor financiar, el trebuie\u2026","rel":"","context":"\u00cen \u201eNavigarea \u00een Danemarca\u201d","block_context":{"text":"Navigarea \u00een Danemarca","link":"https:\/\/lwid.dk\/ro\/category\/navigarea-in-danemarca\/"},"img":{"alt_text":"","src":"https:\/\/i0.wp.com\/lwid.dk\/wp-content\/uploads\/2023\/10\/27.-Zsoltpng.png?resize=350%2C200&ssl=1","width":350,"height":200,"srcset":"https:\/\/i0.wp.com\/lwid.dk\/wp-content\/uploads\/2023\/10\/27.-Zsoltpng.png?resize=350%2C200&ssl=1 1x, https:\/\/i0.wp.com\/lwid.dk\/wp-content\/uploads\/2023\/10\/27.-Zsoltpng.png?resize=525%2C300&ssl=1 1.5x"},"classes":[]},{"id":3187,"url":"https:\/\/lwid.dk\/ro\/transilvania-conduce-in-turismul-viitor-trebuie-sa-fie-durabil-transsylvanien-gar-forrest-fremtidens-turisme-skal-vaere-baeredygtig\/","url_meta":{"origin":3342,"position":4},"title":"Transilvania conduce \u00een turismul viitor &#8211; trebuie s\u0103 fie durabil. \/ Transsylvanien g\u00e5r forrest Fremtidens turisme skal v\u00e6re b\u00e6redygtig","author":"Sorina Floroiu","date":"27 iunie 2020","format":false,"excerpt":"Articol publicat in Jyllands-Posten la data de 27 iunie 2020. Subiectul articolului: Ecoturismul ar putea deveni o alternativ\u0103 \u00een c\u0103l\u0103toriile \u00een str\u0103in\u0103tate \u00een contextul actual.\u00a0 Transilvania este considerat\u0103 o destina\u021bie potrivit\u0103 pentru ecoturism \u0219i atrage aten\u021bia turi\u0219tilor datorit\u0103 politicii stricte de protec\u021bie a mediului \u0219i a angajamentului fa\u021b\u0103 de turismul\u2026","rel":"","context":"\u00cen \u201eNavigarea \u00een Danemarca\u201d","block_context":{"text":"Navigarea \u00een Danemarca","link":"https:\/\/lwid.dk\/ro\/category\/navigarea-in-danemarca\/"},"img":{"alt_text":"","src":"https:\/\/i0.wp.com\/lwid.dk\/wp-content\/uploads\/2023\/10\/25.-Fremtiders-turisme.png?resize=350%2C200&ssl=1","width":350,"height":200,"srcset":"https:\/\/i0.wp.com\/lwid.dk\/wp-content\/uploads\/2023\/10\/25.-Fremtiders-turisme.png?resize=350%2C200&ssl=1 1x, https:\/\/i0.wp.com\/lwid.dk\/wp-content\/uploads\/2023\/10\/25.-Fremtiders-turisme.png?resize=525%2C300&ssl=1 1.5x"},"classes":[]},{"id":2967,"url":"https:\/\/lwid.dk\/ro\/danemarca-ii-ofera-dianei-mai-multe-oportunitati-danmark-giver-diana-bedre-muligheder\/","url_meta":{"origin":3342,"position":5},"title":"Danemarca \u00eei ofer\u0103 Dianei mai multe oportunit\u0103\u021bi \/ Danmark giver Diana bedre muligheder","author":"Sorina Floroiu","date":"3 ianuarie 2020","format":false,"excerpt":"Articol publicat in Magasinet Hyo la 3 ianuarie 2020 Subiectul articolului:\u00a0 Diana Vl\u0103deanu, \u00een v\u00e2rst\u0103 de 23 de ani din Rom\u00e2nia, a venit \u00een Danemarca pentru a studia \u0219i lucra \u00een industria agricol\u0103. Ea a g\u0103sit oportunit\u0103\u021bi mai bune \u00een Danemarca dec\u00e2t \u00een \u021bara natal\u0103. Prin intermediul AgroJob, a fost\u2026","rel":"","context":"\u00cen \u201eNavigarea \u00een Danemarca\u201d","block_context":{"text":"Navigarea \u00een Danemarca","link":"https:\/\/lwid.dk\/ro\/category\/navigarea-in-danemarca\/"},"img":{"alt_text":"","src":"https:\/\/i0.wp.com\/lwid.dk\/wp-content\/uploads\/2023\/10\/1.-Danmark-giver-Diana-bedre-muligheder-e1697727104268.png?resize=350%2C200&ssl=1","width":350,"height":200,"srcset":"https:\/\/i0.wp.com\/lwid.dk\/wp-content\/uploads\/2023\/10\/1.-Danmark-giver-Diana-bedre-muligheder-e1697727104268.png?resize=350%2C200&ssl=1 1x, https:\/\/i0.wp.com\/lwid.dk\/wp-content\/uploads\/2023\/10\/1.-Danmark-giver-Diana-bedre-muligheder-e1697727104268.png?resize=525%2C300&ssl=1 1.5x, https:\/\/i0.wp.com\/lwid.dk\/wp-content\/uploads\/2023\/10\/1.-Danmark-giver-Diana-bedre-muligheder-e1697727104268.png?resize=700%2C400&ssl=1 2x, https:\/\/i0.wp.com\/lwid.dk\/wp-content\/uploads\/2023\/10\/1.-Danmark-giver-Diana-bedre-muligheder-e1697727104268.png?resize=1050%2C600&ssl=1 3x"},"classes":[]}],"jetpack_featured_media_url":"https:\/\/lwid.dk\/wp-content\/uploads\/2023\/10\/13.-DACIA-SUCCES.png","_links":{"self":[{"href":"https:\/\/lwid.dk\/ro\/wp-json\/wp\/v2\/posts\/3342","targetHints":{"allow":["GET"]}}],"collection":[{"href":"https:\/\/lwid.dk\/ro\/wp-json\/wp\/v2\/posts"}],"about":[{"href":"https:\/\/lwid.dk\/ro\/wp-json\/wp\/v2\/types\/post"}],"author":[{"embeddable":true,"href":"https:\/\/lwid.dk\/ro\/wp-json\/wp\/v2\/users\/11"}],"replies":[{"embeddable":true,"href":"https:\/\/lwid.dk\/ro\/wp-json\/wp\/v2\/comments?post=3342"}],"version-history":[{"count":2,"href":"https:\/\/lwid.dk\/ro\/wp-json\/wp\/v2\/posts\/3342\/revisions"}],"predecessor-version":[{"id":28748,"href":"https:\/\/lwid.dk\/ro\/wp-json\/wp\/v2\/posts\/3342\/revisions\/28748"}],"wp:featuredmedia":[{"embeddable":true,"href":"https:\/\/lwid.dk\/ro\/wp-json\/wp\/v2\/media\/3343"}],"wp:attachment":[{"href":"https:\/\/lwid.dk\/ro\/wp-json\/wp\/v2\/media?parent=3342"}],"wp:term":[{"taxonomy":"category","embeddable":true,"href":"https:\/\/lwid.dk\/ro\/wp-json\/wp\/v2\/categories?post=3342"},{"taxonomy":"post_tag","embeddable":true,"href":"https:\/\/lwid.dk\/ro\/wp-json\/wp\/v2\/tags?post=3342"}],"curies":[{"name":"wp","href":"https:\/\/api.w.org\/{rel}","templated":true}]}}