{"id":4108,"date":"2021-06-24T21:22:00","date_gmt":"2021-06-24T20:22:00","guid":{"rendered":"https:\/\/lwid.dk\/?p=4108"},"modified":"2026-09-01T18:23:17","modified_gmt":"2026-09-01T17:23:17","slug":"contele-dracula-trebuie-sa-i-ademeneasca-pe-romani-sa-se-vaccineze-dar-elena-prefera-sa-moara-natural-decat-sa-si-faca-vaccinul","status":"publish","type":"post","link":"https:\/\/lwid.dk\/ro\/contele-dracula-trebuie-sa-i-ademeneasca-pe-romani-sa-se-vaccineze-dar-elena-prefera-sa-moara-natural-decat-sa-si-faca-vaccinul\/","title":{"rendered":"Contele Dracula trebuie s\u0103-i ademeneasc\u0103 pe rom\u00e2ni s\u0103 se vaccineze &#8211; dar Elena prefer\u0103 s\u0103 \u201emoar\u0103 natural\u201d dec\u00e2t s\u0103-\u0219i fac\u0103 vaccinul"},"content":{"rendered":"\r\n<p class=\"wp-block-paragraph\">Articol publicat in DR, la data de 24 iunie 2021<\/p>\r\n\r\n\r\n\r\n<figure class=\"wp-block-image size-full\"><img loading=\"lazy\" decoding=\"async\" width=\"681\" height=\"554\" class=\"wp-image-4109\" src=\"https:\/\/lwid.dk\/wp-content\/uploads\/2023\/10\/17.-DRACULA-corona.png\" alt=\"\" srcset=\"https:\/\/lwid.dk\/wp-content\/uploads\/2023\/10\/17.-DRACULA-corona.png 681w, https:\/\/lwid.dk\/wp-content\/uploads\/2023\/10\/17.-DRACULA-corona-300x244.png 300w, https:\/\/lwid.dk\/wp-content\/uploads\/2023\/10\/17.-DRACULA-corona-150x122.png 150w\" sizes=\"auto, (max-width: 681px) 100vw, 681px\" \/><\/figure>\r\n\r\n\r\n\r\n<p class=\"wp-block-paragraph\">Timp de zeci de ani, turi\u0219tii de aproape \u0219i de departe au vizitat Castelul Bran din mun\u021bii Transilvaniei Rom\u00e2niei pentru a-i arunca o privire contelui Dracula care suge s\u00e2ngele.<\/p>\r\n\r\n\r\n\r\n<p class=\"wp-block-paragraph\">Dar dac\u0103 vizita\u021bi legendarul castel ast\u0103zi, exist\u0103 o \u0219ans\u0103 mai mare de a ob\u021bine un ac \u00een um\u0103r dec\u00e2t o pereche de col\u021bi \u00een g\u00e2t.<\/p>\r\n\r\n\r\n\r\n<p class=\"wp-block-paragraph\">Consiliul castelului ofer\u0103 un vaccin gratuit \u00eempotriva Covid-19 &#8211; plus acces gratuit la pivni\u021ba de tortur\u0103.<\/p>\r\n\r\n\r\n\r\n<p class=\"wp-block-paragraph\">Este nevoie de ceva momeal\u0103 pentru a scoate rom\u00e2nii \u00een centrele de vaccinare.<\/p>\r\n\r\n\r\n\r\n<p class=\"wp-block-paragraph\">Cifrele din UE arat\u0103 c\u0103 mai pu\u021bin de 30% din popula\u021bie a primit prima injec\u021bie. \u0218i asta, chiar dac\u0103 la \u00eenceputul anului, Rom\u00e2nia era una dintre \u021b\u0103rile care era cu mult \u00eenainte \u00een cursa vaccinurilor a UE.<\/p>\r\n\r\n\r\n\r\n<p class=\"wp-block-paragraph\">.<\/p>\r\n\r\n\r\n\r\n<figure class=\"wp-block-image\"><img loading=\"lazy\" decoding=\"async\" width=\"719\" height=\"405\" class=\"wp-image-4116\" src=\"https:\/\/lwid.dk\/wp-content\/uploads\/2023\/10\/image-2.jpeg\" alt=\"\" srcset=\"https:\/\/lwid.dk\/wp-content\/uploads\/2023\/10\/image-2.jpeg 719w, https:\/\/lwid.dk\/wp-content\/uploads\/2023\/10\/image-2-300x169.jpeg 300w, https:\/\/lwid.dk\/wp-content\/uploads\/2023\/10\/image-2-150x84.jpeg 150w, https:\/\/lwid.dk\/wp-content\/uploads\/2023\/10\/image-2-696x392.jpeg 696w\" sizes=\"auto, (max-width: 719px) 100vw, 719px\" \/><\/figure>\r\n\r\n\r\n\r\n<p class=\"wp-block-paragraph\">Castelul Bran este situat \u00een lan\u021bul muntos Carpa\u021bi. Dateaz\u0103 din secolul al XIV-lea \u0219i istoria sa s\u00e2ngeroas\u0103 a f\u0103cut din ea epicentrul legendei contelui Dracula.. (Foto: \u00a9 Joseph Backes)<\/p>\r\n\r\n\r\n\r\n<p class=\"wp-block-paragraph\">De aceea\u0219i p\u0103rere este \u0219i doctorul Adrian Popa. El este cel care se ocup\u0103 de dozele oferite la castelul lui Dracula. La \u00eenceput a fost foarte ocupat, cu multe de f\u0103cut, dar treptat timpul era din ce \u00een ce mai mult pentru tot mai multe pauze de cafea.<\/p>\r\n\r\n\r\n\r\n<p class=\"wp-block-paragraph\">Acum o lun\u0103, a vaccinat peste 100 de oameni pe zi. Acum, num\u0103rul este \u00eentre 20 \u0219i 40, spune el.<\/p>\r\n\r\n\r\n\r\n<p class=\"wp-block-paragraph\">\u201c- Parc\u0103 am terminat vaccinarea tuturor celor care vor s\u0103 se vaccineze. Acum trebuie s\u0103 \u00eencepem cu scepticii. \u0218i este destul de greu.\u201d<\/p>\r\n\r\n\r\n\r\n<figure class=\"wp-block-image\"><img loading=\"lazy\" decoding=\"async\" width=\"719\" height=\"405\" class=\"wp-image-4117\" src=\"https:\/\/lwid.dk\/wp-content\/uploads\/2023\/10\/image-3.jpeg\" alt=\"\" srcset=\"https:\/\/lwid.dk\/wp-content\/uploads\/2023\/10\/image-3.jpeg 719w, https:\/\/lwid.dk\/wp-content\/uploads\/2023\/10\/image-3-300x169.jpeg 300w, https:\/\/lwid.dk\/wp-content\/uploads\/2023\/10\/image-3-150x84.jpeg 150w, https:\/\/lwid.dk\/wp-content\/uploads\/2023\/10\/image-3-696x392.jpeg 696w\" sizes=\"auto, (max-width: 719px) 100vw, 719px\" \/><\/figure>\r\n\r\n\r\n\r\n<p class=\"wp-block-paragraph\">Dr. Popa prepar\u0103 o doz\u0103 de Pfizer. Dar treptat, din ce \u00een ce mai pu\u021bini rom\u00e2ni trec pe la castel pentru a \u00ee\u0219i face vaccin. (Foto: \u00a9 Joseph Backes)<\/p>\r\n\r\n\r\n\r\n<p class=\"wp-block-paragraph\">Rom\u00e2nia este pe penultimul loc \u00een UE<\/p>\r\n\r\n\r\n\r\n<p class=\"wp-block-paragraph\">Ast\u0103zi, statele membre ale UE \u00eencep un summit, unde pandemia corona este din nou pe primul loc pe ordinea de zi.<\/p>\r\n\r\n\r\n\r\n<p class=\"wp-block-paragraph\">Scopul este ca 70 la sut\u0103 dintre cet\u0103\u021beni s\u0103 fie vaccina\u021bi \u00eenainte de \u00eencheierea verii. Dar vaccinarea popula\u021biei, mai ales \u00een \u021b\u0103rile est-europene, este lent\u0103.\u00a0<\/p>\r\n\r\n\r\n\r\n<p class=\"wp-block-paragraph\">Rom\u00e2nia se afl\u0103 pe penultimul loc c\u00e2nd te ui\u021bi la c\u00e2te doze de vaccin corona au fost administrate. Doar Bulgaria a distribuit mai pu\u021bine.<\/p>\r\n\r\n\r\n\r\n<p class=\"wp-block-paragraph\">Nu pentru c\u0103 nu sunt suficiente doze. Dimpotriv\u0103, autorit\u0103\u021bile sanitare \u00eencep s\u0103 se \u00eengrijoreze de data de expirare a celor pe care le au. Provocarea se afl\u0103 \u00een alt\u0103 parte.<\/p>\r\n\r\n\r\n\r\n<p class=\"wp-block-paragraph\">Informa\u021bii lips\u0103<\/p>\r\n\r\n\r\n\r\n<p class=\"wp-block-paragraph\">Aproape jum\u0103tate din cei 20 de milioane de locuitori ai Rom\u00e2niei tr\u0103iesc \u00een mediul rural. Acest lucru face ca \u021bara s\u0103 fie membru al UE cu cea mai mare popula\u021bie rural\u0103.<\/p>\r\n\r\n\r\n\r\n<p class=\"wp-block-paragraph\">MedLife, cea mai mare organiza\u021bie privat\u0103 de s\u0103n\u0103tate din Rom\u00e2nia, estimeaz\u0103 c\u0103 doar aproximativ o cincime din popula\u021bia rural\u0103 va fi vaccinat\u0103 p\u00e2n\u0103 la sf\u00e2r\u0219itul anului.<\/p>\r\n\r\n\r\n\r\n<p class=\"wp-block-paragraph\">Acela\u0219i studiu concluzioneaz\u0103 c\u0103 pur \u0219i simplu nu exist\u0103 suficiente informa\u021bii care ajung \u00een zonele rurale. De aceea a existat o ne\u00eencredere \u00een vaccinuri, se spune.<\/p>\r\n\r\n\r\n\r\n<figure class=\"wp-block-image\"><img loading=\"lazy\" decoding=\"async\" width=\"719\" height=\"405\" class=\"wp-image-4114\" src=\"https:\/\/lwid.dk\/wp-content\/uploads\/2023\/10\/image-1.jpeg\" alt=\"\" srcset=\"https:\/\/lwid.dk\/wp-content\/uploads\/2023\/10\/image-1.jpeg 719w, https:\/\/lwid.dk\/wp-content\/uploads\/2023\/10\/image-1-300x169.jpeg 300w, https:\/\/lwid.dk\/wp-content\/uploads\/2023\/10\/image-1-150x84.jpeg 150w, https:\/\/lwid.dk\/wp-content\/uploads\/2023\/10\/image-1-696x392.jpeg 696w\" sizes=\"auto, (max-width: 719px) 100vw, 719px\" \/><\/figure>\r\n\r\n\r\n\r\n<p class=\"wp-block-paragraph\">Aproape jum\u0103tate dintre rom\u00e2ni tr\u0103iesc la \u021bar\u0103. Aceste trei doamne \u00een etate nu cred c\u0103 sunt \u00een pericol de a fi infectate cu virusul corona. (Foto: \u00a9 Joseph Backes)<\/p>\r\n\r\n\r\n\r\n<p class=\"wp-block-paragraph\">Pe o banca din satul \u0218inca Nou\u0103, la jum\u0103tate de ora de mers cu ma\u0219ina de la Castelul Bran, stau Maria Lucus, Maria Itu si Elena Itu. Sunt trei femei mai \u00een v\u00e2rst\u0103, \u00eembr\u0103cate \u00een mod tradi\u021bional cu un \u0219or\u021b \u00een jurul taliei \u0219i o e\u0219arf\u0103 \u00een jurul capului. Nu ar trebui s\u0103 se bucure de nimic de la vaccinare.<\/p>\r\n\r\n\r\n\r\n<p class=\"wp-block-paragraph\">&#8211; Prefer s\u0103 mor de moarte natural\u0103 dec\u00e2t s\u0103 mor de la acel vaccin, r\u00e2de Itu Elena.<\/p>\r\n\r\n\r\n\r\n<p class=\"wp-block-paragraph\">&#8211; Suntem b\u0103tr\u00e2ne, spun ele.<\/p>\r\n\r\n\r\n\r\n<p class=\"wp-block-paragraph\">&#8211; Vaccinul ne va afecta. Corpurile noastre nu pot lupta cu el.<\/p>\r\n\r\n\r\n\r\n<p class=\"wp-block-paragraph\">Prefer s\u0103 mor de moarte natural\u0103 dec\u00e2t s\u0103 mor din cauza acestui vaccin.<\/p>\r\n\r\n\r\n\r\n<p class=\"wp-block-paragraph\">Atragerea de turi\u0219ti<\/p>\r\n\r\n\r\n\r\n<p class=\"wp-block-paragraph\">La castelul lui Dracula, Dr. Popa se preg\u0103te\u0219te s\u0103 dea o nou\u0103 injec\u021bie de vaccin corona. De data asta unui spaniol.<\/p>\r\n\r\n\r\n\r\n<p class=\"wp-block-paragraph\">Vaccinurile gratuite sunt oferite at\u00e2t rom\u00e2nilor, cet\u0103\u021benilor UE, c\u00e2t \u0219i persoanelor din \u021b\u0103ri ter\u021be care locuiesc \u00een Rom\u00e2nia.<\/p>\r\n\r\n\r\n\r\n<p class=\"wp-block-paragraph\">Ast\u0103zi au existat deja ru\u0219i, mexicani, norvegieni \u0219i un singur suedez. P\u00e2n\u0103 acum, mai pu\u021bin de jum\u0103tate dintre cei pe care \u00eei vaccineaz\u0103 sunt rom\u00e2ni.<\/p>\r\n\r\n\r\n\r\n<p class=\"wp-block-paragraph\">El sper\u0103 c\u0103 mai mul\u021bi localnici pot fi ademeni\u021bi \u00een urm\u0103toarele c\u00e2teva luni. Are un apel pentru ei.<\/p>\r\n\r\n\r\n\r\n<p class=\"wp-block-paragraph\">&#8211; Nu mai asculta\u021bi pove\u0219ti false. \u00centreba\u021bi-v\u0103 doctorii &#8211; cei c\u0103rora le pas\u0103 de fapt &#8211; dac\u0103 v\u0103 sim\u021bi\u021bi bine.<\/p>\r\n\r\n\r\n\r\n<p class=\"wp-block-paragraph\">La aceast\u0103 loca\u021bie, povestea contelui Dracula este singurul mit permis.<\/p>\r\n\r\n\r\n\r\n<p class=\"wp-block-paragraph\"><a href=\"https:\/\/www.dr.dk\/nyheder\/udland\/grev-dracula-skal-lokke-rumaenere-til-blive-vaccineret-men-elena-vil-hellere-doe\">https:\/\/www.dr.dk\/nyheder\/udland\/grev-dracula-skal-lokke-rumaenere-til-blive-vaccineret-men-elena-vil-hellere-doe<\/a><\/p>\r\n","protected":false},"excerpt":{"rendered":"<p>Articol publicat in DR, la data de 24 iunie 2021 Timp de zeci de ani, turi\u0219tii de aproape \u0219i de departe au vizitat Castelul Bran din mun\u021bii Transilvaniei Rom\u00e2niei pentru a-i arunca o privire contelui Dracula care suge s\u00e2ngele. Dar dac\u0103 vizita\u021bi legendarul castel ast\u0103zi, exist\u0103 o \u0219ans\u0103 mai mare de a ob\u021bine un ac [&hellip;]<\/p>\n","protected":false},"author":11,"featured_media":4109,"comment_status":"open","ping_status":"closed","sticky":false,"template":"","format":"standard","meta":{"_acf_changed":false,"_themeisle_gutenberg_block_has_review":false,"_jetpack_newsletter_access":"","_jetpack_dont_email_post_to_subs":false,"_jetpack_newsletter_tier_id":0,"_jetpack_memberships_contains_paywalled_content":false,"_jetpack_feature_clip_id":0,"_jetpack_memberships_contains_paid_content":false,"footnotes":"","jetpack_post_was_ever_published":false,"_members_access_role":[],"_members_access_error":""},"categories":[878,992],"tags":[268],"class_list":["post-4108","post","type-post","status-publish","format-standard","has-post-thumbnail","category-navigarea-in-danemarca","category-societate","tag-sanatate-si-bunastare"],"acf":[],"jetpack_sharing_enabled":true,"jetpack-related-posts":[{"id":4228,"url":"https:\/\/lwid.dk\/ro\/in-vizita-la-contele-insetat-de-sange-dracula\/","url_meta":{"origin":4108,"position":0},"title":"\u00cen vizit\u0103 la contele \u00eensetat de s\u00e2nge, Dracula","author":"Sorina Floroiu","date":"4 septembrie 2021","format":false,"excerpt":"Articol publicat in Midtjyllands Avis Sektion 2, la data de 4 septembrie 2021 Rezumat: O familie din Danemarca tr\u0103ie\u0219te o serie de evenimente diverse, inclusiv un concert clasic, o alert\u0103 cu privire la un urs, o experien\u021b\u0103 cu \u021buic\u0103 \u0219i o vizit\u0103 la castelul Contelui Dracula \u00een ora\u0219ul medieval Bra\u0219ov.\u2026","rel":"","context":"\u00cen \u201eNavigarea \u00een Danemarca\u201d","block_context":{"text":"Navigarea \u00een Danemarca","link":"https:\/\/lwid.dk\/ro\/category\/navigarea-in-danemarca\/"},"img":{"alt_text":"","src":"https:\/\/i0.wp.com\/lwid.dk\/wp-content\/uploads\/2023\/10\/34.png?resize=350%2C200&ssl=1","width":350,"height":200},"classes":[]},{"id":3342,"url":"https:\/\/lwid.dk\/ro\/castelul-lui-dracula-din-transilvania-ofera-gratuit-vaccin-covid-19\/","url_meta":{"origin":4108,"position":1},"title":"\u201eCastelul lui Dracula\u201d din Transilvania ofer\u0103 gratuit vaccin Covid-19","author":"Sorina Floroiu","date":"24 iunie 2021","format":false,"excerpt":"Articol publicat in DR P3 Nyhederne, la data de 24 iunie 2021 Mult\u0103 putere european\u0103 va fi concentrat\u0103 \u00eentr-un loc foarte mic \u00een urm\u0103toarele c\u00e2teva zile, summitul UE. Aici \u0219efii de stat vor vorbi despre cum decurge lupta \u00eempotriva virusului corona \u0219i ce putem \u00eenv\u0103\u021ba din pandemie. Printre altele, ei\u2026","rel":"","context":"\u00cen \u201eNavigarea \u00een Danemarca\u201d","block_context":{"text":"Navigarea \u00een Danemarca","link":"https:\/\/lwid.dk\/ro\/category\/navigarea-in-danemarca\/"},"img":{"alt_text":"","src":"https:\/\/i0.wp.com\/lwid.dk\/wp-content\/uploads\/2023\/10\/13.-DACIA-SUCCES.png?resize=350%2C200&ssl=1","width":350,"height":200},"classes":[]},{"id":7679,"url":"https:\/\/lwid.dk\/ro\/cum-sa-inveti-limba-daneza-gratuit-in-danemarca\/","url_meta":{"origin":4108,"position":2},"title":"Cum s\u0103 \u00eenve\u021bi limba danez\u0103 gratuit \u00een Danemarca?","author":"Alina Racila","date":"15 decembrie 2023","format":false,"excerpt":"Dac\u0103 \u00ee\u021bi dore\u0219ti s\u0103 \u00eenve\u021bi limba danez\u0103 \u00een Danemarca, atunci e bine s\u0103 \u0219tii c\u0103 o po\u021bi face gratuit, dac\u0103 \u00eendepline\u0219ti urm\u0103toarele condi\u021bii: E\u0219ti adult (+18 ani) Ai permisul de \u0219edere \u00een Danemarca Ai locuit \u00een Danemarca mai pu\u021bin de 5 ani.\u00a0 Termenul de studiere gratuit\u0103 a limbii daneze poate\u2026","rel":"","context":"\u00cen \u201eGhiduri practice\u201d","block_context":{"text":"Ghiduri practice","link":"https:\/\/lwid.dk\/ro\/category\/navigarea-in-danemarca\/ghiduri-practice\/"},"img":{"alt_text":"","src":"https:\/\/i0.wp.com\/lwid.dk\/wp-content\/uploads\/2023\/12\/Add-a-subtitle.jpg?resize=350%2C200&ssl=1","width":350,"height":200,"srcset":"https:\/\/i0.wp.com\/lwid.dk\/wp-content\/uploads\/2023\/12\/Add-a-subtitle.jpg?resize=350%2C200&ssl=1 1x, https:\/\/i0.wp.com\/lwid.dk\/wp-content\/uploads\/2023\/12\/Add-a-subtitle.jpg?resize=525%2C300&ssl=1 1.5x"},"classes":[]},{"id":2992,"url":"https:\/\/lwid.dk\/ro\/romanul-viorel-locuieste-si-lucreaza-in-danemarca-dar-primeste-un-salariu-mai-mic-decat-colegii-sai-danezi-rumaenske-viorel-bor-og-arbejder-i-danmark-men-far-lavere-lon-end-sine-danske-kollegaer\/","url_meta":{"origin":4108,"position":3},"title":"Rom\u00e2nul Viorel locuie\u0219te \u0219i lucreaz\u0103 \u00een Danemarca &#8211; dar prime\u0219te un salariu mai mic dec\u00e2t colegii s\u0103i danezi \/ Rum\u00e6nske Viorel bor og arbejder i Danmark &#8211; men f\u00e5r lavere l\u00f8n end sine danske kollegaer","author":"Sorina Floroiu","date":"3 februarie 2020","format":false,"excerpt":"Articol publicat in DR.dk la data de 3 februarie 2020 Traducere: Rom\u00e2nul Viorel locuie\u0219te \u0219i lucreaz\u0103 \u00een Danemarca - dar prime\u0219te un salariu mai mic dec\u00e2t colegii s\u0103i danezi Salariul minim este un punct crucial de disput\u0103 \u00een negocierile contractuale. Viorel Oprea este originar din Rom\u00e2nia \u0219i locuie\u0219te \u00eempreun\u0103 cu\u2026","rel":"","context":"\u00cen \u201eNavigarea \u00een Danemarca\u201d","block_context":{"text":"Navigarea \u00een Danemarca","link":"https:\/\/lwid.dk\/ro\/category\/navigarea-in-danemarca\/"},"img":{"alt_text":"","src":"https:\/\/i0.wp.com\/lwid.dk\/wp-content\/uploads\/2023\/11\/4.-Rumaenske-Viorel.jpg?resize=350%2C200&ssl=1","width":350,"height":200,"srcset":"https:\/\/i0.wp.com\/lwid.dk\/wp-content\/uploads\/2023\/11\/4.-Rumaenske-Viorel.jpg?resize=350%2C200&ssl=1 1x, https:\/\/i0.wp.com\/lwid.dk\/wp-content\/uploads\/2023\/11\/4.-Rumaenske-Viorel.jpg?resize=525%2C300&ssl=1 1.5x, https:\/\/i0.wp.com\/lwid.dk\/wp-content\/uploads\/2023\/11\/4.-Rumaenske-Viorel.jpg?resize=700%2C400&ssl=1 2x, https:\/\/i0.wp.com\/lwid.dk\/wp-content\/uploads\/2023\/11\/4.-Rumaenske-Viorel.jpg?resize=1050%2C600&ssl=1 3x, https:\/\/i0.wp.com\/lwid.dk\/wp-content\/uploads\/2023\/11\/4.-Rumaenske-Viorel.jpg?resize=1400%2C800&ssl=1 4x"},"classes":[]},{"id":4207,"url":"https:\/\/lwid.dk\/ro\/romanul-florin-supravietuieste-fara-adapost-vanzand-ziare-singurul-meu-vis-este-ca-copiii-mei-sa-aiba-o-viata-mai-buna-decat-a-mea\/","url_meta":{"origin":4108,"position":4},"title":"Rom\u00e2nul Florin supravie\u021buie\u0219te f\u0103r\u0103 ad\u0103post v\u00e2nz\u00e2nd ziare: \u201eSingurul meu vis este ca copiii mei s\u0103 aib\u0103 o via\u021b\u0103 mai bun\u0103 dec\u00e2t a mea\u201d","author":"Sorina Floroiu","date":"11 august 2021","format":false,"excerpt":"Articol publicat in Fyens.dk Nicklas Ansbjerg Nielsen, la data de 11 august 2021 Rezumat: Florin Tudor, \u00een v\u00e2rst\u0103 de 37 de ani, este un v\u00e2nz\u0103tor de ziare Hus Forbi din Vejle, care \u00ee\u0219i c\u00e2\u0219tig\u0103 traiul v\u00e2nz\u00e2nd ziare pe str\u0103zi. El face acest lucru pentru a-\u0219i asigura hrana, cazarea \u0219i transferurile\u2026","rel":"","context":"\u00cen \u201eNavigarea \u00een Danemarca\u201d","block_context":{"text":"Navigarea \u00een Danemarca","link":"https:\/\/lwid.dk\/ro\/category\/navigarea-in-danemarca\/"},"img":{"alt_text":"","src":"https:\/\/i0.wp.com\/lwid.dk\/wp-content\/uploads\/2023\/10\/31.png?resize=350%2C200&ssl=1","width":350,"height":200,"srcset":"https:\/\/i0.wp.com\/lwid.dk\/wp-content\/uploads\/2023\/10\/31.png?resize=350%2C200&ssl=1 1x, https:\/\/i0.wp.com\/lwid.dk\/wp-content\/uploads\/2023\/10\/31.png?resize=525%2C300&ssl=1 1.5x, https:\/\/i0.wp.com\/lwid.dk\/wp-content\/uploads\/2023\/10\/31.png?resize=700%2C400&ssl=1 2x"},"classes":[]},{"id":4186,"url":"https:\/\/lwid.dk\/ro\/cum-sa-va-integrati-angajatii-din-strainatate\/","url_meta":{"origin":4108,"position":5},"title":"Cum s\u0103 v\u0103 integra\u021bi angaja\u021bii din str\u0103in\u0103tate","author":"Sorina Floroiu","date":"5 august 2021","format":false,"excerpt":"Articol publicat in Vsp.lf.dk (Videncenter for Svineproduktion), la data de 5 august 2021 O mare parte dintre produc\u0103torii danezi de porci angajeaz\u0103 deja angaja\u021bi interna\u021bionali - \u0219i unii se uit\u0103 la Ucraina \u0219i Rom\u00e2nia, printre altele, atunci c\u00e2nd au nevoie s\u0103 recruteze angaja\u021bi. Dar cum integrezi rapid ace\u0219ti angaja\u021bi la\u2026","rel":"","context":"\u00cen \u201eNavigarea \u00een Danemarca\u201d","block_context":{"text":"Navigarea \u00een Danemarca","link":"https:\/\/lwid.dk\/ro\/category\/navigarea-in-danemarca\/"},"img":{"alt_text":"","src":"https:\/\/i0.wp.com\/lwid.dk\/wp-content\/uploads\/2023\/10\/26.png?resize=350%2C200&ssl=1","width":350,"height":200,"srcset":"https:\/\/i0.wp.com\/lwid.dk\/wp-content\/uploads\/2023\/10\/26.png?resize=350%2C200&ssl=1 1x, https:\/\/i0.wp.com\/lwid.dk\/wp-content\/uploads\/2023\/10\/26.png?resize=525%2C300&ssl=1 1.5x, https:\/\/i0.wp.com\/lwid.dk\/wp-content\/uploads\/2023\/10\/26.png?resize=700%2C400&ssl=1 2x, https:\/\/i0.wp.com\/lwid.dk\/wp-content\/uploads\/2023\/10\/26.png?resize=1050%2C600&ssl=1 3x"},"classes":[]}],"jetpack_featured_media_url":"https:\/\/lwid.dk\/wp-content\/uploads\/2023\/10\/17.-DRACULA-corona.png","_links":{"self":[{"href":"https:\/\/lwid.dk\/ro\/wp-json\/wp\/v2\/posts\/4108","targetHints":{"allow":["GET"]}}],"collection":[{"href":"https:\/\/lwid.dk\/ro\/wp-json\/wp\/v2\/posts"}],"about":[{"href":"https:\/\/lwid.dk\/ro\/wp-json\/wp\/v2\/types\/post"}],"author":[{"embeddable":true,"href":"https:\/\/lwid.dk\/ro\/wp-json\/wp\/v2\/users\/11"}],"replies":[{"embeddable":true,"href":"https:\/\/lwid.dk\/ro\/wp-json\/wp\/v2\/comments?post=4108"}],"version-history":[{"count":3,"href":"https:\/\/lwid.dk\/ro\/wp-json\/wp\/v2\/posts\/4108\/revisions"}],"predecessor-version":[{"id":28747,"href":"https:\/\/lwid.dk\/ro\/wp-json\/wp\/v2\/posts\/4108\/revisions\/28747"}],"wp:featuredmedia":[{"embeddable":true,"href":"https:\/\/lwid.dk\/ro\/wp-json\/wp\/v2\/media\/4109"}],"wp:attachment":[{"href":"https:\/\/lwid.dk\/ro\/wp-json\/wp\/v2\/media?parent=4108"}],"wp:term":[{"taxonomy":"category","embeddable":true,"href":"https:\/\/lwid.dk\/ro\/wp-json\/wp\/v2\/categories?post=4108"},{"taxonomy":"post_tag","embeddable":true,"href":"https:\/\/lwid.dk\/ro\/wp-json\/wp\/v2\/tags?post=4108"}],"curies":[{"name":"wp","href":"https:\/\/api.w.org\/{rel}","templated":true}]}}