{"id":4137,"date":"2021-07-03T21:25:00","date_gmt":"2021-07-03T20:25:00","guid":{"rendered":"https:\/\/lwid.dk\/?p=4137"},"modified":"2026-09-01T18:22:07","modified_gmt":"2026-09-01T17:22:07","slug":"drumul-pana-acolo","status":"publish","type":"post","link":"https:\/\/lwid.dk\/ro\/drumul-pana-acolo\/","title":{"rendered":"Drumul p\u00e2n\u0103 acolo"},"content":{"rendered":"\r\n<figure class=\"wp-block-image size-full\"><img loading=\"lazy\" decoding=\"async\" width=\"557\" height=\"739\" class=\"wp-image-4138\" src=\"https:\/\/lwid.dk\/wp-content\/uploads\/2023\/10\/19.-.png\" alt=\"\" srcset=\"https:\/\/lwid.dk\/wp-content\/uploads\/2023\/10\/19.-.png 557w, https:\/\/lwid.dk\/wp-content\/uploads\/2023\/10\/19.--226x300.png 226w, https:\/\/lwid.dk\/wp-content\/uploads\/2023\/10\/19.--150x199.png 150w, https:\/\/lwid.dk\/wp-content\/uploads\/2023\/10\/19.--300x398.png 300w\" sizes=\"auto, (max-width: 557px) 100vw, 557px\" \/><\/figure>\r\n\r\n\r\n\r\n<p class=\"wp-block-paragraph\">Articol publicat in Helsing\u00f8r Dagblad Sektion I (Rejser) Side 16, la data de 3 iulie 2021<\/p>\r\n\r\n\r\n\r\n<p class=\"wp-block-paragraph\">SAS are un zbor non-stop de la Copenhaga la Bucure\u0219ti in zilele de joi. Wizz Air \u0219i Blue Air au zboruri non-stop \u00een anumite zile ale s\u0103pt\u0103m\u00e2nii. Dac\u0103 alege\u021bi s\u0103 conduce\u021bi din Danemarca, p\u00e2n\u0103 la Bra\u0219ov sunt aproximativ 2.000 de kilometri, de exemplu.<\/p>\r\n\r\n\r\n\r\n<p class=\"wp-block-paragraph\">Perioada mai p\u00e2n\u0103 la jum\u0103tatea lunii octombrie, este cea mai potrivit\u0103 pentru o vizit\u0103 \u00een Transilvania c\u00e2nd sunt temperaturi pl\u0103cute \u0219i mult soare. Dac\u0103 e\u0219ti pasionat de schi, exist\u0103 oportunit\u0103\u021bi grozave \u00een mun\u021bii men\u021bionate \u00een articol.<\/p>\r\n\r\n\r\n\r\n<p class=\"wp-block-paragraph\">La noi, nivelul pre\u021burilor este sc\u0103zut, mai ales c\u00e2nd vine vorba de m\u00e2ncare \u0219i b\u0103utur\u0103 \u0219i bilete de intrare, dar \u0219i \u00eennopt\u0103rile sunt mai ieftine.<\/p>\r\n\r\n\r\n\r\n<p class=\"wp-block-paragraph\">Rom\u00e2nii sunt un popor foarte prietenos \u0219i de ajutor.<\/p>\r\n","protected":false},"excerpt":{"rendered":"<p>Articol publicat in Helsing\u00f8r Dagblad Sektion I (Rejser) Side 16, la data de 3 iulie 2021 SAS are un zbor non-stop de la Copenhaga la Bucure\u0219ti in zilele de joi. Wizz Air \u0219i Blue Air au zboruri non-stop \u00een anumite zile ale s\u0103pt\u0103m\u00e2nii. Dac\u0103 alege\u021bi s\u0103 conduce\u021bi din Danemarca, p\u00e2n\u0103 la Bra\u0219ov sunt aproximativ 2.000 [&hellip;]<\/p>\n","protected":false},"author":11,"featured_media":4138,"comment_status":"open","ping_status":"closed","sticky":false,"template":"","format":"standard","meta":{"_acf_changed":false,"_themeisle_gutenberg_block_has_review":false,"_jetpack_newsletter_access":"","_jetpack_dont_email_post_to_subs":false,"_jetpack_newsletter_tier_id":0,"_jetpack_memberships_contains_paywalled_content":false,"_jetpack_feature_clip_id":0,"_jetpack_memberships_contains_paid_content":false,"footnotes":"","jetpack_post_was_ever_published":false,"_members_access_role":[],"_members_access_error":""},"categories":[878,992],"tags":[999],"class_list":["post-4137","post","type-post","status-publish","format-standard","has-post-thumbnail","category-navigarea-in-danemarca","category-societate","tag-calatorii"],"acf":[],"jetpack_sharing_enabled":true,"jetpack-related-posts":[{"id":5264,"url":"https:\/\/lwid.dk\/ro\/pavel-iubeste-gustul-tarii-sale-natale-a-deschis-un-magazin-cu-specialitati-est-europene\/","url_meta":{"origin":4137,"position":0},"title":"Pavel iube\u0219te gustul \u021b\u0103rii sale natale: A deschis un magazin cu specialit\u0103\u021bi est-europene.","author":"Sorina Floroiu","date":"13 ianuarie 2022","format":false,"excerpt":"Articol publicat in Frdb.dk la data de 13 ianuarie 2022 Rezumat:\u00a0 Pavel Paul Todor, un b\u0103rbat harnic, obi\u0219nuia s\u0103 parcurg\u0103 170 km p\u00e2n\u0103 la Randers pentru a aduce specialit\u0103\u021bi rom\u00e2ne\u0219ti \u00een Danemarca. Acum, el vinde aceste produse \u00een propriul s\u0103u magazin din Vejen. Magazinul A & I Market ofer\u0103 exclusiv\u2026","rel":"","context":"\u00cen \u201eNavigarea \u00een Danemarca\u201d","block_context":{"text":"Navigarea \u00een Danemarca","link":"https:\/\/lwid.dk\/ro\/category\/navigarea-in-danemarca\/"},"img":{"alt_text":"","src":"https:\/\/i0.wp.com\/lwid.dk\/wp-content\/uploads\/2023\/11\/1.-PAVEL.png?resize=350%2C200&ssl=1","width":350,"height":200,"srcset":"https:\/\/i0.wp.com\/lwid.dk\/wp-content\/uploads\/2023\/11\/1.-PAVEL.png?resize=350%2C200&ssl=1 1x, https:\/\/i0.wp.com\/lwid.dk\/wp-content\/uploads\/2023\/11\/1.-PAVEL.png?resize=525%2C300&ssl=1 1.5x, https:\/\/i0.wp.com\/lwid.dk\/wp-content\/uploads\/2023\/11\/1.-PAVEL.png?resize=700%2C400&ssl=1 2x"},"classes":[]},{"id":3222,"url":"https:\/\/lwid.dk\/ro\/verdensmand-rumaensk-respekt\/","url_meta":{"origin":4137,"position":1},"title":"Verdensmand. Rum\u00e6nsk respekt","author":"Sorina Floroiu","date":"22 noiembrie 2020","format":false,"excerpt":"Articol publicat \u00een Ekstra Bladet la data de 22 noiembrie 2020 Subiectul articolului:\u00a0 Constantin Galca, un antrenor de fotbal din Rom\u00e2nia, se simte acas\u0103 \u00een Vejle, Danemarca, unde conduce echipa de fotbal. El a fost juc\u0103tor \u00een echipa na\u021bional\u0103 a Rom\u00e2niei \u0219i a participat la patru turnee finale. Ca antrenor,\u2026","rel":"","context":"\u00cen \u201eNavigarea \u00een Danemarca\u201d","block_context":{"text":"Navigarea \u00een Danemarca","link":"https:\/\/lwid.dk\/ro\/category\/navigarea-in-danemarca\/"},"img":{"alt_text":"","src":"https:\/\/i0.wp.com\/lwid.dk\/wp-content\/uploads\/2023\/10\/30.-Rumaensk-respekt.png?resize=350%2C200&ssl=1","width":350,"height":200,"srcset":"https:\/\/i0.wp.com\/lwid.dk\/wp-content\/uploads\/2023\/10\/30.-Rumaensk-respekt.png?resize=350%2C200&ssl=1 1x, https:\/\/i0.wp.com\/lwid.dk\/wp-content\/uploads\/2023\/10\/30.-Rumaensk-respekt.png?resize=525%2C300&ssl=1 1.5x"},"classes":[]},{"id":707,"url":"https:\/\/lwid.dk\/articol-8-gradinita-inscrierea-la-gradinita\/","url_meta":{"origin":4137,"position":2},"title":"Articol 8: Gr\u0103dini\u021ba. \u00censcrierea la gr\u0103dini\u021b\u0103.","author":"Alina Racila","date":"14 mai 2022","format":false,"excerpt":"Dragi p\u0103rin\u021bi \u0219i copii, urm\u0103toarea serie de articole se va axa pe tema \u201dGr\u0103dini\u021ba \u0219i copiii \u00eentre 3-6 ani\u201d \u00een care, din experien\u021ba proprie, \u00een calitate de traduc\u0103tor la gradini\u021be \u0219i \u0219coli, dar \u0219i p\u0103rinte, voi descrie acele momente care sunt important de cunoscut pentru p\u0103rin\u021bi cu copii \u00eentre 3-6\u2026","rel":"","context":"Articol similar","block_context":{"text":"Articol similar","link":""},"img":{"alt_text":"","src":"","width":0,"height":0},"classes":[]},{"id":4144,"url":"https:\/\/lwid.dk\/ro\/ambasadorul-a-fost-vigilent-la-poarta-gradinii-din-bucuresti\/","url_meta":{"origin":4137,"position":3},"title":"Ambasadorul a fost \u201evigilent la poarta gr\u0103dinii\u201d din Bucure\u0219ti","author":"Sorina Floroiu","date":"8 iulie 2021","format":false,"excerpt":"Articol publicat in Kristeligt Dagblad Sektion 1 Side 5, la data de 8 iulie 2021 Rezumat Danemarca a cump\u0103rat cu succes 1,17 milioane de doze de vaccin Pfizer-BioNTech din Rom\u00e2nia, ini\u021biativa \u00eencep\u00e2nd cu o \u00eent\u00e2lnire neplanificat\u0103 \u00een iunie. Ambasadorul Danemarcei \u00een Rom\u00e2nia, S\u00f8ren Jensen, a remarcat o sc\u0103dere a num\u0103rului\u2026","rel":"","context":"\u00cen \u201eNavigarea \u00een Danemarca\u201d","block_context":{"text":"Navigarea \u00een Danemarca","link":"https:\/\/lwid.dk\/ro\/category\/navigarea-in-danemarca\/"},"img":{"alt_text":"","src":"https:\/\/i0.wp.com\/lwid.dk\/wp-content\/uploads\/2023\/10\/20-1.png?resize=350%2C200&ssl=1","width":350,"height":200},"classes":[]},{"id":4179,"url":"https:\/\/lwid.dk\/ro\/atata-timp-cat-este-de-lucru-aici-si-fiica-mea-este-bine-voi-ramane\/","url_meta":{"origin":4137,"position":4},"title":"At\u00e2ta timp c\u00e2t este de lucru aici \u0219i fiica mea este bine, voi r\u0103m\u00e2ne","author":"Sorina Floroiu","date":"31 iulie 2021","format":false,"excerpt":"Articol publicat in Information Sektion 1 Side 8, la data de 31 iulie 2021 Rezumat Viorel Oprea, un muncitor rom\u00e2n, a venit \u00een Danemarca pentru a lucra la construc\u021bia metroului din Copenhaga \u0219i s-a stabilit definitiv acolo. El are o familie \u0219i o cas\u0103 \u00een Danemarca \u0219i lucreaz\u0103 ca muncitor\u2026","rel":"","context":"\u00cen \u201eNavigarea \u00een Danemarca\u201d","block_context":{"text":"Navigarea \u00een Danemarca","link":"https:\/\/lwid.dk\/ro\/category\/navigarea-in-danemarca\/"},"img":{"alt_text":"","src":"https:\/\/i0.wp.com\/lwid.dk\/wp-content\/uploads\/2023\/10\/25.png?resize=350%2C200&ssl=1","width":350,"height":200,"srcset":"https:\/\/i0.wp.com\/lwid.dk\/wp-content\/uploads\/2023\/10\/25.png?resize=350%2C200&ssl=1 1x, https:\/\/i0.wp.com\/lwid.dk\/wp-content\/uploads\/2023\/10\/25.png?resize=525%2C300&ssl=1 1.5x"},"classes":[]},{"id":5370,"url":"https:\/\/lwid.dk\/ro\/tatal-si-fiul-pregatiti-sa-culeaga-350-000-de-ladite-de-capsuni\/","url_meta":{"origin":4137,"position":5},"title":"Tat\u0103l \u0219i fiul preg\u0103ti\u021bi s\u0103 culeag\u0103 350.000 de l\u0103di\u021be de c\u0103p\u0219uni","author":"Sorina Floroiu","date":"27 mai 2022","format":false,"excerpt":"Articol publicat in Fyens Stiftstidende Sektion 2\u00a0 la data de 27 mai 2022. Rezumat: Familia Mikkelsen de la Vesemosegaard, din Vestfyn, este responsabil\u0103 pentru o parte din c\u0103p\u0219unile daneze de c\u00e2mp pe care le g\u0103sim \u00een supermarketuri \u0219i alte locuri. \u00cen urm\u0103 cu c\u00e2teva zile, au pus \u00een v\u00e2nzare primele\u2026","rel":"","context":"\u00cen \u201eNavigarea \u00een Danemarca\u201d","block_context":{"text":"Navigarea \u00een Danemarca","link":"https:\/\/lwid.dk\/ro\/category\/navigarea-in-danemarca\/"},"img":{"alt_text":"","src":"https:\/\/i0.wp.com\/lwid.dk\/wp-content\/uploads\/2023\/11\/16.Capsuni-.png?resize=350%2C200&ssl=1","width":350,"height":200,"srcset":"https:\/\/i0.wp.com\/lwid.dk\/wp-content\/uploads\/2023\/11\/16.Capsuni-.png?resize=350%2C200&ssl=1 1x, https:\/\/i0.wp.com\/lwid.dk\/wp-content\/uploads\/2023\/11\/16.Capsuni-.png?resize=525%2C300&ssl=1 1.5x"},"classes":[]}],"jetpack_featured_media_url":"https:\/\/lwid.dk\/wp-content\/uploads\/2023\/10\/19.-.png","_links":{"self":[{"href":"https:\/\/lwid.dk\/ro\/wp-json\/wp\/v2\/posts\/4137","targetHints":{"allow":["GET"]}}],"collection":[{"href":"https:\/\/lwid.dk\/ro\/wp-json\/wp\/v2\/posts"}],"about":[{"href":"https:\/\/lwid.dk\/ro\/wp-json\/wp\/v2\/types\/post"}],"author":[{"embeddable":true,"href":"https:\/\/lwid.dk\/ro\/wp-json\/wp\/v2\/users\/11"}],"replies":[{"embeddable":true,"href":"https:\/\/lwid.dk\/ro\/wp-json\/wp\/v2\/comments?post=4137"}],"version-history":[{"count":2,"href":"https:\/\/lwid.dk\/ro\/wp-json\/wp\/v2\/posts\/4137\/revisions"}],"predecessor-version":[{"id":28744,"href":"https:\/\/lwid.dk\/ro\/wp-json\/wp\/v2\/posts\/4137\/revisions\/28744"}],"wp:featuredmedia":[{"embeddable":true,"href":"https:\/\/lwid.dk\/ro\/wp-json\/wp\/v2\/media\/4138"}],"wp:attachment":[{"href":"https:\/\/lwid.dk\/ro\/wp-json\/wp\/v2\/media?parent=4137"}],"wp:term":[{"taxonomy":"category","embeddable":true,"href":"https:\/\/lwid.dk\/ro\/wp-json\/wp\/v2\/categories?post=4137"},{"taxonomy":"post_tag","embeddable":true,"href":"https:\/\/lwid.dk\/ro\/wp-json\/wp\/v2\/tags?post=4137"}],"curies":[{"name":"wp","href":"https:\/\/api.w.org\/{rel}","templated":true}]}}