{"id":4144,"date":"2021-07-08T21:26:00","date_gmt":"2021-07-08T20:26:00","guid":{"rendered":"https:\/\/lwid.dk\/?p=4144"},"modified":"2026-09-01T18:21:43","modified_gmt":"2026-09-01T17:21:43","slug":"ambasadorul-a-fost-vigilent-la-poarta-gradinii-din-bucuresti","status":"publish","type":"post","link":"https:\/\/lwid.dk\/ro\/ambasadorul-a-fost-vigilent-la-poarta-gradinii-din-bucuresti\/","title":{"rendered":"Ambasadorul a fost \u201evigilent la poarta gr\u0103dinii\u201d din Bucure\u0219ti"},"content":{"rendered":"\r\n<figure class=\"wp-block-image size-full\"><img loading=\"lazy\" decoding=\"async\" width=\"509\" height=\"231\" class=\"wp-image-4145\" src=\"https:\/\/lwid.dk\/wp-content\/uploads\/2023\/10\/20.png\" alt=\"\" srcset=\"https:\/\/lwid.dk\/wp-content\/uploads\/2023\/10\/20.png 509w, https:\/\/lwid.dk\/wp-content\/uploads\/2023\/10\/20-300x136.png 300w, https:\/\/lwid.dk\/wp-content\/uploads\/2023\/10\/20-150x68.png 150w\" sizes=\"auto, (max-width: 509px) 100vw, 509px\" \/><\/figure>\r\n\r\n\r\n\r\n<p class=\"wp-block-paragraph\">Articol publicat in Kristeligt Dagblad Sektion 1 Side 5, la data de 8 iulie 2021<\/p>\r\n\r\n\r\n\r\n<p class=\"wp-block-paragraph\">Rezumat<\/p>\r\n\r\n\r\n\r\n<p class=\"wp-block-paragraph\">Danemarca a cump\u0103rat cu succes 1,17 milioane de doze de vaccin Pfizer-BioNTech din Rom\u00e2nia, ini\u021biativa \u00eencep\u00e2nd cu o \u00eent\u00e2lnire neplanificat\u0103 \u00een iunie. Ambasadorul Danemarcei \u00een Rom\u00e2nia, S\u00f8ren Jensen, a remarcat o sc\u0103dere a num\u0103rului de vaccin\u0103ri \u00een Rom\u00e2nia \u0219i a \u00eentrebat ministrul S\u0103n\u0103t\u0103\u021bii din Rom\u00e2nia, Ioana Mih\u0103il\u0103, ce inten\u021bioneaz\u0103 s\u0103 fac\u0103 cu vaccinurile aproape de expirare. Ioana Mih\u0103il\u0103 a r\u0103spuns afirmativ, iar Danemarca a cump\u0103rat ulterior vaccinurile, contribuind la accelerarea programului de vaccinare din Danemarca. \u00cen prezent, Danemarca a atins o rat\u0103 mai mare de vaccinare dec\u00e2t Rom\u00e2nia, dar ambasadorul S\u00f8ren Jensen explic\u0103 c\u0103 acest lucru se datoreaz\u0103 mai multor factori, inclusiv scepticismul fa\u021b\u0103 de vaccin, accesul dificil la informa\u021bii \u0219i influen\u021ba preo\u021bilor locali \u00een Rom\u00e2nia. Danemarca a considerat c\u0103 achizi\u021bionarea vaccinurilor a fost o oportunitate unic\u0103 \u0219i c\u0103 a putut contribui la eforturile globale de vaccinare.<\/p>\r\n\r\n\r\n\r\n<p class=\"wp-block-paragraph\">Ambasadorul S\u00f8ren Jensen nu are o p\u0103rere de r\u0103u c\u0103 i-a asigurat Danemarcei 1,7 milioane de doze de vaccin din Rom\u00e2nia. Altfel probabil s-ar fi pierdut.<\/p>\r\n\r\n\r\n\r\n<p class=\"wp-block-paragraph\">C\u00e2nd ambasadorul S\u00f8ren Jensen a stat la o \u00eent\u00e2lnire cu ministrul rom\u00e2n al S\u0103n\u0103t\u0103\u021bii, Ioana Mihaila, \u00een urm\u0103 cu o lun\u0103, acesta avea o singur\u0103 \u00eentrebare pe ordinea de zi.<\/p>\r\n\r\n\r\n\r\n<p class=\"wp-block-paragraph\">Angaja\u021bii de la ambasada Danez\u0103 la Bucure\u0219ti observaser\u0103 c\u0103 num\u0103rul vaccin\u0103rilor \u00eempotriva covid-19 este \u00een sc\u0103dere \u00een Rom\u00e2nia.<\/p>\r\n\r\n\r\n\r\n<p class=\"wp-block-paragraph\">Prin urmare, \u021bara gazd\u0103 a trebuit s\u0103 r\u0103m\u00e2n\u0103 cu o mare parte de vaccinuri care se apropiau de ultima lor dat\u0103 de expirare.<\/p>\r\n\r\n\r\n\r\n<p class=\"wp-block-paragraph\">Chiar \u00eenainte de \u00eencheierea \u00eent\u00e2lnirii, S\u00f8ren Jensen l-a \u00eentrebat pe ministru: Ce inten\u021biona\u021bi de fapt s\u0103 face\u021bi cu toate acele vaccinuri? \u201e\u0218i atunci ea spune at\u00e2t de vesel\u0103: \u201eVrei s\u0103 le cumperi?\u201d \u0218i spun c\u0103 ne-ar pl\u0103cea, pentru c\u0103 probabil am avut sentimentul c\u0103 Danemarca este interesat\u0103\u201d, spune S\u00f8ren Jensen.<\/p>\r\n\r\n\r\n\r\n<p class=\"wp-block-paragraph\">De fapt, a fost mai mult dec\u00e2t un simplu sentiment, deoarece, potrivit lui S\u00f8ren Jensen, guvernul a emis o \u201einstruc\u021biune permanent\u0103\u201d pentru a fi cu ochii pe acest tip de oportunitate.<\/p>\r\n\r\n\r\n\r\n<p class=\"wp-block-paragraph\">\u201eDar bine\u00een\u021beles c\u0103 trebuie s\u0103 fii pu\u021bin vigilent la poarta gr\u0103dinii \u0219i s\u0103 pui \u00eentrebarea, pentru c\u0103 dac\u0103 nu a\u0219 fi pus \u00eentrebarea, probabil c\u0103 nici eu nu a\u0219 fi primit oferta\u201d, spune el.<\/p>\r\n\r\n\r\n\r\n<p class=\"wp-block-paragraph\">La scurt timp dup\u0103 aceea, Danemarca cump\u0103rase 1,17 milioane de doze de vaccinuri Pfizer-Biontech.<\/p>\r\n\r\n\r\n\r\n<p class=\"wp-block-paragraph\">Ast\u0103zi au fost trimise primele doze \u00een regiuni, programul de vaccinare a fost anticipat cu 14 zile p\u00e2n\u0103 la sf\u00e2r\u0219itul lunii august, iar cei de 30-34 de ani au primit primele doze. Dup\u0103 cum subliniaz\u0103 ambasadorul, este vorba despre miliarde de coroane pentru fiecare zi care trece \u00eenainte ca Danemarca s\u0103 declare finalizat programul de vaccinare \u0219i s\u0103 redeschid\u0103 complet societatea.<\/p>\r\n\r\n\r\n\r\n<p class=\"wp-block-paragraph\">\u201eNu m\u0103 pot g\u00e2ndi la nimic \u00een care am fost implicat care s\u0103 aib\u0103 un impact social at\u00e2t de mare.<\/p>\r\n\r\n\r\n\r\n<p class=\"wp-block-paragraph\">F\u0103r\u0103 a suna a laud\u0103. S-ar putea s\u0103 m\u0103 fac\u0103 pu\u021bin umil s\u0103 m\u0103 g\u00e2ndesc la asta\u201d, spune el.<\/p>\r\n\r\n\r\n\r\n<p class=\"wp-block-paragraph\">\u00cen Danemarca, 37,02 la sut\u0103 sunt complet vaccina\u021bi, \u00een timp ce acest lucru se aplic\u0103 la 23,76 la sut\u0103 dintre rom\u00e2ni.<\/p>\r\n\r\n\r\n\r\n<p class=\"wp-block-paragraph\">\u00cen timp ce danezii continu\u0103 s\u0103 stea la coada de vaccin\u0103ri cu mare stil, programul lent de vaccinare din Rom\u00e2nia se datoreaz\u0103 mai multor factori, explic\u0103 S\u00f8ren Jensen.<\/p>\r\n\r\n\r\n\r\n<p class=\"wp-block-paragraph\">\u00cen primul r\u00e2nd, rom\u00e2nii sunt mult mai sceptici fa\u021b\u0103 de autorit\u0103\u021bi dec\u00e2t, de exemplu, locuitorii \u021b\u0103rilor nordice.<\/p>\r\n\r\n\r\n\r\n<p class=\"wp-block-paragraph\">\u201e\u0218i mul\u021bi oameni au o abordare mai degrab\u0103 de bun sim\u021b. Nu pentru c\u0103 sunt \u00eempotriva vaccinului, ci vor doar s\u0103 se uite la momentul respectiv. Apoi verific\u0103 dac\u0103 vecinul este vaccinat \u0219i dac\u0103 nu cade mort \u00een\u00a0 urm\u0103toarele trei s\u0103pt\u0103m\u00e2ni, atunci s-ar putea ca \u0219i ei s\u0103 primeasc\u0103 vaccinul\u201d, spune el.<\/p>\r\n\r\n\r\n\r\n<p class=\"wp-block-paragraph\">Un alt motiv este c\u0103 vaccinurile \u0219i informa\u021biile oficiale ajung cu greu la to\u021bi rom\u00e2nii. \u00cen mediul rural, este adesea un drum lung p\u00e2n\u0103 la cel mai apropiat loc de vaccinare, motiv pentru care autorit\u0103\u021bile investigheaz\u0103 \u00een prezent dac\u0103 pot \u00eencepe s\u0103 foloseasc\u0103 clinici \u0219i farmacii mobile \u00een ora\u0219ele mici. \u00cen plus, autorit\u0103\u021bile lupt\u0103 \u00eempotriva for\u021belor locale.<\/p>\r\n\r\n\r\n\r\n<p class=\"wp-block-paragraph\">\u201eSunt mul\u021bi analfabe\u021bi func\u021bionali \u0219i aleg s\u0103 cread\u0103 ceea ce aud de la vecin sau cu ceea ce ar putea auzi \u00een biseric\u0103.<\/p>\r\n\r\n\r\n\r\n<p class=\"wp-block-paragraph\">\u0218i biserica a trimis semnale oarecum mixte c\u00e2nd vine vorba de vaccinuri\u201d, spune el.<\/p>\r\n\r\n\r\n\r\n<p class=\"wp-block-paragraph\">Oficial, Biserica Ortodox\u0103 a \u021b\u0103rii sprijin\u0103 vaccin\u0103rile, dar \u00een comunit\u0103\u021bile mici, unii preo\u021bi respir\u0103 teorii ale conspira\u021biei \u0219i v\u0103d vaccinurile ca fiind periculoase, spune ambasadorul: \u201eSunt multe pove\u0219ti despre preo\u021bii locali care nu prea urmeaz\u0103 linia oficial\u0103. au fost ni\u0219te preo\u021bi foarte critici, care pot avea o influen\u021b\u0103 foarte mare \u00een zona local\u0103\u201d. O \u00eentrebare care apare atunci c\u00e2nd o \u021bar\u0103 bogat\u0103 precum Danemarca cump\u0103r\u0103 vaccinuri este dac\u0103 acestea nu ar fi putut face mai mult bine \u00een \u021b\u0103rile mai s\u0103race. Rom\u00e2nia \u00eens\u0103\u0219i a donat Astra-Zeneca Moldovei, Ucrainei \u0219i Serbiei, dar niciodat\u0103 Pfizer-Biontech.<\/p>\r\n\r\n\r\n\r\n<p class=\"wp-block-paragraph\">Provoc\u0103rile logistice fac dificil\u0103 trimiterea vaccinurilor rom\u00e2ne\u0219ti \u00eentr-o \u021bar\u0103 s\u0103rac\u0103, ceea ce este \u0219i cazul celor aproximativ un milion de doze de vaccin de la Astra-Zeneca \u0219i Johnson &amp; Johnson, la care Danemarca a renun\u021bat \u0219i le are \u0219i acum \u00een stoc, deoarece colaborarea de a primi vaccinuri Covax pentru \u021b\u0103rile s\u0103race ale lumii spune c\u0103 se pot folosi vaccinuri doar direct din fabrici.<\/p>\r\n\r\n\r\n\r\n<p class=\"wp-block-paragraph\">De fapt, este prima dat\u0103 c\u00e2nd vaccinul Pfizer-Biontech este transportat de la client la client &#8211; \u0219i nu de la produc\u0103tor la client, explic\u0103 S\u00f8ren Jensen.<\/p>\r\n\r\n\r\n\r\n<p class=\"wp-block-paragraph\">\u201eDac\u0103 ai fi vrut s\u0103 dai aceste doze unei \u021b\u0103ri mai s\u0103race, ar fi fost asociat cu probleme destul de mari.<\/p>\r\n\r\n\r\n\r\n<p class=\"wp-block-paragraph\">Tocmai pentru c\u0103 nu le-ai mutat niciodat\u0103 de la un client la altul\u201d, spune el \u0219i nume\u0219te achizi\u021bia un \u201eexerci\u021biu intern al UE\u201d: \u201eEste bine c\u0103 Danemarca a fost prima, pentru c\u0103 avem resursele \u0219i capacitatea. \u0218i exist\u0103 \u0219i alte \u021b\u0103ri care acum pot beneficia de asta. Sunt \u0219i alte \u021b\u0103ri care negociaz\u0103 cu rom\u00e2nii s\u0103 cumpere vaccinuri.\u201d \u00cen acela\u0219i timp, S\u00f8ren Jensen subliniaz\u0103 c\u0103, printre altele, Danemarca a donat Balcanilor doze nedorite de Astra-Zeneca: \u201eSigur c\u0103 nu cred c\u0103 danezii ar trebui s\u0103 aib\u0103 con\u0219tiin\u021b\u0103 proast\u0103 \u00een privin\u021ba asta. Mai degrab\u0103, riscul era ca vaccinurile s\u0103 fi pierit. O lovitur\u0103 este \u00eentotdeauna bine cheltuit\u0103, pentru c\u0103 p\u00e2n\u0103 la urm\u0103 to\u021bi \u2013 sau c\u00e2t mai mul\u021bi \u2013 trebuie s\u0103 fim vaccina\u021bi la nivel global \u00eenainte ca acest lucru s\u0103 func\u021bioneze. Deci o \u00een\u021bep\u0103tur\u0103 \u00een bra\u021b \u00een Danemarca este, \u00een acest context, la fel de bun\u0103 ca o \u00een\u021bep\u0103tura \u00een bra\u021b oriunde altundeva.\u201d<\/p>\r\n","protected":false},"excerpt":{"rendered":"<p>Articol publicat in Kristeligt Dagblad Sektion 1 Side 5, la data de 8 iulie 2021 Rezumat Danemarca a cump\u0103rat cu succes 1,17 milioane de doze de vaccin Pfizer-BioNTech din Rom\u00e2nia, ini\u021biativa \u00eencep\u00e2nd cu o \u00eent\u00e2lnire neplanificat\u0103 \u00een iunie. Ambasadorul Danemarcei \u00een Rom\u00e2nia, S\u00f8ren Jensen, a remarcat o sc\u0103dere a num\u0103rului de vaccin\u0103ri \u00een Rom\u00e2nia \u0219i [&hellip;]<\/p>\n","protected":false},"author":11,"featured_media":5837,"comment_status":"open","ping_status":"closed","sticky":false,"template":"","format":"standard","meta":{"_acf_changed":false,"_themeisle_gutenberg_block_has_review":false,"_jetpack_newsletter_access":"","_jetpack_dont_email_post_to_subs":false,"_jetpack_newsletter_tier_id":0,"_jetpack_memberships_contains_paywalled_content":false,"_jetpack_feature_clip_id":0,"_jetpack_memberships_contains_paid_content":false,"footnotes":"","jetpack_post_was_ever_published":false,"_members_access_role":[],"_members_access_error":""},"categories":[878,992],"tags":[268],"class_list":["post-4144","post","type-post","status-publish","format-standard","has-post-thumbnail","category-navigarea-in-danemarca","category-societate","tag-sanatate-si-bunastare"],"acf":[],"jetpack_sharing_enabled":true,"jetpack-related-posts":[{"id":4130,"url":"https:\/\/lwid.dk\/ro\/asa-a-pus-mana-danemarca-de-117-milioane-de-vaccinuri-din-romania-a-fost-prima-tara-care-a-cerut\/","url_meta":{"origin":4144,"position":0},"title":"A\u0219a a pus m\u00e2na Danemarca pe 1,17 milioane de vaccinuri din Rom\u00e2nia: \u201eA fost prima \u021bar\u0103 care a cerut\u201d","author":"Sorina Floroiu","date":"30 iunie 2021","format":false,"excerpt":"Articol publicat \u00een DR.dk Jakob Busk Olsen Cecilie Kallestrup, la data de 30 iunie 2021 Rezumat\u00a0 Danemarca a ob\u021binut cu succes un acord pentru achizi\u021bionarea a 1,17 milioane de doze de vaccin Pfizer\/BioNTech din Rom\u00e2nia. \u00cenceputul negocierilor a avut loc \u00een iunie, c\u00e2nd ministrul S\u0103n\u0103t\u0103\u021bii din Rom\u00e2nia, Ioana Mih\u0103il\u0103, a\u2026","rel":"","context":"\u00cen \u201eNavigarea \u00een Danemarca\u201d","block_context":{"text":"Navigarea \u00een Danemarca","link":"https:\/\/lwid.dk\/ro\/category\/navigarea-in-danemarca\/"},"img":{"alt_text":"","src":"https:\/\/i0.wp.com\/lwid.dk\/wp-content\/uploads\/2023\/10\/18.-Ro-saelger-vacciner-til-DK.png?resize=350%2C200&ssl=1","width":350,"height":200,"srcset":"https:\/\/i0.wp.com\/lwid.dk\/wp-content\/uploads\/2023\/10\/18.-Ro-saelger-vacciner-til-DK.png?resize=350%2C200&ssl=1 1x, https:\/\/i0.wp.com\/lwid.dk\/wp-content\/uploads\/2023\/10\/18.-Ro-saelger-vacciner-til-DK.png?resize=525%2C300&ssl=1 1.5x, https:\/\/i0.wp.com\/lwid.dk\/wp-content\/uploads\/2023\/10\/18.-Ro-saelger-vacciner-til-DK.png?resize=700%2C400&ssl=1 2x"},"classes":[]},{"id":5408,"url":"https:\/\/lwid.dk\/ro\/elev-la-agricultura-a-ramas-in-danemarca\/","url_meta":{"origin":4144,"position":1},"title":"Elev la agricultur\u0103 a r\u0103mas \u00een Danemarca","author":"Sorina Floroiu","date":"2 noiembrie 2022","format":false,"excerpt":"Articol publicat \u00een Aars Avis la data de 2 noiembrie 2022 Rezumat: Elena Comandaru, elev\u0103 la agricultur\u0103 \u00een Ia\u0219i, Rom\u00e2nia, s-a mutat \u00een Danemarca \u00een 2008. Cu o experien\u021b\u0103 ini\u021bial\u0103 dificil\u0103 \u0219i \u00eendoieli cu privire la decizia de a r\u0103m\u00e2ne, ea a ales s\u0103 continue la \u0219coala de agricultur\u0103 Borris,\u2026","rel":"","context":"\u00cen \u201eNavigarea \u00een Danemarca\u201d","block_context":{"text":"Navigarea \u00een Danemarca","link":"https:\/\/lwid.dk\/ro\/category\/navigarea-in-danemarca\/"},"img":{"alt_text":"","src":"https:\/\/i0.wp.com\/lwid.dk\/wp-content\/uploads\/2023\/11\/22.-Landsbrug-elev-blev-i-Danmark.png?resize=350%2C200&ssl=1","width":350,"height":200},"classes":[]},{"id":4179,"url":"https:\/\/lwid.dk\/ro\/atata-timp-cat-este-de-lucru-aici-si-fiica-mea-este-bine-voi-ramane\/","url_meta":{"origin":4144,"position":2},"title":"At\u00e2ta timp c\u00e2t este de lucru aici \u0219i fiica mea este bine, voi r\u0103m\u00e2ne","author":"Sorina Floroiu","date":"31 iulie 2021","format":false,"excerpt":"Articol publicat in Information Sektion 1 Side 8, la data de 31 iulie 2021 Rezumat Viorel Oprea, un muncitor rom\u00e2n, a venit \u00een Danemarca pentru a lucra la construc\u021bia metroului din Copenhaga \u0219i s-a stabilit definitiv acolo. El are o familie \u0219i o cas\u0103 \u00een Danemarca \u0219i lucreaz\u0103 ca muncitor\u2026","rel":"","context":"\u00cen \u201eNavigarea \u00een Danemarca\u201d","block_context":{"text":"Navigarea \u00een Danemarca","link":"https:\/\/lwid.dk\/ro\/category\/navigarea-in-danemarca\/"},"img":{"alt_text":"","src":"https:\/\/i0.wp.com\/lwid.dk\/wp-content\/uploads\/2023\/10\/25.png?resize=350%2C200&ssl=1","width":350,"height":200,"srcset":"https:\/\/i0.wp.com\/lwid.dk\/wp-content\/uploads\/2023\/10\/25.png?resize=350%2C200&ssl=1 1x, https:\/\/i0.wp.com\/lwid.dk\/wp-content\/uploads\/2023\/10\/25.png?resize=525%2C300&ssl=1 1.5x"},"classes":[]},{"id":3117,"url":"https:\/\/lwid.dk\/ro\/nodhjaelp-rumaensk-forening-samle\/","url_meta":{"origin":4144,"position":3},"title":"N\u00f8dhj\u00e6lp: Rum\u00e6nsk forening samle","author":"Sorina Floroiu","date":"10 martie 2020","format":false,"excerpt":"Articol publicat in DagbladetRingSkjern.dk la data de 10 martie 2020 Subiectul articolului:\u00a0 Asocia\u021bia cre\u0219tin\u0103 danez\u0103 BBS organizeaz\u0103 \u00eent\u00e2lnirea anual\u0103 \u00een Missionshuset Emaus din Vorgod-Barde. \u00cen ultimii ani, mul\u021bi rom\u00e2ni s-au mutat \u00een Ringk\u00f8bing-Skjern Kommune pentru a lucra \u00een agricultur\u0103. BBS a fost \u00eenfiin\u021bat\u0103 \u00een anii '80 pentru a ajuta cre\u0219tinii\u2026","rel":"","context":"\u00cen \u201eNavigarea \u00een Danemarca\u201d","block_context":{"text":"Navigarea \u00een Danemarca","link":"https:\/\/lwid.dk\/ro\/category\/navigarea-in-danemarca\/"},"img":{"alt_text":"","src":"https:\/\/i0.wp.com\/lwid.dk\/wp-content\/uploads\/2023\/10\/15.-Nodhjaelp-Rumaensk-forening-samles.png?resize=350%2C200&ssl=1","width":350,"height":200,"srcset":"https:\/\/i0.wp.com\/lwid.dk\/wp-content\/uploads\/2023\/10\/15.-Nodhjaelp-Rumaensk-forening-samles.png?resize=350%2C200&ssl=1 1x, https:\/\/i0.wp.com\/lwid.dk\/wp-content\/uploads\/2023\/10\/15.-Nodhjaelp-Rumaensk-forening-samles.png?resize=525%2C300&ssl=1 1.5x"},"classes":[]},{"id":21903,"url":"https:\/\/lwid.dk\/ro\/fotbal-solidaritate-si-speranta-evenimentul-impreuna-putem-reusi\/","url_meta":{"origin":4144,"position":4},"title":"Fotbal, solidaritate \u0219i speran\u021b\u0103 &#8211; Evenimentul \u201e\u00cempreun\u0103 putem reu\u0219i\u201d","author":"Sebastian Florian","date":"16 august 2025","format":false,"excerpt":"S\u00e2mb\u0103t\u0103, 23 august, pe terenul de fotbal din Tvingstrup, Horsens, comunitatea rom\u00e2neasc\u0103 din Danemarca se adun\u0103 pentru o zi de fotbal, voie bun\u0103 \u0219i solidaritate, \u00een sprijinul unei cauze nobile: str\u00e2ngerea de fonduri pentru opera\u021bia lui \u0218tefan, un b\u0103ie\u021bel de doar 4 ani \u0219i 8 luni care sufer\u0103 de epilepsie\u2026","rel":"","context":"\u00cen \u201eNavigarea \u00een Danemarca\u201d","block_context":{"text":"Navigarea \u00een Danemarca","link":"https:\/\/lwid.dk\/ro\/category\/navigarea-in-danemarca\/"},"img":{"alt_text":"","src":"https:\/\/i0.wp.com\/lwid.dk\/wp-content\/uploads\/2025\/08\/unnamed-12.png?resize=350%2C200&ssl=1","width":350,"height":200},"classes":[]},{"id":2984,"url":"https:\/\/lwid.dk\/ro\/firstfarms-a-s-cumpara-2-430-de-hectare-de-teren-in-romania-firstfarms-a-s-kober-2-430-hektar-jord-i-rumaenien\/","url_meta":{"origin":4144,"position":5},"title":"FirstFarms A\/S cump\u0103r\u0103 2.430 de hectare de teren \u00een Rom\u00e2nia \/ \u00a0FirstFarms A\/S k\u00f8ber 2.430 hektar jord i Rum\u00e6nien","author":"Sorina Floroiu","date":"28 ianuarie 2020","format":false,"excerpt":"Articol publicat in VejleAmtsFolkeblad.dk la data de 28 ianuarie 2020. Subiectul articolului: Firma agricol\u0103 FirstFarms A\/S din Billund a achizi\u021bionat 2.430 de hectare de teren agricol \u0219i o capacitate de depozitare de 6.000 de tone \u00een Rom\u00e2nia. Achizi\u021bia s-a realizat prin cump\u0103rarea companiei AIC A\/S, care de\u021bine terenuri \u0219i facilit\u0103\u021bi\u2026","rel":"","context":"\u00cen \u201eNavigarea \u00een Danemarca\u201d","block_context":{"text":"Navigarea \u00een Danemarca","link":"https:\/\/lwid.dk\/ro\/category\/navigarea-in-danemarca\/"},"img":{"alt_text":"","src":"https:\/\/i0.wp.com\/lwid.dk\/wp-content\/uploads\/2023\/10\/3.-Firstfirm.png?resize=350%2C200&ssl=1","width":350,"height":200,"srcset":"https:\/\/i0.wp.com\/lwid.dk\/wp-content\/uploads\/2023\/10\/3.-Firstfirm.png?resize=350%2C200&ssl=1 1x, https:\/\/i0.wp.com\/lwid.dk\/wp-content\/uploads\/2023\/10\/3.-Firstfirm.png?resize=525%2C300&ssl=1 1.5x, https:\/\/i0.wp.com\/lwid.dk\/wp-content\/uploads\/2023\/10\/3.-Firstfirm.png?resize=700%2C400&ssl=1 2x"},"classes":[]}],"jetpack_featured_media_url":"https:\/\/lwid.dk\/wp-content\/uploads\/2023\/10\/20-1.png","_links":{"self":[{"href":"https:\/\/lwid.dk\/ro\/wp-json\/wp\/v2\/posts\/4144","targetHints":{"allow":["GET"]}}],"collection":[{"href":"https:\/\/lwid.dk\/ro\/wp-json\/wp\/v2\/posts"}],"about":[{"href":"https:\/\/lwid.dk\/ro\/wp-json\/wp\/v2\/types\/post"}],"author":[{"embeddable":true,"href":"https:\/\/lwid.dk\/ro\/wp-json\/wp\/v2\/users\/11"}],"replies":[{"embeddable":true,"href":"https:\/\/lwid.dk\/ro\/wp-json\/wp\/v2\/comments?post=4144"}],"version-history":[{"count":2,"href":"https:\/\/lwid.dk\/ro\/wp-json\/wp\/v2\/posts\/4144\/revisions"}],"predecessor-version":[{"id":28743,"href":"https:\/\/lwid.dk\/ro\/wp-json\/wp\/v2\/posts\/4144\/revisions\/28743"}],"wp:featuredmedia":[{"embeddable":true,"href":"https:\/\/lwid.dk\/ro\/wp-json\/wp\/v2\/media\/5837"}],"wp:attachment":[{"href":"https:\/\/lwid.dk\/ro\/wp-json\/wp\/v2\/media?parent=4144"}],"wp:term":[{"taxonomy":"category","embeddable":true,"href":"https:\/\/lwid.dk\/ro\/wp-json\/wp\/v2\/categories?post=4144"},{"taxonomy":"post_tag","embeddable":true,"href":"https:\/\/lwid.dk\/ro\/wp-json\/wp\/v2\/tags?post=4144"}],"curies":[{"name":"wp","href":"https:\/\/api.w.org\/{rel}","templated":true}]}}