{"id":4151,"date":"2021-07-11T21:28:00","date_gmt":"2021-07-11T20:28:00","guid":{"rendered":"https:\/\/lwid.dk\/?p=4151"},"modified":"2026-09-01T18:20:48","modified_gmt":"2026-09-01T17:20:48","slug":"experientele-culturale-dau-aripi-de-viata","status":"publish","type":"post","link":"https:\/\/lwid.dk\/ro\/experientele-culturale-dau-aripi-de-viata\/","title":{"rendered":"Experien\u021bele culturale dau aripi de via\u021b\u0103"},"content":{"rendered":"\r\n<figure class=\"wp-block-image size-full\"><img loading=\"lazy\" decoding=\"async\" width=\"635\" height=\"735\" class=\"wp-image-4152\" src=\"https:\/\/lwid.dk\/wp-content\/uploads\/2023\/10\/21.png\" alt=\"\" srcset=\"https:\/\/lwid.dk\/wp-content\/uploads\/2023\/10\/21.png 635w, https:\/\/lwid.dk\/wp-content\/uploads\/2023\/10\/21-259x300.png 259w, https:\/\/lwid.dk\/wp-content\/uploads\/2023\/10\/21-150x174.png 150w, https:\/\/lwid.dk\/wp-content\/uploads\/2023\/10\/21-300x347.png 300w\" sizes=\"auto, (max-width: 635px) 100vw, 635px\" \/><\/figure>\r\n\r\n\r\n\r\n<p class=\"wp-block-paragraph\">Articol publicat in JydskeVestkysten Kolding (Livsstil) Side 12, la data de 11 iulie 2021<\/p>\r\n\r\n\r\n\r\n<p class=\"wp-block-paragraph\">Rezumat<\/p>\r\n\r\n\r\n\r\n<p class=\"wp-block-paragraph\">\u00cen acest text, actri\u021ba, dramaturgul \u0219i romancierul Astrid Saalbach subliniaz\u0103 importan\u021ba experien\u021belor culturale \u00een via\u021ba sa, descriindu-le ca pe o necesitate care adaug\u0103 valoare \u0219i profunzime vie\u021bii. Ea regret\u0103 perioada \u00een care evenimentele culturale au fost \u00eentrerupte din cauza pandemiei de COVID-19 \u0219i nu a putut s\u0103 mearg\u0103 la teatru, cinema sau muzeu.<\/p>\r\n\r\n\r\n\r\n<p class=\"wp-block-paragraph\">De asemenea, men\u021bioneaz\u0103 o expozi\u021bie pe care a vizitat-o la Kunstforeningen, intitulat\u0103 &#8222;Geta Br\u00e2tescu &#8211; Libertatea formelor&#8221;, \u0219i descrie fascina\u021bia sa pentru artista rom\u00e2nc\u0103 Geta Br\u00e2tescu, care a acoperit o gam\u0103 larg\u0103 de genuri artistice \u0219i subiecte, inclusiv poezia, genul, identitatea \u0219i rezisten\u021ba politic\u0103.\u00a0<\/p>\r\n\r\n\r\n\r\n<p class=\"wp-block-paragraph\">-Cu ce contribuie cultura la via\u021ba ta?\u00a0<\/p>\r\n\r\n\r\n\r\n<p class=\"wp-block-paragraph\">-Experien\u021bele culturale sunt o necesitate pentru mine. Ceva care face via\u021ba mai important\u0103 \u0219i \u00eei d\u0103 aripi. Un mod de a te \u00een\u021belege pe sine \u0219i pe ceilal\u021bi, \u0219i care face ca singur\u0103tatea existen\u021bial\u0103 s\u0103 fie mai mic\u0103. A fost unul dintre cele mai rele lucruri \u00een timpul \u00eenchiderii din cauza corona, c\u00e2nd nu puteai s\u0103 mergi la teatru \u0219i cinema sau la muzeu.<\/p>\r\n\r\n\r\n\r\n<p class=\"wp-block-paragraph\">-Care carte sau revist\u0103 \u021bi-a oferit o experien\u021b\u0103 bun\u0103?<\/p>\r\n\r\n\r\n\r\n<p class=\"wp-block-paragraph\">-O parte din noul meu roman, \u201eUnde nu vrei s\u0103 mergi\u201d, are loc \u00een Groenlanda \u00een 1917. De aceea am citit multe despre Groenlanda \u0219i \u00eenc\u0103 mai citesc, cel mai recent cartea lui Anne Kirstine Hermann \u201eCopiii Imperiului\u201d. &#8222;. O relatare a modului \u00een care, \u00een anii 1950, Danemarca a \u00een\u0219elat practic pentru a p\u0103stra Groenlanda, de\u0219i ONU ordonase comunit\u0103\u021bii interna\u021bionale s\u0103 acorde tuturor coloniilor independen\u021b\u0103 deplin\u0103. O deschiz\u0103tur\u0103 de ochi, o carte pe care toat\u0103 lumea ar trebui s\u0103-o citeasc\u0103. De asemenea, \u00een aceea\u0219i ordine de idei romanul fantastic al lui Iben Mondrup \u201eTabi\u021ba\u201d.<\/p>\r\n\r\n\r\n\r\n<p class=\"wp-block-paragraph\">-Ce album sau ce concert ai vrea s\u0103 mai asculti?\u00a0<\/p>\r\n\r\n\r\n\r\n<p class=\"wp-block-paragraph\">&#8211; \u201eConcertul de teatru Nick Cave\u201d la Teatrul \u00c5rhus \u00een 2007. De fapt, nu sunt prea mult pentru concertele de teatru, dar aici cele dou\u0103 genuri s-au contopit \u00eentr-o unitate superioar\u0103.<\/p>\r\n\r\n\r\n\r\n<p class=\"wp-block-paragraph\">-Ce film, serial TV sau piesa de teatru a f\u0103cut o impresie bun\u0103?\u00a0<\/p>\r\n\r\n\r\n\r\n<p class=\"wp-block-paragraph\">&#8211; &#8222;Amduat. O ma\u0219in\u0103 de oxigen&#8221; la Teatrul \u00d8sterbro.<\/p>\r\n\r\n\r\n\r\n<p class=\"wp-block-paragraph\">Hotel Pro Forma, Kirsten Dehlholm (director artistic al teatrului de spectacol, n.red.) \u00eenc\u0103 m\u0103 atrage puternic! O punere \u00een scen\u0103, lini\u0219tit \u0219i formidabil, al poemului lui Harald Voetmann, cu acela\u0219i nume, despre un b\u0103rbat \u00een v\u00e2rst\u0103 care se afl\u0103 pe ultimul loc \u00eentr-un pat de spital. Fiul s\u0103u adult st\u0103 al\u0103turi de el \u0219i, \u00eentre timp, reflect\u0103 asupra vie\u021bii pe care au avut-o \u00eempreun\u0103 \u0219i asupra mor\u021bii care o a\u0219teapt\u0103. Nu sun\u0103 amuzant, dar este de fapt, a\u0219a cum poate fi tragicul dintr-o dat\u0103 \u0219i, de asemenea, ame\u021bitor de frumos.<\/p>\r\n\r\n\r\n\r\n<p class=\"wp-block-paragraph\">-La ce opera de art\u0103 sau expozi\u021bie te g\u00e2nde\u0219ti?\u00a0<\/p>\r\n\r\n\r\n\r\n<p class=\"wp-block-paragraph\">-Prima expozi\u021bie la care am fost dup\u0103 ultima \u00eenchidere a fost la Kunstforeningen. V\u0103zusem prin preajm\u0103 afi\u0219ul lui, \u201eGeta Br\u00e2tescu &#8211; Libertatea formelor\u201d, \u0219i mi\/am propus s\u0103 \u00eel v\u0103d \u00eenainte de a fi scos din program. Toate expozi\u021biile bune care au fost montate \u0219i demontate din nou f\u0103r\u0103 ca nimeni s\u0103 le vad\u0103, la fel ca toate spectacolele de teatru care au fost repetate dar niciodat\u0103 nu au ajuns la premier\u0103! Geta Br\u00e2tescu era rom\u00e2nc\u0103 \u0219i a murit \u00een 2018, la v\u00e2rsta de 93 de ani, dup\u0103 ce s-a exprimat \u00een aproape toate genurile de art\u0103 vizual\u0103. Poezia, genul \u0219i identitatea au fost unele dintre subiectele ei preferate &#8211; \u0219i rezisten\u021ba politic\u0103, desigur, din moment ce \u0219i-a tr\u0103it cea mai mare parte a vie\u021bii \u00een Rom\u00e2nia. Nu am fost dezam\u0103git \u0219i sper c\u0103 expozi\u021bia de la Gl. Strand va fi urmat\u0103 \u00een cur\u00e2nd de una mai mare.<\/p>\r\n\r\n\r\n\r\n<p class=\"wp-block-paragraph\">-Ce design sau artizanat apreciezi cel mai mult?\u00a0<\/p>\r\n\r\n\r\n\r\n<p class=\"wp-block-paragraph\">-Scaunul meu de birou, proiectat de Nanna Ditzel, pe care l-am cumparat dupa o hernie de disc.<\/p>\r\n\r\n\r\n\r\n<p class=\"wp-block-paragraph\">Este mic, pe ro\u021bi \u0219i are \u0219ezut cu tapi\u021berie albastru cobalt. E frumos, cred, \u0219i nu ocup\u0103 mult spa\u021biu. Se a\u0219eaz\u0103 extrem de bine \u0219i \u00eemi place pu\u021binul sunet pe care \u00eel scoate c\u00e2nd m\u0103 a\u0219ez pe el pentru a \u00eencepe s\u0103 scriu.<\/p>\r\n\r\n\r\n\r\n<p class=\"wp-block-paragraph\">-Pentru ce experien\u021b\u0103 cultural\u0103 visezi s\u0103 ai mai mult timp?\u00a0<\/p>\r\n\r\n\r\n\r\n<p class=\"wp-block-paragraph\">-Concerte clasice, \u00een special concerte de joi, la care am fost c\u00e2ndva destul de des. Apoi am avut copii \u0219i am devenit mult prea ocupat\u0103. Acum t\u00e2njesc dup\u0103 imersiunea de a sta \u00eentr-o sal\u0103 cu al\u021bii \u0219i ascult muzic\u0103 live.<\/p>\r\n\r\n\r\n\r\n<p class=\"wp-block-paragraph\">-Care este cea mai proast\u0103 experien\u021b\u0103 cultural\u0103 pe care a\u021bi avut-o?\u00a0<\/p>\r\n\r\n\r\n\r\n<p class=\"wp-block-paragraph\">&#8211; \u201eN\u00f8ddebo Pr\u00e6stegaard\u201d, \u00een care am jucat la Folketeatret \u00een anii 1980 ca actri\u021b\u0103 foarte t\u00e2n\u0103r\u0103. Un spectacol care a fost \u00een repertoriu mul\u021bi ani \u0219i \u0219i-a pus amprenta. Am jucat-o pe Emma, \u200b\u200bsora mai mare plictisitoare, iar \u00een g\u00e2tul costumului meu erau etichete cu numele tuturor celor care jucaser\u0103 rolul \u00eenaintea mea.\u00a0<\/p>\r\n\r\n\r\n\r\n<p class=\"wp-block-paragraph\">Astrid Saalbach<\/p>\r\n\r\n\r\n\r\n<p class=\"wp-block-paragraph\">N\u0103scut\u0103 \u00een 1955. A fost format ca actri\u021b\u0103 \u00een 1978 de la Statens Teaterskole, dar a debutat deja ca dramaturg \u00een 1981 cu piesa radiofonica \u201eAmprente \u00een nisip\u201d.<\/p>\r\n\r\n\r\n\r\n<p class=\"wp-block-paragraph\">Prima ei carte, colec\u021bia de nuvele \u201eFa\u021ba lunii\u201d, a fost publicat\u0103 \u00een 1985, iar \u00een anul urm\u0103tor a avut premiera prima sa pies\u0103, \u201eOra\u0219ul invizibil\u201d.<\/p>\r\n\r\n\r\n\r\n<p class=\"wp-block-paragraph\">De atunci, a scris un num\u0103r mare de piese de teatru \u0219i romane, care i-au adus aproape tot at\u00e2tea premii \u0219i onoruri, inclusiv premiul Reumert pentru cea mai bun\u0103 pies\u0103, medalia Holberg \u0219i bursa pe via\u021b\u0103 a Statens Kunstfonds. A devenit membr\u0103 al Academiei Daneze \u00een 2011.<\/p>\r\n\r\n\r\n\r\n<p class=\"wp-block-paragraph\">Cel mai recent roman al ei, \u201eDer hvor du ike vil hen\u201d, a fost publicat \u00een prim\u0103var\u0103 de editura Lindhardt og Ringhof.<\/p>\r\n","protected":false},"excerpt":{"rendered":"<p>Articol publicat in JydskeVestkysten Kolding (Livsstil) Side 12, la data de 11 iulie 2021 Rezumat \u00cen acest text, actri\u021ba, dramaturgul \u0219i romancierul Astrid Saalbach subliniaz\u0103 importan\u021ba experien\u021belor culturale \u00een via\u021ba sa, descriindu-le ca pe o necesitate care adaug\u0103 valoare \u0219i profunzime vie\u021bii. Ea regret\u0103 perioada \u00een care evenimentele culturale au fost \u00eentrerupte din cauza pandemiei [&hellip;]<\/p>\n","protected":false},"author":11,"featured_media":4152,"comment_status":"open","ping_status":"closed","sticky":false,"template":"","format":"standard","meta":{"_acf_changed":false,"_themeisle_gutenberg_block_has_review":false,"_jetpack_newsletter_access":"","_jetpack_dont_email_post_to_subs":false,"_jetpack_newsletter_tier_id":0,"_jetpack_memberships_contains_paywalled_content":false,"_jetpack_feature_clip_id":0,"_jetpack_memberships_contains_paid_content":false,"footnotes":"","jetpack_post_was_ever_published":false,"_members_access_role":[],"_members_access_error":""},"categories":[136,878],"tags":[998,1006],"class_list":["post-4151","post","type-post","status-publish","format-standard","has-post-thumbnail","category-cultura","category-navigarea-in-danemarca","tag-arta-si-teatru","tag-interviuri"],"acf":[],"jetpack_sharing_enabled":true,"jetpack-related-posts":[{"id":16104,"url":"https:\/\/lwid.dk\/ro\/perspective-asupra-stilului-de-viata-danez-saptamana-20\/","url_meta":{"origin":4151,"position":0},"title":"Perspective asupra stilului de via\u021b\u0103 danez &#8211; S\u0103pt\u0103m\u00e2na 20","author":"Catalina Anapios","date":"19 mai 2024","format":false,"excerpt":"Luni, \u00een data de 20 mai, vom celebra s\u0103rb\u0103toarea na\u021bional\u0103 numit\u0103 Pinse (Rusaliile sau a doua zi de Rusalii). S\u0103rb\u0103toarea are loc la 50 de zile dup\u0103 Pa\u0219ti, c\u00e2nd cre\u0219tinii \u00ee\u0219i reamintesc c\u0103 Duhul Sf\u00e2nt a venit la ucenicii lui Isus \u0219i le-a dat posibilitatea de a vorbi \u201etoate limbile\u201d.\u2026","rel":"","context":"\u00cen \u201eNavigarea \u00een Danemarca\u201d","block_context":{"text":"Navigarea \u00een Danemarca","link":"https:\/\/lwid.dk\/ro\/category\/navigarea-in-danemarca\/"},"img":{"alt_text":"Viata de zi cu zi in Danemarca Last Week in Denmark","src":"https:\/\/i0.wp.com\/lwid.dk\/wp-content\/uploads\/2023\/12\/Viata-de-zi-cu-zi-in-Danemarca.jpg?resize=350%2C200&ssl=1","width":350,"height":200,"srcset":"https:\/\/i0.wp.com\/lwid.dk\/wp-content\/uploads\/2023\/12\/Viata-de-zi-cu-zi-in-Danemarca.jpg?resize=350%2C200&ssl=1 1x, https:\/\/i0.wp.com\/lwid.dk\/wp-content\/uploads\/2023\/12\/Viata-de-zi-cu-zi-in-Danemarca.jpg?resize=525%2C300&ssl=1 1.5x"},"classes":[]},{"id":14251,"url":"https:\/\/lwid.dk\/ro\/perspective-asupra-stilului-de-viata-danez-saptamana-10\/","url_meta":{"origin":4151,"position":1},"title":"Perspective asupra stilului de via\u021b\u0103 danez &#8211; S\u0103pt\u0103m\u00e2na 10","author":"Catalina Anapios","date":"10 martie 2024","format":false,"excerpt":"Miercuri, 13 martie, va fi prima zi a CPH:DOX, festivalul anual de filme documentare din Copenhaga. Cu 12 zile de proiec\u021bii \u0219i activit\u0103\u021bi, evenimentul aduce oameni \u00eempreun\u0103 pentru una dintre categoriile culturale favorite din Danemarca: filmul. C\u00e2t de multe \u0219tii despre asta? \u00cen iunie 1896, \u00een R\u00e5dhuspladsen din Copenhaga a\u2026","rel":"","context":"\u00cen \u201eNavigarea \u00een Danemarca\u201d","block_context":{"text":"Navigarea \u00een Danemarca","link":"https:\/\/lwid.dk\/ro\/category\/navigarea-in-danemarca\/"},"img":{"alt_text":"Viata de zi cu zi in Danemarca Last Week in Denmark","src":"https:\/\/i0.wp.com\/lwid.dk\/wp-content\/uploads\/2023\/12\/Viata-de-zi-cu-zi-in-Danemarca.jpg?resize=350%2C200&ssl=1","width":350,"height":200,"srcset":"https:\/\/i0.wp.com\/lwid.dk\/wp-content\/uploads\/2023\/12\/Viata-de-zi-cu-zi-in-Danemarca.jpg?resize=350%2C200&ssl=1 1x, https:\/\/i0.wp.com\/lwid.dk\/wp-content\/uploads\/2023\/12\/Viata-de-zi-cu-zi-in-Danemarca.jpg?resize=525%2C300&ssl=1 1.5x"},"classes":[]},{"id":5415,"url":"https:\/\/lwid.dk\/ro\/cea-mai-notabila-comunitate-culturala-a-anului-este-absolut-incredibil\/","url_meta":{"origin":4151,"position":2},"title":"Cea mai notabil\u0103 Comunitate Cultural\u0103 a Anului: \u201c- Este absolut incredibil!\u201d\u2019","author":"Sorina Floroiu","date":"24 noiembrie 2022","format":false,"excerpt":"Articol publicat \u00een SkiveFolkeblad.dk la data de 24 noiembrie 2022. Rezumat: Asocia\u021bia Cultural\u0103 Danezo-Rom\u00e2n\u0103 din Skive, activ\u0103 de mai pu\u021bin de un an, a fost distins\u0103 cu premiul pentru Comunitatea Cultural\u0103 a Anului. Valentin Vorobat, pre\u0219edintele asocia\u021biei, a fost surprins de acest premiu \u0219i recunoa\u0219te c\u0103 nu se a\u0219tepta la\u2026","rel":"","context":"\u00cen \u201eNavigarea \u00een Danemarca\u201d","block_context":{"text":"Navigarea \u00een Danemarca","link":"https:\/\/lwid.dk\/ro\/category\/navigarea-in-danemarca\/"},"img":{"alt_text":"","src":"https:\/\/i0.wp.com\/lwid.dk\/wp-content\/uploads\/2023\/11\/23.png?resize=350%2C200&ssl=1","width":350,"height":200,"srcset":"https:\/\/i0.wp.com\/lwid.dk\/wp-content\/uploads\/2023\/11\/23.png?resize=350%2C200&ssl=1 1x, https:\/\/i0.wp.com\/lwid.dk\/wp-content\/uploads\/2023\/11\/23.png?resize=525%2C300&ssl=1 1.5x, https:\/\/i0.wp.com\/lwid.dk\/wp-content\/uploads\/2023\/11\/23.png?resize=700%2C400&ssl=1 2x"},"classes":[]},{"id":5436,"url":"https:\/\/lwid.dk\/ro\/carti-romanesti-la-scoala-din-glyngore\/","url_meta":{"origin":4151,"position":3},"title":"C\u0103r\u021bi rom\u00e2ne\u0219ti la \u0219coala din Glyng\u00f8re","author":"Sorina Floroiu","date":"30 noiembrie 2022","format":false,"excerpt":"Articol publicat \u00een Salling Avis la data de 30 noiembrie 2022.\u00a0 La 4 decembrie se deschide o bibliotec\u0103 rom\u00e2neasc\u0103 la \u0218coala Glyng\u00f8re. Deschiderea va fi s\u0103rb\u0103torit\u0103 cu dou\u0103 lans\u0103ri de c\u0103r\u021bi \u0219i interpretare la pian, iar to\u021bi sunt bineveni\u021bi, conform Asocia\u021biei Culturale Danezo-Rom\u00e2ne Skive, care st\u0103 \u00een spatele acestei ini\u021biative.\u2026","rel":"","context":"\u00cen \u201eCultur\u0103\u201d","block_context":{"text":"Cultur\u0103","link":"https:\/\/lwid.dk\/ro\/category\/navigarea-in-danemarca\/cultura\/"},"img":{"alt_text":"","src":"https:\/\/i0.wp.com\/lwid.dk\/wp-content\/uploads\/2023\/11\/26.-Rumaenske-boger.png?resize=350%2C200&ssl=1","width":350,"height":200,"srcset":"https:\/\/i0.wp.com\/lwid.dk\/wp-content\/uploads\/2023\/11\/26.-Rumaenske-boger.png?resize=350%2C200&ssl=1 1x, https:\/\/i0.wp.com\/lwid.dk\/wp-content\/uploads\/2023\/11\/26.-Rumaenske-boger.png?resize=525%2C300&ssl=1 1.5x"},"classes":[]},{"id":15329,"url":"https:\/\/lwid.dk\/ro\/perspective-asupra-stilului-de-viata-danez-saptamana-14\/","url_meta":{"origin":4151,"position":4},"title":"Perspective asupra stilului de via\u021b\u0103 danez &#8211; S\u0103pt\u0103m\u00e2na 14","author":"Catalina Anapios","date":"7 aprilie 2024","format":false,"excerpt":"S\u0103pt\u0103m\u00e2na trecut\u0103, Danemarca s-a bucurat de o vacan\u021b\u0103 prelungit\u0103 de cinci zile, P\u00e5skefrokost (pr\u00e2nzul de Pa\u0219te) \u0219i o cantitate decent\u0103 de soare - cel pu\u021bin \u00een unele p\u0103r\u021bi ale \u021b\u0103rii. Pentru a \u00eencununa sf\u00e2r\u0219itul vacan\u021bei de Pa\u0219te, mar\u021bi, 2 aprilie, a fost aniversarea na\u0219terii unuia dintre cei mai faimo\u0219i danezi,\u2026","rel":"","context":"\u00cen \u201eNavigarea \u00een Danemarca\u201d","block_context":{"text":"Navigarea \u00een Danemarca","link":"https:\/\/lwid.dk\/ro\/category\/navigarea-in-danemarca\/"},"img":{"alt_text":"Viata de zi cu zi in Danemarca Last Week in Denmark","src":"https:\/\/i0.wp.com\/lwid.dk\/wp-content\/uploads\/2023\/12\/Viata-de-zi-cu-zi-in-Danemarca.jpg?resize=350%2C200&ssl=1","width":350,"height":200,"srcset":"https:\/\/i0.wp.com\/lwid.dk\/wp-content\/uploads\/2023\/12\/Viata-de-zi-cu-zi-in-Danemarca.jpg?resize=350%2C200&ssl=1 1x, https:\/\/i0.wp.com\/lwid.dk\/wp-content\/uploads\/2023\/12\/Viata-de-zi-cu-zi-in-Danemarca.jpg?resize=525%2C300&ssl=1 1.5x"},"classes":[]},{"id":5443,"url":"https:\/\/lwid.dk\/ro\/vezi-imaginile-romani-din-intreaga-danemarca-au-sarbatorit-ziua-nationala-la-skive\/","url_meta":{"origin":4151,"position":5},"title":"Vezi imaginile: Rom\u00e2ni din \u00eentreaga Danemarca au s\u0103rb\u0103torit Ziua Na\u021bional\u0103 la Skive","author":"Sorina Floroiu","date":"3 decembrie 2022","format":false,"excerpt":"Articol publicat \u00een SkiveFolkeblad.dk la data de 3 decembrie 2022.\u00a0 Rezumat: Teatrul Skive a fost plin ochi s\u00e2mb\u0103ta \u00eentreag\u0103, cu ocazia celebr\u0103rii Zilei Na\u021bionale a Rom\u00e2niei de c\u0103tre Asocia\u021bia Cultural\u0103 Danezo-Rom\u00e2n\u0103. Aproximativ 250-300 de rom\u00e2ni din toat\u0103 Danemarca au umplut constant teatrul \u00een timpul evenimentului festiv. Pre\u0219edintele asocia\u021biei, Valentin Vorobat,\u2026","rel":"","context":"\u00cen \u201eCultur\u0103\u201d","block_context":{"text":"Cultur\u0103","link":"https:\/\/lwid.dk\/ro\/category\/navigarea-in-danemarca\/cultura\/"},"img":{"alt_text":"","src":"https:\/\/i0.wp.com\/lwid.dk\/wp-content\/uploads\/2023\/11\/27.-.png?resize=350%2C200&ssl=1","width":350,"height":200,"srcset":"https:\/\/i0.wp.com\/lwid.dk\/wp-content\/uploads\/2023\/11\/27.-.png?resize=350%2C200&ssl=1 1x, https:\/\/i0.wp.com\/lwid.dk\/wp-content\/uploads\/2023\/11\/27.-.png?resize=525%2C300&ssl=1 1.5x"},"classes":[]}],"jetpack_featured_media_url":"https:\/\/lwid.dk\/wp-content\/uploads\/2023\/10\/21.png","_links":{"self":[{"href":"https:\/\/lwid.dk\/ro\/wp-json\/wp\/v2\/posts\/4151","targetHints":{"allow":["GET"]}}],"collection":[{"href":"https:\/\/lwid.dk\/ro\/wp-json\/wp\/v2\/posts"}],"about":[{"href":"https:\/\/lwid.dk\/ro\/wp-json\/wp\/v2\/types\/post"}],"author":[{"embeddable":true,"href":"https:\/\/lwid.dk\/ro\/wp-json\/wp\/v2\/users\/11"}],"replies":[{"embeddable":true,"href":"https:\/\/lwid.dk\/ro\/wp-json\/wp\/v2\/comments?post=4151"}],"version-history":[{"count":2,"href":"https:\/\/lwid.dk\/ro\/wp-json\/wp\/v2\/posts\/4151\/revisions"}],"predecessor-version":[{"id":28691,"href":"https:\/\/lwid.dk\/ro\/wp-json\/wp\/v2\/posts\/4151\/revisions\/28691"}],"wp:featuredmedia":[{"embeddable":true,"href":"https:\/\/lwid.dk\/ro\/wp-json\/wp\/v2\/media\/4152"}],"wp:attachment":[{"href":"https:\/\/lwid.dk\/ro\/wp-json\/wp\/v2\/media?parent=4151"}],"wp:term":[{"taxonomy":"category","embeddable":true,"href":"https:\/\/lwid.dk\/ro\/wp-json\/wp\/v2\/categories?post=4151"},{"taxonomy":"post_tag","embeddable":true,"href":"https:\/\/lwid.dk\/ro\/wp-json\/wp\/v2\/tags?post=4151"}],"curies":[{"name":"wp","href":"https:\/\/api.w.org\/{rel}","templated":true}]}}