{"id":4158,"date":"2021-07-25T21:30:00","date_gmt":"2021-07-25T20:30:00","guid":{"rendered":"https:\/\/lwid.dk\/?p=4158"},"modified":"2026-09-01T18:20:07","modified_gmt":"2026-09-01T17:20:07","slug":"editor-sef-fara-straini-agricultura-daneza-s-ar-prabusi-peste-noapte","status":"publish","type":"post","link":"https:\/\/lwid.dk\/ro\/editor-sef-fara-straini-agricultura-daneza-s-ar-prabusi-peste-noapte\/","title":{"rendered":"Editor-\u0219ef: F\u0103r\u0103 str\u0103ini, agricultura danez\u0103 s-ar pr\u0103bu\u0219i peste noapte"},"content":{"rendered":"\r\n<figure class=\"wp-block-image size-full\"><img loading=\"lazy\" decoding=\"async\" width=\"956\" height=\"735\" class=\"wp-image-4159\" src=\"https:\/\/lwid.dk\/wp-content\/uploads\/2023\/10\/22.png\" alt=\"\" srcset=\"https:\/\/lwid.dk\/wp-content\/uploads\/2023\/10\/22.png 956w, https:\/\/lwid.dk\/wp-content\/uploads\/2023\/10\/22-300x231.png 300w, https:\/\/lwid.dk\/wp-content\/uploads\/2023\/10\/22-768x590.png 768w, https:\/\/lwid.dk\/wp-content\/uploads\/2023\/10\/22-150x115.png 150w, https:\/\/lwid.dk\/wp-content\/uploads\/2023\/10\/22-696x535.png 696w\" sizes=\"auto, (max-width: 956px) 100vw, 956px\" \/><\/figure>\r\n\r\n\r\n\r\n<p class=\"wp-block-paragraph\">Articol publicat in LandbrugsAvisen.dk Christian Friis Hansen, la data de 25 iulie 2021<\/p>\r\n\r\n\r\n\r\n<p class=\"wp-block-paragraph\">Rezumat<\/p>\r\n\r\n\r\n\r\n<p class=\"wp-block-paragraph\">Agricultura danez\u0103 depinde \u00een mare m\u0103sur\u0103 de for\u021ba de munc\u0103 str\u0103in\u0103, iar recrutarea din \u021b\u0103ri precum Ucraina \u0219i Rom\u00e2nia devine din ce \u00een ce mai dificil\u0103 din cauza cre\u0219terii nivelului de trai \u00een aceste \u021b\u0103ri. Cu toate acestea, depinden\u021ba de for\u021ba de munc\u0103 str\u0103in\u0103 aduce \u0219i probleme, deoarece se a\u0219teapt\u0103 un deficit de 2.200 de angaja\u021bi califica\u021bi \u00een agricultur\u0103 \u0219i industria alimentar\u0103 din Danemarca p\u00e2n\u0103 \u00een 2030. Automatizarea \u0219i robotizarea sunt considerate solu\u021bii pentru a reduce aceast\u0103 dependen\u021b\u0103 \u0219i pentru a face agricultura danez\u0103 mai competitiv\u0103, economisind \u00een acela\u0219i timp costurile salariale \u0219i av\u00e2nd beneficii pentru mediu.<\/p>\r\n\r\n\r\n\r\n<p class=\"wp-block-paragraph\">Oric\u00e2t de bine sau r\u0103u ar fi, agricultura danez\u0103 este complet dependent\u0103 de for\u021ba de munc\u0103 str\u0103in\u0103, care devine din ce \u00een ce mai greu de recrutat \u00een Ucraina sau Rom\u00e2nia, de obicei.\u00a0<\/p>\r\n\r\n\r\n\r\n<p class=\"wp-block-paragraph\">Automatizarea este modalitatea de reducere a dependen\u021bei, spune redactorul-\u0219ef Christian Friis Hansen.<\/p>\r\n\r\n\r\n\r\n<p class=\"wp-block-paragraph\">\u201eImagina\u021bi-v\u0103 pentru o clip\u0103 c\u0103, dintr-un pocnit de deget, nu mai sunt str\u0103ini \u00een sectorul agricol sau alimentar danez: nici ucraineni pe culoarele de muls, nici polonezi \u00een abatoare, nici rom\u00e2ni \u00een \u021barcuri, nici lituanieni \u00een serele horticole.<\/p>\r\n\r\n\r\n\r\n<p class=\"wp-block-paragraph\">Pentru un num\u0103r destul de mare de fermieri, acest scenariu le-ar trimite frisoane pe \u0219ira spin\u0103rii \u00eentr-o milisecund\u0103, pentru c\u0103 o lume f\u0103r\u0103 str\u0103ini ar \u00eensemna un impas aproape absolut pentru o mul\u021bime de oameni \u0219i o sc\u0103dere drastic\u0103 a produc\u021biei pentru \u0219i mai mul\u021bi. Liniile de sacrificare de la Danish Crown ar fi sever epuizate, tone de legume ar putrezi f\u0103r\u0103 a ajunge la consumatori, iar bun\u0103starea animalelor ar suferi o lovitur\u0103 grav\u0103.<\/p>\r\n\r\n\r\n\r\n<p class=\"wp-block-paragraph\">S\u00e2mb\u0103t\u0103, LandbrugsAvisen \u00eencepe o serie specific\u0103 despre str\u0103inii din sectorul alimentar danez, iar aici ne concentr\u0103m pe faptul c\u0103 36 la sut\u0103 din totalul locurilor de munc\u0103 salariate \u00een agricultur\u0103, silvicultur\u0103 \u0219i pescuit este for\u021b\u0103 de munc\u0103 str\u0103in\u0103.<\/p>\r\n\r\n\r\n\r\n<p class=\"wp-block-paragraph\">Exist\u0103, \u00een esen\u021b\u0103, foarte multe lucruri pozitive de spus despre aceast\u0103 situa\u021bie. Printre altele, c\u0103 ace\u0219ti oameni ajut\u0103 la asigurarea existen\u021bei zilnice a alimentelor proaspete \u00een supermarketurile din \u021bar\u0103, despre care am v\u0103zut valoarea mai ales \u00een prima parte a crizei corona. Ele contribuie, de asemenea, la aducerea acas\u0103 a unor venituri considerabile din export. \u0218i apoi exist\u0103 un efect poate u\u0219or trecut cu vederea, \u0219i anume c\u0103 destul de mul\u021bi ajung s\u0103 se stabileasc\u0103 \u00een Danemarca. \u0218i, deoarece se \u00eent\u00e2mpl\u0103 adesea \u00een zonele slab populate, ele ajut\u0103 la crearea vie\u021bii \u00een localit\u0103\u021bi, unde oamenii sunt la riscul de a fi evacua\u021bi.<\/p>\r\n\r\n\r\n\r\n<p class=\"wp-block-paragraph\">Dar, a\u0219a cum este indicat \u00een introducere, dependen\u021ba nu este lipsit\u0103 de probleme, deoarece \u00een \u021b\u0103rile \u00een care agricultura recruteaz\u0103 de obicei, devine din ce \u00een ce mai greu s\u0103 g\u0103se\u0219ti oameni. Progresul economic din \u021b\u0103rile de origine face ca mutarea \u00een Danemarca s\u0103 fie din ce \u00een ce mai pu\u021bin atractiv\u0103, iar \u00een Agricultur\u0103 \u0219i Alimenta\u021bie se a\u0219teapt\u0103 ca \u00een 2030 s\u0103 existe un deficit de 2.200 de angaja\u021bi califica\u021bi \u00een industrie.<\/p>\r\n\r\n\r\n\r\n<p class=\"wp-block-paragraph\">E mult, iar adev\u0103rul este c\u0103 practic nu pot fi \u00eenlocui\u021bi de cineva din coada \u0219omajului, pentru c\u0103 ace\u0219tia de obicei nu au cuno\u0219tin\u021be profesionale \u00een domeniu. \u00cen acela\u0219i timp, este o industrie \u00een care trebuie s\u0103 munce\u0219ti din greu fizic, iar pentru mul\u021bi tineri nu este atractiv\u0103.<\/p>\r\n\r\n\r\n\r\n<p class=\"wp-block-paragraph\">\u00centr-o lume cu concuren\u021b\u0103 pentru for\u021ba de munc\u0103, c\u00e2\u0219tig\u0103 acele locuri de munc\u0103 care au cele mai bune condi\u021bii at\u00e2t \u00een \u200b\u200bceea ce prive\u0219te salariul \u0219i condi\u021biile de munc\u0103, c\u00e2t \u0219i con\u021binutului profesional. Dar este, de asemenea, cert c\u0103 foarte pu\u021bini oameni pot continua s\u0103 foloseasc\u0103 ca unealt\u0103 doar salariul, a\u0219a c\u0103 trebuie folosite alte mijloace.<\/p>\r\n\r\n\r\n\r\n<p class=\"wp-block-paragraph\">Automatizarea \u0219i robotizarea sunt r\u0103spunsul la o parte semnificativ\u0103 a provoc\u0103rii. Pe termen lung, automatizarea sporit\u0103 nu numai c\u0103 va face agricultura mai competitiv\u0103, dar se va putea economisi \u0219i la salarii; cu perspectiva unei explozii a vehiculelor alimentate cu energie solar\u0103 \u0219i a motoarelor alimentate cu biogaz, acestea vor beneficia \u0219i clima. \u0218i atunci robo\u021bii \u0219i ma\u0219inile vor elimina o parte din presiunea de a g\u0103si angaja\u021bi \u00een str\u0103in\u0103tate, a\u0219a c\u0103 l\u0103sa\u021bi robo\u021bii s\u0103 vin\u0103\u201d.<\/p>\r\n\r\n\r\n\r\n<p class=\"wp-block-paragraph\"><a href=\"https:\/\/landbrugsavisen.dk\/chefredakt%C3%B8r-uden-udl%C3%A6ndinge-ville-det-danske-landbrug-kollapse-p%C3%A5-en-formiddag\">https:\/\/landbrugsavisen.dk\/chefredakt%C3%B8r-uden-udl%C3%A6ndinge-ville-det-danske-landbrug-kollapse-p%C3%A5-en-formiddag<\/a><\/p>\r\n","protected":false},"excerpt":{"rendered":"<p>Articol publicat in LandbrugsAvisen.dk Christian Friis Hansen, la data de 25 iulie 2021 Rezumat Agricultura danez\u0103 depinde \u00een mare m\u0103sur\u0103 de for\u021ba de munc\u0103 str\u0103in\u0103, iar recrutarea din \u021b\u0103ri precum Ucraina \u0219i Rom\u00e2nia devine din ce \u00een ce mai dificil\u0103 din cauza cre\u0219terii nivelului de trai \u00een aceste \u021b\u0103ri. Cu toate acestea, depinden\u021ba de for\u021ba [&hellip;]<\/p>\n","protected":false},"author":11,"featured_media":4159,"comment_status":"open","ping_status":"closed","sticky":false,"template":"","format":"standard","meta":{"_acf_changed":false,"_themeisle_gutenberg_block_has_review":false,"_jetpack_newsletter_access":"","_jetpack_dont_email_post_to_subs":false,"_jetpack_newsletter_tier_id":0,"_jetpack_memberships_contains_paywalled_content":false,"_jetpack_feature_clip_id":0,"_jetpack_memberships_contains_paid_content":false,"footnotes":"","jetpack_post_was_ever_published":false,"_members_access_role":[],"_members_access_error":""},"categories":[878,142],"tags":[536,1012],"class_list":["post-4158","post","type-post","status-publish","format-standard","has-post-thumbnail","category-navigarea-in-danemarca","category-povesti-nespuse","tag-agricultura-si-ferma","tag-ocuparea-fortei-de-munca"],"acf":[],"jetpack_sharing_enabled":true,"jetpack-related-posts":[{"id":4165,"url":"https:\/\/lwid.dk\/ro\/nu-uita-sa-le-multumesti-polonezilor-si-romanilor\/","url_meta":{"origin":4158,"position":0},"title":"Nu uita s\u0103 le mul\u021bume\u0219ti polonezilor \u0219i rom\u00e2nilor","author":"Sorina Floroiu","date":"29 iulie 2021","format":false,"excerpt":"Articol publicat in Berlingske Sektion 1 Side 2, la data de 29 iulie 2021 Rezumat Ministrul Ocup\u0103rii For\u021bei de Munc\u0103 din Danemarca, Peter Hummelgaard, a s\u0103rb\u0103torit cre\u0219terea ocup\u0103rii for\u021bei de munc\u0103 \u00een \u021bar\u0103, afirm\u00e2nd c\u0103 politica de criz\u0103 a func\u021bionat bine. Cu toate acestea, un editorial subliniaz\u0103 c\u0103 aceast\u0103 cre\u0219tere\u2026","rel":"","context":"\u00cen \u201eNavigarea \u00een Danemarca\u201d","block_context":{"text":"Navigarea \u00een Danemarca","link":"https:\/\/lwid.dk\/ro\/category\/navigarea-in-danemarca\/"},"img":{"alt_text":"","src":"https:\/\/i0.wp.com\/lwid.dk\/wp-content\/uploads\/2023\/10\/23-1.png?resize=350%2C200&ssl=1","width":350,"height":200,"srcset":"https:\/\/i0.wp.com\/lwid.dk\/wp-content\/uploads\/2023\/10\/23-1.png?resize=350%2C200&ssl=1 1x, https:\/\/i0.wp.com\/lwid.dk\/wp-content\/uploads\/2023\/10\/23-1.png?resize=525%2C300&ssl=1 1.5x"},"classes":[]},{"id":4282,"url":"https:\/\/lwid.dk\/ro\/fiica-adolescenta-a-luat-decizia-si-si-a-adunat-familia-de-romani-la-skagen\/","url_meta":{"origin":4158,"position":1},"title":"Fiica adolescent\u0103 a luat decizia &#8211; \u0219i \u0219i-a adunat familia de rom\u00e2ni la Skagen","author":"Sorina Floroiu","date":"23 decembrie 2021","format":false,"excerpt":"Articol publicat in Politiken Sektion 1 Side 8, la data de 23 decembrie 2021 Rezumat Articolul descrie experien\u021ba familiei de rom\u00e2ni Cristian din Skagen, Danemarca, \u0219i modul \u00een care municipalitatea Frederikshavn ajut\u0103 familiile str\u0103ine s\u0103 se stabileasc\u0103 \u00een zon\u0103 pentru a acoperi lipsa de for\u021b\u0103 de munc\u0103. Articolul subliniaz\u0103 faptul\u2026","rel":"","context":"\u00cen \u201eNavigarea \u00een Danemarca\u201d","block_context":{"text":"Navigarea \u00een Danemarca","link":"https:\/\/lwid.dk\/ro\/category\/navigarea-in-danemarca\/"},"img":{"alt_text":"","src":"https:\/\/i0.wp.com\/lwid.dk\/wp-content\/uploads\/2023\/10\/44.png?resize=350%2C200&ssl=1","width":350,"height":200},"classes":[]},{"id":4235,"url":"https:\/\/lwid.dk\/ro\/barbatul-din-spatele-unui-cunoscut-restaurant-italian-ajuta-un-angajat-sa-inceapa-propria-afacere\/","url_meta":{"origin":4158,"position":2},"title":"B\u0103rbatul din spatele unui cunoscut restaurant italian ajut\u0103 un angajat s\u0103 \u00eenceap\u0103 propria afacere","author":"Sorina Floroiu","date":"21 septembrie 2021","format":false,"excerpt":"Articol publicat in Jv.dk (Abonnementsomr\u00e5de), la data de 21 september 2021 Rezumat Patronul restaurantului Acqua Blu din Bl\u00e5vand, Salvatore Lalicata, originar din str\u0103in\u0103tate, a sprijinit un fost angajat, Nicu Culita Zara, \u00een a deveni independent \u0219i a prelua o pizzerie \u00een Oksb\u00f8l, Danemarca. Nicu, \u00een v\u00e2rst\u0103 de 46 de ani,\u2026","rel":"","context":"\u00cen \u201eNavigarea \u00een Danemarca\u201d","block_context":{"text":"Navigarea \u00een Danemarca","link":"https:\/\/lwid.dk\/ro\/category\/navigarea-in-danemarca\/"},"img":{"alt_text":"","src":"https:\/\/i0.wp.com\/lwid.dk\/wp-content\/uploads\/2023\/10\/35.png?resize=350%2C200&ssl=1","width":350,"height":200,"srcset":"https:\/\/i0.wp.com\/lwid.dk\/wp-content\/uploads\/2023\/10\/35.png?resize=350%2C200&ssl=1 1x, https:\/\/i0.wp.com\/lwid.dk\/wp-content\/uploads\/2023\/10\/35.png?resize=525%2C300&ssl=1 1.5x, https:\/\/i0.wp.com\/lwid.dk\/wp-content\/uploads\/2023\/10\/35.png?resize=700%2C400&ssl=1 2x"},"classes":[]},{"id":4172,"url":"https:\/\/lwid.dk\/ro\/moartea-lui-david-i-a-dat-lui-ioan-romanul-impulsul-final-spre-politica\/","url_meta":{"origin":4158,"position":3},"title":"Moartea lui David i-a dat lui Ioan rom\u00e2nul impulsul final spre politic\u0103","author":"Sorina Floroiu","date":"31 iulie 2021","format":false,"excerpt":"Articol publicat in Randers Amtsavis Sektion 1 Side 14, la data de 31 iulie 2021 Rezumat Ioan Rusu, un cet\u0103\u021bean rom\u00e2n din Danemarca, candideaz\u0103 pentru consiliul regional din Regiunea Iutlanda Central\u0103. El \u0219i so\u021bia sa, Daniela, au trecut prin pierderea fiului lor nou-n\u0103scut \u00een februarie, ceea ce l-a motivat pe\u2026","rel":"","context":"\u00cen \u201eNavigarea \u00een Danemarca\u201d","block_context":{"text":"Navigarea \u00een Danemarca","link":"https:\/\/lwid.dk\/ro\/category\/navigarea-in-danemarca\/"},"img":{"alt_text":"","src":"https:\/\/i0.wp.com\/lwid.dk\/wp-content\/uploads\/2023\/10\/24.png?resize=350%2C200&ssl=1","width":350,"height":200,"srcset":"https:\/\/i0.wp.com\/lwid.dk\/wp-content\/uploads\/2023\/10\/24.png?resize=350%2C200&ssl=1 1x, https:\/\/i0.wp.com\/lwid.dk\/wp-content\/uploads\/2023\/10\/24.png?resize=525%2C300&ssl=1 1.5x"},"classes":[]},{"id":4200,"url":"https:\/\/lwid.dk\/ro\/pot-sa-o-spun-foarte-simplu-fara-romani-am-fi-inchis-si-ne-am-fi-oprit-demult\/","url_meta":{"origin":4158,"position":4},"title":"\u201ePot s\u0103 o spun foarte simplu: f\u0103r\u0103 rom\u00e2ni am fi \u00eenchis \u0219i ne-am fi oprit demult\u201d","author":"Sorina Floroiu","date":"8 august 2021","format":false,"excerpt":"Articol publicat in Information.dk , la data de 8 august 2021 Rezumat \u00cen Skagen, 600 din cei 7.600 de locuitori sunt rom\u00e2ni, 100 dintre ei lucr\u00e2nd la fabrica de pe\u0219te Prime Ocean. Compania consider\u0103 c\u0103 rom\u00e2nii sunt esen\u021biali pentru supravie\u021buirea sa, iar primarul afirm\u0103 c\u0103 for\u021ba de munc\u0103 str\u0103in\u0103 ajut\u0103\u2026","rel":"","context":"\u00cen \u201eNavigarea \u00een Danemarca\u201d","block_context":{"text":"Navigarea \u00een Danemarca","link":"https:\/\/lwid.dk\/ro\/category\/navigarea-in-danemarca\/"},"img":{"alt_text":"","src":"https:\/\/i0.wp.com\/lwid.dk\/wp-content\/uploads\/2023\/10\/30.png?resize=350%2C200&ssl=1","width":350,"height":200,"srcset":"https:\/\/i0.wp.com\/lwid.dk\/wp-content\/uploads\/2023\/10\/30.png?resize=350%2C200&ssl=1 1x, https:\/\/i0.wp.com\/lwid.dk\/wp-content\/uploads\/2023\/10\/30.png?resize=525%2C300&ssl=1 1.5x, https:\/\/i0.wp.com\/lwid.dk\/wp-content\/uploads\/2023\/10\/30.png?resize=700%2C400&ssl=1 2x"},"classes":[]},{"id":4275,"url":"https:\/\/lwid.dk\/ro\/incerc-cu-adevarat-sa-schimb-felul-in-care-suntem-vazuti-ca-straini\/","url_meta":{"origin":4158,"position":5},"title":"\u201e\u00cencerc cu adev\u0103rat s\u0103 schimb felul \u00een care suntem v\u0103zu\u021bi ca str\u0103ini&#8221;","author":"Sorina Floroiu","date":"20 decembrie 2021","format":false,"excerpt":"Articol publicat in Piopio.dk, la data de 20 decembrie 2021 Rezumat Aceast\u0103 poveste relateaz\u0103 experien\u021ba lui Ovidiu Nechitoi, un rom\u00e2n care a venit \u00een Danemarca \u00een 2011 pentru a lucra \u00een agricultur\u0103 \u0219i care ulterior \u0219i-a schimbat domeniul de activitate, ajung\u00e2nd s\u0103 lucreze \u00een finan\u021be. Povestea eviden\u021biaz\u0103 provoc\u0103rile \u0219i obstacolele\u2026","rel":"","context":"\u00cen \u201eNavigarea \u00een Danemarca\u201d","block_context":{"text":"Navigarea \u00een Danemarca","link":"https:\/\/lwid.dk\/ro\/category\/navigarea-in-danemarca\/"},"img":{"alt_text":"","src":"https:\/\/i0.wp.com\/lwid.dk\/wp-content\/uploads\/2023\/10\/43.png?resize=350%2C200&ssl=1","width":350,"height":200,"srcset":"https:\/\/i0.wp.com\/lwid.dk\/wp-content\/uploads\/2023\/10\/43.png?resize=350%2C200&ssl=1 1x, https:\/\/i0.wp.com\/lwid.dk\/wp-content\/uploads\/2023\/10\/43.png?resize=525%2C300&ssl=1 1.5x"},"classes":[]}],"jetpack_featured_media_url":"https:\/\/lwid.dk\/wp-content\/uploads\/2023\/10\/22.png","_links":{"self":[{"href":"https:\/\/lwid.dk\/ro\/wp-json\/wp\/v2\/posts\/4158","targetHints":{"allow":["GET"]}}],"collection":[{"href":"https:\/\/lwid.dk\/ro\/wp-json\/wp\/v2\/posts"}],"about":[{"href":"https:\/\/lwid.dk\/ro\/wp-json\/wp\/v2\/types\/post"}],"author":[{"embeddable":true,"href":"https:\/\/lwid.dk\/ro\/wp-json\/wp\/v2\/users\/11"}],"replies":[{"embeddable":true,"href":"https:\/\/lwid.dk\/ro\/wp-json\/wp\/v2\/comments?post=4158"}],"version-history":[{"count":2,"href":"https:\/\/lwid.dk\/ro\/wp-json\/wp\/v2\/posts\/4158\/revisions"}],"predecessor-version":[{"id":28742,"href":"https:\/\/lwid.dk\/ro\/wp-json\/wp\/v2\/posts\/4158\/revisions\/28742"}],"wp:featuredmedia":[{"embeddable":true,"href":"https:\/\/lwid.dk\/ro\/wp-json\/wp\/v2\/media\/4159"}],"wp:attachment":[{"href":"https:\/\/lwid.dk\/ro\/wp-json\/wp\/v2\/media?parent=4158"}],"wp:term":[{"taxonomy":"category","embeddable":true,"href":"https:\/\/lwid.dk\/ro\/wp-json\/wp\/v2\/categories?post=4158"},{"taxonomy":"post_tag","embeddable":true,"href":"https:\/\/lwid.dk\/ro\/wp-json\/wp\/v2\/tags?post=4158"}],"curies":[{"name":"wp","href":"https:\/\/api.w.org\/{rel}","templated":true}]}}