{"id":4165,"date":"2021-07-29T21:32:00","date_gmt":"2021-07-29T20:32:00","guid":{"rendered":"https:\/\/lwid.dk\/?p=4165"},"modified":"2026-09-01T18:19:56","modified_gmt":"2026-09-01T17:19:56","slug":"nu-uita-sa-le-multumesti-polonezilor-si-romanilor","status":"publish","type":"post","link":"https:\/\/lwid.dk\/ro\/nu-uita-sa-le-multumesti-polonezilor-si-romanilor\/","title":{"rendered":"Nu uita s\u0103 le mul\u021bume\u0219ti polonezilor \u0219i rom\u00e2nilor"},"content":{"rendered":"\r\n<figure class=\"wp-block-image size-full\"><img loading=\"lazy\" decoding=\"async\" width=\"601\" height=\"650\" class=\"wp-image-4166\" src=\"https:\/\/lwid.dk\/wp-content\/uploads\/2023\/10\/23.png\" alt=\"\" srcset=\"https:\/\/lwid.dk\/wp-content\/uploads\/2023\/10\/23.png 601w, https:\/\/lwid.dk\/wp-content\/uploads\/2023\/10\/23-277x300.png 277w, https:\/\/lwid.dk\/wp-content\/uploads\/2023\/10\/23-150x162.png 150w, https:\/\/lwid.dk\/wp-content\/uploads\/2023\/10\/23-300x324.png 300w\" sizes=\"auto, (max-width: 601px) 100vw, 601px\" \/><\/figure>\r\n\r\n\r\n\r\n<p class=\"wp-block-paragraph\">Articol publicat in Berlingske Sektion 1 Side 2, la data de 29 iulie 2021<\/p>\r\n\r\n\r\n\r\n<p class=\"wp-block-paragraph\">Rezumat<\/p>\r\n\r\n\r\n\r\n<p class=\"wp-block-paragraph\">Ministrul Ocup\u0103rii For\u021bei de Munc\u0103 din Danemarca, Peter Hummelgaard, a s\u0103rb\u0103torit cre\u0219terea ocup\u0103rii for\u021bei de munc\u0103 \u00een \u021bar\u0103, afirm\u00e2nd c\u0103 politica de criz\u0103 a func\u021bionat bine. Cu toate acestea, un editorial subliniaz\u0103 c\u0103 aceast\u0103 cre\u0219tere se datoreaz\u0103 \u00een mare parte angaj\u0103rii \u00een sectoare precum s\u0103n\u0103tatea, construc\u021biile \u0219i sectorul public, precum \u0219i for\u021bei de munc\u0103 str\u0103ine. Autorul critic\u0103 faptul c\u0103 guvernul nu recunoa\u0219te contribu\u021bia semnificativ\u0103 a for\u021bei de munc\u0103 str\u0103ine la economia danez\u0103 \u0219i subliniaz\u0103 c\u0103 opozi\u021bia ministrului fa\u021b\u0103 de for\u021ba de munc\u0103 str\u0103in\u0103 este ideologic\u0103 \u0219i nu se justific\u0103 economic, aduc\u00e2nd o factur\u0103 suplimentar\u0103 contribuabililor.<\/p>\r\n\r\n\r\n\r\n<p class=\"wp-block-paragraph\">\u201ePolitica de criz\u0103 a func\u021bionat mai bine dec\u00e2t am \u00eendr\u0103znit s\u0103 sper\u0103m\u201d. A\u0219a a aplaudat ministrul Ocup\u0103rii For\u021bei de Munc\u0103, Peter Hummelgaard (S),\u00a0 c\u00e2nd a comentat pe Twitter despre progresele fantastice \u00een domeniul ocup\u0103rii for\u021bei de munc\u0103 din ultimele luni. Este prerogativa guvernului s\u0103-\u0219i s\u0103rb\u0103toreasc\u0103 victoriile \u0219i, bine\u00een\u021beles, Hummelgaard trebuie s\u0103 fie mul\u021bumit c\u00e2nd noile cifre de la Statistics Denmark arat\u0103 c\u0103 ast\u0103zi sunt cu 21.000 de oameni mai mul\u021bi lucr\u0103tori dec\u00e2t \u00een \u200b\u200bfebruarie 2020, \u00eenainte ca criza corona s\u0103 loveasc\u0103 economia danez\u0103.<\/p>\r\n\r\n\r\n\r\n<p class=\"wp-block-paragraph\">Toat\u0103 lumea ar trebui s\u0103 remarce cifrele puternice ale locurilor de munc\u0103, care sunt m\u0103rturie c\u0103 Danemarca a sc\u0103pat de criza corona mai u\u0219or dec\u00e2t at\u00e2tea alte societ\u0103\u021bi. Schemele de compensare au rezolvat sarcina pentru care au fost stabilite la nivel global, \u0219i anume de a preveni distrugerea permanent\u0103 pe scar\u0103 larg\u0103 a locurilor de munc\u0103.<\/p>\r\n\r\n\r\n\r\n<p class=\"wp-block-paragraph\">\u00cen schimb, sarcina presei critice trebuie s\u0103 fie s\u0103 \u00eencerce s\u0103 conteste descrierea roz a lui Hummelgaard a eforturilor guvernului.<\/p>\r\n\r\n\r\n\r\n<p class=\"wp-block-paragraph\">Hummelgaard nu men\u021bioneaz\u0103 cu aten\u021bie c\u0103, \u00een declara\u021bia sa privind evolu\u021bia ocup\u0103rii for\u021bei de munc\u0103, Statistics Denmark poate afirma c\u0103 progresul \u00een domeniul ocup\u0103rii for\u021bei de munc\u0103 se datoreaz\u0103 faptului c\u0103 ast\u0103zi exist\u0103 cu pu\u021bin peste 30.000 de angaja\u021bi \u00een plus \u00een sectorul s\u0103n\u0103t\u0103\u021bii, cu pu\u021bin sub 10.000 \u00een plus \u00een sectorul public angaja\u021bi \u0219i cu pu\u021bin mai pu\u021bin de 10.000 de angaja\u021bi \u00een sectorul construc\u021biilor.<\/p>\r\n\r\n\r\n\r\n<p class=\"wp-block-paragraph\">Nu este o art\u0103 s\u0103 angajezi o mul\u021bime de oameni pe cheltuiala contribuabilului, la fel cum este un fapt binecunoscut c\u0103 miile de vaccinatori, care sper\u0103m c\u0103 vor trebui \u00een cur\u00e2nd s\u0103 caute locuri de munc\u0103 \u00een alt\u0103 parte, se adaug\u0103 frumos la num\u0103rul de locuri de munc\u0103. Aici se poate ad\u0103uga c\u0103 for\u021ba de munc\u0103 str\u0103in\u0103 actual\u0103 sus\u021bine un num\u0103r mare de joburi.\u00a0<\/p>\r\n\r\n\r\n\r\n<p class=\"wp-block-paragraph\">\u00cenc\u0103 nu l-am auzit pe Peter Hummelgaard exultant c\u0103 for\u021ba de munc\u0103 str\u0103in\u0103 stabile\u0219te un record cu pu\u021bin peste 299.000 de oameni, conform ultimelor cifre ale Agen\u021biei Norvegiene pentru Pia\u021ba Muncii \u0219i Recrutare, STAR. Fiecare a zecea persoan\u0103 angajat\u0103 \u00een Danemarca este, de exemplu, polonez, rom\u00e2n, italian sau sirian.<\/p>\r\n\r\n\r\n\r\n<p class=\"wp-block-paragraph\">Cifrele sunt uluitoare. \u00cen ciuda restric\u021biilor extinse de coronavirus, for\u021ba de munc\u0103 str\u0103in\u0103 a remediat lipsa for\u021bei de munc\u0103 \u00een construc\u021bii, prevenind astfel semne \u0219i mai clare de supra\u00eenc\u0103lzire a sectorului respectiv.<\/p>\r\n\r\n\r\n\r\n<p class=\"wp-block-paragraph\">\u00cen plus, cifrele indic\u0103 faptul c\u0103 for\u021ba de munc\u0103 str\u0103in\u0103 s-a asigurat c\u0103 au existat m\u00e2ini care s\u0103 se ocupe de boom-ul cur\u0103\u021beniei \u00een urma virusului corona, unde angajatorii publici \u0219i priva\u021bi au fost brusc nevoi\u021bi s\u0103 creasc\u0103 dramatic igiena. \u00cenc\u0103 peste 6.500 de angaja\u021bi au fost angaja\u021bi \u00een categoria agen\u021biilor de turism \u0219i cur\u0103\u021benie, iar din moment ce agen\u021biile de turism au avut obstacole, cifrele spun povestea unui boom \u00een industria de cur\u0103\u021benie. Noile cifre spun, de asemenea, o alt\u0103 veste bun\u0103, \u0219i anume c\u0103 c\u00e2teva mii de refugia\u021bi din Siria, Afganistan, Iran \u0219i Irak \u0219i-au g\u0103sit de lucru \u00een timpul crizei corona.<\/p>\r\n\r\n\r\n\r\n<p class=\"wp-block-paragraph\">Din p\u0103cate, avem un ministru al for\u021bei de munc\u0103 care este mai preocupat de promovarea intereselor mi\u0219c\u0103rii sindicale dec\u00e2t de lupta pentru a se asigura c\u0103 companiile daneze au for\u021ba de munc\u0103 de care au nevoie. Peter Hummelgaard a refuzat s\u0103 faciliteze accesul la for\u021ba de munc\u0103 str\u0103in\u0103, inclusiv o ajustare at\u00e2t a schemei de sume, c\u00e2t \u0219i a listei pozitive birocratice, invoc\u00e2nd c\u0103 \u00eenc\u0103 mai sunt danezi disponibili.<\/p>\r\n\r\n\r\n\r\n<p class=\"wp-block-paragraph\">Jubila\u021bia ministrului fa\u021b\u0103 de cre\u0219terea ocup\u0103rii for\u021bei de munc\u0103 dezv\u0103luie ipocrizia. Ceea ce arat\u0103 cifrele locurilor de munc\u0103 este c\u0103 nu exist\u0103 nicio contradic\u021bie \u00eentre progresul \u00een ocuparea for\u021bei de munc\u0103 \u00een r\u00e2ndul danezilor \u0219i mai mul\u021bi angaja\u021bi str\u0103ini. Dimpotriv\u0103. Opozi\u021bia ministrului fa\u021b\u0103 de for\u021ba de munc\u0103 str\u0103in\u0103 este ideologic\u0103 \u0219i nu este justificat\u0103 din punct de vedere economic. Factura este trimis\u0103 contribuabililor.\u00a0<\/p>\r\n","protected":false},"excerpt":{"rendered":"<p>Articol publicat in Berlingske Sektion 1 Side 2, la data de 29 iulie 2021 Rezumat Ministrul Ocup\u0103rii For\u021bei de Munc\u0103 din Danemarca, Peter Hummelgaard, a s\u0103rb\u0103torit cre\u0219terea ocup\u0103rii for\u021bei de munc\u0103 \u00een \u021bar\u0103, afirm\u00e2nd c\u0103 politica de criz\u0103 a func\u021bionat bine. Cu toate acestea, un editorial subliniaz\u0103 c\u0103 aceast\u0103 cre\u0219tere se datoreaz\u0103 \u00een mare parte [&hellip;]<\/p>\n","protected":false},"author":11,"featured_media":5829,"comment_status":"open","ping_status":"closed","sticky":false,"template":"","format":"standard","meta":{"_acf_changed":false,"_themeisle_gutenberg_block_has_review":false,"_jetpack_newsletter_access":"","_jetpack_dont_email_post_to_subs":false,"_jetpack_newsletter_tier_id":0,"_jetpack_memberships_contains_paywalled_content":false,"_jetpack_feature_clip_id":0,"_jetpack_memberships_contains_paid_content":false,"footnotes":"","jetpack_post_was_ever_published":false,"_members_access_role":[],"_members_access_error":""},"categories":[878,994],"tags":[1001,1002,1012],"class_list":["post-4165","post","type-post","status-publish","format-standard","has-post-thumbnail","category-navigarea-in-danemarca","category-politica","tag-diversitate-si-incluziune","tag-drept","tag-ocuparea-fortei-de-munca"],"acf":[],"jetpack_sharing_enabled":true,"jetpack-related-posts":[{"id":5450,"url":"https:\/\/lwid.dk\/ro\/presedintele-comisiei-afectat-de-tratarea-muncitorilor-romani\/","url_meta":{"origin":4165,"position":0},"title":"Pre\u0219edintele comisiei afectat de tratarea muncitorilor rom\u00e2ni","author":"Sorina Floroiu","date":"17 decembrie 2022","format":false,"excerpt":"Articol publicat \u00een Horsens Folkeblad la data de 17 decembrie 2022.\u00a0 Michael Neders\u00f8e (DF), pre\u0219edintele comisiei pentru ocuparea for\u021bei de munc\u0103 \u0219i integrare, inten\u021bioneaz\u0103 s\u0103 cerceteze dac\u0103 Prim\u0103ria Horsens poate ajuta \u0219apte rom\u00e2ni care locuiesc \u00eentr-o cas\u0103 \u00eenchiriat\u0103 f\u0103r\u0103 \u00eenc\u0103lzire \u00een Pilegade.\u00a0 \"M\u0103 enervez atunci c\u00e2nd citesc astfel de lucruri\",\u2026","rel":"","context":"\u00cen \u201eNavigarea \u00een Danemarca\u201d","block_context":{"text":"Navigarea \u00een Danemarca","link":"https:\/\/lwid.dk\/ro\/category\/navigarea-in-danemarca\/"},"img":{"alt_text":"","src":"https:\/\/i0.wp.com\/lwid.dk\/wp-content\/uploads\/2023\/11\/28.png?resize=350%2C200&ssl=1","width":350,"height":200,"srcset":"https:\/\/i0.wp.com\/lwid.dk\/wp-content\/uploads\/2023\/11\/28.png?resize=350%2C200&ssl=1 1x, https:\/\/i0.wp.com\/lwid.dk\/wp-content\/uploads\/2023\/11\/28.png?resize=525%2C300&ssl=1 1.5x"},"classes":[]},{"id":4282,"url":"https:\/\/lwid.dk\/ro\/fiica-adolescenta-a-luat-decizia-si-si-a-adunat-familia-de-romani-la-skagen\/","url_meta":{"origin":4165,"position":1},"title":"Fiica adolescent\u0103 a luat decizia &#8211; \u0219i \u0219i-a adunat familia de rom\u00e2ni la Skagen","author":"Sorina Floroiu","date":"23 decembrie 2021","format":false,"excerpt":"Articol publicat in Politiken Sektion 1 Side 8, la data de 23 decembrie 2021 Rezumat Articolul descrie experien\u021ba familiei de rom\u00e2ni Cristian din Skagen, Danemarca, \u0219i modul \u00een care municipalitatea Frederikshavn ajut\u0103 familiile str\u0103ine s\u0103 se stabileasc\u0103 \u00een zon\u0103 pentru a acoperi lipsa de for\u021b\u0103 de munc\u0103. Articolul subliniaz\u0103 faptul\u2026","rel":"","context":"\u00cen \u201eNavigarea \u00een Danemarca\u201d","block_context":{"text":"Navigarea \u00een Danemarca","link":"https:\/\/lwid.dk\/ro\/category\/navigarea-in-danemarca\/"},"img":{"alt_text":"","src":"https:\/\/i0.wp.com\/lwid.dk\/wp-content\/uploads\/2023\/10\/44.png?resize=350%2C200&ssl=1","width":350,"height":200},"classes":[]},{"id":4179,"url":"https:\/\/lwid.dk\/ro\/atata-timp-cat-este-de-lucru-aici-si-fiica-mea-este-bine-voi-ramane\/","url_meta":{"origin":4165,"position":2},"title":"At\u00e2ta timp c\u00e2t este de lucru aici \u0219i fiica mea este bine, voi r\u0103m\u00e2ne","author":"Sorina Floroiu","date":"31 iulie 2021","format":false,"excerpt":"Articol publicat in Information Sektion 1 Side 8, la data de 31 iulie 2021 Rezumat Viorel Oprea, un muncitor rom\u00e2n, a venit \u00een Danemarca pentru a lucra la construc\u021bia metroului din Copenhaga \u0219i s-a stabilit definitiv acolo. El are o familie \u0219i o cas\u0103 \u00een Danemarca \u0219i lucreaz\u0103 ca muncitor\u2026","rel":"","context":"\u00cen \u201eNavigarea \u00een Danemarca\u201d","block_context":{"text":"Navigarea \u00een Danemarca","link":"https:\/\/lwid.dk\/ro\/category\/navigarea-in-danemarca\/"},"img":{"alt_text":"","src":"https:\/\/i0.wp.com\/lwid.dk\/wp-content\/uploads\/2023\/10\/25.png?resize=350%2C200&ssl=1","width":350,"height":200,"srcset":"https:\/\/i0.wp.com\/lwid.dk\/wp-content\/uploads\/2023\/10\/25.png?resize=350%2C200&ssl=1 1x, https:\/\/i0.wp.com\/lwid.dk\/wp-content\/uploads\/2023\/10\/25.png?resize=525%2C300&ssl=1 1.5x"},"classes":[]},{"id":3063,"url":"https:\/\/lwid.dk\/ro\/specialistii-romani-asigura-productia-in-silkeborg-rumaenske-fagfolk-sikrer-produktionen-i-silkeborg\/","url_meta":{"origin":4165,"position":3},"title":"Speciali\u0219tii rom\u00e2ni asigur\u0103 produc\u021bia \u00een Silkeborg \/ Rum\u00e6nske fagfolk sikrer produktionen i Silkeborg","author":"Sorina Floroiu","date":"11 februarie 2020","format":false,"excerpt":"Articol publicat in Industri & Teknik la data de 11 februarie 2020 Subiect articol\u00a0 \u00cen Silkeborg Sp\u00e5ntagning, \u0219ase din cei 35 de angaja\u021bi sunt rom\u00e2ni, asigur\u00e2nd produc\u021bia \u00eentr-un moment de penurie de tehnicieni industriali. Rom\u00e2nii sunt aprecia\u021bi pentru abilit\u0103\u021bile lor tehnice \u0219i pentru faptul c\u0103 sunt dedica\u021bi \u0219i eficien\u021bi \u00een\u2026","rel":"","context":"\u00cen \u201eNavigarea \u00een Danemarca\u201d","block_context":{"text":"Navigarea \u00een Danemarca","link":"https:\/\/lwid.dk\/ro\/category\/navigarea-in-danemarca\/"},"img":{"alt_text":"","src":"https:\/\/i0.wp.com\/lwid.dk\/wp-content\/uploads\/2023\/10\/8.-Rumaenske-fagfolk-sikrer-produktionen.png?resize=350%2C200&ssl=1","width":350,"height":200,"srcset":"https:\/\/i0.wp.com\/lwid.dk\/wp-content\/uploads\/2023\/10\/8.-Rumaenske-fagfolk-sikrer-produktionen.png?resize=350%2C200&ssl=1 1x, https:\/\/i0.wp.com\/lwid.dk\/wp-content\/uploads\/2023\/10\/8.-Rumaenske-fagfolk-sikrer-produktionen.png?resize=525%2C300&ssl=1 1.5x, https:\/\/i0.wp.com\/lwid.dk\/wp-content\/uploads\/2023\/10\/8.-Rumaenske-fagfolk-sikrer-produktionen.png?resize=700%2C400&ssl=1 2x"},"classes":[]},{"id":4158,"url":"https:\/\/lwid.dk\/ro\/editor-sef-fara-straini-agricultura-daneza-s-ar-prabusi-peste-noapte\/","url_meta":{"origin":4165,"position":4},"title":"Editor-\u0219ef: F\u0103r\u0103 str\u0103ini, agricultura danez\u0103 s-ar pr\u0103bu\u0219i peste noapte","author":"Sorina Floroiu","date":"25 iulie 2021","format":false,"excerpt":"Articol publicat in LandbrugsAvisen.dk Christian Friis Hansen, la data de 25 iulie 2021 Rezumat Agricultura danez\u0103 depinde \u00een mare m\u0103sur\u0103 de for\u021ba de munc\u0103 str\u0103in\u0103, iar recrutarea din \u021b\u0103ri precum Ucraina \u0219i Rom\u00e2nia devine din ce \u00een ce mai dificil\u0103 din cauza cre\u0219terii nivelului de trai \u00een aceste \u021b\u0103ri. Cu\u2026","rel":"","context":"\u00cen \u201eNavigarea \u00een Danemarca\u201d","block_context":{"text":"Navigarea \u00een Danemarca","link":"https:\/\/lwid.dk\/ro\/category\/navigarea-in-danemarca\/"},"img":{"alt_text":"","src":"https:\/\/i0.wp.com\/lwid.dk\/wp-content\/uploads\/2023\/10\/22.png?resize=350%2C200&ssl=1","width":350,"height":200,"srcset":"https:\/\/i0.wp.com\/lwid.dk\/wp-content\/uploads\/2023\/10\/22.png?resize=350%2C200&ssl=1 1x, https:\/\/i0.wp.com\/lwid.dk\/wp-content\/uploads\/2023\/10\/22.png?resize=525%2C300&ssl=1 1.5x, https:\/\/i0.wp.com\/lwid.dk\/wp-content\/uploads\/2023\/10\/22.png?resize=700%2C400&ssl=1 2x"},"classes":[]},{"id":5384,"url":"https:\/\/lwid.dk\/ro\/romanii-i-au-depasit-pe-danezi-la-flensburg\/","url_meta":{"origin":4165,"position":5},"title":"Rom\u00e2nii i-au dep\u0103\u0219it pe danezi la Flensburg","author":"Sorina Floroiu","date":"2 august 2022","format":false,"excerpt":"Articol publicat in Flensborg Avis la data de 2 august 2022. Rezumat: Num\u0103rul de rom\u00e2ni din Flensburg a crescut semnificativ, tripl\u00e2ndu-se \u00een ultimii cinci ani, Rom\u00e2nia devenind principala \u021bar\u0103 de origine a str\u0103inilor stabili\u021bi \u00een ora\u0219. Danemarca a cobor\u00e2t pe locul trei \u00een clasamentul str\u0103inilor, iar rom\u00e2nii au devenit cea\u2026","rel":"","context":"\u00cen \u201eNavigarea \u00een Danemarca\u201d","block_context":{"text":"Navigarea \u00een Danemarca","link":"https:\/\/lwid.dk\/ro\/category\/navigarea-in-danemarca\/"},"img":{"alt_text":"","src":"https:\/\/i0.wp.com\/lwid.dk\/wp-content\/uploads\/2023\/11\/18.-Flensborg.png?resize=350%2C200&ssl=1","width":350,"height":200},"classes":[]}],"jetpack_featured_media_url":"https:\/\/lwid.dk\/wp-content\/uploads\/2023\/10\/23-1.png","_links":{"self":[{"href":"https:\/\/lwid.dk\/ro\/wp-json\/wp\/v2\/posts\/4165","targetHints":{"allow":["GET"]}}],"collection":[{"href":"https:\/\/lwid.dk\/ro\/wp-json\/wp\/v2\/posts"}],"about":[{"href":"https:\/\/lwid.dk\/ro\/wp-json\/wp\/v2\/types\/post"}],"author":[{"embeddable":true,"href":"https:\/\/lwid.dk\/ro\/wp-json\/wp\/v2\/users\/11"}],"replies":[{"embeddable":true,"href":"https:\/\/lwid.dk\/ro\/wp-json\/wp\/v2\/comments?post=4165"}],"version-history":[{"count":4,"href":"https:\/\/lwid.dk\/ro\/wp-json\/wp\/v2\/posts\/4165\/revisions"}],"predecessor-version":[{"id":28690,"href":"https:\/\/lwid.dk\/ro\/wp-json\/wp\/v2\/posts\/4165\/revisions\/28690"}],"wp:featuredmedia":[{"embeddable":true,"href":"https:\/\/lwid.dk\/ro\/wp-json\/wp\/v2\/media\/5829"}],"wp:attachment":[{"href":"https:\/\/lwid.dk\/ro\/wp-json\/wp\/v2\/media?parent=4165"}],"wp:term":[{"taxonomy":"category","embeddable":true,"href":"https:\/\/lwid.dk\/ro\/wp-json\/wp\/v2\/categories?post=4165"},{"taxonomy":"post_tag","embeddable":true,"href":"https:\/\/lwid.dk\/ro\/wp-json\/wp\/v2\/tags?post=4165"}],"curies":[{"name":"wp","href":"https:\/\/api.w.org\/{rel}","templated":true}]}}