{"id":4172,"date":"2021-07-31T21:33:00","date_gmt":"2021-07-31T20:33:00","guid":{"rendered":"https:\/\/lwid.dk\/?p=4172"},"modified":"2026-09-01T18:19:19","modified_gmt":"2026-09-01T17:19:19","slug":"moartea-lui-david-i-a-dat-lui-ioan-romanul-impulsul-final-spre-politica","status":"publish","type":"post","link":"https:\/\/lwid.dk\/ro\/moartea-lui-david-i-a-dat-lui-ioan-romanul-impulsul-final-spre-politica\/","title":{"rendered":"Moartea lui David i-a dat lui Ioan rom\u00e2nul impulsul final spre politic\u0103"},"content":{"rendered":"\r\n<figure class=\"wp-block-image size-full\"><img loading=\"lazy\" decoding=\"async\" width=\"555\" height=\"725\" class=\"wp-image-4173\" src=\"https:\/\/lwid.dk\/wp-content\/uploads\/2023\/10\/24.png\" alt=\"\" srcset=\"https:\/\/lwid.dk\/wp-content\/uploads\/2023\/10\/24.png 555w, https:\/\/lwid.dk\/wp-content\/uploads\/2023\/10\/24-230x300.png 230w, https:\/\/lwid.dk\/wp-content\/uploads\/2023\/10\/24-150x196.png 150w, https:\/\/lwid.dk\/wp-content\/uploads\/2023\/10\/24-300x392.png 300w\" sizes=\"auto, (max-width: 555px) 100vw, 555px\" \/><\/figure>\r\n\r\n\r\n\r\n<p class=\"wp-block-paragraph\">Articol publicat in Randers Amtsavis Sektion 1 Side 14, la data de 31 iulie 2021<\/p>\r\n\r\n\r\n\r\n<p class=\"wp-block-paragraph\">Rezumat<\/p>\r\n\r\n\r\n\r\n<p class=\"wp-block-paragraph\">Ioan Rusu, un cet\u0103\u021bean rom\u00e2n din Danemarca, candideaz\u0103 pentru consiliul regional din Regiunea Iutlanda Central\u0103. El \u0219i so\u021bia sa, Daniela, au trecut prin pierderea fiului lor nou-n\u0103scut \u00een februarie, ceea ce l-a motivat pe Ioan s\u0103 intre \u00een politic\u0103. Principalele obiective ale campaniei sale sunt \u00eembun\u0103t\u0103\u021birea monitoriz\u0103rii femeilor \u00eens\u0103rcinate, instruirea personalului medical \u00een sensibilitate cultural\u0103 \u0219i asigurarea c\u0103 informa\u021biile despre alegeri ajung la comunitatea str\u0103in\u0103 din Danemarca. El sper\u0103 s\u0103 devin\u0103 primul membru str\u0103in al consiliului regional din aceast\u0103 regiune \u0219i lucreaz\u0103 pentru a-\u0219i atinge aceste obiective.<\/p>\r\n\r\n\r\n\r\n<p class=\"wp-block-paragraph\">\u00cen februarie, Daniela \u0219i Ioan Rusu au fost nevoi\u021bi s\u0103-\u0219i primeasc\u0103 copilul n\u0103scut mort la Spitalul Regional Randers. Acum Ioan candideaz\u0103 pentru consiliul regional din Regiunea Iutlanda Central\u0103.<\/p>\r\n\r\n\r\n\r\n<p class=\"wp-block-paragraph\">RANDERS\/ REGIUNEA MIDTJYLLAND: Este o poveste de dragoste rom\u00e2neasc\u0103 \u00een Danemarca. Daniela \u0219i Ioan Rusu, sau John, cum se spune \u00een danez\u0103, s-au cunoscut la \u0219coala agricol\u0103 \u0219i s-au \u00eendr\u0103gostit.<\/p>\r\n\r\n\r\n\r\n<p class=\"wp-block-paragraph\">Acum se \u00eemplinesc 13 ani de c\u00e2nd Ioan Rusu a venit \u00een Danemarca, iar anul acesta candideaz\u0103 pentru consiliul regional din Regiunea Iutlanda Central\u0103.<\/p>\r\n\r\n\r\n\r\n<p class=\"wp-block-paragraph\">\u00centre timp, cei doi absolven\u021bi de agricultur\u0103 au devenit o mic\u0103 familie cu fiul lor, Edward, \u00een v\u00e2rst\u0103 de doi ani \u0219i jum\u0103tate &#8211; \u0219i \u0219i-au cump\u0103rat o cas\u0103 \u00een Vorup. Ioan Rusu a devenit administrator la mai multe ferme de porci diferite, \u00een timp ce Daniela a r\u0103mas \u0219omer\u0103 anul trecut c\u00e2nd locul de munc\u0103 i-a fost luat.\u00a0<\/p>\r\n\r\n\r\n\r\n<p class=\"wp-block-paragraph\">Dar Daniela Rusu nu \u00ee\u0219i caut\u0103 un loc de munc\u0103. Iar Ioan Rusu nu este ocupat \u00een aceast\u0103 perioad\u0103 cu munca. \u00cen schimb, se \u00eentorc acas\u0103, la o cas\u0103 care este mult mai lini\u0219tit\u0103 dec\u00e2t ar fi trebuit. Sunt \u00eempreun\u0103 \u00een concediu de doliu p\u00e2n\u0103 \u00een august pentru c\u0103 David Andonis Rusu, fiul cel mic, se odihne\u0219te \u00een cimitir \u00een loc de bra\u021bele lor.<\/p>\r\n\r\n\r\n\r\n<p class=\"wp-block-paragraph\">De\u0219i Daniela Rusu \u0219tie foarte bine c\u0103 nu po\u021bi da timpul \u00eenapoi, doar asta \u00ee\u0219i dore\u0219te. \u00cenapoi la zilele de la sf\u00e2r\u0219itul lunii ianuarie c\u00e2nd fiul ei cel mic era \u00eenc\u0103 \u00een via\u021b\u0103 \u00een p\u00e2ntecele ei.<\/p>\r\n\r\n\r\n\r\n<p class=\"wp-block-paragraph\">Doar c\u00e2teva zile mai t\u00e2rziu, pe 2 Februarie, ea l-a n\u0103scut, dar inima lui a \u00eencetat s\u0103 mai bat\u0103 acolo.<\/p>\r\n\r\n\r\n\r\n<p class=\"wp-block-paragraph\">&#8211; Nu \u00een\u021beleg de ce a trebuit s\u0103 ne pierdem speran\u021ba \u0219i bucuria a\u0219a, spune ea cu lacrimi curg\u00e2ndu-i pe obraji.<\/p>\r\n\r\n\r\n\r\n<p class=\"wp-block-paragraph\">De la durere la ac\u021biune Pentru Ioan Rusu, experien\u021ba a l\u0103sat \u0219i ea o amprent\u0103 mare.<\/p>\r\n\r\n\r\n\r\n<p class=\"wp-block-paragraph\">&#8211; Ne \u00eentrist\u0103m altfel, spune el \u0219i continu\u0103, \u00een timp ce vocea \u00eei tremur\u0103 pu\u021bin: &#8211; Pl\u00e2ng \u00een\u0103untru.<\/p>\r\n\r\n\r\n\r\n<p class=\"wp-block-paragraph\">Neputin\u021ba din situa\u021bie a fost \u00een schimb singurul lucru care mai lipsea pentru a intra \u00een politic\u0103. Ceva la care se g\u00e2ndise de mult.<\/p>\r\n\r\n\r\n\r\n<p class=\"wp-block-paragraph\">Durerea i-a \u00eent\u0103rit nevoia de a ac\u021biona, iar tragedia personal\u0103 \u00eei caracterizeaz\u0103 obiectivele cele mai notabile, printre care enumer\u0103m urm\u0103toarele trei:<\/p>\r\n\r\n\r\n\r\n<p class=\"wp-block-paragraph\">\u201eO mai bun\u0103 monitorizare a femeilor \u00eens\u0103rcinate pentru a evita moartea copilului\u201d.\u00a0<\/p>\r\n\r\n\r\n\r\n<p class=\"wp-block-paragraph\">\u201eInstruire de sensibilitate pentru personalul sanitar pentru a \u00eembun\u0103t\u0103\u021bi contactul cu utilizatorii non-danezi ai sistemului de s\u0103n\u0103tate\u201d.\u00a0<\/p>\r\n\r\n\r\n\r\n<p class=\"wp-block-paragraph\">\u201eAplica\u021biile de s\u0103n\u0103tate trebuie s\u0103 fie cel pu\u021bin bilingve.\u201d\u00a0<\/p>\r\n\r\n\r\n\r\n<p class=\"wp-block-paragraph\">De\u0219i stimulentul final a fost moartea fiului lor cel mic, pasiunea lui Ioan Rusu este legat\u0103 \u0219i de numero\u0219ii str\u0103ini care lucreaz\u0103 \u0219i pl\u0103tesc impozite \u00een Danemarca. Mul\u021bi dintre ei nu \u0219tiu c\u0103 pot vota \u0219i, dac\u0103 o fac, s-ar putea s\u0103 nu \u0219tie cum s\u0103 o fac\u0103 sau pe cine s\u0103 voteze.<\/p>\r\n\r\n\r\n\r\n<p class=\"wp-block-paragraph\">Campanie electoral\u0103 diferit\u0103\u00a0<\/p>\r\n\r\n\r\n\r\n<p class=\"wp-block-paragraph\">Dar informa\u021biile despre alegeri \u0219i campania electoral\u0103 pentru acest grup \u021bint\u0103 necesit\u0103 munc\u0103 asidu\u0103 \u0219i prezen\u021b\u0103 fizic\u0103. \u0218i trebuie s\u0103 g\u00e2nde\u0219ti \u00een afara cutiei. Ca atunci c\u00e2nd Ioan Rusu s-a prezentat la birourile ambasadei Bulgariei \u0219i Moldovei din Iutlanda \u00een primul weekend din iulie. Au fost nevoi\u021bi s\u0103 voteze la alegerile lor na\u021bionale.<\/p>\r\n\r\n\r\n\r\n<p class=\"wp-block-paragraph\">&#8211; Mi-am tradus bro\u0219ura \u00een bulgar\u0103, spune Ioan Rusu.<\/p>\r\n\r\n\r\n\r\n<p class=\"wp-block-paragraph\">Nu a fost nevoie de traducere \u00een moldoveneasc\u0103, ei vorbesc \u0219i rom\u00e2ne\u0219te. Pliantul lui Ioan Rusu este disponibil \u0219i \u00een englez\u0103 \u0219i danez\u0103 \u0219i pl\u0103nuie\u0219te s\u0103-l traduc\u0103 \u00een polonez\u0103 &#8211; \u0219i poate \u0219i \u00een arab\u0103, pentru ca sirienii s\u0103-l \u00een\u021beleag\u0103.<\/p>\r\n\r\n\r\n\r\n<p class=\"wp-block-paragraph\">Rom\u00e2nii, polonezii \u0219i sirienii alc\u0103tuiesc cele mai mari trei grupuri de popula\u021bie cu alt\u0103 na\u021bionalitate dec\u00e2t daneza din regiunea Iutlanda Central\u0103.<\/p>\r\n\r\n\r\n\r\n<p class=\"wp-block-paragraph\">\u00censu\u0219i Ioan Rusu vorbe\u0219te danez\u0103, englez\u0103 \u0219i rom\u00e2n\u0103, \u00een timp ce so\u021bia sa, Daniela, vorbe\u0219te \u00een primul r\u00e2nd ultimele dou\u0103, deoarece locurile ei de munc\u0103 au folosit \u00een mare parte engleza ca limb\u0103 vorbit\u0103.<\/p>\r\n\r\n\r\n\r\n<p class=\"wp-block-paragraph\">Dar pl\u0103nuie\u0219te s\u0103 se \u00eentoarc\u0103 la \u0219coala de limbi str\u0103ine \u00een speran\u021ba c\u0103 \u00eentr-o zi va putea lucra la o gr\u0103dini\u021b\u0103.<\/p>\r\n\r\n\r\n\r\n<p class=\"wp-block-paragraph\">Ioan Rusu va avea nevoie de aproximativ 19.000 de voturi pentru a intra \u00een consiliul regional.<\/p>\r\n\r\n\r\n\r\n<p class=\"wp-block-paragraph\">&#8211; Dac\u0103 voi reu\u0219i, voi fi primul membru str\u0103in al consiliului regional din regiunea Iutlanda Central\u0103, spune el.<\/p>\r\n","protected":false},"excerpt":{"rendered":"<p>Articol publicat in Randers Amtsavis Sektion 1 Side 14, la data de 31 iulie 2021 Rezumat Ioan Rusu, un cet\u0103\u021bean rom\u00e2n din Danemarca, candideaz\u0103 pentru consiliul regional din Regiunea Iutlanda Central\u0103. El \u0219i so\u021bia sa, Daniela, au trecut prin pierderea fiului lor nou-n\u0103scut \u00een februarie, ceea ce l-a motivat pe Ioan s\u0103 intre \u00een politic\u0103. [&hellip;]<\/p>\n","protected":false},"author":11,"featured_media":4173,"comment_status":"open","ping_status":"closed","sticky":false,"template":"","format":"standard","meta":{"_acf_changed":false,"_themeisle_gutenberg_block_has_review":false,"_jetpack_newsletter_access":"","_jetpack_dont_email_post_to_subs":false,"_jetpack_newsletter_tier_id":0,"_jetpack_memberships_contains_paywalled_content":false,"_jetpack_feature_clip_id":0,"_jetpack_memberships_contains_paid_content":false,"footnotes":"","jetpack_post_was_ever_published":false,"_members_access_role":[],"_members_access_error":""},"categories":[878,142],"tags":[1000,1005,249],"class_list":["post-4172","post","type-post","status-publish","format-standard","has-post-thumbnail","category-navigarea-in-danemarca","category-povesti-nespuse","tag-cresterea-copiilor-si-ingrijirea-acestora","tag-implicare","tag-politica"],"acf":[],"jetpack_sharing_enabled":true,"jetpack-related-posts":[{"id":3026,"url":"https:\/\/lwid.dk\/ro\/biserica-ortodoxa-a-cumparat-casa-de-misiune-ortodoks-kirke-kobte-missionshus\/","url_meta":{"origin":4172,"position":0},"title":"Biseric\u0103 ortodox\u0103 a cump\u0103rat cas\u0103 de misiune \/ Ortodoks kirke k\u00f8bte missionshus","author":"Sorina Floroiu","date":"7 februarie 2020","format":false,"excerpt":"Articol publicat in Kristeligt Dagblad\u00a0 la data de 7 februarie 2020 Subiectul articolului: \u00cen Isenvad, l\u00e2ng\u0103 Ikast, o comunitate rom\u00e2neasc\u0103-ortodox\u0103 s-a stabilit \u00een 2010, \u00eent\u00e2mpin\u00e2nd provoc\u0103ri \u0219i obstacole, dar reu\u0219ind s\u0103 se integreze treptat \u00een comunitatea local\u0103. Dup\u0103 achizi\u021bionarea unei case de misiune \u00een 2013, au avut loc \u00eembun\u0103t\u0103\u021biri \u0219i\u2026","rel":"","context":"\u00cen \u201eNavigarea \u00een Danemarca\u201d","block_context":{"text":"Navigarea \u00een Danemarca","link":"https:\/\/lwid.dk\/ro\/category\/navigarea-in-danemarca\/"},"img":{"alt_text":"","src":"https:\/\/i0.wp.com\/lwid.dk\/wp-content\/uploads\/2023\/10\/5.-Ortodoks-kirke-1-2.jpg?resize=350%2C200&ssl=1","width":350,"height":200,"srcset":"https:\/\/i0.wp.com\/lwid.dk\/wp-content\/uploads\/2023\/10\/5.-Ortodoks-kirke-1-2.jpg?resize=350%2C200&ssl=1 1x, https:\/\/i0.wp.com\/lwid.dk\/wp-content\/uploads\/2023\/10\/5.-Ortodoks-kirke-1-2.jpg?resize=525%2C300&ssl=1 1.5x, https:\/\/i0.wp.com\/lwid.dk\/wp-content\/uploads\/2023\/10\/5.-Ortodoks-kirke-1-2.jpg?resize=700%2C400&ssl=1 2x, https:\/\/i0.wp.com\/lwid.dk\/wp-content\/uploads\/2023\/10\/5.-Ortodoks-kirke-1-2.jpg?resize=1050%2C600&ssl=1 3x, https:\/\/i0.wp.com\/lwid.dk\/wp-content\/uploads\/2023\/10\/5.-Ortodoks-kirke-1-2.jpg?resize=1400%2C800&ssl=1 4x"},"classes":[]},{"id":21903,"url":"https:\/\/lwid.dk\/ro\/fotbal-solidaritate-si-speranta-evenimentul-impreuna-putem-reusi\/","url_meta":{"origin":4172,"position":1},"title":"Fotbal, solidaritate \u0219i speran\u021b\u0103 &#8211; Evenimentul \u201e\u00cempreun\u0103 putem reu\u0219i\u201d","author":"Sebastian Florian","date":"16 august 2025","format":false,"excerpt":"S\u00e2mb\u0103t\u0103, 23 august, pe terenul de fotbal din Tvingstrup, Horsens, comunitatea rom\u00e2neasc\u0103 din Danemarca se adun\u0103 pentru o zi de fotbal, voie bun\u0103 \u0219i solidaritate, \u00een sprijinul unei cauze nobile: str\u00e2ngerea de fonduri pentru opera\u021bia lui \u0218tefan, un b\u0103ie\u021bel de doar 4 ani \u0219i 8 luni care sufer\u0103 de epilepsie\u2026","rel":"","context":"\u00cen \u201eNavigarea \u00een Danemarca\u201d","block_context":{"text":"Navigarea \u00een Danemarca","link":"https:\/\/lwid.dk\/ro\/category\/navigarea-in-danemarca\/"},"img":{"alt_text":"","src":"https:\/\/i0.wp.com\/lwid.dk\/wp-content\/uploads\/2025\/08\/unnamed-12.png?resize=350%2C200&ssl=1","width":350,"height":200},"classes":[]},{"id":4235,"url":"https:\/\/lwid.dk\/ro\/barbatul-din-spatele-unui-cunoscut-restaurant-italian-ajuta-un-angajat-sa-inceapa-propria-afacere\/","url_meta":{"origin":4172,"position":2},"title":"B\u0103rbatul din spatele unui cunoscut restaurant italian ajut\u0103 un angajat s\u0103 \u00eenceap\u0103 propria afacere","author":"Sorina Floroiu","date":"21 septembrie 2021","format":false,"excerpt":"Articol publicat in Jv.dk (Abonnementsomr\u00e5de), la data de 21 september 2021 Rezumat Patronul restaurantului Acqua Blu din Bl\u00e5vand, Salvatore Lalicata, originar din str\u0103in\u0103tate, a sprijinit un fost angajat, Nicu Culita Zara, \u00een a deveni independent \u0219i a prelua o pizzerie \u00een Oksb\u00f8l, Danemarca. Nicu, \u00een v\u00e2rst\u0103 de 46 de ani,\u2026","rel":"","context":"\u00cen \u201eNavigarea \u00een Danemarca\u201d","block_context":{"text":"Navigarea \u00een Danemarca","link":"https:\/\/lwid.dk\/ro\/category\/navigarea-in-danemarca\/"},"img":{"alt_text":"","src":"https:\/\/i0.wp.com\/lwid.dk\/wp-content\/uploads\/2023\/10\/35.png?resize=350%2C200&ssl=1","width":350,"height":200,"srcset":"https:\/\/i0.wp.com\/lwid.dk\/wp-content\/uploads\/2023\/10\/35.png?resize=350%2C200&ssl=1 1x, https:\/\/i0.wp.com\/lwid.dk\/wp-content\/uploads\/2023\/10\/35.png?resize=525%2C300&ssl=1 1.5x, https:\/\/i0.wp.com\/lwid.dk\/wp-content\/uploads\/2023\/10\/35.png?resize=700%2C400&ssl=1 2x"},"classes":[]},{"id":3201,"url":"https:\/\/lwid.dk\/ro\/zsolt-in-varsta-de-19-ani-din-romania-studiaza-in-danemarca-su-este-necesar-19-arige-zsolt-fra-rumaenien-laeser-i-danmark-su-er-nodvendigt\/","url_meta":{"origin":4172,"position":3},"title":"Zsolt, \u00een v\u00e2rst\u0103 de 19 ani, din Rom\u00e2nia, studiaz\u0103 \u00een Danemarca: SU este necesar \/ 19-\u00e5rige Zsolt fra Rum\u00e6nien l\u00e6ser i Danmark: SU er n\u00f8dvendigt","author":"Sorina Floroiu","date":"29 septembrie 2020","format":false,"excerpt":"Articol publicat \u00een Berlingske la data de 29 septembrie 2020\u00a0 Subiectul articolului: Zsolt Kozma, un t\u00e2n\u0103r rom\u00e2n \u00een v\u00e2rst\u0103 de 19 ani, prime\u0219te ajutor financiar pentru studii (SU) \u00een timp ce studiaz\u0103 la KEA \u00een Copenhaga ca cet\u0103\u021bean al Uniunii Europene. Pentru a beneficia de acest ajutor financiar, el trebuie\u2026","rel":"","context":"\u00cen \u201eNavigarea \u00een Danemarca\u201d","block_context":{"text":"Navigarea \u00een Danemarca","link":"https:\/\/lwid.dk\/ro\/category\/navigarea-in-danemarca\/"},"img":{"alt_text":"","src":"https:\/\/i0.wp.com\/lwid.dk\/wp-content\/uploads\/2023\/10\/27.-Zsoltpng.png?resize=350%2C200&ssl=1","width":350,"height":200,"srcset":"https:\/\/i0.wp.com\/lwid.dk\/wp-content\/uploads\/2023\/10\/27.-Zsoltpng.png?resize=350%2C200&ssl=1 1x, https:\/\/i0.wp.com\/lwid.dk\/wp-content\/uploads\/2023\/10\/27.-Zsoltpng.png?resize=525%2C300&ssl=1 1.5x"},"classes":[]},{"id":5264,"url":"https:\/\/lwid.dk\/ro\/pavel-iubeste-gustul-tarii-sale-natale-a-deschis-un-magazin-cu-specialitati-est-europene\/","url_meta":{"origin":4172,"position":4},"title":"Pavel iube\u0219te gustul \u021b\u0103rii sale natale: A deschis un magazin cu specialit\u0103\u021bi est-europene.","author":"Sorina Floroiu","date":"13 ianuarie 2022","format":false,"excerpt":"Articol publicat in Frdb.dk la data de 13 ianuarie 2022 Rezumat:\u00a0 Pavel Paul Todor, un b\u0103rbat harnic, obi\u0219nuia s\u0103 parcurg\u0103 170 km p\u00e2n\u0103 la Randers pentru a aduce specialit\u0103\u021bi rom\u00e2ne\u0219ti \u00een Danemarca. Acum, el vinde aceste produse \u00een propriul s\u0103u magazin din Vejen. Magazinul A & I Market ofer\u0103 exclusiv\u2026","rel":"","context":"\u00cen \u201eNavigarea \u00een Danemarca\u201d","block_context":{"text":"Navigarea \u00een Danemarca","link":"https:\/\/lwid.dk\/ro\/category\/navigarea-in-danemarca\/"},"img":{"alt_text":"","src":"https:\/\/i0.wp.com\/lwid.dk\/wp-content\/uploads\/2023\/11\/1.-PAVEL.png?resize=350%2C200&ssl=1","width":350,"height":200,"srcset":"https:\/\/i0.wp.com\/lwid.dk\/wp-content\/uploads\/2023\/11\/1.-PAVEL.png?resize=350%2C200&ssl=1 1x, https:\/\/i0.wp.com\/lwid.dk\/wp-content\/uploads\/2023\/11\/1.-PAVEL.png?resize=525%2C300&ssl=1 1.5x, https:\/\/i0.wp.com\/lwid.dk\/wp-content\/uploads\/2023\/11\/1.-PAVEL.png?resize=700%2C400&ssl=1 2x"},"classes":[]},{"id":5422,"url":"https:\/\/lwid.dk\/ro\/valentin-din-romania-este-indragostit-de-spiritul-de-voluntariat-din-danemarca\/","url_meta":{"origin":4172,"position":5},"title":"Valentin din Rom\u00e2nia este \u00eendr\u0103gostit de spiritul de voluntariat din Danemarca","author":"Sorina Floroiu","date":"25 noiembrie 2022","format":false,"excerpt":"Articol publicat \u00een Skive Folkeblad la data de 25 noiembrie 2022.\u00a0 Rezumat: Valentin Vorobat, aflat \u00een Danemarca de 12 ani, a fost atras de voluntariat, implic\u00e2ndu-se activ \u00een diverse organiza\u021bii \u0219i activit\u0103\u021bi comunitare. El consider\u0103 c\u0103 prin exemplul s\u0103u poate inspira \u0219i al\u021bi rom\u00e2ni s\u0103 participe la via\u021ba comunitar\u0103 din\u2026","rel":"","context":"\u00cen \u201eNavigarea \u00een Danemarca\u201d","block_context":{"text":"Navigarea \u00een Danemarca","link":"https:\/\/lwid.dk\/ro\/category\/navigarea-in-danemarca\/"},"img":{"alt_text":"","src":"https:\/\/i0.wp.com\/lwid.dk\/wp-content\/uploads\/2023\/11\/24.-Valentin.png?resize=350%2C200&ssl=1","width":350,"height":200,"srcset":"https:\/\/i0.wp.com\/lwid.dk\/wp-content\/uploads\/2023\/11\/24.-Valentin.png?resize=350%2C200&ssl=1 1x, https:\/\/i0.wp.com\/lwid.dk\/wp-content\/uploads\/2023\/11\/24.-Valentin.png?resize=525%2C300&ssl=1 1.5x, https:\/\/i0.wp.com\/lwid.dk\/wp-content\/uploads\/2023\/11\/24.-Valentin.png?resize=700%2C400&ssl=1 2x"},"classes":[]}],"jetpack_featured_media_url":"https:\/\/lwid.dk\/wp-content\/uploads\/2023\/10\/24.png","_links":{"self":[{"href":"https:\/\/lwid.dk\/ro\/wp-json\/wp\/v2\/posts\/4172","targetHints":{"allow":["GET"]}}],"collection":[{"href":"https:\/\/lwid.dk\/ro\/wp-json\/wp\/v2\/posts"}],"about":[{"href":"https:\/\/lwid.dk\/ro\/wp-json\/wp\/v2\/types\/post"}],"author":[{"embeddable":true,"href":"https:\/\/lwid.dk\/ro\/wp-json\/wp\/v2\/users\/11"}],"replies":[{"embeddable":true,"href":"https:\/\/lwid.dk\/ro\/wp-json\/wp\/v2\/comments?post=4172"}],"version-history":[{"count":2,"href":"https:\/\/lwid.dk\/ro\/wp-json\/wp\/v2\/posts\/4172\/revisions"}],"predecessor-version":[{"id":28741,"href":"https:\/\/lwid.dk\/ro\/wp-json\/wp\/v2\/posts\/4172\/revisions\/28741"}],"wp:featuredmedia":[{"embeddable":true,"href":"https:\/\/lwid.dk\/ro\/wp-json\/wp\/v2\/media\/4173"}],"wp:attachment":[{"href":"https:\/\/lwid.dk\/ro\/wp-json\/wp\/v2\/media?parent=4172"}],"wp:term":[{"taxonomy":"category","embeddable":true,"href":"https:\/\/lwid.dk\/ro\/wp-json\/wp\/v2\/categories?post=4172"},{"taxonomy":"post_tag","embeddable":true,"href":"https:\/\/lwid.dk\/ro\/wp-json\/wp\/v2\/tags?post=4172"}],"curies":[{"name":"wp","href":"https:\/\/api.w.org\/{rel}","templated":true}]}}