{"id":4200,"date":"2021-08-08T21:40:00","date_gmt":"2021-08-08T20:40:00","guid":{"rendered":"https:\/\/lwid.dk\/?p=4200"},"modified":"2026-09-01T18:17:18","modified_gmt":"2026-09-01T17:17:18","slug":"pot-sa-o-spun-foarte-simplu-fara-romani-am-fi-inchis-si-ne-am-fi-oprit-demult","status":"publish","type":"post","link":"https:\/\/lwid.dk\/ro\/pot-sa-o-spun-foarte-simplu-fara-romani-am-fi-inchis-si-ne-am-fi-oprit-demult\/","title":{"rendered":"\u201ePot s\u0103 o spun foarte simplu: f\u0103r\u0103 rom\u00e2ni am fi \u00eenchis \u0219i ne-am fi oprit demult\u201d"},"content":{"rendered":"\r\n<figure class=\"wp-block-image size-full\"><img loading=\"lazy\" decoding=\"async\" width=\"703\" height=\"753\" class=\"wp-image-4201\" src=\"https:\/\/lwid.dk\/wp-content\/uploads\/2023\/10\/30.png\" alt=\"\" srcset=\"https:\/\/lwid.dk\/wp-content\/uploads\/2023\/10\/30.png 703w, https:\/\/lwid.dk\/wp-content\/uploads\/2023\/10\/30-280x300.png 280w, https:\/\/lwid.dk\/wp-content\/uploads\/2023\/10\/30-150x161.png 150w, https:\/\/lwid.dk\/wp-content\/uploads\/2023\/10\/30-300x321.png 300w, https:\/\/lwid.dk\/wp-content\/uploads\/2023\/10\/30-696x746.png 696w\" sizes=\"auto, (max-width: 703px) 100vw, 703px\" \/><\/figure>\r\n\r\n\r\n\r\n<p class=\"wp-block-paragraph\">Articol publicat in Information.dk , la data de 8 august 2021<\/p>\r\n\r\n\r\n\r\n<p class=\"wp-block-paragraph\">Rezumat<\/p>\r\n\r\n\r\n\r\n<p class=\"wp-block-paragraph\">\u00cen Skagen, 600 din cei 7.600 de locuitori sunt rom\u00e2ni, 100 dintre ei lucr\u00e2nd la fabrica de pe\u0219te Prime Ocean. Compania consider\u0103 c\u0103 rom\u00e2nii sunt esen\u021biali pentru supravie\u021buirea sa, iar primarul afirm\u0103 c\u0103 for\u021ba de munc\u0103 str\u0103in\u0103 ajut\u0103 la men\u021binerea companiilor \u00een ora\u0219. Munca rom\u00e2nilor este apreciat\u0103 pentru normalitatea \u0219i siguran\u021ba pe care o ofer\u0103 \u00een compara\u021bie cu Rom\u00e2nia. Pandemia a afectat fabrica, dar aceasta a supravie\u021buit \u0219i se specializeaz\u0103 \u00een produc\u021bia de somon \u0219i cod, respect\u00e2nd regulile daneze privind contractele colective \u0219i plata orelor suplimentare. Skagen se bucur\u0103 de integrarea str\u0103inilor, iar Gula Vajda \u0219i Claudiu P\u0103curar, rom\u00e2ni, v\u0103d Danemarca ca un loc al lini\u0219tii \u0219i sper\u0103 s\u0103-\u0219i construiasc\u0103 aici o familie.<\/p>\r\n\r\n\r\n\r\n<p class=\"wp-block-paragraph\">Din cei 7.600 de locuitori ai Skagen, 600 sunt rom\u00e2ni, iar 100 dintre ei lucreaz\u0103 la fabrica de pe\u0219te Prime Ocean. \u201eF\u0103r\u0103 rom\u00e2ni, compania nu ar fi aici\u201d, spune directorul. Dac\u0103 nu ar fi fost for\u021ba de munc\u0103 str\u0103in\u0103, probabil c\u0103 mai multe companii s-ar fi mutat \u00een str\u0103in\u0103tate, spune primarul.<\/p>\r\n\r\n\r\n\r\n<p class=\"wp-block-paragraph\">Pesc\u0103ru\u0219ii lupt\u0103 zgomotos sub cerul albastru de deasupra portului Skagen.<\/p>\r\n\r\n\r\n\r\n<p class=\"wp-block-paragraph\">\u00cen interiorul fabricii de pe\u0219te, totu\u0219i, nu-i auzi \u0219i le vezi picioarele de jos doar c\u00e2nd aterizeaz\u0103 \u0219i se strecoar\u0103 pe luminatoarele \u00eenghe\u021bate de deasupra \u201eliniei\u201d &#8211; centura fabricii, unde pe\u0219tii sunt curatati.<\/p>\r\n\r\n\r\n\r\n<p class=\"wp-block-paragraph\">Mi\u0219c\u0103rile sunt rapide la linia din incinta fabricii Prime Ocean, unde aerul este rece ca ghea\u021ba. Munca este concentrat\u0103. Sarcina lui Claudiu P\u0103curar este de a verifica calitatea pe\u0219telui. \u00centoarce cu experien\u021b\u0103 buc\u0103\u021bile mari de somon &#8211; fa\u021b\u0103, spate &#8211; \u00eenainte ca acestea s\u0103 fie trimise pentru ambalare \u00een vid sau &#8211; \u00een c\u00e2teva cazuri &#8211; aruncate.<\/p>\r\n\r\n\r\n\r\n<p class=\"wp-block-paragraph\">Deodat\u0103 sun\u0103 o siren\u0103. Exist\u0103 o pauz\u0103. Ma\u0219inile sunt oprite \u0219i se face lini\u0219te.<\/p>\r\n\r\n\r\n\r\n<p class=\"wp-block-paragraph\">Claudiu P\u0103curar spune c\u0103 desigur c\u0103 auzise c\u0103 \u00een Danemarca sunt bani frumo\u0219i de f\u0103cut. Dar ceea ce este cel mai important pentru el este c\u0103 este calmitatea \u0219i normalitatea din Danemarca.<\/p>\r\n\r\n\r\n\r\n<p class=\"wp-block-paragraph\">\u201e\u00cemi place sentimentul de siguran\u021b\u0103 de aici\u201d, spune Claudiu P\u0103curar.<\/p>\r\n\r\n\r\n\r\n<p class=\"wp-block-paragraph\">\u00cen pauz\u0103, toat\u0103 lumea se \u00eendep\u0103rteaz\u0103 pentru a se relaxa, cu excep\u021bia unui b\u0103rbat \u00een hain\u0103 alb\u0103 care vine s\u0103 cure\u021be \u0219i s\u0103 adune cu\u021bitele. Claudiu P\u0103curar se spal\u0103 pe m\u00e2ini la intrarea \u00een zona mica a cantinei. A\u0219a este obiceiul. Toat\u0103 lumea se spal\u0103 pe m\u00e2ini tot timpul \u0219i \u00ee\u0219i cl\u0103te\u0219te \u00eenc\u0103l\u021b\u0103mintea, mai ales \u00eenainte de a intra \u00een zona fabricii, care este p\u0103strat\u0103 perfect curat\u0103 \u00een orice moment.<\/p>\r\n\r\n\r\n\r\n<p class=\"wp-block-paragraph\">\u201e\u00cen Rom\u00e2nia am avut aproape acela\u0219i salariu ca \u0219i aici. Dar so\u021bia mea era foarte stresat\u0103, a\u0219a c\u0103 am \u00eencercat s\u0103 g\u0103sim un loc cu oameni normali \u0219i un sistem normal. Deci \u00een realitate probabil c\u0103 nu am venit pentru bani, ci pentru a avea o via\u021b\u0103 normal\u0103&#8217;, spune Claudiu P\u0103curar.<\/p>\r\n\r\n\r\n\r\n<p class=\"wp-block-paragraph\">El spune c\u0103 este \u00een Danemarca de trei ani. Locuie\u0219te cu so\u021bia sa \u0219i cu c\u00e2inele lor, un Bichon Havanese \u00een v\u00e2rst\u0103 de nou\u0103 ani. So\u021bia lui lucreaz\u0103 \u0219i ea la fabric\u0103.<\/p>\r\n\r\n\r\n\r\n<p class=\"wp-block-paragraph\">F\u0103r\u0103 stres<\/p>\r\n\r\n\r\n\r\n<p class=\"wp-block-paragraph\">\u00cen Rom\u00e2nia, Claudiu P\u0103curar a fost manager \u00eentr-o firm\u0103. Acum lucreaz\u0103 la linie \u00eentr-o fabric\u0103 de pe\u0219te. Nu conteaz\u0103, explic\u0103 el.<\/p>\r\n\r\n\r\n\r\n<p class=\"wp-block-paragraph\">\u201e\u00cemi place foarte mult s\u0103 fiu aici. Toat\u0103 lumea este foarte sincer\u0103. Este foarte important pentru mine s\u0103 nu existe stres. Nu \u0219tiu cum e cu ceilal\u021bi, dar pentru mine conteaz\u0103 cel mai mult normalitatea, lini\u0219tea&#8217;, spune Claudiu Pacural.<\/p>\r\n\r\n\r\n\r\n<p class=\"wp-block-paragraph\">\u201eTo\u021bi oamenii sunt at\u00e2t de \u00eengrijora\u021bi \u00een Rom\u00e2nia, dar aici po\u021bi merge la munc\u0103 \u0219i dac\u0103 ai grij\u0103 de munca ta, totul este \u00een regul\u0103. Pute\u021bi face cump\u0103r\u0103turi, v\u0103 pute\u021bi relaxa, pute\u021bi merge \u00een toate locurile pe care le dori\u021bi f\u0103r\u0103 probleme.&#8217;<\/p>\r\n\r\n\r\n\r\n<p class=\"wp-block-paragraph\">Claudiu P\u0103curar spune ca este constient ca majoritatea oamenilor vin ini\u021bial pentru salariile bune. Ei vin la munc\u0103 pentru c\u00e2\u021biva ani sau trei \u0219i economisesc, dar adesea r\u0103m\u00e2n timp de zece ani sau mai mult.<\/p>\r\n\r\n\r\n\r\n<p class=\"wp-block-paragraph\">Pauza de la linie dureaz\u0103 o jum\u0103tate de or\u0103. Ziua de lucru este \u00eemp\u0103r\u021bit\u0103 astfel \u00eenc\u00e2t s\u0103 se lucreze dou\u0103 ore, apoi este o pauz\u0103 \u0219i apoi se \u00eentorc din nou la linie pentru dou\u0103 ore. To\u021bi poart\u0103 acelea\u0219i uniforme albe, m\u0103nu\u0219i albastre, plase de p\u0103r, cu excep\u021bia mai\u0219trilor care poart\u0103 haine negre de lucru cu ini\u021bialele imprimate pe haine.<\/p>\r\n\r\n\r\n\r\n<p class=\"wp-block-paragraph\">Directorul companiei, Eric Stensgaard, are un punct pe care ar dori s\u0103-l clarifice: rom\u00e2nii sunt indispensabili.<\/p>\r\n\r\n\r\n\r\n<p class=\"wp-block-paragraph\">\u201ePot s\u0103 o spun foarte simplu: f\u0103r\u0103 rom\u00e2ni, compania nu ar fi aici. Atunci am fi \u00eenchis \u0219i ne-am fi oprit cu mult timp \u00een urm\u0103&#8217;, spune Eric Stensgaard.<\/p>\r\n\r\n\r\n\r\n<p class=\"wp-block-paragraph\">\u201eSuntem foarte mul\u021bumi\u021bi de muncitorii pe care \u00eei avem acum. F\u0103r\u0103 ei nu am avea nicio fabric\u0103. Nu \u00eei putem determina pe danezi s\u0103 o fac\u0103. Se \u00eent\u00e2lnesc devreme, e frig, miroase \u0219i lucrezi rapid, pentru c\u0103 atunci c\u00e2nd stai la coad\u0103, trebuie s\u0103 \u021bii pasul&#8217;, spune Eric Stensgaard.<\/p>\r\n\r\n\r\n\r\n<p class=\"wp-block-paragraph\">\u201eMul\u021bi au fost aici de la \u00eenceput. Am fost \u00eenfiin\u021ba\u021bi \u00een 2009. Cei care au trecut mai departe, este pentru c\u0103 au ob\u021binut locuri de munc\u0103 mai bune \u0219i asta e perfect. Cei care sunt aici, au familii, copii, unii \u0219i-au cump\u0103rat case&#8217;.<\/p>\r\n\r\n\r\n\r\n<p class=\"wp-block-paragraph\">Directorul explic\u0103 c\u0103 totul se desf\u0103\u0219oar\u0103 conform regulilor daneze cu contract colectiv \u0219i plata orelor suplimentare.\u00a0<\/p>\r\n\r\n\r\n\r\n<p class=\"wp-block-paragraph\">\u201eAm avut vizita unui client din Olanda. A fost foarte impresionat \u0219i a \u00eentrebat dac\u0103 avem \u0219ocuri electrice \u00een \u00eenc\u0103l\u021b\u0103mintele oamenilor, ca s\u0103 \u00eei putem activa atunci c\u00e2nd lucreaz\u0103 prea \u00eencet. Bine\u00een\u021beles c\u0103 avem, am spus. Glumim, \u00eens\u0103 da, sunt rapizi. Nu pot s\u0103 \u021bin pasul cu ei.<\/p>\r\n\r\n\r\n\r\n<p class=\"wp-block-paragraph\">Pandemia a fost grea pentru companie. \u00cen 2020, fabrica de pe\u0219te a pierdut 150 de milioane DKK \u00een venituri. To\u021bi angaja\u021bii se testau o dat\u0103 pe s\u0103pt\u0103m\u00e2n\u0103, pentru c\u0103 at fi fost un dezastru dac\u0103 s\/ar fi infectat.<\/p>\r\n\r\n\r\n\r\n<p class=\"wp-block-paragraph\">Fabrica produce \u00een principal somon \u0219i cod. Codul este prins s\u0103lbatic, somonul este crescut \u00een Norvegia. Fabrica este certificat\u0103 organic, global gap, MSC, ASC \u0219i IFS. Numeroasele certific\u0103ri sunt, printre altele, despre competitivitatea Prime Ocean, explic\u0103 Eric Stensgaard. Presiunea salariului brut pe or\u0103 de lucru a fabricii de pe\u0219te este de peste dou\u0103 ori mai mare dec\u00e2t la companii similare din Germania. \u0218i \u00eentruc\u00e2t firma nu poate schimba salariul, concureaz\u0103 \u00een schimb pe calitatea m\u0103rfurilor.<\/p>\r\n\r\n\r\n\r\n<p class=\"wp-block-paragraph\">\u201eEste foarte greoi \u0219i birocratic, dar este necesar. Aceasta \u00eenseamn\u0103 c\u0103 trebuie s\u0103 existe \u0219i mai mult\u0103 trasabilitate. Trebuie c\u00e2nt\u0103rit totul, at\u00e2t pe\u0219tele care intr\u0103, c\u00e2t \u0219i ce iese. Dar trebuie s\u0103 te adaptezi&#8217;, spune Eric Stensgaard.<\/p>\r\n\r\n\r\n\r\n<p class=\"wp-block-paragraph\">Claudiu P\u0103curar st\u0103 \u00eenconjurat de cutii cu flamingo alb, \u00een \u200b\u200bcare sunt \u00eempacheta\u021bi pe\u0219tii.<\/p>\r\n\r\n\r\n\r\n<p class=\"wp-block-paragraph\">Nu o societate paralel\u0103<\/p>\r\n\r\n\r\n\r\n<p class=\"wp-block-paragraph\">Skagen este o comunitate mic\u0103. Ora\u0219ul are 7.600 de locuitori. Aproximativ 600 dintre locuitori sunt din Rom\u00e2nia. \u00cen fabric\u0103 sunt pu\u021bin peste 100 de angaja\u021bi. Marea majoritate sunt rom\u00e2ni, dar printre angaja\u021bi sunt \u0219i c\u00e2\u021biva polonezi, doi greci \u0219i c\u00e2\u021biva letoni \u0219i lituanieni.<\/p>\r\n\r\n\r\n\r\n<p class=\"wp-block-paragraph\">Bjarne Kvist de la social-democra\u021bi este primar interimar al municipalit\u0103\u021bii Frederikshavn, \u00een timp ce colegul s\u0103u primar, Birgit S. Hansen, este \u00een vacan\u021b\u0103 de var\u0103 \u0219i locuie\u0219te \u00een Skagen, la patru minute cu ma\u0219ina de fabrica de pe\u0219te. Primarul interimar este \u00eenc\u00e2ntat c\u0103 at\u00e2t de mul\u021bi str\u0103ini se stabilesc definitiv la Skagen:<\/p>\r\n\r\n\r\n\r\n<p class=\"wp-block-paragraph\">\u201eDe mul\u021bi ani, Skagen a \u00eenregistrat o sc\u0103dere brusc\u0103 a popula\u021biei. Dac\u0103 ne putem p\u0103stra locurile de munc\u0103 pun\u00e2nd pe al\u021bii s\u0103 se mute, atunci este foarte de bine\u201d, spune Bjarne Kvist.<\/p>\r\n\r\n\r\n\r\n<p class=\"wp-block-paragraph\">Cifrele din Statistics Denmark arat\u0103 c\u0103 str\u0103inii se stabilesc \u00een principal \u00een suburbiile din jurul Copenhaga, \u00een Odense \u0219i Aarhus \u0219i \u00een municipalit\u0103\u021bile urbane mai mari. Cu toate acestea, oameni de origine rom\u00e2n\u0103 tr\u0103iesc \u00een special \u00een Iutlanda. Mai sunt cei mai mul\u021bi \u00een ora\u0219ele mari, dar rom\u00e2nii sunt r\u0103sp\u00e2ndi\u021bi mai mult \u00een municipiile Iutlanda \u0219i \u00een comunit\u0103\u021bile urbane mai mici.<\/p>\r\n\r\n\r\n\r\n<p class=\"wp-block-paragraph\">Primarul interimar spune c\u0103 dac\u0103 nu ar fi fost for\u021ba de munc\u0103 str\u0103in\u0103, probabil c\u0103 mai multe companii ar fi fost nevoite s\u0103 se mute \u00een str\u0103in\u0103tate. Orice team\u0103 c\u0103 s-ar forma o societate paralel\u0103 \u00een micul Skagen a fost complet respins\u0103, explic\u0103 Bjarne Kvist.<\/p>\r\n\r\n\r\n\r\n<p class=\"wp-block-paragraph\">\u201eUneori aud pe cineva st\u00e2nd la coad\u0103 \u00een Netto vorbind \u00eentre ei \u00eentr-o alt\u0103 limb\u0103, dar nu exist\u0103 nicio urm\u0103 de probleme. Ei fac parte din ora\u0219ul nostru \u0219i func\u021bioneaz\u0103 ca to\u021bi ceilal\u021bi din ora\u0219, cump\u0103r\u0103 case \u0219i ma\u0219ini \u0219i cump\u0103r\u0103 \u00een magazinele noastre. Probabil c\u0103 \u00eemi este greu s\u0103 v\u0103d ceva negativ despre asta.<\/p>\r\n\r\n\r\n\r\n<p class=\"wp-block-paragraph\">Bjarne Kvist spune c\u0103 est-europenii care se stabilesc \u00een Skagen se integreaz\u0103 \u0219i contribuie la via\u021ba \u00een comunitatea local\u0103. Ei cump\u0103r\u0103 \u0219i renoveaz\u0103 locuin\u021be \u00een zon\u0103. Ace\u0219tia sunt activi \u00een via\u021ba asociativ\u0103 \u0219i cultural\u0103. Cei mai mici copii sunt \u00eengriji\u021bi \u00een gr\u0103dini\u021ba ora\u0219ului, iar cei mai mari merg la \u0219coala local\u0103.<\/p>\r\n\r\n\r\n\r\n<p class=\"wp-block-paragraph\">Emilie Agner Damm este analist \u0219ef la Consiliul de Afaceri al Sindicatului Muncitorilor Suedezi. Pentru ea, rom\u00e2nii de la fabrica de pe\u0219te sunt o poveste de succes:<\/p>\r\n\r\n\r\n\r\n<p class=\"wp-block-paragraph\">\u201eMunca de munc\u0103 str\u0103in\u0103 este foarte bun\u0103 pentru economia danez\u0103. Ei pot ajuta acolo unde lipse\u0219te for\u021ba de munc\u0103 danez\u0103. Dar trebuie s\u0103 fie \u00een condi\u021bii adecvate\u201d, subliniaz\u0103 ea.<\/p>\r\n\r\n\r\n\r\n<p class=\"wp-block-paragraph\">\u201eEste nevoie s\u0103 \u0219tii despre modelul danez \u00eenainte de a \u00een\u021belege de ce trebuie s\u0103 te organizezi. Prin urmare, este mai dificil pentru sindicatele daneze s\u0103 recruteze str\u0103ini\u201d.<\/p>\r\n\r\n\r\n\r\n<p class=\"wp-block-paragraph\">Emilie Agner Damm nu este surprins\u0103 c\u0103 cheltuielile cu salariile lui Prime Ocean sunt mai mari dec\u00e2t ar fi \u00een Germania:<\/p>\r\n\r\n\r\n\r\n<p class=\"wp-block-paragraph\">\u201eEste un argument pe care \u00eel auzi adesea c\u0103 salariile daneze sunt mari \u0219i c\u0103 acest lucru afecteaz\u0103 competitivitatea. Dar, de obicei, avem angaja\u021bi foarte califica\u021bi, iar acest lucru se aplic\u0103 \u0219i pentru mul\u021bi dintre ei cu studii str\u0103ine, deoarece exist\u0103 cerin\u021be \u00een Danemarca privind modul \u00een care se desf\u0103\u0219oar\u0103 munca.<\/p>\r\n\r\n\r\n\r\n<p class=\"wp-block-paragraph\">Schimbarea cu\u021bitelor \u00een pauz\u0103<\/p>\r\n\r\n\r\n\r\n<p class=\"wp-block-paragraph\">La Prime Ocean, rom\u00e2nul Gula Vajda se preg\u0103te\u0219te \u00een atelierul fabricii. Micul atelier este situat \u00eentr-o cas\u0103 de l\u00e2ng\u0103 incinta fabricii centrale. Este cald \u00een spate, iar asfaltul se pr\u0103je\u0219te bine la soare \u2013 spre deosebire de incinta fabricii, care este mereu rece indiferent de vremea de afar\u0103.<\/p>\r\n\r\n\r\n\r\n<p class=\"wp-block-paragraph\">Gula Vajda adun\u0103 unelte \u0219i inventeaz\u0103 noi seturi de cu\u021bite sterile, rotative. Cu\u021bitele rotunde, de dimensiunile unei farfurii, sunt periculos de ascu\u021bite. Cu\u021bitele din ma\u0219inile de pe linie trebuie schimbate.<\/p>\r\n\r\n\r\n\r\n<p class=\"wp-block-paragraph\">\u00cen drumul s\u0103u prin ecluzele sterile \u00een zona fabricii, Gula Vajda explic\u0103 c\u0103 se afl\u0103 \u00een Danemarca de 11 ani. \u00cen primii opt ani a lucrat pe linie \u00een Prime Ocean. Dar apoi un \u0219ef a \u00eentrebat dac\u0103 vrea s\u0103 ajute la \u00eentre\u021binerea ma\u0219inilor. Acum Gula Vajda este mecanic la fabric\u0103. Gula Vajda nu este mecanic instruit, dar a fost instruit de un fost angajat \u0219i a g\u0103sit instruc\u021biuni online. Acum are grij\u0103 de toate utilajele fabricii.<\/p>\r\n\r\n\r\n\r\n<p class=\"wp-block-paragraph\">Gula Vajda lucreaz\u0103 cu \u00eentre\u021binerea utilajelor la fabrica de pe\u0219te din Skagen. El spune c\u0103 el \u0219i mul\u021bi dintre prietenii s\u0103i rom\u00e2ni \u0219i-au g\u0103sit lini\u0219tea \u00een Danemarca pentru c\u0103 nu trebuie s\u0103-\u0219i fac\u0103 griji dac\u0103 exist\u0103 bani pentru chirie \u0219i factura de energie electric\u0103.<\/p>\r\n\r\n\r\n\r\n<p class=\"wp-block-paragraph\">\u201eDac\u0103 vrei s\u0103 ai o familie \u0219i o cas\u0103, trebuie s\u0103 ai bani, iar asta nu se poate \u00een Rom\u00e2nia. Am o prieten\u0103. Ea lucreaz\u0103 \u0219i aici, la fabric\u0103. \u0218i iubita mea a \u00eenceput \u00een 2010.&#8217;<\/p>\r\n\r\n\r\n\r\n<p class=\"wp-block-paragraph\">Gula Vajda explic\u0103 c\u0103 vrea s\u0103 r\u0103m\u00e2n\u0103 \u00een Danemarca \u0219i s\u0103 \u00ee\u0219i \u00eentemeieze o familie aici cu iubita lui.<\/p>\r\n\r\n\r\n\r\n<p class=\"wp-block-paragraph\">\u201eNu mai am familie \u00een Rom\u00e2nia. Mama mea a murit \u00een februarie.<\/p>\r\n\r\n\r\n\r\n<p class=\"wp-block-paragraph\">Gula Vajda deschide repede primul utilaj \u0219i \u00eencepe s\u0103 demonteze cu\u021bitele uzate. Cu\u021bitele rotunde, rotunde, trebuie ridicate cu un cle\u0219te special. Gula Vajda pune cu grij\u0103 cu\u021bitele folosite \u00eentr-o g\u0103leat\u0103. Acestea trebuie s\u0103 se \u00eentoarc\u0103 la atelier \u0219i s\u0103 fie dezinfectate, astfel \u00eenc\u00e2t s\u0103 fie gata pentru urm\u0103toarea \u00eenc\u0103rc\u0103tur\u0103 de pe\u0219te.<\/p>\r\n\r\n\r\n\r\n<p class=\"wp-block-paragraph\">\u201eAceste cu\u021bite sunt de ieri. \u00cen fiecare zi, cu\u021bitele trebuie schimbate la fiecare patru ore&#8217;, spune Gula Vajda.<\/p>\r\n\r\n\r\n\r\n<p class=\"wp-block-paragraph\">El introduce cu grij\u0103 noile cu\u021bite \u00een aparat \u0219i \u00eel \u00eenchide din nou, astfel \u00eenc\u00e2t s\u0103 fie gata pentru urm\u0103toarea rund\u0103 de pe\u0219te.<\/p>\r\n\r\n\r\n\r\n<p class=\"wp-block-paragraph\">Gula Vajda explic\u0103 r\u00e2z\u00e2nd c\u0103 are prietenii \u00een Skagen \u0219i \u00een Frederikshavn. Unii dintre ei sunt colegi din fabric\u0103. Dup\u0103 sear\u0103, stau \u00eempreun\u0103, la gr\u0103tar \u0219i beau c\u00e2teva beri. Gula Vajda se g\u00e2nde\u0219te la:<\/p>\r\n\r\n\r\n\r\n<p class=\"wp-block-paragraph\">\u201eToat\u0103 lumea \u00eencearc\u0103 s\u0103 g\u0103seasc\u0103 lini\u0219ste \u0219i o g\u0103se\u0219te aici. Nu trebuie s\u0103 se \u00eentrebe ce se va \u00eent\u00e2mpla m\u00e2ine. Au bani de chirie \u0219i factura de electricitate&#8217;, spune el \u0219i ridic\u0103 din umeri, \u00eenainte de a ie\u0219i din nou la c\u0103ldur\u0103 \u0219i \u00eenapoi la atelier cu cu\u021bitele uzate.<\/p>\r\n\r\n\r\n\r\n<p class=\"wp-block-paragraph\">\u00cen cur\u00e2nd, sirena semnaleaz\u0103 c\u0103 pauza s-a \u00eencheiat. Aparatele pornesc cu &#8216;Piiuuuv&#8217; lor ritmic. Clack! Peeeeeeeeeeeeeeeeeeeeeeeeeeeeeeee Clack!&#8217; Acum linia merge din nou, cu pe\u0219tele care vine \u00een \u00eentregime la un cap\u0103t \u0219i ambalat \u00een vid \u00een cel\u0103lalt cap\u0103t, gata pentru a fi etichetat \u0219i exportat \u00een Germania.<\/p>\r\n\r\n\r\n\r\n<p class=\"wp-block-paragraph\">Pe pia\u021ba muncii danez\u0103 exist\u0103 230.000 de cet\u0103\u021beni str\u0103ini angaja\u021bi cu norm\u0103 \u00eentreag\u0103. Adic\u0103 zece la sut\u0103 din for\u021ba de munc\u0103. \u00cen aceast\u0103 serie, Information vorbe\u0219te cu un num\u0103r dintre ei despre via\u021ba lor \u00een Danemarca.<\/p>\r\n","protected":false},"excerpt":{"rendered":"<p>Articol publicat in Information.dk , la data de 8 august 2021 Rezumat \u00cen Skagen, 600 din cei 7.600 de locuitori sunt rom\u00e2ni, 100 dintre ei lucr\u00e2nd la fabrica de pe\u0219te Prime Ocean. Compania consider\u0103 c\u0103 rom\u00e2nii sunt esen\u021biali pentru supravie\u021buirea sa, iar primarul afirm\u0103 c\u0103 for\u021ba de munc\u0103 str\u0103in\u0103 ajut\u0103 la men\u021binerea companiilor \u00een ora\u0219. [&hellip;]<\/p>\n","protected":false},"author":11,"featured_media":4201,"comment_status":"open","ping_status":"closed","sticky":false,"template":"","format":"standard","meta":{"_acf_changed":false,"_themeisle_gutenberg_block_has_review":false,"_jetpack_newsletter_access":"","_jetpack_dont_email_post_to_subs":false,"_jetpack_newsletter_tier_id":0,"_jetpack_memberships_contains_paywalled_content":false,"_jetpack_feature_clip_id":0,"_jetpack_memberships_contains_paid_content":false,"footnotes":"","jetpack_post_was_ever_published":false,"_members_access_role":[],"_members_access_error":""},"categories":[878,142],"tags":[1001,1012],"class_list":["post-4200","post","type-post","status-publish","format-standard","has-post-thumbnail","category-navigarea-in-danemarca","category-povesti-nespuse","tag-diversitate-si-incluziune","tag-ocuparea-fortei-de-munca"],"acf":[],"jetpack_sharing_enabled":true,"jetpack-related-posts":[{"id":4282,"url":"https:\/\/lwid.dk\/ro\/fiica-adolescenta-a-luat-decizia-si-si-a-adunat-familia-de-romani-la-skagen\/","url_meta":{"origin":4200,"position":0},"title":"Fiica adolescent\u0103 a luat decizia &#8211; \u0219i \u0219i-a adunat familia de rom\u00e2ni la Skagen","author":"Sorina Floroiu","date":"23 decembrie 2021","format":false,"excerpt":"Articol publicat in Politiken Sektion 1 Side 8, la data de 23 decembrie 2021 Rezumat Articolul descrie experien\u021ba familiei de rom\u00e2ni Cristian din Skagen, Danemarca, \u0219i modul \u00een care municipalitatea Frederikshavn ajut\u0103 familiile str\u0103ine s\u0103 se stabileasc\u0103 \u00een zon\u0103 pentru a acoperi lipsa de for\u021b\u0103 de munc\u0103. Articolul subliniaz\u0103 faptul\u2026","rel":"","context":"\u00cen \u201eNavigarea \u00een Danemarca\u201d","block_context":{"text":"Navigarea \u00een Danemarca","link":"https:\/\/lwid.dk\/ro\/category\/navigarea-in-danemarca\/"},"img":{"alt_text":"","src":"https:\/\/i0.wp.com\/lwid.dk\/wp-content\/uploads\/2023\/10\/44.png?resize=350%2C200&ssl=1","width":350,"height":200},"classes":[]},{"id":5384,"url":"https:\/\/lwid.dk\/ro\/romanii-i-au-depasit-pe-danezi-la-flensburg\/","url_meta":{"origin":4200,"position":1},"title":"Rom\u00e2nii i-au dep\u0103\u0219it pe danezi la Flensburg","author":"Sorina Floroiu","date":"2 august 2022","format":false,"excerpt":"Articol publicat in Flensborg Avis la data de 2 august 2022. Rezumat: Num\u0103rul de rom\u00e2ni din Flensburg a crescut semnificativ, tripl\u00e2ndu-se \u00een ultimii cinci ani, Rom\u00e2nia devenind principala \u021bar\u0103 de origine a str\u0103inilor stabili\u021bi \u00een ora\u0219. Danemarca a cobor\u00e2t pe locul trei \u00een clasamentul str\u0103inilor, iar rom\u00e2nii au devenit cea\u2026","rel":"","context":"\u00cen \u201eNavigarea \u00een Danemarca\u201d","block_context":{"text":"Navigarea \u00een Danemarca","link":"https:\/\/lwid.dk\/ro\/category\/navigarea-in-danemarca\/"},"img":{"alt_text":"","src":"https:\/\/i0.wp.com\/lwid.dk\/wp-content\/uploads\/2023\/11\/18.-Flensborg.png?resize=350%2C200&ssl=1","width":350,"height":200},"classes":[]},{"id":5450,"url":"https:\/\/lwid.dk\/ro\/presedintele-comisiei-afectat-de-tratarea-muncitorilor-romani\/","url_meta":{"origin":4200,"position":2},"title":"Pre\u0219edintele comisiei afectat de tratarea muncitorilor rom\u00e2ni","author":"Sorina Floroiu","date":"17 decembrie 2022","format":false,"excerpt":"Articol publicat \u00een Horsens Folkeblad la data de 17 decembrie 2022.\u00a0 Michael Neders\u00f8e (DF), pre\u0219edintele comisiei pentru ocuparea for\u021bei de munc\u0103 \u0219i integrare, inten\u021bioneaz\u0103 s\u0103 cerceteze dac\u0103 Prim\u0103ria Horsens poate ajuta \u0219apte rom\u00e2ni care locuiesc \u00eentr-o cas\u0103 \u00eenchiriat\u0103 f\u0103r\u0103 \u00eenc\u0103lzire \u00een Pilegade.\u00a0 \"M\u0103 enervez atunci c\u00e2nd citesc astfel de lucruri\",\u2026","rel":"","context":"\u00cen \u201eNavigarea \u00een Danemarca\u201d","block_context":{"text":"Navigarea \u00een Danemarca","link":"https:\/\/lwid.dk\/ro\/category\/navigarea-in-danemarca\/"},"img":{"alt_text":"","src":"https:\/\/i0.wp.com\/lwid.dk\/wp-content\/uploads\/2023\/11\/28.png?resize=350%2C200&ssl=1","width":350,"height":200,"srcset":"https:\/\/i0.wp.com\/lwid.dk\/wp-content\/uploads\/2023\/11\/28.png?resize=350%2C200&ssl=1 1x, https:\/\/i0.wp.com\/lwid.dk\/wp-content\/uploads\/2023\/11\/28.png?resize=525%2C300&ssl=1 1.5x"},"classes":[]},{"id":3063,"url":"https:\/\/lwid.dk\/ro\/specialistii-romani-asigura-productia-in-silkeborg-rumaenske-fagfolk-sikrer-produktionen-i-silkeborg\/","url_meta":{"origin":4200,"position":3},"title":"Speciali\u0219tii rom\u00e2ni asigur\u0103 produc\u021bia \u00een Silkeborg \/ Rum\u00e6nske fagfolk sikrer produktionen i Silkeborg","author":"Sorina Floroiu","date":"11 februarie 2020","format":false,"excerpt":"Articol publicat in Industri & Teknik la data de 11 februarie 2020 Subiect articol\u00a0 \u00cen Silkeborg Sp\u00e5ntagning, \u0219ase din cei 35 de angaja\u021bi sunt rom\u00e2ni, asigur\u00e2nd produc\u021bia \u00eentr-un moment de penurie de tehnicieni industriali. Rom\u00e2nii sunt aprecia\u021bi pentru abilit\u0103\u021bile lor tehnice \u0219i pentru faptul c\u0103 sunt dedica\u021bi \u0219i eficien\u021bi \u00een\u2026","rel":"","context":"\u00cen \u201eNavigarea \u00een Danemarca\u201d","block_context":{"text":"Navigarea \u00een Danemarca","link":"https:\/\/lwid.dk\/ro\/category\/navigarea-in-danemarca\/"},"img":{"alt_text":"","src":"https:\/\/i0.wp.com\/lwid.dk\/wp-content\/uploads\/2023\/10\/8.-Rumaenske-fagfolk-sikrer-produktionen.png?resize=350%2C200&ssl=1","width":350,"height":200,"srcset":"https:\/\/i0.wp.com\/lwid.dk\/wp-content\/uploads\/2023\/10\/8.-Rumaenske-fagfolk-sikrer-produktionen.png?resize=350%2C200&ssl=1 1x, https:\/\/i0.wp.com\/lwid.dk\/wp-content\/uploads\/2023\/10\/8.-Rumaenske-fagfolk-sikrer-produktionen.png?resize=525%2C300&ssl=1 1.5x, https:\/\/i0.wp.com\/lwid.dk\/wp-content\/uploads\/2023\/10\/8.-Rumaenske-fagfolk-sikrer-produktionen.png?resize=700%2C400&ssl=1 2x"},"classes":[]},{"id":4158,"url":"https:\/\/lwid.dk\/ro\/editor-sef-fara-straini-agricultura-daneza-s-ar-prabusi-peste-noapte\/","url_meta":{"origin":4200,"position":4},"title":"Editor-\u0219ef: F\u0103r\u0103 str\u0103ini, agricultura danez\u0103 s-ar pr\u0103bu\u0219i peste noapte","author":"Sorina Floroiu","date":"25 iulie 2021","format":false,"excerpt":"Articol publicat in LandbrugsAvisen.dk Christian Friis Hansen, la data de 25 iulie 2021 Rezumat Agricultura danez\u0103 depinde \u00een mare m\u0103sur\u0103 de for\u021ba de munc\u0103 str\u0103in\u0103, iar recrutarea din \u021b\u0103ri precum Ucraina \u0219i Rom\u00e2nia devine din ce \u00een ce mai dificil\u0103 din cauza cre\u0219terii nivelului de trai \u00een aceste \u021b\u0103ri. Cu\u2026","rel":"","context":"\u00cen \u201eNavigarea \u00een Danemarca\u201d","block_context":{"text":"Navigarea \u00een Danemarca","link":"https:\/\/lwid.dk\/ro\/category\/navigarea-in-danemarca\/"},"img":{"alt_text":"","src":"https:\/\/i0.wp.com\/lwid.dk\/wp-content\/uploads\/2023\/10\/22.png?resize=350%2C200&ssl=1","width":350,"height":200,"srcset":"https:\/\/i0.wp.com\/lwid.dk\/wp-content\/uploads\/2023\/10\/22.png?resize=350%2C200&ssl=1 1x, https:\/\/i0.wp.com\/lwid.dk\/wp-content\/uploads\/2023\/10\/22.png?resize=525%2C300&ssl=1 1.5x, https:\/\/i0.wp.com\/lwid.dk\/wp-content\/uploads\/2023\/10\/22.png?resize=700%2C400&ssl=1 2x"},"classes":[]},{"id":3248,"url":"https:\/\/lwid.dk\/ro\/industria-striga-dupa-tehnicieni-in-industrie\/","url_meta":{"origin":4200,"position":5},"title":"Industria strig\u0103 dup\u0103 tehnicieni \u00een industrie","author":"Sorina Floroiu","date":"5 februarie 2021","format":false,"excerpt":"Articol publicat in Og Maskinindustrien Sektion 1 Side 7 Eskil Mann S\u00f8rensen la data de 5 februarie 2021 Rezumat: Companiile din Danemarca se confrunt\u0103 cu dificult\u0103\u021bi \u00een g\u0103sirea de tehnicieni, cu o criz\u0103 accentuat\u0103 \u00een Vestjylland. KP Components \u00eencearc\u0103 s\u0103 rezolve aceast\u0103 problem\u0103 prin angajarea de tehnicieni rom\u00e2ni. Din zece\u2026","rel":"","context":"\u00cen \u201eNavigarea \u00een Danemarca\u201d","block_context":{"text":"Navigarea \u00een Danemarca","link":"https:\/\/lwid.dk\/ro\/category\/navigarea-in-danemarca\/"},"img":{"alt_text":"","src":"https:\/\/i0.wp.com\/lwid.dk\/wp-content\/uploads\/2023\/10\/1.-Industria-striga-dupa-tehnicieni-industriali.png?resize=350%2C200&ssl=1","width":350,"height":200,"srcset":"https:\/\/i0.wp.com\/lwid.dk\/wp-content\/uploads\/2023\/10\/1.-Industria-striga-dupa-tehnicieni-industriali.png?resize=350%2C200&ssl=1 1x, https:\/\/i0.wp.com\/lwid.dk\/wp-content\/uploads\/2023\/10\/1.-Industria-striga-dupa-tehnicieni-industriali.png?resize=525%2C300&ssl=1 1.5x"},"classes":[]}],"jetpack_featured_media_url":"https:\/\/lwid.dk\/wp-content\/uploads\/2023\/10\/30.png","_links":{"self":[{"href":"https:\/\/lwid.dk\/ro\/wp-json\/wp\/v2\/posts\/4200","targetHints":{"allow":["GET"]}}],"collection":[{"href":"https:\/\/lwid.dk\/ro\/wp-json\/wp\/v2\/posts"}],"about":[{"href":"https:\/\/lwid.dk\/ro\/wp-json\/wp\/v2\/types\/post"}],"author":[{"embeddable":true,"href":"https:\/\/lwid.dk\/ro\/wp-json\/wp\/v2\/users\/11"}],"replies":[{"embeddable":true,"href":"https:\/\/lwid.dk\/ro\/wp-json\/wp\/v2\/comments?post=4200"}],"version-history":[{"count":2,"href":"https:\/\/lwid.dk\/ro\/wp-json\/wp\/v2\/posts\/4200\/revisions"}],"predecessor-version":[{"id":28738,"href":"https:\/\/lwid.dk\/ro\/wp-json\/wp\/v2\/posts\/4200\/revisions\/28738"}],"wp:featuredmedia":[{"embeddable":true,"href":"https:\/\/lwid.dk\/ro\/wp-json\/wp\/v2\/media\/4201"}],"wp:attachment":[{"href":"https:\/\/lwid.dk\/ro\/wp-json\/wp\/v2\/media?parent=4200"}],"wp:term":[{"taxonomy":"category","embeddable":true,"href":"https:\/\/lwid.dk\/ro\/wp-json\/wp\/v2\/categories?post=4200"},{"taxonomy":"post_tag","embeddable":true,"href":"https:\/\/lwid.dk\/ro\/wp-json\/wp\/v2\/tags?post=4200"}],"curies":[{"name":"wp","href":"https:\/\/api.w.org\/{rel}","templated":true}]}}