{"id":4228,"date":"2021-09-04T21:49:00","date_gmt":"2021-09-04T20:49:00","guid":{"rendered":"https:\/\/lwid.dk\/?p=4228"},"modified":"2026-09-01T18:15:41","modified_gmt":"2026-09-01T17:15:41","slug":"in-vizita-la-contele-insetat-de-sange-dracula","status":"publish","type":"post","link":"https:\/\/lwid.dk\/ro\/in-vizita-la-contele-insetat-de-sange-dracula\/","title":{"rendered":"\u00cen vizit\u0103 la contele \u00eensetat de s\u00e2nge, Dracula"},"content":{"rendered":"\r\n<figure class=\"wp-block-image size-full\"><img loading=\"lazy\" decoding=\"async\" width=\"524\" height=\"736\" class=\"wp-image-4229\" src=\"https:\/\/lwid.dk\/wp-content\/uploads\/2023\/10\/34.png\" alt=\"\" srcset=\"https:\/\/lwid.dk\/wp-content\/uploads\/2023\/10\/34.png 524w, https:\/\/lwid.dk\/wp-content\/uploads\/2023\/10\/34-214x300.png 214w, https:\/\/lwid.dk\/wp-content\/uploads\/2023\/10\/34-150x211.png 150w, https:\/\/lwid.dk\/wp-content\/uploads\/2023\/10\/34-300x421.png 300w\" sizes=\"auto, (max-width: 524px) 100vw, 524px\" \/><\/figure>\r\n\r\n\r\n\r\n<p class=\"wp-block-paragraph\">Articol publicat in Midtjyllands Avis Sektion 2, la data de 4 septembrie 2021<\/p>\r\n\r\n\r\n\r\n<p class=\"wp-block-paragraph\">Rezumat:<\/p>\r\n\r\n\r\n\r\n<p class=\"wp-block-paragraph\">O familie din Danemarca tr\u0103ie\u0219te o serie de evenimente diverse, inclusiv un concert clasic, o alert\u0103 cu privire la un urs, o experien\u021b\u0103 cu \u021buic\u0103 \u0219i o vizit\u0103 la castelul Contelui Dracula \u00een ora\u0219ul medieval Bra\u0219ov. Familia, care c\u0103l\u0103tore\u0219te cu fiul lor de 13 ani, exploreaz\u0103, de asemenea, Adventure Camp \u00een Bra\u0219ov \u0219i particip\u0103 la un concert clasic gratuit. Din p\u0103cate, zona este aglomerat\u0103, dar zborul final deasupra unui lac este de neuitat. \u00cen timpul \u0219ederii lor, se confrunt\u0103 \u0219i cu o alert\u0103 privind ursul \u0219i \u00eencearc\u0103 b\u0103utura local\u0103, palinca. Familia exploreaz\u0103 vechea \u0219i fermec\u0103toarea cetate a Bra\u0219ovului, \u00eent\u00e2lnindu-se cu un clovn \u0219i decid s\u0103 \u00eenchirieze o ma\u0219in\u0103 pentru a explora Carpa\u021bii. Viziteaz\u0103, de asemenea, faimosul castel Bran \u0219i dau peste o comunitate roma \u00een timpul c\u0103l\u0103toriei lor. Castelul, chiar dac\u0103 este o atrac\u021bie turistic\u0103, se dovede\u0219te a fi mai degrab\u0103 fermec\u0103tor dec\u00e2t \u00eenfrico\u0219\u0103tor. \u00cen drumul de \u00eentoarcere, viziteaz\u0103 cel mai mare cartier de romi din Rom\u00e2nia, Garcini, \u0219i devin con\u0219tien\u021bi de provoc\u0103rile cu care se confrunt\u0103 aceast\u0103 popula\u021bie.<\/p>\r\n\r\n\r\n\r\n<p class=\"wp-block-paragraph\">Un concert clasic c\u0103lduros, un avertisment despre un urs brun, un snaps de fructe aromat \u0219i o vizit\u0103 la castelul contelui Dracula. Bra\u0219ovul rom\u00e2nesc ofer\u0103 o multitudine de experien\u021be.<\/p>\r\n\r\n\r\n\r\n<p class=\"wp-block-paragraph\">Am stat 6 zile \u00een Bucure\u0219ti, am luat trenul spre nord p\u00e2n\u0103 \u00een ora\u0219ul medieval Bra\u0219ov de l\u00e2ng\u0103 Carpa\u021bi.<\/p>\r\n\r\n\r\n\r\n<p class=\"wp-block-paragraph\">Este prima dat\u0103 c\u00e2nd fiul nostru de 13 ani iese singur cu cei doi b\u0103tr\u00e2ni, a\u0219a c\u0103 \u00eencerc\u0103m s\u0103 compens\u0103m c\u00e2t mai bine c\u0103ut\u00e2nd activit\u0103\u021bi care s\u0103 aib\u0103 sens pentru el.<\/p>\r\n\r\n\r\n\r\n<p class=\"wp-block-paragraph\">Una dintre aceste excursii ne duce la Adventure Camp, situat \u00eentr-o zon\u0103 de agrement de la marginea Bra\u0219ovului. Primul lucru la care ajungi este un lac artificial, peste care \u00een fiecare secund\u0103 o persoan\u0103 se d\u0103 pe o s\u00e2rm\u0103 de o\u021bel. Pare promi\u021b\u0103tor. Dup\u0103 aceasta, \u00eent\u00e2lnim o coad\u0103 destul de lung\u0103, f\u0103r\u0103 un flux vizibil. Coada se datoreaz\u0103 faptului c\u0103 exist\u0103 un singur func\u021bionar care s\u0103 verifice multe persoane, iar rom\u00e2nii par s\u0103 o ia destul de u\u0219or. Nici nu este altceva de f\u0103cut.<\/p>\r\n\r\n\r\n\r\n<p class=\"wp-block-paragraph\">Pentru ca fiul s\u0103 poat\u0103 folosi traseul negru, \u00eei facem s\u0103-\u0219i \u00eenchipuie c\u0103 are 16 \u0219i nu 13. La 1,85 m, este mai \u00eenalt dec\u00e2t 98 la sut\u0103 dintre adul\u021bi. So\u021bia \u0219i fiul cump\u0103r\u0103 bilete pentru a ajunge \u00een v\u00e2rfurile copacilor \u0219i dispar repede din vedere.<\/p>\r\n\r\n\r\n\r\n<p class=\"wp-block-paragraph\">Subsemnatul trapeaz\u0103 pe podeaua p\u0103durii \u0219i observ\u0103 activit\u0103\u021bile \u00een lini\u0219te \u0219i pace. Dup\u0103 dou\u0103 ore \u0219i jum\u0103tate, apare verdictul celor doi exper\u021bi: Zona este prea dens aglomerat\u0103, a\u0219a c\u0103 ai oameni deasupra capului \u00een timp ce te t\u00e2r\u0103\u0219ti peste cineva care m\u0103n\u00e2nc\u0103 pr\u00e2nzul sub tine.<\/p>\r\n\r\n\r\n\r\n<p class=\"wp-block-paragraph\">Cu toate acestea, alunecarea final\u0103 peste lac este incredibil\u0103. Mama \u0219i fiul sunt epuiza\u021bi dup\u0103 ce s-au t\u00e2r\u00e2t prin c\u0103ldur\u0103.<\/p>\r\n\r\n\r\n\r\n<p class=\"wp-block-paragraph\">La c\u00e2teva sute de metri de sta\u021bia de autobuz se afl\u0103 singurul restaurant coreean al ora\u0219ului.<\/p>\r\n\r\n\r\n\r\n<p class=\"wp-block-paragraph\">Trebuie verificat. Restaurantele vietnamez, thailandez \u0219i indian sunt printre preferatele noastre, dar buc\u0103t\u0103ria coreean\u0103 este \u00eentr-o clas\u0103 proprie. Decorul este oarecum proasp\u0103t \u0219i trebuie s\u0103 a\u0219tept\u0103m o or\u0103 grea, dar m\u00e2ncarea este, ca \u00eentotdeauna, excelent\u0103.<\/p>\r\n\r\n\r\n\r\n<p class=\"wp-block-paragraph\">Concert cald<\/p>\r\n\r\n\r\n\r\n<p class=\"wp-block-paragraph\">La sf\u00e2r\u0219itul zilei, am convenit cu gazda noastr\u0103 c\u0103 vom merge la un concert clasic.<\/p>\r\n\r\n\r\n\r\n<p class=\"wp-block-paragraph\">L-am a\u0219teptat cu ner\u0103bdare \u0219i este \u0219i gratuit. Aproximativ 100 de persoane privilegiate stau deja pe scaune \u00eentr-o zon\u0103 izolat\u0103, fiind cea mai apropiat\u0103 de scen\u0103. Din fericire, ob\u021binem un loc unde s\u0103 st\u0103m, a\u0219a c\u0103 ne putem ag\u0103\u021ba pu\u021bin de balustrad\u0103, dar este \u00eengrozitor de cald, \u0219i st\u0103m cu soarele care ne bate direct pe cap.<\/p>\r\n\r\n\r\n\r\n<p class=\"wp-block-paragraph\">Muzica este din anii 1920 a genului romantic, iar o femeie \u00een halate pastelate \u0219i o p\u0103l\u0103rie frumoas\u0103 de var\u0103 c\u00e2nt\u0103. Publicul c\u00e2nt\u0103 \u0219i el, \u0219i \u00eencurajeaz\u0103 prin aplauze.\u00a0<\/p>\r\n\r\n\r\n\r\n<p class=\"wp-block-paragraph\">Se spune &#8222;rom\u00e2nesc&#8221; de multe ori intre numere, &#8211; sentimentul national este undeva sus.<\/p>\r\n\r\n\r\n\r\n<p class=\"wp-block-paragraph\">Dac\u0103 Stig Rossen ar fi intrat pe scen\u0103 pe parcurs, nimeni nu ar ridica o spr\u00e2ncean\u0103 \u2013 doar c\u0103 probabil c\u0103 nu \u0219tie s\u0103 c\u00e2nte \u00een rom\u00e2n\u0103.<\/p>\r\n","protected":false},"excerpt":{"rendered":"<p>Articol publicat in Midtjyllands Avis Sektion 2, la data de 4 septembrie 2021 Rezumat: O familie din Danemarca tr\u0103ie\u0219te o serie de evenimente diverse, inclusiv un concert clasic, o alert\u0103 cu privire la un urs, o experien\u021b\u0103 cu \u021buic\u0103 \u0219i o vizit\u0103 la castelul Contelui Dracula \u00een ora\u0219ul medieval Bra\u0219ov. Familia, care c\u0103l\u0103tore\u0219te cu fiul [&hellip;]<\/p>\n","protected":false},"author":11,"featured_media":4229,"comment_status":"open","ping_status":"closed","sticky":false,"template":"","format":"standard","meta":{"_acf_changed":false,"_themeisle_gutenberg_block_has_review":false,"_jetpack_newsletter_access":"","_jetpack_dont_email_post_to_subs":false,"_jetpack_newsletter_tier_id":0,"_jetpack_memberships_contains_paywalled_content":false,"_jetpack_feature_clip_id":0,"_jetpack_memberships_contains_paid_content":false,"footnotes":"","jetpack_post_was_ever_published":false,"_members_access_role":[],"_members_access_error":""},"categories":[878,142],"tags":[998,999,1008],"class_list":["post-4228","post","type-post","status-publish","format-standard","has-post-thumbnail","category-navigarea-in-danemarca","category-povesti-nespuse","tag-arta-si-teatru","tag-calatorii","tag-istorie"],"acf":[],"jetpack_sharing_enabled":true,"jetpack-related-posts":[{"id":4214,"url":"https:\/\/lwid.dk\/ro\/bucuresti-pentru-cei-care-viziteaza-pentru-prima-data\/","url_meta":{"origin":4228,"position":0},"title":"Bucure\u0219ti &#8211; pentru cei care viziteaz\u0103 pentru prima dat\u0103","author":"Sorina Floroiu","date":"21 august 2021","format":false,"excerpt":"Articol publicat in Midtjyllands Avis Sektion 2 (Weekend), la data de 21 august 2021 Rezumat: Autorul c\u0103l\u0103toriei \u00een Rom\u00e2nia prezint\u0103 o experien\u021b\u0103 mixt\u0103 \u00een \u021bar\u0103, subliniind necunoa\u0219terea acesteia de c\u0103tre danezi, dar eviden\u021biind ospitalitatea, frumuse\u021bea naturii, istoria politic\u0103 interesant\u0103 \u0219i costurile reduse. A vizitat Rom\u00e2nia de mai multe ori \u0219i\u2026","rel":"","context":"\u00cen \u201eNavigarea \u00een Danemarca\u201d","block_context":{"text":"Navigarea \u00een Danemarca","link":"https:\/\/lwid.dk\/ro\/category\/navigarea-in-danemarca\/"},"img":{"alt_text":"","src":"https:\/\/i0.wp.com\/lwid.dk\/wp-content\/uploads\/2023\/10\/32.png?resize=350%2C200&ssl=1","width":350,"height":200},"classes":[]},{"id":4268,"url":"https:\/\/lwid.dk\/ro\/un-autor-cunoscut-viziteaza-stege\/","url_meta":{"origin":4228,"position":1},"title":"Un autor cunoscut viziteaz\u0103 Stege","author":"Sorina Floroiu","date":"15 noiembrie 2021","format":false,"excerpt":"Articol publicat in Sj\u00e6llandske N\u00e6stved, la data de 15 noiembrie 2021 Rezumat Autorul celebru Erling Jepsen va participa la un eveniment organizat de Litteratur-Selskabet Nordbrandt pentru a discuta despre noul s\u0103u roman, \u201eErna \u0219i rom\u00e2nul\u201d, care se desf\u0103\u0219oar\u0103 \u00een micul sat Bramstrup din sudul Iutlandei. Povestea exploreaz\u0103 rela\u021biile dintre localnici\u2026","rel":"","context":"\u00cen \u201eNavigarea \u00een Danemarca\u201d","block_context":{"text":"Navigarea \u00een Danemarca","link":"https:\/\/lwid.dk\/ro\/category\/navigarea-in-danemarca\/"},"img":{"alt_text":"","src":"https:\/\/i0.wp.com\/lwid.dk\/wp-content\/uploads\/2023\/10\/41.png?resize=350%2C200&ssl=1","width":350,"height":200},"classes":[]},{"id":3276,"url":"https:\/\/lwid.dk\/ro\/un-roman-castiga-ursul-de-aur-la-berlin\/","url_meta":{"origin":4228,"position":2},"title":"Un rom\u00e2n c\u00e2\u0219tig\u0103 Ursul de Aur la Berlin","author":"Sorina Floroiu","date":"8 martie 2021","format":false,"excerpt":"Articol publicat in Lolland-Falsters Folketidende Sektion 2 Side 3,\u00a0 la data de 8 martie 2021 Rezumat:\u00a0 Filmul \"Babardeal\u0103 cu bucluc sau porno balamuc\" regizat de Radu Jude a c\u00e2\u0219tigat Ursul de Aur la Festivalul de Film de la Berlin (Berlinale). Filmul este o satir\u0103 despre ipocrizia social\u0103 \u00een era pandemiei,\u2026","rel":"","context":"\u00cen \u201eNavigarea \u00een Danemarca\u201d","block_context":{"text":"Navigarea \u00een Danemarca","link":"https:\/\/lwid.dk\/ro\/category\/navigarea-in-danemarca\/"},"img":{"alt_text":"","src":"https:\/\/i0.wp.com\/lwid.dk\/wp-content\/uploads\/2023\/10\/5.png?resize=350%2C200&ssl=1","width":350,"height":200,"srcset":"https:\/\/i0.wp.com\/lwid.dk\/wp-content\/uploads\/2023\/10\/5.png?resize=350%2C200&ssl=1 1x, https:\/\/i0.wp.com\/lwid.dk\/wp-content\/uploads\/2023\/10\/5.png?resize=525%2C300&ssl=1 1.5x"},"classes":[]},{"id":717,"url":"https:\/\/lwid.dk\/sarcina-si-nasterea-partea-1\/","url_meta":{"origin":4228,"position":3},"title":"Sarcina \u0219i na\u0219terea &#8211; partea 1","author":"Alina Racila","date":"14 mai 2022","format":false,"excerpt":"Dragi cititori, sunt m\u0103mic\u0103 a 3 copii n\u0103scu\u021bi \u00een Danemarca \u0219i m\u0103 aflu \u00een concediu maternal, de aceea \u00eemi doresc s\u0103 scriu o serie de articole despre sarcin\u0103 \u0219i na\u0219tere \u00een Danemarca.\u00a0 Nu o s\u0103 fac compara\u021bii cu alte \u021b\u0103ri, pentru c\u0103 nu am experien\u021b\u0103, dar o s\u0103 scriu din\u2026","rel":"","context":"Articol similar","block_context":{"text":"Articol similar","link":""},"img":{"alt_text":"","src":"","width":0,"height":0},"classes":[]},{"id":747,"url":"https:\/\/lwid.dk\/partea-16-ce-asteptari-are-sistemul-medical-de-la-parintii-copiilor-minori\/","url_meta":{"origin":4228,"position":4},"title":"Partea 16: ce a\u0219tept\u0103ri are sistemul medical de la p\u0103rin\u021bii copiilor minori\u00a0","author":"Alina Racila","date":"14 mai 2022","format":false,"excerpt":"Probabil fiecare p\u0103rinte are de-a face, m\u0103car odat\u0103, cu sistemul medical. Ce este important s\u0103 \u0219tii, este c\u0103, \u00een Danemarca, se pune accent nu doar pe s\u0103n\u0103tatea fizic\u0103 a omului, dar \u0219i pe s\u0103n\u0103tatea sa mental\u0103\/psihic\u0103. \u00cen articolul dat, m\u0103 voi referi la p\u0103rin\u021bii care au custodie asupra copilului minor.\u00a0\u2026","rel":"","context":"Articol similar","block_context":{"text":"Articol similar","link":""},"img":{"alt_text":"","src":"","width":0,"height":0},"classes":[]},{"id":4137,"url":"https:\/\/lwid.dk\/ro\/drumul-pana-acolo\/","url_meta":{"origin":4228,"position":5},"title":"Drumul p\u00e2n\u0103 acolo","author":"Sorina Floroiu","date":"3 iulie 2021","format":false,"excerpt":"Articol publicat in Helsing\u00f8r Dagblad Sektion I (Rejser) Side 16, la data de 3 iulie 2021 SAS are un zbor non-stop de la Copenhaga la Bucure\u0219ti in zilele de joi. Wizz Air \u0219i Blue Air au zboruri non-stop \u00een anumite zile ale s\u0103pt\u0103m\u00e2nii. Dac\u0103 alege\u021bi s\u0103 conduce\u021bi din Danemarca, p\u00e2n\u0103\u2026","rel":"","context":"\u00cen \u201eNavigarea \u00een Danemarca\u201d","block_context":{"text":"Navigarea \u00een Danemarca","link":"https:\/\/lwid.dk\/ro\/category\/navigarea-in-danemarca\/"},"img":{"alt_text":"","src":"https:\/\/i0.wp.com\/lwid.dk\/wp-content\/uploads\/2023\/10\/19.-.png?resize=350%2C200&ssl=1","width":350,"height":200,"srcset":"https:\/\/i0.wp.com\/lwid.dk\/wp-content\/uploads\/2023\/10\/19.-.png?resize=350%2C200&ssl=1 1x, https:\/\/i0.wp.com\/lwid.dk\/wp-content\/uploads\/2023\/10\/19.-.png?resize=525%2C300&ssl=1 1.5x"},"classes":[]}],"jetpack_featured_media_url":"https:\/\/lwid.dk\/wp-content\/uploads\/2023\/10\/34.png","_links":{"self":[{"href":"https:\/\/lwid.dk\/ro\/wp-json\/wp\/v2\/posts\/4228","targetHints":{"allow":["GET"]}}],"collection":[{"href":"https:\/\/lwid.dk\/ro\/wp-json\/wp\/v2\/posts"}],"about":[{"href":"https:\/\/lwid.dk\/ro\/wp-json\/wp\/v2\/types\/post"}],"author":[{"embeddable":true,"href":"https:\/\/lwid.dk\/ro\/wp-json\/wp\/v2\/users\/11"}],"replies":[{"embeddable":true,"href":"https:\/\/lwid.dk\/ro\/wp-json\/wp\/v2\/comments?post=4228"}],"version-history":[{"count":2,"href":"https:\/\/lwid.dk\/ro\/wp-json\/wp\/v2\/posts\/4228\/revisions"}],"predecessor-version":[{"id":28735,"href":"https:\/\/lwid.dk\/ro\/wp-json\/wp\/v2\/posts\/4228\/revisions\/28735"}],"wp:featuredmedia":[{"embeddable":true,"href":"https:\/\/lwid.dk\/ro\/wp-json\/wp\/v2\/media\/4229"}],"wp:attachment":[{"href":"https:\/\/lwid.dk\/ro\/wp-json\/wp\/v2\/media?parent=4228"}],"wp:term":[{"taxonomy":"category","embeddable":true,"href":"https:\/\/lwid.dk\/ro\/wp-json\/wp\/v2\/categories?post=4228"},{"taxonomy":"post_tag","embeddable":true,"href":"https:\/\/lwid.dk\/ro\/wp-json\/wp\/v2\/tags?post=4228"}],"curies":[{"name":"wp","href":"https:\/\/api.w.org\/{rel}","templated":true}]}}