{"id":4235,"date":"2021-09-21T21:50:00","date_gmt":"2021-09-21T20:50:00","guid":{"rendered":"https:\/\/lwid.dk\/?p=4235"},"modified":"2026-09-01T18:15:26","modified_gmt":"2026-09-01T17:15:26","slug":"barbatul-din-spatele-unui-cunoscut-restaurant-italian-ajuta-un-angajat-sa-inceapa-propria-afacere","status":"publish","type":"post","link":"https:\/\/lwid.dk\/ro\/barbatul-din-spatele-unui-cunoscut-restaurant-italian-ajuta-un-angajat-sa-inceapa-propria-afacere\/","title":{"rendered":"B\u0103rbatul din spatele unui cunoscut restaurant italian ajut\u0103 un angajat s\u0103 \u00eenceap\u0103 propria afacere"},"content":{"rendered":"\r\n<figure class=\"wp-block-image size-full\"><img loading=\"lazy\" decoding=\"async\" width=\"927\" height=\"559\" class=\"wp-image-4236\" src=\"https:\/\/lwid.dk\/wp-content\/uploads\/2023\/10\/35.png\" alt=\"\" srcset=\"https:\/\/lwid.dk\/wp-content\/uploads\/2023\/10\/35.png 927w, https:\/\/lwid.dk\/wp-content\/uploads\/2023\/10\/35-300x181.png 300w, https:\/\/lwid.dk\/wp-content\/uploads\/2023\/10\/35-768x463.png 768w, https:\/\/lwid.dk\/wp-content\/uploads\/2023\/10\/35-150x90.png 150w, https:\/\/lwid.dk\/wp-content\/uploads\/2023\/10\/35-696x420.png 696w\" sizes=\"auto, (max-width: 927px) 100vw, 927px\" \/><\/figure>\r\n\r\n\r\n\r\n<p class=\"wp-block-paragraph\">Articol publicat in Jv.dk (Abonnementsomr\u00e5de), la data de 21 september 2021<\/p>\r\n\r\n\r\n\r\n<p class=\"wp-block-paragraph\">Rezumat<\/p>\r\n\r\n\r\n\r\n<p class=\"wp-block-paragraph\">Patronul restaurantului Acqua Blu din Bl\u00e5vand, Salvatore Lalicata, originar din str\u0103in\u0103tate, a sprijinit un fost angajat, Nicu Culita Zara, \u00een a deveni independent \u0219i a prelua o pizzerie \u00een Oksb\u00f8l, Danemarca. Nicu, \u00een v\u00e2rst\u0103 de 46 de ani, a lucrat la Acqua Blu timp de opt ani, \u00eenv\u0103\u021b\u00e2nd arta pizzeriei de la fra\u021bii Lalicata. Pizzeria din Oksb\u00f8l a fost preluat\u0103 \u00een octombrie, iar Nicu a preluat complet \u00een noiembrie. Meniul pizzeriei reflect\u0103 influen\u021ba \u0219i preg\u0103tirea lui Nicu la Acqua Blu, cu asem\u0103n\u0103ri notabile, inclusiv la nivelul blatului. Salvatore recunoa\u0219te dependen\u021ba restaurantului s\u0103u de for\u021ba de munc\u0103 str\u0103in\u0103, dat fiind deficitul de personal \u00een industria ospitalit\u0103\u021bii. Fiica lui Nicu, Maria, a venit \u0219i ea \u00een Danemarca \u0219i inten\u021bioneaz\u0103 s\u0103 r\u0103m\u00e2n\u0103, studiind limbi str\u0103ine \u0219i av\u00e2nd planuri de a deveni asistent social \u00een viitor.<\/p>\r\n\r\n\r\n\r\n<p class=\"wp-block-paragraph\">\u00censu\u0219i patronul de restaurant a venit \u00een Danemarca din str\u0103in\u0103tate \u0219i acum ajut\u0103 un angajat s\u0103 \u00eenceap\u0103 ca independent. Acest lucru \u00eenseamn\u0103 o via\u021b\u0103 mai stabil\u0103 pentru noul proprietar de pizzerie, care \u0219i-a adus c\u00e2\u021biva dintre copii \u00een Danemarca.<\/p>\r\n\r\n\r\n\r\n<p class=\"wp-block-paragraph\">Bl\u00e5vand\/Oksb\u00f8l: Salvatore Lalicata era el \u00eensu\u0219i antreprenor \u00eentr-o \u021bar\u0103 str\u0103in\u0103 c\u00e2nd, \u00een 1987, a fondat restaurantul italian Acqua Blu din Bl\u00e5vand \u00eempreun\u0103 cu fratele s\u0103u Rino Lalicata. De atunci, mul\u021bi turi\u0219ti danezi \u0219i germani au fost hr\u0103ni\u021bi de cei doi fra\u021bi din ora\u0219ul de vacan\u021b\u0103. Cei doi fra\u021bi din spatele Acqua Blu sunt italieni cu r\u0103d\u0103cini \u00een Sicilia.<\/p>\r\n\r\n\r\n\r\n<p class=\"wp-block-paragraph\">Dar Salvatore Lalicata, \u00een v\u00e2rst\u0103 de 59 de ani, l-a ajutat acum pe unul dintre fo\u0219tii s\u0103i angaja\u021bi s\u0103 se stabileasc\u0103 serios \u00een Danemarca. Este vorba de Nicu Culita Zara, in varsta de 46 de ani, care a \u00eenceput sa lucreze la Acqua Blu in urma cu aproximativ opt ani. Nicu Culita Zara \u0219i-a avut familia acas\u0103 \u00een Rom\u00e2nia &#8211; \u00een ora\u0219ul Constanta &#8211; \u00een primii ani \u00een care a lucrat la Bl\u00e5vand. Nu este buc\u0103tar, dar a \u00eenv\u0103\u021bat s\u0103 fac\u0103 pizza \u0219i m\u00e2ncare italian\u0103 de la fra\u021bii din Acqua Blu. De asemenea, a lucrat uneori f\u0103c\u00e2nd pizza \u00een alt\u0103 parte \u00een Bl\u00e5vand, dar a fost angajat \u00een principal la Acqua Blu \u00een cei opt ani \u00een care a fost legat de Danemarca.<\/p>\r\n\r\n\r\n\r\n<p class=\"wp-block-paragraph\">\u00cen octombrie anul trecut, pizzeria de pe Strandvejen din Oksb\u00f8l era liber\u0103. SuperBrugsen de\u021bine localul, iar Salvatore Lalicata a decis s\u0103 \u00eenchirieze. A func\u021bionat ca pizzerie de mul\u021bi ani.<\/p>\r\n\r\n\r\n\r\n<p class=\"wp-block-paragraph\">&#8211; Am f\u0103cut cur\u0103\u021benie \u0219i am deschis, spune Salvatore Lalicata, care deja l-a l\u0103sat pe Nicu Culita Zara s\u0103 preia \u00een noiembrie.<\/p>\r\n\r\n\r\n\r\n<p class=\"wp-block-paragraph\">Asem\u0103n\u0103ri \u00een meniuri<\/p>\r\n\r\n\r\n\r\n<p class=\"wp-block-paragraph\">Ambele subliniaz\u0103 \u00eens\u0103 c\u0103 exist\u0103 mari asem\u0103n\u0103ri \u00eentre meniul de la Acqua Blu \u0219i Pizza House. Nu se poate nega c\u0103 Nicu este antrenat \u00een Acqua Blu. De exemplu, aluatul este acela\u0219i.<\/p>\r\n\r\n\r\n\r\n<p class=\"wp-block-paragraph\">A fost un \u00eenceput lini\u0219tit cu Pizza House din Oksb\u00f8l, care, printre altele, a fost datorat si activitatii reduse a solda\u021bilor \u00een timpul pandemiei corona, se arat\u0103 \u00een evaluare.De aceea, Nicu Culita Zara astepta cu nerabdare marele exercitiu militar Brave Lion, care se desf\u0103\u0219oar\u0103 chiar acum.<\/p>\r\n\r\n\r\n\r\n<p class=\"wp-block-paragraph\">Nicu Culita Zara s-a stabilit acum definitiv \u00een Danemarca. Are de gand sa ramana.. Doi dintre copiii s\u0103i au venit \u00een Danemarca, este divor\u021bat.\u00a0<\/p>\r\n\r\n\r\n\r\n<p class=\"wp-block-paragraph\">Fiica Maria locuie\u0219te \u00een Danemarca de un an \u0219i a \u00eenv\u0103\u021bat deja mult\u0103 danez\u0103. Ea a \u00eenv\u0103\u021bat \u0219i italian\u0103, ceea ce probabil este relativ u\u0219or pentru un rom\u00e2n, pentru c\u0103 rom\u00e2na este o limb\u0103 latin\u0103. Ea poate gestiona \u0219i o expedi\u021bie \u00een limba german\u0103, deoarece lucreaz\u0103 cu angajatori \u0219i colegi italieni \u0219i clien\u021bi germani \u0219i danezi \u00een Acqua Blu din Bl\u00e5vand.<\/p>\r\n\r\n\r\n\r\n<p class=\"wp-block-paragraph\">&#8211; Merg la o \u0219coal\u0103 de limbi str\u0103ine. Mi-ar pl\u0103cea s\u0103 r\u0103m\u00e2n \u00een Danemarca \u0219i s\u0103 studiez pentru a deveni asistent social, spune Maria.<\/p>\r\n\r\n\r\n\r\n<p class=\"wp-block-paragraph\">Salvatore Lalicata nu face un secret din faptul c\u0103 restaurantul din Bl\u00e5vand este dependent de for\u021b\u0103 de munc\u0103 str\u0103in\u0103 &#8211; mai ales acum c\u0103 este foarte greu pentru industria restaurantelor s\u0103 ob\u021bin\u0103 angaja\u021bi.<\/p>\r\n\r\n\r\n\r\n<p class=\"wp-block-paragraph\"><a href=\"https:\/\/jv.dk\/varde\/manden-bag-kendt-italiensk-restaurant-hjaelper-ansat-i-gang-samtidig-er-datter-med-til-at-afboede-mangel-paa-arbejdskraft\">https:\/\/jv.dk\/varde\/manden-bag-kendt-italiensk-restaurant-hjaelper-ansat-i-gang-samtidig-er-datter-med-til-at-afboede-mangel-paa-arbejdskraft<\/a><\/p>\r\n","protected":false},"excerpt":{"rendered":"<p>Articol publicat in Jv.dk (Abonnementsomr\u00e5de), la data de 21 september 2021 Rezumat Patronul restaurantului Acqua Blu din Bl\u00e5vand, Salvatore Lalicata, originar din str\u0103in\u0103tate, a sprijinit un fost angajat, Nicu Culita Zara, \u00een a deveni independent \u0219i a prelua o pizzerie \u00een Oksb\u00f8l, Danemarca. Nicu, \u00een v\u00e2rst\u0103 de 46 de ani, a lucrat la Acqua Blu [&hellip;]<\/p>\n","protected":false},"author":11,"featured_media":4236,"comment_status":"open","ping_status":"closed","sticky":false,"template":"","format":"standard","meta":{"_acf_changed":false,"_themeisle_gutenberg_block_has_review":false,"_jetpack_newsletter_access":"","_jetpack_dont_email_post_to_subs":false,"_jetpack_newsletter_tier_id":0,"_jetpack_memberships_contains_paywalled_content":false,"_jetpack_feature_clip_id":0,"_jetpack_memberships_contains_paid_content":false,"footnotes":"","jetpack_post_was_ever_published":false,"_members_access_role":[],"_members_access_error":""},"categories":[878,142],"tags":[398,996,1005],"class_list":["post-4235","post","type-post","status-publish","format-standard","has-post-thumbnail","category-navigarea-in-danemarca","category-povesti-nespuse","tag-afaceri","tag-alimente-si-bauturi","tag-implicare"],"acf":[],"jetpack_sharing_enabled":true,"jetpack-related-posts":[{"id":3103,"url":"https:\/\/lwid.dk\/ro\/proprietar-de-ferma-a-inselat-un-angajat-cu-privire-la-pensie-godsejer-snod-medarbejder-for-pension\/","url_meta":{"origin":4235,"position":0},"title":"Proprietar de ferm\u0103 a \u00een\u0219elat un angajat cu privire la pensie \/ Godsejer sn\u00f8d medarbejder for pension","author":"Sorina Floroiu","date":"7 martie 2020","format":false,"excerpt":"Articol publicat in Dagbladet Holstebro la data de 7 martie 2020. Subiectul articolului:\u00a0 Un angajat rom\u00e2n din agricultur\u0103 a primit o plat\u0103 retroactiv\u0103 de 100.000 de coroane daneze \u00een pensie, gra\u021bie interven\u021biei sindicatului 3F. Angajatorul a \u00eencercat s\u0103 evite obliga\u021biile prev\u0103zute de contractul colectiv de munc\u0103, dar 3F a ob\u021binut\u2026","rel":"","context":"\u00cen \u201eNavigarea \u00een Danemarca\u201d","block_context":{"text":"Navigarea \u00een Danemarca","link":"https:\/\/lwid.dk\/ro\/category\/navigarea-in-danemarca\/"},"img":{"alt_text":"","src":"https:\/\/i0.wp.com\/lwid.dk\/wp-content\/uploads\/2023\/10\/13.-.png?resize=350%2C200&ssl=1","width":350,"height":200,"srcset":"https:\/\/i0.wp.com\/lwid.dk\/wp-content\/uploads\/2023\/10\/13.-.png?resize=350%2C200&ssl=1 1x, https:\/\/i0.wp.com\/lwid.dk\/wp-content\/uploads\/2023\/10\/13.-.png?resize=525%2C300&ssl=1 1.5x, https:\/\/i0.wp.com\/lwid.dk\/wp-content\/uploads\/2023\/10\/13.-.png?resize=700%2C400&ssl=1 2x"},"classes":[]},{"id":3248,"url":"https:\/\/lwid.dk\/ro\/industria-striga-dupa-tehnicieni-in-industrie\/","url_meta":{"origin":4235,"position":1},"title":"Industria strig\u0103 dup\u0103 tehnicieni \u00een industrie","author":"Sorina Floroiu","date":"5 februarie 2021","format":false,"excerpt":"Articol publicat in Og Maskinindustrien Sektion 1 Side 7 Eskil Mann S\u00f8rensen la data de 5 februarie 2021 Rezumat: Companiile din Danemarca se confrunt\u0103 cu dificult\u0103\u021bi \u00een g\u0103sirea de tehnicieni, cu o criz\u0103 accentuat\u0103 \u00een Vestjylland. KP Components \u00eencearc\u0103 s\u0103 rezolve aceast\u0103 problem\u0103 prin angajarea de tehnicieni rom\u00e2ni. Din zece\u2026","rel":"","context":"\u00cen \u201eNavigarea \u00een Danemarca\u201d","block_context":{"text":"Navigarea \u00een Danemarca","link":"https:\/\/lwid.dk\/ro\/category\/navigarea-in-danemarca\/"},"img":{"alt_text":"","src":"https:\/\/i0.wp.com\/lwid.dk\/wp-content\/uploads\/2023\/10\/1.-Industria-striga-dupa-tehnicieni-industriali.png?resize=350%2C200&ssl=1","width":350,"height":200,"srcset":"https:\/\/i0.wp.com\/lwid.dk\/wp-content\/uploads\/2023\/10\/1.-Industria-striga-dupa-tehnicieni-industriali.png?resize=350%2C200&ssl=1 1x, https:\/\/i0.wp.com\/lwid.dk\/wp-content\/uploads\/2023\/10\/1.-Industria-striga-dupa-tehnicieni-industriali.png?resize=525%2C300&ssl=1 1.5x"},"classes":[]},{"id":5313,"url":"https:\/\/lwid.dk\/ro\/la-2-000-km-distanta-de-familia-sa-oana-deicu-a-avut-o-idee-acum-a-scos-firma-de-familie-infiintata-in-1913-din-criza-locurilor-de-munca\/","url_meta":{"origin":4235,"position":2},"title":"La 2.000 km distan\u021b\u0103 de familia sa, Oana Deicu a avut o idee: acum a scos firma de familie \u00eenfiin\u021bat\u0103 \u00een 1913 din criza locurilor de munc\u0103","author":"Sorina Floroiu","date":"14 martie 2022","format":false,"excerpt":"Articol publicat in Jyllands-posten.dk la data de 14 martie 2022.\u00a0 (Acesta este un extras) \u00cen timpul crizei corona, compania de familie a concediat aproape fiecare al treilea angajat. Oana Deicu a fost destul de timid\u0103 c\u00e2nd a venit \u00een Danemarca \u00een 2015. Ea c\u0103l\u0103torise la 2.000 de kilometri dep\u0103rtare de\u2026","rel":"","context":"\u00cen \u201eNavigarea \u00een Danemarca\u201d","block_context":{"text":"Navigarea \u00een Danemarca","link":"https:\/\/lwid.dk\/ro\/category\/navigarea-in-danemarca\/"},"img":{"alt_text":"","src":"https:\/\/i0.wp.com\/lwid.dk\/wp-content\/uploads\/2023\/11\/8.-Oana-Deicu-.png?resize=350%2C200&ssl=1","width":350,"height":200,"srcset":"https:\/\/i0.wp.com\/lwid.dk\/wp-content\/uploads\/2023\/11\/8.-Oana-Deicu-.png?resize=350%2C200&ssl=1 1x, https:\/\/i0.wp.com\/lwid.dk\/wp-content\/uploads\/2023\/11\/8.-Oana-Deicu-.png?resize=525%2C300&ssl=1 1.5x, https:\/\/i0.wp.com\/lwid.dk\/wp-content\/uploads\/2023\/11\/8.-Oana-Deicu-.png?resize=700%2C400&ssl=1 2x"},"classes":[]},{"id":3077,"url":"https:\/\/lwid.dk\/ro\/sudor-roman-imi-doresc-sa-raman-in-danemarca-cu-familia-mea-rumaensk-svejser-jeg-vil-blive-i-danmark-med-min-familie\/","url_meta":{"origin":4235,"position":3},"title":"SUDOR ROM\u00c2N: \u00cemi doresc s\u0103 r\u0103m\u00e2n \u00een Danemarca cu familia mea \/ RUM\u00c6NSK SVEJSER: Jeg vil blive i Danmark med min familie","author":"Sorina Floroiu","date":"11 februarie 2020","format":false,"excerpt":"Articol publicat in Industri ^ Teknik la data de 11 februarie 2020.\u00a0 Subiectul articolului:\u00a0 Sudorul Cristian B\u0103lan a adus familia sa \u00een Danemarca \u0219i inten\u021bioneaz\u0103 s\u0103 r\u0103m\u00e2n\u0103 \u00een \u021bar\u0103, urm\u0103torul pas fiind achizi\u021bionarea unei case \u00een Hobro. El lucreaz\u0103 la DS St\u00e5lkonstruktion \u0219i apreciaz\u0103 lipsa de stres \u00een compara\u021bie cu\u2026","rel":"","context":"\u00cen \u201eNavigarea \u00een Danemarca\u201d","block_context":{"text":"Navigarea \u00een Danemarca","link":"https:\/\/lwid.dk\/ro\/category\/navigarea-in-danemarca\/"},"img":{"alt_text":"","src":"https:\/\/i0.wp.com\/lwid.dk\/wp-content\/uploads\/2023\/10\/10.-Sudor.png?resize=350%2C200&ssl=1","width":350,"height":200,"srcset":"https:\/\/i0.wp.com\/lwid.dk\/wp-content\/uploads\/2023\/10\/10.-Sudor.png?resize=350%2C200&ssl=1 1x, https:\/\/i0.wp.com\/lwid.dk\/wp-content\/uploads\/2023\/10\/10.-Sudor.png?resize=525%2C300&ssl=1 1.5x, https:\/\/i0.wp.com\/lwid.dk\/wp-content\/uploads\/2023\/10\/10.-Sudor.png?resize=700%2C400&ssl=1 2x"},"classes":[]},{"id":5280,"url":"https:\/\/lwid.dk\/ro\/de-la-angajat-de-curatenie-la-manager-de-spa-un-tanar-roman-in-varsta-de-24-de-ani-a-avut-o-cariera-fulgeratoare-la-hotel-fjordgarden\/","url_meta":{"origin":4235,"position":4},"title":"De la angajat de cur\u0103\u021benie la manager de spa: Un t\u00e2n\u0103r rom\u00e2n \u00een v\u00e2rst\u0103 de 24 de ani a avut o carier\u0103 fulger\u0103toare la Hotel Fjordg\u00e5rden","author":"Sorina Floroiu","date":"16 ianuarie 2022","format":false,"excerpt":"Articol publicat in DAGBLADET la data de 16 ianuarie 2022 Rezumat: Adrian Florin Pantilimon, originar din Rom\u00e2nia, \u0219i-a \u00eenceput cariera la Hotel Fjordg\u00e5rden \u00een Danemarca \u00een 2020, ocup\u00e2ndu-se ini\u021bial de cur\u0103\u021benie. Cu dorin\u021ba de a-\u0219i asuma mai multe responsabilit\u0103\u021bi, a avansat rapid, devenind terapeut \u0219i, ulterior, lider de echip\u0103 \u00een\u2026","rel":"","context":"\u00cen \u201eNavigarea \u00een Danemarca\u201d","block_context":{"text":"Navigarea \u00een Danemarca","link":"https:\/\/lwid.dk\/ro\/category\/navigarea-in-danemarca\/"},"img":{"alt_text":"","src":"https:\/\/i0.wp.com\/lwid.dk\/wp-content\/uploads\/2023\/11\/3.-KURBADCHEF.png?resize=350%2C200&ssl=1","width":350,"height":200,"srcset":"https:\/\/i0.wp.com\/lwid.dk\/wp-content\/uploads\/2023\/11\/3.-KURBADCHEF.png?resize=350%2C200&ssl=1 1x, https:\/\/i0.wp.com\/lwid.dk\/wp-content\/uploads\/2023\/11\/3.-KURBADCHEF.png?resize=525%2C300&ssl=1 1.5x, https:\/\/i0.wp.com\/lwid.dk\/wp-content\/uploads\/2023\/11\/3.-KURBADCHEF.png?resize=700%2C400&ssl=1 2x"},"classes":[]},{"id":4249,"url":"https:\/\/lwid.dk\/ro\/cel-mai-mare-producator-de-lapte-din-danemarca-a-inselat-un-muncitor-roman-pentru-salarii-l-a-costat-75-000-dkk\/","url_meta":{"origin":4235,"position":5},"title":"Cel mai mare produc\u0103tor de lapte din Danemarca a \u00een\u0219elat un muncitor rom\u00e2n pentru salarii: l-a costat 75.000 DKK","author":"Sorina Floroiu","date":"7 octombrie 2021","format":false,"excerpt":"Articol publicat in Jv.dk, la data de 7 octombrie 2021 Rezumat O muncitoare agricol\u0103 rom\u00e2n\u0103, Raluca Ionescu, a c\u00e2\u0219tigat un caz \u00eempotriva celui mai mare produc\u0103tor de lapte din Danemarca, R\u00f8nhave ApS, pentru \u00eenc\u0103lcarea contractului colectiv de munc\u0103. Proprietarul companiei, J\u00f8rn Kj\u00e6r Madsen, care este \u0219i vicepre\u0219edinte al patronatului GLS-A,\u2026","rel":"","context":"\u00cen \u201eNavigarea \u00een Danemarca\u201d","block_context":{"text":"Navigarea \u00een Danemarca","link":"https:\/\/lwid.dk\/ro\/category\/navigarea-in-danemarca\/"},"img":{"alt_text":"","src":"https:\/\/i0.wp.com\/lwid.dk\/wp-content\/uploads\/2023\/10\/38.png?resize=350%2C200&ssl=1","width":350,"height":200,"srcset":"https:\/\/i0.wp.com\/lwid.dk\/wp-content\/uploads\/2023\/10\/38.png?resize=350%2C200&ssl=1 1x, https:\/\/i0.wp.com\/lwid.dk\/wp-content\/uploads\/2023\/10\/38.png?resize=525%2C300&ssl=1 1.5x, https:\/\/i0.wp.com\/lwid.dk\/wp-content\/uploads\/2023\/10\/38.png?resize=700%2C400&ssl=1 2x"},"classes":[]}],"jetpack_featured_media_url":"https:\/\/lwid.dk\/wp-content\/uploads\/2023\/10\/35.png","_links":{"self":[{"href":"https:\/\/lwid.dk\/ro\/wp-json\/wp\/v2\/posts\/4235","targetHints":{"allow":["GET"]}}],"collection":[{"href":"https:\/\/lwid.dk\/ro\/wp-json\/wp\/v2\/posts"}],"about":[{"href":"https:\/\/lwid.dk\/ro\/wp-json\/wp\/v2\/types\/post"}],"author":[{"embeddable":true,"href":"https:\/\/lwid.dk\/ro\/wp-json\/wp\/v2\/users\/11"}],"replies":[{"embeddable":true,"href":"https:\/\/lwid.dk\/ro\/wp-json\/wp\/v2\/comments?post=4235"}],"version-history":[{"count":2,"href":"https:\/\/lwid.dk\/ro\/wp-json\/wp\/v2\/posts\/4235\/revisions"}],"predecessor-version":[{"id":28734,"href":"https:\/\/lwid.dk\/ro\/wp-json\/wp\/v2\/posts\/4235\/revisions\/28734"}],"wp:featuredmedia":[{"embeddable":true,"href":"https:\/\/lwid.dk\/ro\/wp-json\/wp\/v2\/media\/4236"}],"wp:attachment":[{"href":"https:\/\/lwid.dk\/ro\/wp-json\/wp\/v2\/media?parent=4235"}],"wp:term":[{"taxonomy":"category","embeddable":true,"href":"https:\/\/lwid.dk\/ro\/wp-json\/wp\/v2\/categories?post=4235"},{"taxonomy":"post_tag","embeddable":true,"href":"https:\/\/lwid.dk\/ro\/wp-json\/wp\/v2\/tags?post=4235"}],"curies":[{"name":"wp","href":"https:\/\/api.w.org\/{rel}","templated":true}]}}